{"id":6851,"date":"2022-07-13T17:56:00","date_gmt":"2022-07-13T17:56:00","guid":{"rendered":"https:\/\/www.africa-press.net\/benin\/politique\/cour-de-justice-de-la-cedeao-boni-yayi-retire-sa-plainte-contre-letat-beninois"},"modified":"2022-07-13T18:11:06","modified_gmt":"2022-07-13T18:11:06","slug":"cour-de-justice-de-la-cedeao-boni-yayi-retire-sa-plainte-contre-letat-beninois","status":"publish","type":"post","link":"https:\/\/www.africa-press.net\/benin\/toutes-les-actualites\/cour-de-justice-de-la-cedeao-boni-yayi-retire-sa-plainte-contre-letat-beninois","title":{"rendered":"Cour de justice de la Cedeao: Boni Yayi retire sa plainte contre l\u2019Etat b\u00e9ninois"},"content":{"rendered":"<p><span style=\"color: #ff6600\"><strong>Africa-Press &#8211; Benin. <\/strong><\/span>Le dossier opposant l\u2019ancien pr\u00e9sident Boni Yayi et l\u2019Etat b\u00e9ninois \u00e9tait inscrit au r\u00f4le de l\u2019audience ce mercredi 13 juillet 2022 \u00e0 la Cour de justice de la Communaut\u00e9 \u00e9conomique des \u00c9tats de l\u2019Afrique de l\u2019Ouest (Cedeao). Mais le dossier ne sera finalement pas trait\u00e9 suite au d\u00e9sistement du plaignant.<\/p>\n<p>Thomas Boni Yayi s\u2019est d\u00e9sist\u00e9 dans l\u2019affaire \u00ab violation des droits humains \u00bb qu\u2019il a lui m\u00eame port\u00e9e devant la Cour de justice de la Cedeao contre l\u2019Etat b\u00e9ninois. La juridiction devrait donner son verdict ce mercredi, mais le dossier a \u00e9t\u00e9 class\u00e9, car le plaignant ne veut plus poursuivre l\u2019affaire.<\/p>\n<p>La plainte de Boni Yayi faisait suite \u00e0 la situation qu\u2019il a subie lors des violences \u00e9lectorales d\u2019avril 2019. En effet, l\u2019ex-Chef d\u2019Etat avait \u00e9t\u00e9 contraint de rester dans les quatre murs de son domicile. Sa maison avait \u00e9t\u00e9 mise sur surveillance polici\u00e8re pendant 52 jours. Ses partisans avaient d\u00e9nonc\u00e9 une assignation en r\u00e9sidence surveill\u00e9e de leur leader charismatique sans une d\u00e9cision de justice.<\/p>\n<p><b>Boni Yayi dans une d\u00e9marche de paix ?<\/b><\/p>\n<p>L\u2019abandon de la plainte par Boni Yayi peut s\u2019inscrire ans une d\u00e9marche de paix et de d\u00e9crispation de la tension politique voulue par tous les acteurs. R\u00e9cemment, Boni Yayi a rencontr\u00e9 son successeur Patrice Talon avec qui, il a entretenu des relations tr\u00e8s tendues depuis le d\u00e9but de la crise politique.<\/p>\n<p><strong>Pour plus d&rsquo;informations et d&rsquo;analyses sur la <a href=\"https:\/\/www.africa-press.net\/benin\">Benin<\/a>, suivez <a href=\"https:\/\/www.africa-press.net\/\">Africa-Press<\/a><\/strong><\/p>\n","protected":false},"excerpt":{"rendered":"<p>Africa-Press &#8211; Benin. Le dossier opposant l\u2019ancien pr\u00e9sident Boni Yayi et l\u2019Etat b\u00e9ninois \u00e9tait inscrit au r\u00f4le de l\u2019audience ce mercredi 13 juillet 2022 \u00e0 la Cour de justice de la Communaut\u00e9 \u00e9conomique des \u00c9tats de l\u2019Afrique de l\u2019Ouest (Cedeao). Mais le dossier ne sera finalement pas trait\u00e9 suite au d\u00e9sistement du plaignant. Thomas Boni [&hellip;]<\/p>\n","protected":false},"author":82,"featured_media":6850,"comment_status":"open","ping_status":"closed","sticky":false,"template":"","format":"standard","meta":{"footnotes":""},"categories":[21,11,10],"tags":[36,50,45],"class_list":["post-6851","post","type-post","status-publish","format-standard","has-post-thumbnail","hentry","category-communaute","category-homepage-french","category-toutes-les-actualites","tag-africa-press","tag-africa-press-benin","tag-benin"],"yoast_head":"<!-- This site is optimized with the Yoast SEO Premium plugin v26.1 (Yoast SEO v27.0) - https:\/\/yoast.com\/product\/yoast-seo-premium-wordpress\/ -->\n<title>Cour de justice de la Cedeao: Boni Yayi retire sa plainte contre l\u2019Etat b\u00e9ninois - B\u00e9nin<\/title>\n<meta name=\"description\" content=\"Le dossier opposant l\u2019ancien pr\u00e9sident Boni Yayi et l\u2019Etat b\u00e9ninois \u00e9tait inscrit au r\u00f4le de l\u2019audience ce mercredi 13 j ...\" \/>\n<meta name=\"robots\" content=\"index, follow, max-snippet:-1, max-image-preview:large, max-video-preview:-1\" \/>\n<link rel=\"canonical\" href=\"https:\/\/www.africa-press.net\/benin\/toutes-les-actualites\/cour-de-justice-de-la-cedeao-boni-yayi-retire-sa-plainte-contre-letat-beninois\" \/>\n<meta property=\"og:locale\" content=\"fr_FR\" \/>\n<meta property=\"og:type\" content=\"article\" \/>\n<meta property=\"og:title\" content=\"Cour de justice de la Cedeao: Boni Yayi retire sa plainte contre l\u2019Etat b\u00e9ninois\" \/>\n<meta property=\"og:description\" content=\"Le dossier opposant l\u2019ancien pr\u00e9sident Boni Yayi et l\u2019Etat b\u00e9ninois \u00e9tait inscrit au r\u00f4le de l\u2019audience ce mercredi 13 j ...\" \/>\n<meta property=\"og:url\" content=\"https:\/\/www.africa-press.net\/benin\/toutes-les-actualites\/cour-de-justice-de-la-cedeao-boni-yayi-retire-sa-plainte-contre-letat-beninois\" \/>\n<meta property=\"og:site_name\" content=\"B\u00e9nin\" \/>\n<meta property=\"article:published_time\" content=\"2022-07-13T17:56:00+00:00\" \/>\n<meta property=\"article:modified_time\" content=\"2022-07-13T18:11:06+00:00\" \/>\n<meta property=\"og:image\" content=\"https:\/\/static.africa-press.net\/benin\/sites\/46\/2022\/07\/postQueueImg_26.jpg\" \/>\n\t<meta property=\"og:image:width\" content=\"1280\" \/>\n\t<meta property=\"og:image:height\" content=\"900\" \/>\n\t<meta property=\"og:image:type\" content=\"image\/jpeg\" \/>\n<meta name=\"author\" content=\"cfeditorfr\" \/>\n<meta name=\"twitter:card\" content=\"summary_large_image\" \/>\n<meta name=\"twitter:label1\" content=\"\u00c9crit par\" \/>\n\t<meta name=\"twitter:data1\" content=\"cfeditorfr\" \/>\n\t<meta name=\"twitter:label2\" content=\"Dur\u00e9e de lecture estim\u00e9e\" \/>\n\t<meta name=\"twitter:data2\" content=\"1 minute\" \/>\n<script type=\"application\/ld+json\" class=\"yoast-schema-graph\">{\"@context\":\"https:\/\/schema.org\",\"@graph\":[{\"@type\":\"Article\",\"@id\":\"https:\/\/www.africa-press.net\/benin\/toutes-les-actualites\/cour-de-justice-de-la-cedeao-boni-yayi-retire-sa-plainte-contre-letat-beninois#article\",\"isPartOf\":{\"@id\":\"https:\/\/www.africa-press.net\/benin\/toutes-les-actualites\/cour-de-justice-de-la-cedeao-boni-yayi-retire-sa-plainte-contre-letat-beninois\"},\"author\":{\"name\":\"cfeditorfr\",\"@id\":\"https:\/\/www.africa-press.net\/benin\/#\/schema\/person\/2b1cf3cd81a31e3cd26889ca66d677f1\"},\"headline\":\"Cour de justice de la Cedeao: Boni Yayi retire sa plainte contre l\u2019Etat b\u00e9ninois\",\"datePublished\":\"2022-07-13T17:56:00+00:00\",\"dateModified\":\"2022-07-13T18:11:06+00:00\",\"mainEntityOfPage\":{\"@id\":\"https:\/\/www.africa-press.net\/benin\/toutes-les-actualites\/cour-de-justice-de-la-cedeao-boni-yayi-retire-sa-plainte-contre-letat-beninois\"},\"wordCount\":281,\"commentCount\":0,\"image\":{\"@id\":\"https:\/\/www.africa-press.net\/benin\/toutes-les-actualites\/cour-de-justice-de-la-cedeao-boni-yayi-retire-sa-plainte-contre-letat-beninois#primaryimage\"},\"thumbnailUrl\":\"https:\/\/static.africa-press.net\/benin\/sites\/46\/2022\/07\/postQueueImg_26.jpg\",\"keywords\":[\"Africa Press\",\"Africa Press-Benin\",\"B\u00e9nin\"],\"articleSection\":[\"Communaut\u00e9\",\"homepage-french\",\"Toutes les actualit\u00e9s\"],\"inLanguage\":\"fr-FR\",\"potentialAction\":[{\"@type\":\"CommentAction\",\"name\":\"Comment\",\"target\":[\"https:\/\/www.africa-press.net\/benin\/toutes-les-actualites\/cour-de-justice-de-la-cedeao-boni-yayi-retire-sa-plainte-contre-letat-beninois#respond\"]}]},{\"@type\":\"WebPage\",\"@id\":\"https:\/\/www.africa-press.net\/benin\/toutes-les-actualites\/cour-de-justice-de-la-cedeao-boni-yayi-retire-sa-plainte-contre-letat-beninois\",\"url\":\"https:\/\/www.africa-press.net\/benin\/toutes-les-actualites\/cour-de-justice-de-la-cedeao-boni-yayi-retire-sa-plainte-contre-letat-beninois\",\"name\":\"Cour de justice de la Cedeao: Boni Yayi retire sa plainte contre l\u2019Etat b\u00e9ninois - B\u00e9nin\",\"isPartOf\":{\"@id\":\"https:\/\/www.africa-press.net\/benin\/#website\"},\"primaryImageOfPage\":{\"@id\":\"https:\/\/www.africa-press.net\/benin\/toutes-les-actualites\/cour-de-justice-de-la-cedeao-boni-yayi-retire-sa-plainte-contre-letat-beninois#primaryimage\"},\"image\":{\"@id\":\"https:\/\/www.africa-press.net\/benin\/toutes-les-actualites\/cour-de-justice-de-la-cedeao-boni-yayi-retire-sa-plainte-contre-letat-beninois#primaryimage\"},\"thumbnailUrl\":\"https:\/\/static.africa-press.net\/benin\/sites\/46\/2022\/07\/postQueueImg_26.jpg\",\"datePublished\":\"2022-07-13T17:56:00+00:00\",\"dateModified\":\"2022-07-13T18:11:06+00:00\",\"author\":{\"@id\":\"https:\/\/www.africa-press.net\/benin\/#\/schema\/person\/2b1cf3cd81a31e3cd26889ca66d677f1\"},\"description\":\"Le dossier opposant l\u2019ancien pr\u00e9sident Boni Yayi et l\u2019Etat b\u00e9ninois \u00e9tait inscrit au r\u00f4le de l\u2019audience ce mercredi 13 j ...\",\"breadcrumb\":{\"@id\":\"https:\/\/www.africa-press.net\/benin\/toutes-les-actualites\/cour-de-justice-de-la-cedeao-boni-yayi-retire-sa-plainte-contre-letat-beninois#breadcrumb\"},\"inLanguage\":\"fr-FR\",\"potentialAction\":[{\"@type\":\"ReadAction\",\"target\":[\"https:\/\/www.africa-press.net\/benin\/toutes-les-actualites\/cour-de-justice-de-la-cedeao-boni-yayi-retire-sa-plainte-contre-letat-beninois\"]}]},{\"@type\":\"ImageObject\",\"inLanguage\":\"fr-FR\",\"@id\":\"https:\/\/www.africa-press.net\/benin\/toutes-les-actualites\/cour-de-justice-de-la-cedeao-boni-yayi-retire-sa-plainte-contre-letat-beninois#primaryimage\",\"url\":\"https:\/\/static.africa-press.net\/benin\/sites\/46\/2022\/07\/postQueueImg_26.jpg\",\"contentUrl\":\"https:\/\/static.africa-press.net\/benin\/sites\/46\/2022\/07\/postQueueImg_26.jpg\",\"width\":1280,\"height\":900,\"caption\":\"Cour de justice de la Cedeao: Boni Yayi retire sa plainte contre l\u2019Etat b\u00e9ninois\"},{\"@type\":\"BreadcrumbList\",\"@id\":\"https:\/\/www.africa-press.net\/benin\/toutes-les-actualites\/cour-de-justice-de-la-cedeao-boni-yayi-retire-sa-plainte-contre-letat-beninois#breadcrumb\",\"itemListElement\":[{\"@type\":\"ListItem\",\"position\":1,\"name\":\"Accueil\",\"item\":\"https:\/\/www.africa-press.net\/benin\/\"},{\"@type\":\"ListItem\",\"position\":2,\"name\":\"Cour de justice de la Cedeao: Boni Yayi retire sa plainte contre l\u2019Etat b\u00e9ninois\"}]},{\"@type\":\"WebSite\",\"@id\":\"https:\/\/www.africa-press.net\/benin\/#website\",\"url\":\"https:\/\/www.africa-press.net\/benin\/\",\"name\":\"B\u00e9nin\",\"description\":\"Just another Africa News Agency Sites site\",\"potentialAction\":[{\"@type\":\"SearchAction\",\"target\":{\"@type\":\"EntryPoint\",\"urlTemplate\":\"https:\/\/www.africa-press.net\/benin\/?s={search_term_string}\"},\"query-input\":{\"@type\":\"PropertyValueSpecification\",\"valueRequired\":true,\"valueName\":\"search_term_string\"}}],\"inLanguage\":\"fr-FR\"},{\"@type\":\"Person\",\"@id\":\"https:\/\/www.africa-press.net\/benin\/#\/schema\/person\/2b1cf3cd81a31e3cd26889ca66d677f1\",\"name\":\"cfeditorfr\"}]}<\/script>\n<!-- \/ Yoast SEO Premium plugin. -->","yoast_head_json":{"title":"Cour de justice de la Cedeao: Boni Yayi retire sa plainte contre l\u2019Etat b\u00e9ninois - B\u00e9nin","description":"Le dossier opposant l\u2019ancien pr\u00e9sident Boni Yayi et l\u2019Etat b\u00e9ninois \u00e9tait inscrit au r\u00f4le de l\u2019audience ce mercredi 13 j ...","robots":{"index":"index","follow":"follow","max-snippet":"max-snippet:-1","max-image-preview":"max-image-preview:large","max-video-preview":"max-video-preview:-1"},"canonical":"https:\/\/www.africa-press.net\/benin\/toutes-les-actualites\/cour-de-justice-de-la-cedeao-boni-yayi-retire-sa-plainte-contre-letat-beninois","og_locale":"fr_FR","og_type":"article","og_title":"Cour de justice de la Cedeao: Boni Yayi retire sa plainte contre l\u2019Etat b\u00e9ninois","og_description":"Le dossier opposant l\u2019ancien pr\u00e9sident Boni Yayi et l\u2019Etat b\u00e9ninois \u00e9tait inscrit au r\u00f4le de l\u2019audience ce mercredi 13 j ...","og_url":"https:\/\/www.africa-press.net\/benin\/toutes-les-actualites\/cour-de-justice-de-la-cedeao-boni-yayi-retire-sa-plainte-contre-letat-beninois","og_site_name":"B\u00e9nin","article_published_time":"2022-07-13T17:56:00+00:00","article_modified_time":"2022-07-13T18:11:06+00:00","og_image":[{"width":1280,"height":900,"url":"https:\/\/static.africa-press.net\/benin\/sites\/46\/2022\/07\/postQueueImg_26.jpg","type":"image\/jpeg"}],"author":"cfeditorfr","twitter_card":"summary_large_image","twitter_misc":{"\u00c9crit par":"cfeditorfr","Dur\u00e9e de lecture estim\u00e9e":"1 minute"},"schema":{"@context":"https:\/\/schema.org","@graph":[{"@type":"Article","@id":"https:\/\/www.africa-press.net\/benin\/toutes-les-actualites\/cour-de-justice-de-la-cedeao-boni-yayi-retire-sa-plainte-contre-letat-beninois#article","isPartOf":{"@id":"https:\/\/www.africa-press.net\/benin\/toutes-les-actualites\/cour-de-justice-de-la-cedeao-boni-yayi-retire-sa-plainte-contre-letat-beninois"},"author":{"name":"cfeditorfr","@id":"https:\/\/www.africa-press.net\/benin\/#\/schema\/person\/2b1cf3cd81a31e3cd26889ca66d677f1"},"headline":"Cour de justice de la Cedeao: Boni Yayi retire sa plainte contre l\u2019Etat b\u00e9ninois","datePublished":"2022-07-13T17:56:00+00:00","dateModified":"2022-07-13T18:11:06+00:00","mainEntityOfPage":{"@id":"https:\/\/www.africa-press.net\/benin\/toutes-les-actualites\/cour-de-justice-de-la-cedeao-boni-yayi-retire-sa-plainte-contre-letat-beninois"},"wordCount":281,"commentCount":0,"image":{"@id":"https:\/\/www.africa-press.net\/benin\/toutes-les-actualites\/cour-de-justice-de-la-cedeao-boni-yayi-retire-sa-plainte-contre-letat-beninois#primaryimage"},"thumbnailUrl":"https:\/\/static.africa-press.net\/benin\/sites\/46\/2022\/07\/postQueueImg_26.jpg","keywords":["Africa Press","Africa Press-Benin","B\u00e9nin"],"articleSection":["Communaut\u00e9","homepage-french","Toutes les actualit\u00e9s"],"inLanguage":"fr-FR","potentialAction":[{"@type":"CommentAction","name":"Comment","target":["https:\/\/www.africa-press.net\/benin\/toutes-les-actualites\/cour-de-justice-de-la-cedeao-boni-yayi-retire-sa-plainte-contre-letat-beninois#respond"]}]},{"@type":"WebPage","@id":"https:\/\/www.africa-press.net\/benin\/toutes-les-actualites\/cour-de-justice-de-la-cedeao-boni-yayi-retire-sa-plainte-contre-letat-beninois","url":"https:\/\/www.africa-press.net\/benin\/toutes-les-actualites\/cour-de-justice-de-la-cedeao-boni-yayi-retire-sa-plainte-contre-letat-beninois","name":"Cour de justice de la Cedeao: Boni Yayi retire sa plainte contre l\u2019Etat b\u00e9ninois - B\u00e9nin","isPartOf":{"@id":"https:\/\/www.africa-press.net\/benin\/#website"},"primaryImageOfPage":{"@id":"https:\/\/www.africa-press.net\/benin\/toutes-les-actualites\/cour-de-justice-de-la-cedeao-boni-yayi-retire-sa-plainte-contre-letat-beninois#primaryimage"},"image":{"@id":"https:\/\/www.africa-press.net\/benin\/toutes-les-actualites\/cour-de-justice-de-la-cedeao-boni-yayi-retire-sa-plainte-contre-letat-beninois#primaryimage"},"thumbnailUrl":"https:\/\/static.africa-press.net\/benin\/sites\/46\/2022\/07\/postQueueImg_26.jpg","datePublished":"2022-07-13T17:56:00+00:00","dateModified":"2022-07-13T18:11:06+00:00","author":{"@id":"https:\/\/www.africa-press.net\/benin\/#\/schema\/person\/2b1cf3cd81a31e3cd26889ca66d677f1"},"description":"Le dossier opposant l\u2019ancien pr\u00e9sident Boni Yayi et l\u2019Etat b\u00e9ninois \u00e9tait inscrit au r\u00f4le de l\u2019audience ce mercredi 13 j ...","breadcrumb":{"@id":"https:\/\/www.africa-press.net\/benin\/toutes-les-actualites\/cour-de-justice-de-la-cedeao-boni-yayi-retire-sa-plainte-contre-letat-beninois#breadcrumb"},"inLanguage":"fr-FR","potentialAction":[{"@type":"ReadAction","target":["https:\/\/www.africa-press.net\/benin\/toutes-les-actualites\/cour-de-justice-de-la-cedeao-boni-yayi-retire-sa-plainte-contre-letat-beninois"]}]},{"@type":"ImageObject","inLanguage":"fr-FR","@id":"https:\/\/www.africa-press.net\/benin\/toutes-les-actualites\/cour-de-justice-de-la-cedeao-boni-yayi-retire-sa-plainte-contre-letat-beninois#primaryimage","url":"https:\/\/static.africa-press.net\/benin\/sites\/46\/2022\/07\/postQueueImg_26.jpg","contentUrl":"https:\/\/static.africa-press.net\/benin\/sites\/46\/2022\/07\/postQueueImg_26.jpg","width":1280,"height":900,"caption":"Cour de justice de la Cedeao: Boni Yayi retire sa plainte contre l\u2019Etat b\u00e9ninois"},{"@type":"BreadcrumbList","@id":"https:\/\/www.africa-press.net\/benin\/toutes-les-actualites\/cour-de-justice-de-la-cedeao-boni-yayi-retire-sa-plainte-contre-letat-beninois#breadcrumb","itemListElement":[{"@type":"ListItem","position":1,"name":"Accueil","item":"https:\/\/www.africa-press.net\/benin\/"},{"@type":"ListItem","position":2,"name":"Cour de justice de la Cedeao: Boni Yayi retire sa plainte contre l\u2019Etat b\u00e9ninois"}]},{"@type":"WebSite","@id":"https:\/\/www.africa-press.net\/benin\/#website","url":"https:\/\/www.africa-press.net\/benin\/","name":"B\u00e9nin","description":"Just another Africa News Agency Sites site","potentialAction":[{"@type":"SearchAction","target":{"@type":"EntryPoint","urlTemplate":"https:\/\/www.africa-press.net\/benin\/?s={search_term_string}"},"query-input":{"@type":"PropertyValueSpecification","valueRequired":true,"valueName":"search_term_string"}}],"inLanguage":"fr-FR"},{"@type":"Person","@id":"https:\/\/www.africa-press.net\/benin\/#\/schema\/person\/2b1cf3cd81a31e3cd26889ca66d677f1","name":"cfeditorfr"}]}},"_links":{"self":[{"href":"https:\/\/www.africa-press.net\/benin\/wp-json\/wp\/v2\/posts\/6851","targetHints":{"allow":["GET"]}}],"collection":[{"href":"https:\/\/www.africa-press.net\/benin\/wp-json\/wp\/v2\/posts"}],"about":[{"href":"https:\/\/www.africa-press.net\/benin\/wp-json\/wp\/v2\/types\/post"}],"author":[{"embeddable":true,"href":"https:\/\/www.africa-press.net\/benin\/wp-json\/wp\/v2\/users\/82"}],"replies":[{"embeddable":true,"href":"https:\/\/www.africa-press.net\/benin\/wp-json\/wp\/v2\/comments?post=6851"}],"version-history":[{"count":0,"href":"https:\/\/www.africa-press.net\/benin\/wp-json\/wp\/v2\/posts\/6851\/revisions"}],"wp:featuredmedia":[{"embeddable":true,"href":"https:\/\/www.africa-press.net\/benin\/wp-json\/wp\/v2\/media\/6850"}],"wp:attachment":[{"href":"https:\/\/www.africa-press.net\/benin\/wp-json\/wp\/v2\/media?parent=6851"}],"wp:term":[{"taxonomy":"category","embeddable":true,"href":"https:\/\/www.africa-press.net\/benin\/wp-json\/wp\/v2\/categories?post=6851"},{"taxonomy":"post_tag","embeddable":true,"href":"https:\/\/www.africa-press.net\/benin\/wp-json\/wp\/v2\/tags?post=6851"}],"curies":[{"name":"wp","href":"https:\/\/api.w.org\/{rel}","templated":true}]}}