{"id":6854,"date":"2022-07-13T17:56:07","date_gmt":"2022-07-13T17:56:07","guid":{"rendered":"https:\/\/www.africa-press.net\/benin\/politique\/remplacement-de-djogbenou-a-la-cour-me-ibrahim-salami-rappelle-ce-que-prevoit-la-loi"},"modified":"2022-07-13T18:11:31","modified_gmt":"2022-07-13T18:11:31","slug":"remplacement-de-djogbenou-a-la-cour-me-ibrahim-salami-rappelle-ce-que-prevoit-la-loi","status":"publish","type":"post","link":"https:\/\/www.africa-press.net\/benin\/politique\/remplacement-de-djogbenou-a-la-cour-me-ibrahim-salami-rappelle-ce-que-prevoit-la-loi","title":{"rendered":"Remplacement de Djogb\u00e9nou \u00e0 la Cour: Me Ibrahim Salami rappelle ce que pr\u00e9voit la loi"},"content":{"rendered":"<p><span style=\"color: #ff6600\"><strong>Africa-Press &#8211; Benin. <\/strong><\/span>Le mardi 12 Juillet 2022, Me Joseph Djogb\u00e9nou, pr\u00e9sident de la cour constitutionnelle a d\u00e9pos\u00e9 sa d\u00e9mission. Que pr\u00e9voit la loi en cas de la d\u00e9mission d\u2019un membre de la cour ou de la d\u00e9mission du pr\u00e9sident lui-m\u00eame? C\u2019est le rappel fait par l\u2019agr\u00e9g\u00e9 de droit, le professeur Ibrahim Salami sur la t\u00e9l\u00e9vision nationale.<\/p>\n<p>Que pr\u00e9voit la loi apr\u00e8s la d\u00e9mission du pr\u00e9sident de la cour constitutionnelle? C\u2019est la question que bon nombre de personnes se posent depuis ce mardi 12 Juillet 2022 o\u00f9 est intervenue la d\u00e9mission de Me Joseph Djogb\u00e9nou, de son poste de pr\u00e9sident de la haute juridiction en mati\u00e8re constitutionnelle.<\/p>\n<p>Pour rafraichir les m\u00e9moires sur les dispositions l\u00e9gales en de pareil cas de figure, la t\u00e9l\u00e9vision nationale a tendu son micro \u00e0 Me Ibrahim Salami qui a rappel\u00e9 ce qu\u2019a pr\u00e9vu l\u2019article 15 de la loi organique sur la cour constitutionnelle. Selon l\u2019universitaire, la d\u00e9mission de Me Joseph Djogb\u00e9nou ne doit ni surprendre, ni faire paniquer puisque la loi organique sur la cour a pr\u00e9vu ce qu\u2019il y a lieu de faire en cas de d\u00e9mission d\u2019un membre de l\u2019institution.<\/p>\n<p>Quand on lit bien l\u2019article 15 de la loi organique sur la Cour constitutionnelle, indique Me Ibrahim salami, il pr\u00e9voit la situation de la d\u00e9mission d\u2019un membre de la Cour constitutionnelle. \u00ab Cela ne pr\u00e9voit pas la situation de la d\u00e9mission d\u2019un pr\u00e9sident de la Cour, mais un pr\u00e9sident \u00e9tant d\u2019abord un membre, il d\u00e9missionne en tant que membre et le sort li\u00e9 \u00e0 la pr\u00e9sidence va \u00eatre trait\u00e9 ult\u00e9rieurement \u00bb, pr\u00e9cise l\u2019universitaire.<\/p>\n<p>Donc, a-t-il poursuivi, le membre de la Cour, Joseph Djogb\u00e9nou, peut d\u00e9missionner en adressant une lettre \u00e0 lui-m\u00eame. Mais comme, c\u2019est lui-m\u00eame qui est concern\u00e9, il va l\u2019adresser au vice-pr\u00e9sident de la Cour constitutionnelle. A partir de cet instant, pr\u00e9cise l\u2019universitaire, on dispose d\u2019un d\u00e9lai de deux mois pour proc\u00e9der \u00e0 son remplacement.<\/p>\n<p><b>Quid du choix du pr\u00e9sident ?<\/b><\/p>\n<p>Le membre entrant de la cour constitutionnelle en remplacement du pr\u00e9sident d\u00e9missionnaire ne fait pas son entr\u00e9e au sein de l\u2019institution en qualit\u00e9 de pr\u00e9sident de la cour constitutionnelle mais en qualit\u00e9 de membre simple de l\u2019institution.<\/p>\n<p>C\u2019est seulement apr\u00e8s ce remplacement que suivra l\u2019\u00e9tape du choix du pr\u00e9sident de l\u2019institution. A ce niveau, a fait savoir Me Ibrahim salami, il faut interroger l\u2019article 3 de la m\u00eame loi organique qui pr\u00e9voit que le pr\u00e9sident de la Cour constitutionnelle est \u00e9lu par ses pairs \u00e0 un mandat de cinq ans parmi les magistrats et les juristes membres de la Cour constitutionnelle.<\/p>\n<p>\u00ab Evidemment, on n\u2019a plus pour cinq ans maintenant. On a pour le reste du mandat. L\u2019une des particularit\u00e9s de cette \u00e9lection, c\u2019est qu\u2019il n\u2019y a ni possibilit\u00e9 d\u2019abstention, ni possibilit\u00e9 de procuration parce qu\u2019on veut que le vote ait lieu de fa\u00e7on concr\u00e8te et que chacun participe au vote en votant pour ou contre le ou les candidats\u00ab , a pr\u00e9cis\u00e9 Me Ibrahim salami.<\/p>\n<p>L\u2019universitaire indique par ailleurs que la Cour se r\u00e9unit habituellement sur convocation de son pr\u00e9sident. Puisque le poste n\u2019est plus occup\u00e9 aujourd\u2019hui, c\u2019est le vice-pr\u00e9sident qui assure l\u2019int\u00e9rim jusqu\u2019au choix d\u2019un nouveau pr\u00e9sident.<\/p>\n<p><strong>Pour plus d&rsquo;informations et d&rsquo;analyses sur la <a href=\"https:\/\/www.africa-press.net\/benin\">Benin<\/a>, suivez <a href=\"https:\/\/www.africa-press.net\/\">Africa-Press<\/a><\/strong><\/p>\n","protected":false},"excerpt":{"rendered":"<p>Africa-Press &#8211; Benin. Le mardi 12 Juillet 2022, Me Joseph Djogb\u00e9nou, pr\u00e9sident de la cour constitutionnelle a d\u00e9pos\u00e9 sa d\u00e9mission. Que pr\u00e9voit la loi en cas de la d\u00e9mission d\u2019un membre de la cour ou de la d\u00e9mission du pr\u00e9sident lui-m\u00eame? C\u2019est le rappel fait par l\u2019agr\u00e9g\u00e9 de droit, le professeur Ibrahim Salami sur la [&hellip;]<\/p>\n","protected":false},"author":82,"featured_media":6853,"comment_status":"open","ping_status":"closed","sticky":false,"template":"","format":"standard","meta":{"footnotes":""},"categories":[11,2,10],"tags":[36,50,45],"class_list":["post-6854","post","type-post","status-publish","format-standard","has-post-thumbnail","hentry","category-homepage-french","category-politique","category-toutes-les-actualites","tag-africa-press","tag-africa-press-benin","tag-benin"],"yoast_head":"<!-- This site is optimized with the Yoast SEO Premium plugin v26.1 (Yoast SEO v27.0) - https:\/\/yoast.com\/product\/yoast-seo-premium-wordpress\/ -->\n<title>Remplacement de Djogb\u00e9nou \u00e0 la Cour: Me Ibrahim Salami rappelle ce que pr\u00e9voit la loi - B\u00e9nin<\/title>\n<meta name=\"description\" content=\"Le mardi 12 Juillet 2022, Me Joseph Djogb\u00e9nou, pr\u00e9sident de la cour constitutionnelle a d\u00e9pos\u00e9 sa d\u00e9mission. Que pr\u00e9voit ...\" \/>\n<meta name=\"robots\" content=\"index, follow, max-snippet:-1, max-image-preview:large, max-video-preview:-1\" \/>\n<link rel=\"canonical\" href=\"https:\/\/www.africa-press.net\/benin\/politique\/remplacement-de-djogbenou-a-la-cour-me-ibrahim-salami-rappelle-ce-que-prevoit-la-loi\" \/>\n<meta property=\"og:locale\" content=\"fr_FR\" \/>\n<meta property=\"og:type\" content=\"article\" \/>\n<meta property=\"og:title\" content=\"Remplacement de Djogb\u00e9nou \u00e0 la Cour: Me Ibrahim Salami rappelle ce que pr\u00e9voit la loi\" \/>\n<meta property=\"og:description\" content=\"Le mardi 12 Juillet 2022, Me Joseph Djogb\u00e9nou, pr\u00e9sident de la cour constitutionnelle a d\u00e9pos\u00e9 sa d\u00e9mission. Que pr\u00e9voit ...\" \/>\n<meta property=\"og:url\" content=\"https:\/\/www.africa-press.net\/benin\/politique\/remplacement-de-djogbenou-a-la-cour-me-ibrahim-salami-rappelle-ce-que-prevoit-la-loi\" \/>\n<meta property=\"og:site_name\" content=\"B\u00e9nin\" \/>\n<meta property=\"article:published_time\" content=\"2022-07-13T17:56:07+00:00\" \/>\n<meta property=\"article:modified_time\" content=\"2022-07-13T18:11:31+00:00\" \/>\n<meta property=\"og:image\" content=\"https:\/\/static.africa-press.net\/benin\/sites\/46\/2022\/07\/postQueueImg_27.jpg\" \/>\n\t<meta property=\"og:image:width\" content=\"1200\" \/>\n\t<meta property=\"og:image:height\" content=\"675\" \/>\n\t<meta property=\"og:image:type\" content=\"image\/jpeg\" \/>\n<meta name=\"author\" content=\"cfeditorfr\" \/>\n<meta name=\"twitter:card\" content=\"summary_large_image\" \/>\n<meta name=\"twitter:label1\" content=\"\u00c9crit par\" \/>\n\t<meta name=\"twitter:data1\" content=\"cfeditorfr\" \/>\n\t<meta name=\"twitter:label2\" content=\"Dur\u00e9e de lecture estim\u00e9e\" \/>\n\t<meta name=\"twitter:data2\" content=\"3 minutes\" \/>\n<script type=\"application\/ld+json\" class=\"yoast-schema-graph\">{\"@context\":\"https:\/\/schema.org\",\"@graph\":[{\"@type\":\"Article\",\"@id\":\"https:\/\/www.africa-press.net\/benin\/politique\/remplacement-de-djogbenou-a-la-cour-me-ibrahim-salami-rappelle-ce-que-prevoit-la-loi#article\",\"isPartOf\":{\"@id\":\"https:\/\/www.africa-press.net\/benin\/politique\/remplacement-de-djogbenou-a-la-cour-me-ibrahim-salami-rappelle-ce-que-prevoit-la-loi\"},\"author\":{\"name\":\"cfeditorfr\",\"@id\":\"https:\/\/www.africa-press.net\/benin\/#\/schema\/person\/2b1cf3cd81a31e3cd26889ca66d677f1\"},\"headline\":\"Remplacement de Djogb\u00e9nou \u00e0 la Cour: Me Ibrahim Salami rappelle ce que pr\u00e9voit la loi\",\"datePublished\":\"2022-07-13T17:56:07+00:00\",\"dateModified\":\"2022-07-13T18:11:31+00:00\",\"mainEntityOfPage\":{\"@id\":\"https:\/\/www.africa-press.net\/benin\/politique\/remplacement-de-djogbenou-a-la-cour-me-ibrahim-salami-rappelle-ce-que-prevoit-la-loi\"},\"wordCount\":634,\"commentCount\":0,\"image\":{\"@id\":\"https:\/\/www.africa-press.net\/benin\/politique\/remplacement-de-djogbenou-a-la-cour-me-ibrahim-salami-rappelle-ce-que-prevoit-la-loi#primaryimage\"},\"thumbnailUrl\":\"https:\/\/static.africa-press.net\/benin\/sites\/46\/2022\/07\/postQueueImg_27.jpg\",\"keywords\":[\"Africa Press\",\"Africa Press-Benin\",\"B\u00e9nin\"],\"articleSection\":[\"homepage-french\",\"Politique\",\"Toutes les actualit\u00e9s\"],\"inLanguage\":\"fr-FR\",\"potentialAction\":[{\"@type\":\"CommentAction\",\"name\":\"Comment\",\"target\":[\"https:\/\/www.africa-press.net\/benin\/politique\/remplacement-de-djogbenou-a-la-cour-me-ibrahim-salami-rappelle-ce-que-prevoit-la-loi#respond\"]}]},{\"@type\":\"WebPage\",\"@id\":\"https:\/\/www.africa-press.net\/benin\/politique\/remplacement-de-djogbenou-a-la-cour-me-ibrahim-salami-rappelle-ce-que-prevoit-la-loi\",\"url\":\"https:\/\/www.africa-press.net\/benin\/politique\/remplacement-de-djogbenou-a-la-cour-me-ibrahim-salami-rappelle-ce-que-prevoit-la-loi\",\"name\":\"Remplacement de Djogb\u00e9nou \u00e0 la Cour: Me Ibrahim Salami rappelle ce que pr\u00e9voit la loi - B\u00e9nin\",\"isPartOf\":{\"@id\":\"https:\/\/www.africa-press.net\/benin\/#website\"},\"primaryImageOfPage\":{\"@id\":\"https:\/\/www.africa-press.net\/benin\/politique\/remplacement-de-djogbenou-a-la-cour-me-ibrahim-salami-rappelle-ce-que-prevoit-la-loi#primaryimage\"},\"image\":{\"@id\":\"https:\/\/www.africa-press.net\/benin\/politique\/remplacement-de-djogbenou-a-la-cour-me-ibrahim-salami-rappelle-ce-que-prevoit-la-loi#primaryimage\"},\"thumbnailUrl\":\"https:\/\/static.africa-press.net\/benin\/sites\/46\/2022\/07\/postQueueImg_27.jpg\",\"datePublished\":\"2022-07-13T17:56:07+00:00\",\"dateModified\":\"2022-07-13T18:11:31+00:00\",\"author\":{\"@id\":\"https:\/\/www.africa-press.net\/benin\/#\/schema\/person\/2b1cf3cd81a31e3cd26889ca66d677f1\"},\"description\":\"Le mardi 12 Juillet 2022, Me Joseph Djogb\u00e9nou, pr\u00e9sident de la cour constitutionnelle a d\u00e9pos\u00e9 sa d\u00e9mission. Que pr\u00e9voit ...\",\"breadcrumb\":{\"@id\":\"https:\/\/www.africa-press.net\/benin\/politique\/remplacement-de-djogbenou-a-la-cour-me-ibrahim-salami-rappelle-ce-que-prevoit-la-loi#breadcrumb\"},\"inLanguage\":\"fr-FR\",\"potentialAction\":[{\"@type\":\"ReadAction\",\"target\":[\"https:\/\/www.africa-press.net\/benin\/politique\/remplacement-de-djogbenou-a-la-cour-me-ibrahim-salami-rappelle-ce-que-prevoit-la-loi\"]}]},{\"@type\":\"ImageObject\",\"inLanguage\":\"fr-FR\",\"@id\":\"https:\/\/www.africa-press.net\/benin\/politique\/remplacement-de-djogbenou-a-la-cour-me-ibrahim-salami-rappelle-ce-que-prevoit-la-loi#primaryimage\",\"url\":\"https:\/\/static.africa-press.net\/benin\/sites\/46\/2022\/07\/postQueueImg_27.jpg\",\"contentUrl\":\"https:\/\/static.africa-press.net\/benin\/sites\/46\/2022\/07\/postQueueImg_27.jpg\",\"width\":1200,\"height\":675,\"caption\":\"Remplacement de Djogb\u00e9nou \u00e0 la Cour: Me Ibrahim Salami rappelle ce que pr\u00e9voit la loi\"},{\"@type\":\"BreadcrumbList\",\"@id\":\"https:\/\/www.africa-press.net\/benin\/politique\/remplacement-de-djogbenou-a-la-cour-me-ibrahim-salami-rappelle-ce-que-prevoit-la-loi#breadcrumb\",\"itemListElement\":[{\"@type\":\"ListItem\",\"position\":1,\"name\":\"Accueil\",\"item\":\"https:\/\/www.africa-press.net\/benin\/\"},{\"@type\":\"ListItem\",\"position\":2,\"name\":\"Remplacement de Djogb\u00e9nou \u00e0 la Cour: Me Ibrahim Salami rappelle ce que pr\u00e9voit la loi\"}]},{\"@type\":\"WebSite\",\"@id\":\"https:\/\/www.africa-press.net\/benin\/#website\",\"url\":\"https:\/\/www.africa-press.net\/benin\/\",\"name\":\"B\u00e9nin\",\"description\":\"Just another Africa News Agency Sites site\",\"potentialAction\":[{\"@type\":\"SearchAction\",\"target\":{\"@type\":\"EntryPoint\",\"urlTemplate\":\"https:\/\/www.africa-press.net\/benin\/?s={search_term_string}\"},\"query-input\":{\"@type\":\"PropertyValueSpecification\",\"valueRequired\":true,\"valueName\":\"search_term_string\"}}],\"inLanguage\":\"fr-FR\"},{\"@type\":\"Person\",\"@id\":\"https:\/\/www.africa-press.net\/benin\/#\/schema\/person\/2b1cf3cd81a31e3cd26889ca66d677f1\",\"name\":\"cfeditorfr\"}]}<\/script>\n<!-- \/ Yoast SEO Premium plugin. -->","yoast_head_json":{"title":"Remplacement de Djogb\u00e9nou \u00e0 la Cour: Me Ibrahim Salami rappelle ce que pr\u00e9voit la loi - B\u00e9nin","description":"Le mardi 12 Juillet 2022, Me Joseph Djogb\u00e9nou, pr\u00e9sident de la cour constitutionnelle a d\u00e9pos\u00e9 sa d\u00e9mission. Que pr\u00e9voit ...","robots":{"index":"index","follow":"follow","max-snippet":"max-snippet:-1","max-image-preview":"max-image-preview:large","max-video-preview":"max-video-preview:-1"},"canonical":"https:\/\/www.africa-press.net\/benin\/politique\/remplacement-de-djogbenou-a-la-cour-me-ibrahim-salami-rappelle-ce-que-prevoit-la-loi","og_locale":"fr_FR","og_type":"article","og_title":"Remplacement de Djogb\u00e9nou \u00e0 la Cour: Me Ibrahim Salami rappelle ce que pr\u00e9voit la loi","og_description":"Le mardi 12 Juillet 2022, Me Joseph Djogb\u00e9nou, pr\u00e9sident de la cour constitutionnelle a d\u00e9pos\u00e9 sa d\u00e9mission. Que pr\u00e9voit ...","og_url":"https:\/\/www.africa-press.net\/benin\/politique\/remplacement-de-djogbenou-a-la-cour-me-ibrahim-salami-rappelle-ce-que-prevoit-la-loi","og_site_name":"B\u00e9nin","article_published_time":"2022-07-13T17:56:07+00:00","article_modified_time":"2022-07-13T18:11:31+00:00","og_image":[{"width":1200,"height":675,"url":"https:\/\/static.africa-press.net\/benin\/sites\/46\/2022\/07\/postQueueImg_27.jpg","type":"image\/jpeg"}],"author":"cfeditorfr","twitter_card":"summary_large_image","twitter_misc":{"\u00c9crit par":"cfeditorfr","Dur\u00e9e de lecture estim\u00e9e":"3 minutes"},"schema":{"@context":"https:\/\/schema.org","@graph":[{"@type":"Article","@id":"https:\/\/www.africa-press.net\/benin\/politique\/remplacement-de-djogbenou-a-la-cour-me-ibrahim-salami-rappelle-ce-que-prevoit-la-loi#article","isPartOf":{"@id":"https:\/\/www.africa-press.net\/benin\/politique\/remplacement-de-djogbenou-a-la-cour-me-ibrahim-salami-rappelle-ce-que-prevoit-la-loi"},"author":{"name":"cfeditorfr","@id":"https:\/\/www.africa-press.net\/benin\/#\/schema\/person\/2b1cf3cd81a31e3cd26889ca66d677f1"},"headline":"Remplacement de Djogb\u00e9nou \u00e0 la Cour: Me Ibrahim Salami rappelle ce que pr\u00e9voit la loi","datePublished":"2022-07-13T17:56:07+00:00","dateModified":"2022-07-13T18:11:31+00:00","mainEntityOfPage":{"@id":"https:\/\/www.africa-press.net\/benin\/politique\/remplacement-de-djogbenou-a-la-cour-me-ibrahim-salami-rappelle-ce-que-prevoit-la-loi"},"wordCount":634,"commentCount":0,"image":{"@id":"https:\/\/www.africa-press.net\/benin\/politique\/remplacement-de-djogbenou-a-la-cour-me-ibrahim-salami-rappelle-ce-que-prevoit-la-loi#primaryimage"},"thumbnailUrl":"https:\/\/static.africa-press.net\/benin\/sites\/46\/2022\/07\/postQueueImg_27.jpg","keywords":["Africa Press","Africa Press-Benin","B\u00e9nin"],"articleSection":["homepage-french","Politique","Toutes les actualit\u00e9s"],"inLanguage":"fr-FR","potentialAction":[{"@type":"CommentAction","name":"Comment","target":["https:\/\/www.africa-press.net\/benin\/politique\/remplacement-de-djogbenou-a-la-cour-me-ibrahim-salami-rappelle-ce-que-prevoit-la-loi#respond"]}]},{"@type":"WebPage","@id":"https:\/\/www.africa-press.net\/benin\/politique\/remplacement-de-djogbenou-a-la-cour-me-ibrahim-salami-rappelle-ce-que-prevoit-la-loi","url":"https:\/\/www.africa-press.net\/benin\/politique\/remplacement-de-djogbenou-a-la-cour-me-ibrahim-salami-rappelle-ce-que-prevoit-la-loi","name":"Remplacement de Djogb\u00e9nou \u00e0 la Cour: Me Ibrahim Salami rappelle ce que pr\u00e9voit la loi - B\u00e9nin","isPartOf":{"@id":"https:\/\/www.africa-press.net\/benin\/#website"},"primaryImageOfPage":{"@id":"https:\/\/www.africa-press.net\/benin\/politique\/remplacement-de-djogbenou-a-la-cour-me-ibrahim-salami-rappelle-ce-que-prevoit-la-loi#primaryimage"},"image":{"@id":"https:\/\/www.africa-press.net\/benin\/politique\/remplacement-de-djogbenou-a-la-cour-me-ibrahim-salami-rappelle-ce-que-prevoit-la-loi#primaryimage"},"thumbnailUrl":"https:\/\/static.africa-press.net\/benin\/sites\/46\/2022\/07\/postQueueImg_27.jpg","datePublished":"2022-07-13T17:56:07+00:00","dateModified":"2022-07-13T18:11:31+00:00","author":{"@id":"https:\/\/www.africa-press.net\/benin\/#\/schema\/person\/2b1cf3cd81a31e3cd26889ca66d677f1"},"description":"Le mardi 12 Juillet 2022, Me Joseph Djogb\u00e9nou, pr\u00e9sident de la cour constitutionnelle a d\u00e9pos\u00e9 sa d\u00e9mission. Que pr\u00e9voit ...","breadcrumb":{"@id":"https:\/\/www.africa-press.net\/benin\/politique\/remplacement-de-djogbenou-a-la-cour-me-ibrahim-salami-rappelle-ce-que-prevoit-la-loi#breadcrumb"},"inLanguage":"fr-FR","potentialAction":[{"@type":"ReadAction","target":["https:\/\/www.africa-press.net\/benin\/politique\/remplacement-de-djogbenou-a-la-cour-me-ibrahim-salami-rappelle-ce-que-prevoit-la-loi"]}]},{"@type":"ImageObject","inLanguage":"fr-FR","@id":"https:\/\/www.africa-press.net\/benin\/politique\/remplacement-de-djogbenou-a-la-cour-me-ibrahim-salami-rappelle-ce-que-prevoit-la-loi#primaryimage","url":"https:\/\/static.africa-press.net\/benin\/sites\/46\/2022\/07\/postQueueImg_27.jpg","contentUrl":"https:\/\/static.africa-press.net\/benin\/sites\/46\/2022\/07\/postQueueImg_27.jpg","width":1200,"height":675,"caption":"Remplacement de Djogb\u00e9nou \u00e0 la Cour: Me Ibrahim Salami rappelle ce que pr\u00e9voit la loi"},{"@type":"BreadcrumbList","@id":"https:\/\/www.africa-press.net\/benin\/politique\/remplacement-de-djogbenou-a-la-cour-me-ibrahim-salami-rappelle-ce-que-prevoit-la-loi#breadcrumb","itemListElement":[{"@type":"ListItem","position":1,"name":"Accueil","item":"https:\/\/www.africa-press.net\/benin\/"},{"@type":"ListItem","position":2,"name":"Remplacement de Djogb\u00e9nou \u00e0 la Cour: Me Ibrahim Salami rappelle ce que pr\u00e9voit la loi"}]},{"@type":"WebSite","@id":"https:\/\/www.africa-press.net\/benin\/#website","url":"https:\/\/www.africa-press.net\/benin\/","name":"B\u00e9nin","description":"Just another Africa News Agency Sites site","potentialAction":[{"@type":"SearchAction","target":{"@type":"EntryPoint","urlTemplate":"https:\/\/www.africa-press.net\/benin\/?s={search_term_string}"},"query-input":{"@type":"PropertyValueSpecification","valueRequired":true,"valueName":"search_term_string"}}],"inLanguage":"fr-FR"},{"@type":"Person","@id":"https:\/\/www.africa-press.net\/benin\/#\/schema\/person\/2b1cf3cd81a31e3cd26889ca66d677f1","name":"cfeditorfr"}]}},"_links":{"self":[{"href":"https:\/\/www.africa-press.net\/benin\/wp-json\/wp\/v2\/posts\/6854","targetHints":{"allow":["GET"]}}],"collection":[{"href":"https:\/\/www.africa-press.net\/benin\/wp-json\/wp\/v2\/posts"}],"about":[{"href":"https:\/\/www.africa-press.net\/benin\/wp-json\/wp\/v2\/types\/post"}],"author":[{"embeddable":true,"href":"https:\/\/www.africa-press.net\/benin\/wp-json\/wp\/v2\/users\/82"}],"replies":[{"embeddable":true,"href":"https:\/\/www.africa-press.net\/benin\/wp-json\/wp\/v2\/comments?post=6854"}],"version-history":[{"count":0,"href":"https:\/\/www.africa-press.net\/benin\/wp-json\/wp\/v2\/posts\/6854\/revisions"}],"wp:featuredmedia":[{"embeddable":true,"href":"https:\/\/www.africa-press.net\/benin\/wp-json\/wp\/v2\/media\/6853"}],"wp:attachment":[{"href":"https:\/\/www.africa-press.net\/benin\/wp-json\/wp\/v2\/media?parent=6854"}],"wp:term":[{"taxonomy":"category","embeddable":true,"href":"https:\/\/www.africa-press.net\/benin\/wp-json\/wp\/v2\/categories?post=6854"},{"taxonomy":"post_tag","embeddable":true,"href":"https:\/\/www.africa-press.net\/benin\/wp-json\/wp\/v2\/tags?post=6854"}],"curies":[{"name":"wp","href":"https:\/\/api.w.org\/{rel}","templated":true}]}}