{"id":6857,"date":"2022-07-13T17:56:17","date_gmt":"2022-07-13T17:56:17","guid":{"rendered":"https:\/\/www.africa-press.net\/benin\/politique\/il-ne-peut-pas-demissionner-au-hasard-robert-dossou-a-propos-de-la-demission-de-djogbenou"},"modified":"2022-07-13T18:11:58","modified_gmt":"2022-07-13T18:11:58","slug":"il-ne-peut-pas-demissionner-au-hasard-robert-dossou-a-propos-de-la-demission-de-djogbenou","status":"publish","type":"post","link":"https:\/\/www.africa-press.net\/benin\/politique\/il-ne-peut-pas-demissionner-au-hasard-robert-dossou-a-propos-de-la-demission-de-djogbenou","title":{"rendered":"\u00ab\u00a0Il ne peut pas d\u00e9missionner au hasard\u00a0\u00bb, Robert Dossou \u00e0 propos de la d\u00e9mission de Djogb\u00e9nou"},"content":{"rendered":"<p><span style=\"color: #ff6600\"><strong>Africa-Press &#8211; Benin. <\/strong><\/span>Dans un entretien accord\u00e9 au quotidien Le Matinal, Me Robert Dossou a opin\u00e9 sur la d\u00e9mission de Joseph Djogb\u00e9nou de la Cour constitutionnelle. Pour lui, la d\u00e9mission de l\u2019ancien ministre de la justice n\u2019a pas \u00e9t\u00e9 d\u00e9cid\u00e9e sur un coup de t\u00eate.<\/p>\n<p>Pour Me Robert Dossou, la d\u00e9mission de Joseph Djogb\u00e9nou n\u2019aura pas d\u2019impact n\u00e9gatif dans le fonctionnement de la Cour constitutionnelle. Il estime que c\u2019est un d\u00e9part bien pr\u00e9par\u00e9 et bien pens\u00e9. \u00ab Sa d\u00e9mission doit relever d\u2019un syst\u00e8me bien pens\u00e9. Il ne peut pas d\u00e9missionner au hasard. Tel que le syst\u00e8me est, sa d\u00e9mission s\u2019inscrit dans un registre bien voulu et bien pr\u00e9vu \u00bb, a d\u00e9clar\u00e9 l\u2019ancien b\u00e2tonnier.<\/p>\n<p>L\u2019homme de droit rappelle qu\u2019il y a un m\u00e9canisme en place pour effectuer le remplacement de tout membre d\u00e9missionnaire de la Cour. \u00ab Dans ce cas de figure, c\u2019est l\u2019organe ayant d\u00e9sign\u00e9 le professeur Joseph Djogb\u00e9nou qui devra pourvoir \u00e0 son remplacement \u00bb, a-t-il indiqu\u00e9.<\/p>\n<p>La d\u00e9mission de Joseph Djogb\u00e9nou rel\u00e8ve -t-il d\u2019une strat\u00e9gie politique ? Sur la question, Robert Dossou a \u00e9t\u00e9 moins bavard. \u00ab Je vous ai dit que compte tenu du syst\u00e8me en place, sa d\u00e9mission doit certainement s\u2019inscrire dans une certaine logique. Soyez patient, vous verrez la logique. Moi, j\u2019ai mon analyse mais je ne peux pas l\u2019exprimer \u00bb, a-t-il dit.<\/p>\n<p><strong>Pour plus d&rsquo;informations et d&rsquo;analyses sur la <a href=\"https:\/\/www.africa-press.net\/benin\">Benin<\/a>, suivez <a href=\"https:\/\/www.africa-press.net\/\">Africa-Press<\/a><\/strong><\/p>\n","protected":false},"excerpt":{"rendered":"<p>Africa-Press &#8211; Benin. Dans un entretien accord\u00e9 au quotidien Le Matinal, Me Robert Dossou a opin\u00e9 sur la d\u00e9mission de Joseph Djogb\u00e9nou de la Cour constitutionnelle. Pour lui, la d\u00e9mission de l\u2019ancien ministre de la justice n\u2019a pas \u00e9t\u00e9 d\u00e9cid\u00e9e sur un coup de t\u00eate. Pour Me Robert Dossou, la d\u00e9mission de Joseph Djogb\u00e9nou n\u2019aura [&hellip;]<\/p>\n","protected":false},"author":82,"featured_media":6856,"comment_status":"open","ping_status":"closed","sticky":false,"template":"","format":"standard","meta":{"footnotes":""},"categories":[11,2,10],"tags":[36,50,45],"class_list":["post-6857","post","type-post","status-publish","format-standard","has-post-thumbnail","hentry","category-homepage-french","category-politique","category-toutes-les-actualites","tag-africa-press","tag-africa-press-benin","tag-benin"],"yoast_head":"<!-- This site is optimized with the Yoast SEO Premium plugin v26.1 (Yoast SEO v27.0) - https:\/\/yoast.com\/product\/yoast-seo-premium-wordpress\/ -->\n<title>\u00ab\u00a0Il ne peut pas d\u00e9missionner au hasard\u00a0\u00bb, Robert Dossou \u00e0 propos de la d\u00e9mission de Djogb\u00e9nou - B\u00e9nin<\/title>\n<meta name=\"description\" content=\"Dans un entretien accord\u00e9 au quotidien Le Matinal, Me Robert Dossou a opin\u00e9 sur la d\u00e9mission de Joseph Djogb\u00e9nou de la C ...\" \/>\n<meta name=\"robots\" content=\"index, follow, max-snippet:-1, max-image-preview:large, max-video-preview:-1\" \/>\n<link rel=\"canonical\" href=\"https:\/\/www.africa-press.net\/benin\/politique\/il-ne-peut-pas-demissionner-au-hasard-robert-dossou-a-propos-de-la-demission-de-djogbenou\" \/>\n<meta property=\"og:locale\" content=\"fr_FR\" \/>\n<meta property=\"og:type\" content=\"article\" \/>\n<meta property=\"og:title\" content=\"\u00ab\u00a0Il ne peut pas d\u00e9missionner au hasard\u00a0\u00bb, Robert Dossou \u00e0 propos de la d\u00e9mission de Djogb\u00e9nou\" \/>\n<meta property=\"og:description\" content=\"Dans un entretien accord\u00e9 au quotidien Le Matinal, Me Robert Dossou a opin\u00e9 sur la d\u00e9mission de Joseph Djogb\u00e9nou de la C ...\" \/>\n<meta property=\"og:url\" content=\"https:\/\/www.africa-press.net\/benin\/politique\/il-ne-peut-pas-demissionner-au-hasard-robert-dossou-a-propos-de-la-demission-de-djogbenou\" \/>\n<meta property=\"og:site_name\" content=\"B\u00e9nin\" \/>\n<meta property=\"article:published_time\" content=\"2022-07-13T17:56:17+00:00\" \/>\n<meta property=\"article:modified_time\" content=\"2022-07-13T18:11:58+00:00\" \/>\n<meta property=\"og:image\" content=\"https:\/\/static.africa-press.net\/benin\/sites\/46\/2022\/07\/postQueueImg_28-62cf0ad92fe24.jpg\" \/>\n\t<meta property=\"og:image:width\" content=\"1200\" \/>\n\t<meta property=\"og:image:height\" content=\"675\" \/>\n\t<meta property=\"og:image:type\" content=\"image\/jpeg\" \/>\n<meta name=\"author\" content=\"cfeditorfr\" \/>\n<meta name=\"twitter:card\" content=\"summary_large_image\" \/>\n<meta name=\"twitter:label1\" content=\"\u00c9crit par\" \/>\n\t<meta name=\"twitter:data1\" content=\"cfeditorfr\" \/>\n\t<meta name=\"twitter:label2\" content=\"Dur\u00e9e de lecture estim\u00e9e\" \/>\n\t<meta name=\"twitter:data2\" content=\"1 minute\" \/>\n<script type=\"application\/ld+json\" class=\"yoast-schema-graph\">{\"@context\":\"https:\/\/schema.org\",\"@graph\":[{\"@type\":\"Article\",\"@id\":\"https:\/\/www.africa-press.net\/benin\/politique\/il-ne-peut-pas-demissionner-au-hasard-robert-dossou-a-propos-de-la-demission-de-djogbenou#article\",\"isPartOf\":{\"@id\":\"https:\/\/www.africa-press.net\/benin\/politique\/il-ne-peut-pas-demissionner-au-hasard-robert-dossou-a-propos-de-la-demission-de-djogbenou\"},\"author\":{\"name\":\"cfeditorfr\",\"@id\":\"https:\/\/www.africa-press.net\/benin\/#\/schema\/person\/2b1cf3cd81a31e3cd26889ca66d677f1\"},\"headline\":\"\u00ab\u00a0Il ne peut pas d\u00e9missionner au hasard\u00a0\u00bb, Robert Dossou \u00e0 propos de la d\u00e9mission de Djogb\u00e9nou\",\"datePublished\":\"2022-07-13T17:56:17+00:00\",\"dateModified\":\"2022-07-13T18:11:58+00:00\",\"mainEntityOfPage\":{\"@id\":\"https:\/\/www.africa-press.net\/benin\/politique\/il-ne-peut-pas-demissionner-au-hasard-robert-dossou-a-propos-de-la-demission-de-djogbenou\"},\"wordCount\":285,\"commentCount\":0,\"image\":{\"@id\":\"https:\/\/www.africa-press.net\/benin\/politique\/il-ne-peut-pas-demissionner-au-hasard-robert-dossou-a-propos-de-la-demission-de-djogbenou#primaryimage\"},\"thumbnailUrl\":\"https:\/\/static.africa-press.net\/benin\/sites\/46\/2022\/07\/postQueueImg_28-62cf0ad92fe24.jpg\",\"keywords\":[\"Africa Press\",\"Africa Press-Benin\",\"B\u00e9nin\"],\"articleSection\":[\"homepage-french\",\"Politique\",\"Toutes les actualit\u00e9s\"],\"inLanguage\":\"fr-FR\",\"potentialAction\":[{\"@type\":\"CommentAction\",\"name\":\"Comment\",\"target\":[\"https:\/\/www.africa-press.net\/benin\/politique\/il-ne-peut-pas-demissionner-au-hasard-robert-dossou-a-propos-de-la-demission-de-djogbenou#respond\"]}]},{\"@type\":\"WebPage\",\"@id\":\"https:\/\/www.africa-press.net\/benin\/politique\/il-ne-peut-pas-demissionner-au-hasard-robert-dossou-a-propos-de-la-demission-de-djogbenou\",\"url\":\"https:\/\/www.africa-press.net\/benin\/politique\/il-ne-peut-pas-demissionner-au-hasard-robert-dossou-a-propos-de-la-demission-de-djogbenou\",\"name\":\"\u00ab\u00a0Il ne peut pas d\u00e9missionner au hasard\u00a0\u00bb, Robert Dossou \u00e0 propos de la d\u00e9mission de Djogb\u00e9nou - B\u00e9nin\",\"isPartOf\":{\"@id\":\"https:\/\/www.africa-press.net\/benin\/#website\"},\"primaryImageOfPage\":{\"@id\":\"https:\/\/www.africa-press.net\/benin\/politique\/il-ne-peut-pas-demissionner-au-hasard-robert-dossou-a-propos-de-la-demission-de-djogbenou#primaryimage\"},\"image\":{\"@id\":\"https:\/\/www.africa-press.net\/benin\/politique\/il-ne-peut-pas-demissionner-au-hasard-robert-dossou-a-propos-de-la-demission-de-djogbenou#primaryimage\"},\"thumbnailUrl\":\"https:\/\/static.africa-press.net\/benin\/sites\/46\/2022\/07\/postQueueImg_28-62cf0ad92fe24.jpg\",\"datePublished\":\"2022-07-13T17:56:17+00:00\",\"dateModified\":\"2022-07-13T18:11:58+00:00\",\"author\":{\"@id\":\"https:\/\/www.africa-press.net\/benin\/#\/schema\/person\/2b1cf3cd81a31e3cd26889ca66d677f1\"},\"description\":\"Dans un entretien accord\u00e9 au quotidien Le Matinal, Me Robert Dossou a opin\u00e9 sur la d\u00e9mission de Joseph Djogb\u00e9nou de la C ...\",\"breadcrumb\":{\"@id\":\"https:\/\/www.africa-press.net\/benin\/politique\/il-ne-peut-pas-demissionner-au-hasard-robert-dossou-a-propos-de-la-demission-de-djogbenou#breadcrumb\"},\"inLanguage\":\"fr-FR\",\"potentialAction\":[{\"@type\":\"ReadAction\",\"target\":[\"https:\/\/www.africa-press.net\/benin\/politique\/il-ne-peut-pas-demissionner-au-hasard-robert-dossou-a-propos-de-la-demission-de-djogbenou\"]}]},{\"@type\":\"ImageObject\",\"inLanguage\":\"fr-FR\",\"@id\":\"https:\/\/www.africa-press.net\/benin\/politique\/il-ne-peut-pas-demissionner-au-hasard-robert-dossou-a-propos-de-la-demission-de-djogbenou#primaryimage\",\"url\":\"https:\/\/static.africa-press.net\/benin\/sites\/46\/2022\/07\/postQueueImg_28-62cf0ad92fe24.jpg\",\"contentUrl\":\"https:\/\/static.africa-press.net\/benin\/sites\/46\/2022\/07\/postQueueImg_28-62cf0ad92fe24.jpg\",\"width\":1200,\"height\":675,\"caption\":\"\u00ab\u00a0Il ne peut pas d\u00e9missionner au hasard\u00a0\u00bb, Robert Dossou \u00e0 propos de la d\u00e9mission de Djogb\u00e9nou\"},{\"@type\":\"BreadcrumbList\",\"@id\":\"https:\/\/www.africa-press.net\/benin\/politique\/il-ne-peut-pas-demissionner-au-hasard-robert-dossou-a-propos-de-la-demission-de-djogbenou#breadcrumb\",\"itemListElement\":[{\"@type\":\"ListItem\",\"position\":1,\"name\":\"Accueil\",\"item\":\"https:\/\/www.africa-press.net\/benin\/\"},{\"@type\":\"ListItem\",\"position\":2,\"name\":\"\u00ab\u00a0Il ne peut pas d\u00e9missionner au hasard\u00a0\u00bb, Robert Dossou \u00e0 propos de la d\u00e9mission de Djogb\u00e9nou\"}]},{\"@type\":\"WebSite\",\"@id\":\"https:\/\/www.africa-press.net\/benin\/#website\",\"url\":\"https:\/\/www.africa-press.net\/benin\/\",\"name\":\"B\u00e9nin\",\"description\":\"Just another Africa News Agency Sites site\",\"potentialAction\":[{\"@type\":\"SearchAction\",\"target\":{\"@type\":\"EntryPoint\",\"urlTemplate\":\"https:\/\/www.africa-press.net\/benin\/?s={search_term_string}\"},\"query-input\":{\"@type\":\"PropertyValueSpecification\",\"valueRequired\":true,\"valueName\":\"search_term_string\"}}],\"inLanguage\":\"fr-FR\"},{\"@type\":\"Person\",\"@id\":\"https:\/\/www.africa-press.net\/benin\/#\/schema\/person\/2b1cf3cd81a31e3cd26889ca66d677f1\",\"name\":\"cfeditorfr\"}]}<\/script>\n<!-- \/ Yoast SEO Premium plugin. -->","yoast_head_json":{"title":"\u00ab\u00a0Il ne peut pas d\u00e9missionner au hasard\u00a0\u00bb, Robert Dossou \u00e0 propos de la d\u00e9mission de Djogb\u00e9nou - B\u00e9nin","description":"Dans un entretien accord\u00e9 au quotidien Le Matinal, Me Robert Dossou a opin\u00e9 sur la d\u00e9mission de Joseph Djogb\u00e9nou de la C ...","robots":{"index":"index","follow":"follow","max-snippet":"max-snippet:-1","max-image-preview":"max-image-preview:large","max-video-preview":"max-video-preview:-1"},"canonical":"https:\/\/www.africa-press.net\/benin\/politique\/il-ne-peut-pas-demissionner-au-hasard-robert-dossou-a-propos-de-la-demission-de-djogbenou","og_locale":"fr_FR","og_type":"article","og_title":"\u00ab\u00a0Il ne peut pas d\u00e9missionner au hasard\u00a0\u00bb, Robert Dossou \u00e0 propos de la d\u00e9mission de Djogb\u00e9nou","og_description":"Dans un entretien accord\u00e9 au quotidien Le Matinal, Me Robert Dossou a opin\u00e9 sur la d\u00e9mission de Joseph Djogb\u00e9nou de la C ...","og_url":"https:\/\/www.africa-press.net\/benin\/politique\/il-ne-peut-pas-demissionner-au-hasard-robert-dossou-a-propos-de-la-demission-de-djogbenou","og_site_name":"B\u00e9nin","article_published_time":"2022-07-13T17:56:17+00:00","article_modified_time":"2022-07-13T18:11:58+00:00","og_image":[{"width":1200,"height":675,"url":"https:\/\/static.africa-press.net\/benin\/sites\/46\/2022\/07\/postQueueImg_28-62cf0ad92fe24.jpg","type":"image\/jpeg"}],"author":"cfeditorfr","twitter_card":"summary_large_image","twitter_misc":{"\u00c9crit par":"cfeditorfr","Dur\u00e9e de lecture estim\u00e9e":"1 minute"},"schema":{"@context":"https:\/\/schema.org","@graph":[{"@type":"Article","@id":"https:\/\/www.africa-press.net\/benin\/politique\/il-ne-peut-pas-demissionner-au-hasard-robert-dossou-a-propos-de-la-demission-de-djogbenou#article","isPartOf":{"@id":"https:\/\/www.africa-press.net\/benin\/politique\/il-ne-peut-pas-demissionner-au-hasard-robert-dossou-a-propos-de-la-demission-de-djogbenou"},"author":{"name":"cfeditorfr","@id":"https:\/\/www.africa-press.net\/benin\/#\/schema\/person\/2b1cf3cd81a31e3cd26889ca66d677f1"},"headline":"\u00ab\u00a0Il ne peut pas d\u00e9missionner au hasard\u00a0\u00bb, Robert Dossou \u00e0 propos de la d\u00e9mission de Djogb\u00e9nou","datePublished":"2022-07-13T17:56:17+00:00","dateModified":"2022-07-13T18:11:58+00:00","mainEntityOfPage":{"@id":"https:\/\/www.africa-press.net\/benin\/politique\/il-ne-peut-pas-demissionner-au-hasard-robert-dossou-a-propos-de-la-demission-de-djogbenou"},"wordCount":285,"commentCount":0,"image":{"@id":"https:\/\/www.africa-press.net\/benin\/politique\/il-ne-peut-pas-demissionner-au-hasard-robert-dossou-a-propos-de-la-demission-de-djogbenou#primaryimage"},"thumbnailUrl":"https:\/\/static.africa-press.net\/benin\/sites\/46\/2022\/07\/postQueueImg_28-62cf0ad92fe24.jpg","keywords":["Africa Press","Africa Press-Benin","B\u00e9nin"],"articleSection":["homepage-french","Politique","Toutes les actualit\u00e9s"],"inLanguage":"fr-FR","potentialAction":[{"@type":"CommentAction","name":"Comment","target":["https:\/\/www.africa-press.net\/benin\/politique\/il-ne-peut-pas-demissionner-au-hasard-robert-dossou-a-propos-de-la-demission-de-djogbenou#respond"]}]},{"@type":"WebPage","@id":"https:\/\/www.africa-press.net\/benin\/politique\/il-ne-peut-pas-demissionner-au-hasard-robert-dossou-a-propos-de-la-demission-de-djogbenou","url":"https:\/\/www.africa-press.net\/benin\/politique\/il-ne-peut-pas-demissionner-au-hasard-robert-dossou-a-propos-de-la-demission-de-djogbenou","name":"\u00ab\u00a0Il ne peut pas d\u00e9missionner au hasard\u00a0\u00bb, Robert Dossou \u00e0 propos de la d\u00e9mission de Djogb\u00e9nou - B\u00e9nin","isPartOf":{"@id":"https:\/\/www.africa-press.net\/benin\/#website"},"primaryImageOfPage":{"@id":"https:\/\/www.africa-press.net\/benin\/politique\/il-ne-peut-pas-demissionner-au-hasard-robert-dossou-a-propos-de-la-demission-de-djogbenou#primaryimage"},"image":{"@id":"https:\/\/www.africa-press.net\/benin\/politique\/il-ne-peut-pas-demissionner-au-hasard-robert-dossou-a-propos-de-la-demission-de-djogbenou#primaryimage"},"thumbnailUrl":"https:\/\/static.africa-press.net\/benin\/sites\/46\/2022\/07\/postQueueImg_28-62cf0ad92fe24.jpg","datePublished":"2022-07-13T17:56:17+00:00","dateModified":"2022-07-13T18:11:58+00:00","author":{"@id":"https:\/\/www.africa-press.net\/benin\/#\/schema\/person\/2b1cf3cd81a31e3cd26889ca66d677f1"},"description":"Dans un entretien accord\u00e9 au quotidien Le Matinal, Me Robert Dossou a opin\u00e9 sur la d\u00e9mission de Joseph Djogb\u00e9nou de la C ...","breadcrumb":{"@id":"https:\/\/www.africa-press.net\/benin\/politique\/il-ne-peut-pas-demissionner-au-hasard-robert-dossou-a-propos-de-la-demission-de-djogbenou#breadcrumb"},"inLanguage":"fr-FR","potentialAction":[{"@type":"ReadAction","target":["https:\/\/www.africa-press.net\/benin\/politique\/il-ne-peut-pas-demissionner-au-hasard-robert-dossou-a-propos-de-la-demission-de-djogbenou"]}]},{"@type":"ImageObject","inLanguage":"fr-FR","@id":"https:\/\/www.africa-press.net\/benin\/politique\/il-ne-peut-pas-demissionner-au-hasard-robert-dossou-a-propos-de-la-demission-de-djogbenou#primaryimage","url":"https:\/\/static.africa-press.net\/benin\/sites\/46\/2022\/07\/postQueueImg_28-62cf0ad92fe24.jpg","contentUrl":"https:\/\/static.africa-press.net\/benin\/sites\/46\/2022\/07\/postQueueImg_28-62cf0ad92fe24.jpg","width":1200,"height":675,"caption":"\u00ab\u00a0Il ne peut pas d\u00e9missionner au hasard\u00a0\u00bb, Robert Dossou \u00e0 propos de la d\u00e9mission de Djogb\u00e9nou"},{"@type":"BreadcrumbList","@id":"https:\/\/www.africa-press.net\/benin\/politique\/il-ne-peut-pas-demissionner-au-hasard-robert-dossou-a-propos-de-la-demission-de-djogbenou#breadcrumb","itemListElement":[{"@type":"ListItem","position":1,"name":"Accueil","item":"https:\/\/www.africa-press.net\/benin\/"},{"@type":"ListItem","position":2,"name":"\u00ab\u00a0Il ne peut pas d\u00e9missionner au hasard\u00a0\u00bb, Robert Dossou \u00e0 propos de la d\u00e9mission de Djogb\u00e9nou"}]},{"@type":"WebSite","@id":"https:\/\/www.africa-press.net\/benin\/#website","url":"https:\/\/www.africa-press.net\/benin\/","name":"B\u00e9nin","description":"Just another Africa News Agency Sites site","potentialAction":[{"@type":"SearchAction","target":{"@type":"EntryPoint","urlTemplate":"https:\/\/www.africa-press.net\/benin\/?s={search_term_string}"},"query-input":{"@type":"PropertyValueSpecification","valueRequired":true,"valueName":"search_term_string"}}],"inLanguage":"fr-FR"},{"@type":"Person","@id":"https:\/\/www.africa-press.net\/benin\/#\/schema\/person\/2b1cf3cd81a31e3cd26889ca66d677f1","name":"cfeditorfr"}]}},"_links":{"self":[{"href":"https:\/\/www.africa-press.net\/benin\/wp-json\/wp\/v2\/posts\/6857","targetHints":{"allow":["GET"]}}],"collection":[{"href":"https:\/\/www.africa-press.net\/benin\/wp-json\/wp\/v2\/posts"}],"about":[{"href":"https:\/\/www.africa-press.net\/benin\/wp-json\/wp\/v2\/types\/post"}],"author":[{"embeddable":true,"href":"https:\/\/www.africa-press.net\/benin\/wp-json\/wp\/v2\/users\/82"}],"replies":[{"embeddable":true,"href":"https:\/\/www.africa-press.net\/benin\/wp-json\/wp\/v2\/comments?post=6857"}],"version-history":[{"count":0,"href":"https:\/\/www.africa-press.net\/benin\/wp-json\/wp\/v2\/posts\/6857\/revisions"}],"wp:featuredmedia":[{"embeddable":true,"href":"https:\/\/www.africa-press.net\/benin\/wp-json\/wp\/v2\/media\/6856"}],"wp:attachment":[{"href":"https:\/\/www.africa-press.net\/benin\/wp-json\/wp\/v2\/media?parent=6857"}],"wp:term":[{"taxonomy":"category","embeddable":true,"href":"https:\/\/www.africa-press.net\/benin\/wp-json\/wp\/v2\/categories?post=6857"},{"taxonomy":"post_tag","embeddable":true,"href":"https:\/\/www.africa-press.net\/benin\/wp-json\/wp\/v2\/tags?post=6857"}],"curies":[{"name":"wp","href":"https:\/\/api.w.org\/{rel}","templated":true}]}}