{"id":6860,"date":"2022-07-13T17:56:23","date_gmt":"2022-07-13T17:56:23","guid":{"rendered":"https:\/\/www.africa-press.net\/benin\/politique\/benin-apres-sa-demission-joseph-djogbenou-a-coeur-ouvert-sur-sa-page-meta"},"modified":"2022-07-13T18:12:24","modified_gmt":"2022-07-13T18:12:24","slug":"benin-apres-sa-demission-joseph-djogbenou-a-coeur-ouvert-sur-sa-page-meta","status":"publish","type":"post","link":"https:\/\/www.africa-press.net\/benin\/politique\/benin-apres-sa-demission-joseph-djogbenou-a-coeur-ouvert-sur-sa-page-meta","title":{"rendered":"B\u00e9nin: apr\u00e8s sa d\u00e9mission, Joseph Djogb\u00e9nou \u00e0 c\u0153ur ouvert sur sa page Meta"},"content":{"rendered":"<p><span style=\"color: #ff6600\"><strong>Africa-Press &#8211; Benin. <\/strong><\/span>La d\u00e9mission de l\u2019ancien pr\u00e9sident de la cour constitutionnelle suscite moult commentaires. Pour r\u00e9pondre aux pr\u00e9occupations de ses compatriotes sur cette actualit\u00e9, l\u2019ancien ministre de la justice donne rendez-vous \u00e0 ces compatriotes sur sa Page Meta.<\/p>\n<p>C\u2019est le canal du r\u00e9seau social Facebook que le d\u00e9sormais ancien pr\u00e9sident de la cour constitutionnelle a choisi pour s\u2019adresser \u00e0 ses compatriotes apr\u00e8s sa d\u00e9mission intervenue ce mardi 12 Juillet 2022. \u00ab Chers amis. Vous pourrez suivre dans quelques minutes, \u00e0 15h, en direct sur ma pr\u00e9sente page, un point de presse en r\u00e9ponse aux diff\u00e9rentes questions que vous m\u2019adressez en messagerie priv\u00e9e\u00ab , annonce l\u2019ancien ministre de la justice.<\/p>\n<p>En effet, sa d\u00e9mission qui n\u2019\u00e9tait pas tr\u00e8s attendue par les b\u00e9ninois est tomb\u00e9e avec surprise au cours de la journ\u00e9e de ce mardi suscitant du coup plusieurs interrogations. Des interrogations auxquelles il entend apporter des r\u00e9ponses sur sa Page facebook.<\/p>\n<p><strong>Pour plus d&rsquo;informations et d&rsquo;analyses sur la <a href=\"https:\/\/www.africa-press.net\/benin\">Benin<\/a>, suivez <a href=\"https:\/\/www.africa-press.net\/\">Africa-Press<\/a><\/strong><\/p>\n","protected":false},"excerpt":{"rendered":"<p>Africa-Press &#8211; Benin. La d\u00e9mission de l\u2019ancien pr\u00e9sident de la cour constitutionnelle suscite moult commentaires. Pour r\u00e9pondre aux pr\u00e9occupations de ses compatriotes sur cette actualit\u00e9, l\u2019ancien ministre de la justice donne rendez-vous \u00e0 ces compatriotes sur sa Page Meta. C\u2019est le canal du r\u00e9seau social Facebook que le d\u00e9sormais ancien pr\u00e9sident de la cour constitutionnelle [&hellip;]<\/p>\n","protected":false},"author":82,"featured_media":6859,"comment_status":"open","ping_status":"closed","sticky":false,"template":"","format":"standard","meta":{"footnotes":""},"categories":[11,2,10],"tags":[36,50,45],"class_list":["post-6860","post","type-post","status-publish","format-standard","has-post-thumbnail","hentry","category-homepage-french","category-politique","category-toutes-les-actualites","tag-africa-press","tag-africa-press-benin","tag-benin"],"yoast_head":"<!-- This site is optimized with the Yoast SEO Premium plugin v26.1 (Yoast SEO v27.0) - https:\/\/yoast.com\/product\/yoast-seo-premium-wordpress\/ -->\n<title>B\u00e9nin: apr\u00e8s sa d\u00e9mission, Joseph Djogb\u00e9nou \u00e0 c\u0153ur ouvert sur sa page Meta - B\u00e9nin<\/title>\n<meta name=\"description\" content=\"La d\u00e9mission de l\u2019ancien pr\u00e9sident de la cour constitutionnelle suscite moult commentaires. Pour r\u00e9pondre aux pr\u00e9occupat ...\" \/>\n<meta name=\"robots\" content=\"index, follow, max-snippet:-1, max-image-preview:large, max-video-preview:-1\" \/>\n<link rel=\"canonical\" href=\"https:\/\/www.africa-press.net\/benin\/politique\/benin-apres-sa-demission-joseph-djogbenou-a-coeur-ouvert-sur-sa-page-meta\" \/>\n<meta property=\"og:locale\" content=\"fr_FR\" \/>\n<meta property=\"og:type\" content=\"article\" \/>\n<meta property=\"og:title\" content=\"B\u00e9nin: apr\u00e8s sa d\u00e9mission, Joseph Djogb\u00e9nou \u00e0 c\u0153ur ouvert sur sa page Meta\" \/>\n<meta property=\"og:description\" content=\"La d\u00e9mission de l\u2019ancien pr\u00e9sident de la cour constitutionnelle suscite moult commentaires. Pour r\u00e9pondre aux pr\u00e9occupat ...\" \/>\n<meta property=\"og:url\" content=\"https:\/\/www.africa-press.net\/benin\/politique\/benin-apres-sa-demission-joseph-djogbenou-a-coeur-ouvert-sur-sa-page-meta\" \/>\n<meta property=\"og:site_name\" content=\"B\u00e9nin\" \/>\n<meta property=\"article:published_time\" content=\"2022-07-13T17:56:23+00:00\" \/>\n<meta property=\"article:modified_time\" content=\"2022-07-13T18:12:24+00:00\" \/>\n<meta property=\"og:image\" content=\"https:\/\/static.africa-press.net\/benin\/sites\/46\/2022\/07\/postQueueImg_29-62cf0af40dc20.jpg\" \/>\n\t<meta property=\"og:image:width\" content=\"1200\" \/>\n\t<meta property=\"og:image:height\" content=\"800\" \/>\n\t<meta property=\"og:image:type\" content=\"image\/jpeg\" \/>\n<meta name=\"author\" content=\"cfeditorfr\" \/>\n<meta name=\"twitter:card\" content=\"summary_large_image\" \/>\n<meta name=\"twitter:label1\" content=\"\u00c9crit par\" \/>\n\t<meta name=\"twitter:data1\" content=\"cfeditorfr\" \/>\n\t<meta name=\"twitter:label2\" content=\"Dur\u00e9e de lecture estim\u00e9e\" \/>\n\t<meta name=\"twitter:data2\" content=\"1 minute\" \/>\n<script type=\"application\/ld+json\" class=\"yoast-schema-graph\">{\"@context\":\"https:\/\/schema.org\",\"@graph\":[{\"@type\":\"Article\",\"@id\":\"https:\/\/www.africa-press.net\/benin\/politique\/benin-apres-sa-demission-joseph-djogbenou-a-coeur-ouvert-sur-sa-page-meta#article\",\"isPartOf\":{\"@id\":\"https:\/\/www.africa-press.net\/benin\/politique\/benin-apres-sa-demission-joseph-djogbenou-a-coeur-ouvert-sur-sa-page-meta\"},\"author\":{\"name\":\"cfeditorfr\",\"@id\":\"https:\/\/www.africa-press.net\/benin\/#\/schema\/person\/2b1cf3cd81a31e3cd26889ca66d677f1\"},\"headline\":\"B\u00e9nin: apr\u00e8s sa d\u00e9mission, Joseph Djogb\u00e9nou \u00e0 c\u0153ur ouvert sur sa page Meta\",\"datePublished\":\"2022-07-13T17:56:23+00:00\",\"dateModified\":\"2022-07-13T18:12:24+00:00\",\"mainEntityOfPage\":{\"@id\":\"https:\/\/www.africa-press.net\/benin\/politique\/benin-apres-sa-demission-joseph-djogbenou-a-coeur-ouvert-sur-sa-page-meta\"},\"wordCount\":199,\"commentCount\":0,\"image\":{\"@id\":\"https:\/\/www.africa-press.net\/benin\/politique\/benin-apres-sa-demission-joseph-djogbenou-a-coeur-ouvert-sur-sa-page-meta#primaryimage\"},\"thumbnailUrl\":\"https:\/\/static.africa-press.net\/benin\/sites\/46\/2022\/07\/postQueueImg_29-62cf0af40dc20.jpg\",\"keywords\":[\"Africa Press\",\"Africa Press-Benin\",\"B\u00e9nin\"],\"articleSection\":[\"homepage-french\",\"Politique\",\"Toutes les actualit\u00e9s\"],\"inLanguage\":\"fr-FR\",\"potentialAction\":[{\"@type\":\"CommentAction\",\"name\":\"Comment\",\"target\":[\"https:\/\/www.africa-press.net\/benin\/politique\/benin-apres-sa-demission-joseph-djogbenou-a-coeur-ouvert-sur-sa-page-meta#respond\"]}]},{\"@type\":\"WebPage\",\"@id\":\"https:\/\/www.africa-press.net\/benin\/politique\/benin-apres-sa-demission-joseph-djogbenou-a-coeur-ouvert-sur-sa-page-meta\",\"url\":\"https:\/\/www.africa-press.net\/benin\/politique\/benin-apres-sa-demission-joseph-djogbenou-a-coeur-ouvert-sur-sa-page-meta\",\"name\":\"B\u00e9nin: apr\u00e8s sa d\u00e9mission, Joseph Djogb\u00e9nou \u00e0 c\u0153ur ouvert sur sa page Meta - B\u00e9nin\",\"isPartOf\":{\"@id\":\"https:\/\/www.africa-press.net\/benin\/#website\"},\"primaryImageOfPage\":{\"@id\":\"https:\/\/www.africa-press.net\/benin\/politique\/benin-apres-sa-demission-joseph-djogbenou-a-coeur-ouvert-sur-sa-page-meta#primaryimage\"},\"image\":{\"@id\":\"https:\/\/www.africa-press.net\/benin\/politique\/benin-apres-sa-demission-joseph-djogbenou-a-coeur-ouvert-sur-sa-page-meta#primaryimage\"},\"thumbnailUrl\":\"https:\/\/static.africa-press.net\/benin\/sites\/46\/2022\/07\/postQueueImg_29-62cf0af40dc20.jpg\",\"datePublished\":\"2022-07-13T17:56:23+00:00\",\"dateModified\":\"2022-07-13T18:12:24+00:00\",\"author\":{\"@id\":\"https:\/\/www.africa-press.net\/benin\/#\/schema\/person\/2b1cf3cd81a31e3cd26889ca66d677f1\"},\"description\":\"La d\u00e9mission de l\u2019ancien pr\u00e9sident de la cour constitutionnelle suscite moult commentaires. Pour r\u00e9pondre aux pr\u00e9occupat ...\",\"breadcrumb\":{\"@id\":\"https:\/\/www.africa-press.net\/benin\/politique\/benin-apres-sa-demission-joseph-djogbenou-a-coeur-ouvert-sur-sa-page-meta#breadcrumb\"},\"inLanguage\":\"fr-FR\",\"potentialAction\":[{\"@type\":\"ReadAction\",\"target\":[\"https:\/\/www.africa-press.net\/benin\/politique\/benin-apres-sa-demission-joseph-djogbenou-a-coeur-ouvert-sur-sa-page-meta\"]}]},{\"@type\":\"ImageObject\",\"inLanguage\":\"fr-FR\",\"@id\":\"https:\/\/www.africa-press.net\/benin\/politique\/benin-apres-sa-demission-joseph-djogbenou-a-coeur-ouvert-sur-sa-page-meta#primaryimage\",\"url\":\"https:\/\/static.africa-press.net\/benin\/sites\/46\/2022\/07\/postQueueImg_29-62cf0af40dc20.jpg\",\"contentUrl\":\"https:\/\/static.africa-press.net\/benin\/sites\/46\/2022\/07\/postQueueImg_29-62cf0af40dc20.jpg\",\"width\":1200,\"height\":800,\"caption\":\"B\u00e9nin: apr\u00e8s sa d\u00e9mission, Joseph Djogb\u00e9nou \u00e0 c\u0153ur ouvert sur sa page Meta\"},{\"@type\":\"BreadcrumbList\",\"@id\":\"https:\/\/www.africa-press.net\/benin\/politique\/benin-apres-sa-demission-joseph-djogbenou-a-coeur-ouvert-sur-sa-page-meta#breadcrumb\",\"itemListElement\":[{\"@type\":\"ListItem\",\"position\":1,\"name\":\"Accueil\",\"item\":\"https:\/\/www.africa-press.net\/benin\/\"},{\"@type\":\"ListItem\",\"position\":2,\"name\":\"B\u00e9nin: apr\u00e8s sa d\u00e9mission, Joseph Djogb\u00e9nou \u00e0 c\u0153ur ouvert sur sa page Meta\"}]},{\"@type\":\"WebSite\",\"@id\":\"https:\/\/www.africa-press.net\/benin\/#website\",\"url\":\"https:\/\/www.africa-press.net\/benin\/\",\"name\":\"B\u00e9nin\",\"description\":\"Just another Africa News Agency Sites site\",\"potentialAction\":[{\"@type\":\"SearchAction\",\"target\":{\"@type\":\"EntryPoint\",\"urlTemplate\":\"https:\/\/www.africa-press.net\/benin\/?s={search_term_string}\"},\"query-input\":{\"@type\":\"PropertyValueSpecification\",\"valueRequired\":true,\"valueName\":\"search_term_string\"}}],\"inLanguage\":\"fr-FR\"},{\"@type\":\"Person\",\"@id\":\"https:\/\/www.africa-press.net\/benin\/#\/schema\/person\/2b1cf3cd81a31e3cd26889ca66d677f1\",\"name\":\"cfeditorfr\"}]}<\/script>\n<!-- \/ Yoast SEO Premium plugin. -->","yoast_head_json":{"title":"B\u00e9nin: apr\u00e8s sa d\u00e9mission, Joseph Djogb\u00e9nou \u00e0 c\u0153ur ouvert sur sa page Meta - B\u00e9nin","description":"La d\u00e9mission de l\u2019ancien pr\u00e9sident de la cour constitutionnelle suscite moult commentaires. Pour r\u00e9pondre aux pr\u00e9occupat ...","robots":{"index":"index","follow":"follow","max-snippet":"max-snippet:-1","max-image-preview":"max-image-preview:large","max-video-preview":"max-video-preview:-1"},"canonical":"https:\/\/www.africa-press.net\/benin\/politique\/benin-apres-sa-demission-joseph-djogbenou-a-coeur-ouvert-sur-sa-page-meta","og_locale":"fr_FR","og_type":"article","og_title":"B\u00e9nin: apr\u00e8s sa d\u00e9mission, Joseph Djogb\u00e9nou \u00e0 c\u0153ur ouvert sur sa page Meta","og_description":"La d\u00e9mission de l\u2019ancien pr\u00e9sident de la cour constitutionnelle suscite moult commentaires. Pour r\u00e9pondre aux pr\u00e9occupat ...","og_url":"https:\/\/www.africa-press.net\/benin\/politique\/benin-apres-sa-demission-joseph-djogbenou-a-coeur-ouvert-sur-sa-page-meta","og_site_name":"B\u00e9nin","article_published_time":"2022-07-13T17:56:23+00:00","article_modified_time":"2022-07-13T18:12:24+00:00","og_image":[{"width":1200,"height":800,"url":"https:\/\/static.africa-press.net\/benin\/sites\/46\/2022\/07\/postQueueImg_29-62cf0af40dc20.jpg","type":"image\/jpeg"}],"author":"cfeditorfr","twitter_card":"summary_large_image","twitter_misc":{"\u00c9crit par":"cfeditorfr","Dur\u00e9e de lecture estim\u00e9e":"1 minute"},"schema":{"@context":"https:\/\/schema.org","@graph":[{"@type":"Article","@id":"https:\/\/www.africa-press.net\/benin\/politique\/benin-apres-sa-demission-joseph-djogbenou-a-coeur-ouvert-sur-sa-page-meta#article","isPartOf":{"@id":"https:\/\/www.africa-press.net\/benin\/politique\/benin-apres-sa-demission-joseph-djogbenou-a-coeur-ouvert-sur-sa-page-meta"},"author":{"name":"cfeditorfr","@id":"https:\/\/www.africa-press.net\/benin\/#\/schema\/person\/2b1cf3cd81a31e3cd26889ca66d677f1"},"headline":"B\u00e9nin: apr\u00e8s sa d\u00e9mission, Joseph Djogb\u00e9nou \u00e0 c\u0153ur ouvert sur sa page Meta","datePublished":"2022-07-13T17:56:23+00:00","dateModified":"2022-07-13T18:12:24+00:00","mainEntityOfPage":{"@id":"https:\/\/www.africa-press.net\/benin\/politique\/benin-apres-sa-demission-joseph-djogbenou-a-coeur-ouvert-sur-sa-page-meta"},"wordCount":199,"commentCount":0,"image":{"@id":"https:\/\/www.africa-press.net\/benin\/politique\/benin-apres-sa-demission-joseph-djogbenou-a-coeur-ouvert-sur-sa-page-meta#primaryimage"},"thumbnailUrl":"https:\/\/static.africa-press.net\/benin\/sites\/46\/2022\/07\/postQueueImg_29-62cf0af40dc20.jpg","keywords":["Africa Press","Africa Press-Benin","B\u00e9nin"],"articleSection":["homepage-french","Politique","Toutes les actualit\u00e9s"],"inLanguage":"fr-FR","potentialAction":[{"@type":"CommentAction","name":"Comment","target":["https:\/\/www.africa-press.net\/benin\/politique\/benin-apres-sa-demission-joseph-djogbenou-a-coeur-ouvert-sur-sa-page-meta#respond"]}]},{"@type":"WebPage","@id":"https:\/\/www.africa-press.net\/benin\/politique\/benin-apres-sa-demission-joseph-djogbenou-a-coeur-ouvert-sur-sa-page-meta","url":"https:\/\/www.africa-press.net\/benin\/politique\/benin-apres-sa-demission-joseph-djogbenou-a-coeur-ouvert-sur-sa-page-meta","name":"B\u00e9nin: apr\u00e8s sa d\u00e9mission, Joseph Djogb\u00e9nou \u00e0 c\u0153ur ouvert sur sa page Meta - B\u00e9nin","isPartOf":{"@id":"https:\/\/www.africa-press.net\/benin\/#website"},"primaryImageOfPage":{"@id":"https:\/\/www.africa-press.net\/benin\/politique\/benin-apres-sa-demission-joseph-djogbenou-a-coeur-ouvert-sur-sa-page-meta#primaryimage"},"image":{"@id":"https:\/\/www.africa-press.net\/benin\/politique\/benin-apres-sa-demission-joseph-djogbenou-a-coeur-ouvert-sur-sa-page-meta#primaryimage"},"thumbnailUrl":"https:\/\/static.africa-press.net\/benin\/sites\/46\/2022\/07\/postQueueImg_29-62cf0af40dc20.jpg","datePublished":"2022-07-13T17:56:23+00:00","dateModified":"2022-07-13T18:12:24+00:00","author":{"@id":"https:\/\/www.africa-press.net\/benin\/#\/schema\/person\/2b1cf3cd81a31e3cd26889ca66d677f1"},"description":"La d\u00e9mission de l\u2019ancien pr\u00e9sident de la cour constitutionnelle suscite moult commentaires. Pour r\u00e9pondre aux pr\u00e9occupat ...","breadcrumb":{"@id":"https:\/\/www.africa-press.net\/benin\/politique\/benin-apres-sa-demission-joseph-djogbenou-a-coeur-ouvert-sur-sa-page-meta#breadcrumb"},"inLanguage":"fr-FR","potentialAction":[{"@type":"ReadAction","target":["https:\/\/www.africa-press.net\/benin\/politique\/benin-apres-sa-demission-joseph-djogbenou-a-coeur-ouvert-sur-sa-page-meta"]}]},{"@type":"ImageObject","inLanguage":"fr-FR","@id":"https:\/\/www.africa-press.net\/benin\/politique\/benin-apres-sa-demission-joseph-djogbenou-a-coeur-ouvert-sur-sa-page-meta#primaryimage","url":"https:\/\/static.africa-press.net\/benin\/sites\/46\/2022\/07\/postQueueImg_29-62cf0af40dc20.jpg","contentUrl":"https:\/\/static.africa-press.net\/benin\/sites\/46\/2022\/07\/postQueueImg_29-62cf0af40dc20.jpg","width":1200,"height":800,"caption":"B\u00e9nin: apr\u00e8s sa d\u00e9mission, Joseph Djogb\u00e9nou \u00e0 c\u0153ur ouvert sur sa page Meta"},{"@type":"BreadcrumbList","@id":"https:\/\/www.africa-press.net\/benin\/politique\/benin-apres-sa-demission-joseph-djogbenou-a-coeur-ouvert-sur-sa-page-meta#breadcrumb","itemListElement":[{"@type":"ListItem","position":1,"name":"Accueil","item":"https:\/\/www.africa-press.net\/benin\/"},{"@type":"ListItem","position":2,"name":"B\u00e9nin: apr\u00e8s sa d\u00e9mission, Joseph Djogb\u00e9nou \u00e0 c\u0153ur ouvert sur sa page Meta"}]},{"@type":"WebSite","@id":"https:\/\/www.africa-press.net\/benin\/#website","url":"https:\/\/www.africa-press.net\/benin\/","name":"B\u00e9nin","description":"Just another Africa News Agency Sites site","potentialAction":[{"@type":"SearchAction","target":{"@type":"EntryPoint","urlTemplate":"https:\/\/www.africa-press.net\/benin\/?s={search_term_string}"},"query-input":{"@type":"PropertyValueSpecification","valueRequired":true,"valueName":"search_term_string"}}],"inLanguage":"fr-FR"},{"@type":"Person","@id":"https:\/\/www.africa-press.net\/benin\/#\/schema\/person\/2b1cf3cd81a31e3cd26889ca66d677f1","name":"cfeditorfr"}]}},"_links":{"self":[{"href":"https:\/\/www.africa-press.net\/benin\/wp-json\/wp\/v2\/posts\/6860","targetHints":{"allow":["GET"]}}],"collection":[{"href":"https:\/\/www.africa-press.net\/benin\/wp-json\/wp\/v2\/posts"}],"about":[{"href":"https:\/\/www.africa-press.net\/benin\/wp-json\/wp\/v2\/types\/post"}],"author":[{"embeddable":true,"href":"https:\/\/www.africa-press.net\/benin\/wp-json\/wp\/v2\/users\/82"}],"replies":[{"embeddable":true,"href":"https:\/\/www.africa-press.net\/benin\/wp-json\/wp\/v2\/comments?post=6860"}],"version-history":[{"count":0,"href":"https:\/\/www.africa-press.net\/benin\/wp-json\/wp\/v2\/posts\/6860\/revisions"}],"wp:featuredmedia":[{"embeddable":true,"href":"https:\/\/www.africa-press.net\/benin\/wp-json\/wp\/v2\/media\/6859"}],"wp:attachment":[{"href":"https:\/\/www.africa-press.net\/benin\/wp-json\/wp\/v2\/media?parent=6860"}],"wp:term":[{"taxonomy":"category","embeddable":true,"href":"https:\/\/www.africa-press.net\/benin\/wp-json\/wp\/v2\/categories?post=6860"},{"taxonomy":"post_tag","embeddable":true,"href":"https:\/\/www.africa-press.net\/benin\/wp-json\/wp\/v2\/tags?post=6860"}],"curies":[{"name":"wp","href":"https:\/\/api.w.org\/{rel}","templated":true}]}}