{"id":6863,"date":"2022-07-13T17:56:34","date_gmt":"2022-07-13T17:56:34","guid":{"rendered":"https:\/\/www.africa-press.net\/benin\/politique\/le-temps-nous-aidera-a-mesurer-le-niveau-dethique-de-nos-personnalites-publiques-ndss"},"modified":"2022-07-13T18:12:53","modified_gmt":"2022-07-13T18:12:53","slug":"le-temps-nous-aidera-a-mesurer-le-niveau-dethique-de-nos-personnalites-publiques-ndss","status":"publish","type":"post","link":"https:\/\/www.africa-press.net\/benin\/politique\/le-temps-nous-aidera-a-mesurer-le-niveau-dethique-de-nos-personnalites-publiques-ndss","title":{"rendered":"\u00ab\u00a0Le temps nous aidera \u00e0 mesurer le niveau d\u2019\u00e9thique de nos personnalit\u00e9s publiques\u00a0\u00bb, NDSS"},"content":{"rendered":"<p><span style=\"color: #ff6600\"><strong>Africa-Press &#8211; Benin. <\/strong><\/span>La d\u00e9mission du pr\u00e9sident de la cour constitutionnelle, Me Joseph Djogb\u00e9nou continue toujours de susciter des commentaires. Appr\u00e9ciant les rumeurs qui entourent cette d\u00e9mission, le juriste Nourou Dine Saka Saley estime que le d\u00e9part de fonction d\u2019une personnalit\u00e9 publique ou politique ne devrait pas faire objet d\u2019autant de myst\u00e8re.<\/p>\n<p>Vingt quatre heures apr\u00e8s la d\u00e9mission de Me Joseph Djogb\u00e9nou de la pr\u00e9sidence de la cour constitutionnelle, bien malin pour le commun des b\u00e9ninois de dire les raisons de cette d\u00e9mission. Une situation qui ouvre la voie \u00e0 toute forme de conjecture.<\/p>\n<p>Mais pour le juriste Nourou Dine Saka Saley, il ne devrait pas en \u00eatre ainsi. L\u2019\u00e9thique, la responsabilit\u00e9 et le devoir de redevabilit\u00e9 devrait \u00e0 le croire au moins dicter une raison.<\/p>\n<p>En 2017, poursuit-il pour donner son propre exemple, \u00ab malgr\u00e9 la petitesse de ma fonction \u00e0 la Mairie de Cotonou, ma d\u00e9mission a \u00e9t\u00e9 suivie d\u2019une explication rendue publique, malgr\u00e9 que je n\u2019avais pas de r\u00e9mun\u00e9ration et que je pouvais ne pas me sentir li\u00e9 par une redevabilit\u00e9 publique \u00bb.<\/p>\n<p><b>Quid de la nouvelle destination de Me Joseph Djogb\u00e9nou\u2026<\/b><\/p>\n<p>En attendant que l\u2019ancien pr\u00e9sident de la cour justifie sa d\u00e9mission et donne des pistes sur sa prochaine destination, la rumeur a d\u00e9j\u00e0 fait de lui le prochain pr\u00e9sident de l\u2019assembl\u00e9e nationale ou un potentiel dauphin du pr\u00e9sident Patrice Talon.<\/p>\n<p>Si ces rumeurs se confirmaient, indique Nourou Dine Saka Saley, il serait atypique et ind\u00e9cent que Me Djogb\u00e9nou occupe toute fonction politique ou publique, \u00e9lective ou de nomination au sein de la R\u00e9publique, ou m\u00eame au sein d\u2019un parti politique, apr\u00e8s les fonctions de membre de la Cour constitutionnelle, pendant qu\u2019une certaine opinion veut contester \u00e0 un ancien pr\u00e9sident de la R\u00e9publique de militer au sein d\u2019un parti politique.<\/p>\n<p>A croire Nourou Dine Saka Saley, les membres de la Cour constitutionnelle sont habituellement appel\u00e9s \u00ab sages \u00bb de la Cour constitutionnelle. Pour lui, Cette d\u00e9nomination n\u2019est pas anodine.<\/p>\n<p>\u00ab On ne va pas si\u00e9ger comme membre de la Haute juridiction, de dernier recours, quand on estime n\u2019avoir pas fini ses r\u00eaves de parcours et militantisme politiques. \u00bb, mart\u00e8le l\u2019acteur politique membre des d\u00e9mocrates.<\/p>\n<p>Selon lui, la fonction de membre de la Cour constitutionnelle rev\u00eat une double dimension de juge politique et de juge juridictionnel, de tout ce qu\u2019il y a comme acte, d\u00e9cision ou comportement administratif, politique et autres jusqu\u2019au niveau sup\u00e9rieur, au sein de la R\u00e9publique.<\/p>\n<p>De ce point de vue, il ne lui parait pas d\u00e9cent qu\u2019apr\u00e8s avoir \u00e9t\u00e9 pr\u00e9sident de cette institution, qu\u2019on puisse en arrive \u00e0 occuper ou \u00e0 briguer une autre fonction au sein de la R\u00e9publique.<\/p>\n<p>\u00ab Pour moi, ce sont des fonctions qu\u2019on occupe lorsqu\u2019on a fini de faire ses preuves et de montrer sa capacit\u00e9 de se mettre au-dessus de toute partisannerie, et de toute situation de conflit d\u2019int\u00e9r\u00eat\u00ab , a indiqu\u00e9 Nourou Dine saka Saley.<\/p>\n<p><strong>Pour plus d&rsquo;informations et d&rsquo;analyses sur la <a href=\"https:\/\/www.africa-press.net\/benin\">Benin<\/a>, suivez <a href=\"https:\/\/www.africa-press.net\/\">Africa-Press<\/a><\/strong><\/p>\n","protected":false},"excerpt":{"rendered":"<p>Africa-Press &#8211; Benin. La d\u00e9mission du pr\u00e9sident de la cour constitutionnelle, Me Joseph Djogb\u00e9nou continue toujours de susciter des commentaires. Appr\u00e9ciant les rumeurs qui entourent cette d\u00e9mission, le juriste Nourou Dine Saka Saley estime que le d\u00e9part de fonction d\u2019une personnalit\u00e9 publique ou politique ne devrait pas faire objet d\u2019autant de myst\u00e8re. Vingt quatre heures [&hellip;]<\/p>\n","protected":false},"author":82,"featured_media":6862,"comment_status":"open","ping_status":"closed","sticky":false,"template":"","format":"standard","meta":{"footnotes":""},"categories":[11,2,10],"tags":[36,50,45],"class_list":["post-6863","post","type-post","status-publish","format-standard","has-post-thumbnail","hentry","category-homepage-french","category-politique","category-toutes-les-actualites","tag-africa-press","tag-africa-press-benin","tag-benin"],"yoast_head":"<!-- This site is optimized with the Yoast SEO Premium plugin v26.1 (Yoast SEO v27.0) - https:\/\/yoast.com\/product\/yoast-seo-premium-wordpress\/ -->\n<title>\u00ab\u00a0Le temps nous aidera \u00e0 mesurer le niveau d\u2019\u00e9thique de nos personnalit\u00e9s publiques\u00a0\u00bb, NDSS - B\u00e9nin<\/title>\n<meta name=\"description\" content=\"La d\u00e9mission du pr\u00e9sident de la cour constitutionnelle, Me Joseph Djogb\u00e9nou continue toujours de susciter des commentair ...\" \/>\n<meta name=\"robots\" content=\"index, follow, max-snippet:-1, max-image-preview:large, max-video-preview:-1\" \/>\n<link rel=\"canonical\" href=\"https:\/\/www.africa-press.net\/benin\/politique\/le-temps-nous-aidera-a-mesurer-le-niveau-dethique-de-nos-personnalites-publiques-ndss\" \/>\n<meta property=\"og:locale\" content=\"fr_FR\" \/>\n<meta property=\"og:type\" content=\"article\" \/>\n<meta property=\"og:title\" content=\"\u00ab\u00a0Le temps nous aidera \u00e0 mesurer le niveau d\u2019\u00e9thique de nos personnalit\u00e9s publiques\u00a0\u00bb, NDSS\" \/>\n<meta property=\"og:description\" content=\"La d\u00e9mission du pr\u00e9sident de la cour constitutionnelle, Me Joseph Djogb\u00e9nou continue toujours de susciter des commentair ...\" \/>\n<meta property=\"og:url\" content=\"https:\/\/www.africa-press.net\/benin\/politique\/le-temps-nous-aidera-a-mesurer-le-niveau-dethique-de-nos-personnalites-publiques-ndss\" \/>\n<meta property=\"og:site_name\" content=\"B\u00e9nin\" \/>\n<meta property=\"article:published_time\" content=\"2022-07-13T17:56:34+00:00\" \/>\n<meta property=\"article:modified_time\" content=\"2022-07-13T18:12:53+00:00\" \/>\n<meta property=\"og:image\" content=\"https:\/\/static.africa-press.net\/benin\/sites\/46\/2022\/07\/postQueueImg_30-62cf0b0e82f70.jpg\" \/>\n\t<meta property=\"og:image:width\" content=\"1200\" \/>\n\t<meta property=\"og:image:height\" content=\"960\" \/>\n\t<meta property=\"og:image:type\" content=\"image\/jpeg\" \/>\n<meta name=\"author\" content=\"cfeditorfr\" \/>\n<meta name=\"twitter:card\" content=\"summary_large_image\" \/>\n<meta name=\"twitter:label1\" content=\"\u00c9crit par\" \/>\n\t<meta name=\"twitter:data1\" content=\"cfeditorfr\" \/>\n\t<meta name=\"twitter:label2\" content=\"Dur\u00e9e de lecture estim\u00e9e\" \/>\n\t<meta name=\"twitter:data2\" content=\"3 minutes\" \/>\n<script type=\"application\/ld+json\" class=\"yoast-schema-graph\">{\"@context\":\"https:\/\/schema.org\",\"@graph\":[{\"@type\":\"Article\",\"@id\":\"https:\/\/www.africa-press.net\/benin\/politique\/le-temps-nous-aidera-a-mesurer-le-niveau-dethique-de-nos-personnalites-publiques-ndss#article\",\"isPartOf\":{\"@id\":\"https:\/\/www.africa-press.net\/benin\/politique\/le-temps-nous-aidera-a-mesurer-le-niveau-dethique-de-nos-personnalites-publiques-ndss\"},\"author\":{\"name\":\"cfeditorfr\",\"@id\":\"https:\/\/www.africa-press.net\/benin\/#\/schema\/person\/2b1cf3cd81a31e3cd26889ca66d677f1\"},\"headline\":\"\u00ab\u00a0Le temps nous aidera \u00e0 mesurer le niveau d\u2019\u00e9thique de nos personnalit\u00e9s publiques\u00a0\u00bb, NDSS\",\"datePublished\":\"2022-07-13T17:56:34+00:00\",\"dateModified\":\"2022-07-13T18:12:53+00:00\",\"mainEntityOfPage\":{\"@id\":\"https:\/\/www.africa-press.net\/benin\/politique\/le-temps-nous-aidera-a-mesurer-le-niveau-dethique-de-nos-personnalites-publiques-ndss\"},\"wordCount\":557,\"commentCount\":0,\"image\":{\"@id\":\"https:\/\/www.africa-press.net\/benin\/politique\/le-temps-nous-aidera-a-mesurer-le-niveau-dethique-de-nos-personnalites-publiques-ndss#primaryimage\"},\"thumbnailUrl\":\"https:\/\/static.africa-press.net\/benin\/sites\/46\/2022\/07\/postQueueImg_30-62cf0b0e82f70.jpg\",\"keywords\":[\"Africa Press\",\"Africa Press-Benin\",\"B\u00e9nin\"],\"articleSection\":[\"homepage-french\",\"Politique\",\"Toutes les actualit\u00e9s\"],\"inLanguage\":\"fr-FR\",\"potentialAction\":[{\"@type\":\"CommentAction\",\"name\":\"Comment\",\"target\":[\"https:\/\/www.africa-press.net\/benin\/politique\/le-temps-nous-aidera-a-mesurer-le-niveau-dethique-de-nos-personnalites-publiques-ndss#respond\"]}]},{\"@type\":\"WebPage\",\"@id\":\"https:\/\/www.africa-press.net\/benin\/politique\/le-temps-nous-aidera-a-mesurer-le-niveau-dethique-de-nos-personnalites-publiques-ndss\",\"url\":\"https:\/\/www.africa-press.net\/benin\/politique\/le-temps-nous-aidera-a-mesurer-le-niveau-dethique-de-nos-personnalites-publiques-ndss\",\"name\":\"\u00ab\u00a0Le temps nous aidera \u00e0 mesurer le niveau d\u2019\u00e9thique de nos personnalit\u00e9s publiques\u00a0\u00bb, NDSS - B\u00e9nin\",\"isPartOf\":{\"@id\":\"https:\/\/www.africa-press.net\/benin\/#website\"},\"primaryImageOfPage\":{\"@id\":\"https:\/\/www.africa-press.net\/benin\/politique\/le-temps-nous-aidera-a-mesurer-le-niveau-dethique-de-nos-personnalites-publiques-ndss#primaryimage\"},\"image\":{\"@id\":\"https:\/\/www.africa-press.net\/benin\/politique\/le-temps-nous-aidera-a-mesurer-le-niveau-dethique-de-nos-personnalites-publiques-ndss#primaryimage\"},\"thumbnailUrl\":\"https:\/\/static.africa-press.net\/benin\/sites\/46\/2022\/07\/postQueueImg_30-62cf0b0e82f70.jpg\",\"datePublished\":\"2022-07-13T17:56:34+00:00\",\"dateModified\":\"2022-07-13T18:12:53+00:00\",\"author\":{\"@id\":\"https:\/\/www.africa-press.net\/benin\/#\/schema\/person\/2b1cf3cd81a31e3cd26889ca66d677f1\"},\"description\":\"La d\u00e9mission du pr\u00e9sident de la cour constitutionnelle, Me Joseph Djogb\u00e9nou continue toujours de susciter des commentair ...\",\"breadcrumb\":{\"@id\":\"https:\/\/www.africa-press.net\/benin\/politique\/le-temps-nous-aidera-a-mesurer-le-niveau-dethique-de-nos-personnalites-publiques-ndss#breadcrumb\"},\"inLanguage\":\"fr-FR\",\"potentialAction\":[{\"@type\":\"ReadAction\",\"target\":[\"https:\/\/www.africa-press.net\/benin\/politique\/le-temps-nous-aidera-a-mesurer-le-niveau-dethique-de-nos-personnalites-publiques-ndss\"]}]},{\"@type\":\"ImageObject\",\"inLanguage\":\"fr-FR\",\"@id\":\"https:\/\/www.africa-press.net\/benin\/politique\/le-temps-nous-aidera-a-mesurer-le-niveau-dethique-de-nos-personnalites-publiques-ndss#primaryimage\",\"url\":\"https:\/\/static.africa-press.net\/benin\/sites\/46\/2022\/07\/postQueueImg_30-62cf0b0e82f70.jpg\",\"contentUrl\":\"https:\/\/static.africa-press.net\/benin\/sites\/46\/2022\/07\/postQueueImg_30-62cf0b0e82f70.jpg\",\"width\":1200,\"height\":960,\"caption\":\"\u00ab\u00a0Le temps nous aidera \u00e0 mesurer le niveau d\u2019\u00e9thique de nos personnalit\u00e9s publiques\u00a0\u00bb, NDSS\"},{\"@type\":\"BreadcrumbList\",\"@id\":\"https:\/\/www.africa-press.net\/benin\/politique\/le-temps-nous-aidera-a-mesurer-le-niveau-dethique-de-nos-personnalites-publiques-ndss#breadcrumb\",\"itemListElement\":[{\"@type\":\"ListItem\",\"position\":1,\"name\":\"Accueil\",\"item\":\"https:\/\/www.africa-press.net\/benin\/\"},{\"@type\":\"ListItem\",\"position\":2,\"name\":\"\u00ab\u00a0Le temps nous aidera \u00e0 mesurer le niveau d\u2019\u00e9thique de nos personnalit\u00e9s publiques\u00a0\u00bb, NDSS\"}]},{\"@type\":\"WebSite\",\"@id\":\"https:\/\/www.africa-press.net\/benin\/#website\",\"url\":\"https:\/\/www.africa-press.net\/benin\/\",\"name\":\"B\u00e9nin\",\"description\":\"Just another Africa News Agency Sites site\",\"potentialAction\":[{\"@type\":\"SearchAction\",\"target\":{\"@type\":\"EntryPoint\",\"urlTemplate\":\"https:\/\/www.africa-press.net\/benin\/?s={search_term_string}\"},\"query-input\":{\"@type\":\"PropertyValueSpecification\",\"valueRequired\":true,\"valueName\":\"search_term_string\"}}],\"inLanguage\":\"fr-FR\"},{\"@type\":\"Person\",\"@id\":\"https:\/\/www.africa-press.net\/benin\/#\/schema\/person\/2b1cf3cd81a31e3cd26889ca66d677f1\",\"name\":\"cfeditorfr\"}]}<\/script>\n<!-- \/ Yoast SEO Premium plugin. -->","yoast_head_json":{"title":"\u00ab\u00a0Le temps nous aidera \u00e0 mesurer le niveau d\u2019\u00e9thique de nos personnalit\u00e9s publiques\u00a0\u00bb, NDSS - B\u00e9nin","description":"La d\u00e9mission du pr\u00e9sident de la cour constitutionnelle, Me Joseph Djogb\u00e9nou continue toujours de susciter des commentair ...","robots":{"index":"index","follow":"follow","max-snippet":"max-snippet:-1","max-image-preview":"max-image-preview:large","max-video-preview":"max-video-preview:-1"},"canonical":"https:\/\/www.africa-press.net\/benin\/politique\/le-temps-nous-aidera-a-mesurer-le-niveau-dethique-de-nos-personnalites-publiques-ndss","og_locale":"fr_FR","og_type":"article","og_title":"\u00ab\u00a0Le temps nous aidera \u00e0 mesurer le niveau d\u2019\u00e9thique de nos personnalit\u00e9s publiques\u00a0\u00bb, NDSS","og_description":"La d\u00e9mission du pr\u00e9sident de la cour constitutionnelle, Me Joseph Djogb\u00e9nou continue toujours de susciter des commentair ...","og_url":"https:\/\/www.africa-press.net\/benin\/politique\/le-temps-nous-aidera-a-mesurer-le-niveau-dethique-de-nos-personnalites-publiques-ndss","og_site_name":"B\u00e9nin","article_published_time":"2022-07-13T17:56:34+00:00","article_modified_time":"2022-07-13T18:12:53+00:00","og_image":[{"width":1200,"height":960,"url":"https:\/\/static.africa-press.net\/benin\/sites\/46\/2022\/07\/postQueueImg_30-62cf0b0e82f70.jpg","type":"image\/jpeg"}],"author":"cfeditorfr","twitter_card":"summary_large_image","twitter_misc":{"\u00c9crit par":"cfeditorfr","Dur\u00e9e de lecture estim\u00e9e":"3 minutes"},"schema":{"@context":"https:\/\/schema.org","@graph":[{"@type":"Article","@id":"https:\/\/www.africa-press.net\/benin\/politique\/le-temps-nous-aidera-a-mesurer-le-niveau-dethique-de-nos-personnalites-publiques-ndss#article","isPartOf":{"@id":"https:\/\/www.africa-press.net\/benin\/politique\/le-temps-nous-aidera-a-mesurer-le-niveau-dethique-de-nos-personnalites-publiques-ndss"},"author":{"name":"cfeditorfr","@id":"https:\/\/www.africa-press.net\/benin\/#\/schema\/person\/2b1cf3cd81a31e3cd26889ca66d677f1"},"headline":"\u00ab\u00a0Le temps nous aidera \u00e0 mesurer le niveau d\u2019\u00e9thique de nos personnalit\u00e9s publiques\u00a0\u00bb, NDSS","datePublished":"2022-07-13T17:56:34+00:00","dateModified":"2022-07-13T18:12:53+00:00","mainEntityOfPage":{"@id":"https:\/\/www.africa-press.net\/benin\/politique\/le-temps-nous-aidera-a-mesurer-le-niveau-dethique-de-nos-personnalites-publiques-ndss"},"wordCount":557,"commentCount":0,"image":{"@id":"https:\/\/www.africa-press.net\/benin\/politique\/le-temps-nous-aidera-a-mesurer-le-niveau-dethique-de-nos-personnalites-publiques-ndss#primaryimage"},"thumbnailUrl":"https:\/\/static.africa-press.net\/benin\/sites\/46\/2022\/07\/postQueueImg_30-62cf0b0e82f70.jpg","keywords":["Africa Press","Africa Press-Benin","B\u00e9nin"],"articleSection":["homepage-french","Politique","Toutes les actualit\u00e9s"],"inLanguage":"fr-FR","potentialAction":[{"@type":"CommentAction","name":"Comment","target":["https:\/\/www.africa-press.net\/benin\/politique\/le-temps-nous-aidera-a-mesurer-le-niveau-dethique-de-nos-personnalites-publiques-ndss#respond"]}]},{"@type":"WebPage","@id":"https:\/\/www.africa-press.net\/benin\/politique\/le-temps-nous-aidera-a-mesurer-le-niveau-dethique-de-nos-personnalites-publiques-ndss","url":"https:\/\/www.africa-press.net\/benin\/politique\/le-temps-nous-aidera-a-mesurer-le-niveau-dethique-de-nos-personnalites-publiques-ndss","name":"\u00ab\u00a0Le temps nous aidera \u00e0 mesurer le niveau d\u2019\u00e9thique de nos personnalit\u00e9s publiques\u00a0\u00bb, NDSS - B\u00e9nin","isPartOf":{"@id":"https:\/\/www.africa-press.net\/benin\/#website"},"primaryImageOfPage":{"@id":"https:\/\/www.africa-press.net\/benin\/politique\/le-temps-nous-aidera-a-mesurer-le-niveau-dethique-de-nos-personnalites-publiques-ndss#primaryimage"},"image":{"@id":"https:\/\/www.africa-press.net\/benin\/politique\/le-temps-nous-aidera-a-mesurer-le-niveau-dethique-de-nos-personnalites-publiques-ndss#primaryimage"},"thumbnailUrl":"https:\/\/static.africa-press.net\/benin\/sites\/46\/2022\/07\/postQueueImg_30-62cf0b0e82f70.jpg","datePublished":"2022-07-13T17:56:34+00:00","dateModified":"2022-07-13T18:12:53+00:00","author":{"@id":"https:\/\/www.africa-press.net\/benin\/#\/schema\/person\/2b1cf3cd81a31e3cd26889ca66d677f1"},"description":"La d\u00e9mission du pr\u00e9sident de la cour constitutionnelle, Me Joseph Djogb\u00e9nou continue toujours de susciter des commentair ...","breadcrumb":{"@id":"https:\/\/www.africa-press.net\/benin\/politique\/le-temps-nous-aidera-a-mesurer-le-niveau-dethique-de-nos-personnalites-publiques-ndss#breadcrumb"},"inLanguage":"fr-FR","potentialAction":[{"@type":"ReadAction","target":["https:\/\/www.africa-press.net\/benin\/politique\/le-temps-nous-aidera-a-mesurer-le-niveau-dethique-de-nos-personnalites-publiques-ndss"]}]},{"@type":"ImageObject","inLanguage":"fr-FR","@id":"https:\/\/www.africa-press.net\/benin\/politique\/le-temps-nous-aidera-a-mesurer-le-niveau-dethique-de-nos-personnalites-publiques-ndss#primaryimage","url":"https:\/\/static.africa-press.net\/benin\/sites\/46\/2022\/07\/postQueueImg_30-62cf0b0e82f70.jpg","contentUrl":"https:\/\/static.africa-press.net\/benin\/sites\/46\/2022\/07\/postQueueImg_30-62cf0b0e82f70.jpg","width":1200,"height":960,"caption":"\u00ab\u00a0Le temps nous aidera \u00e0 mesurer le niveau d\u2019\u00e9thique de nos personnalit\u00e9s publiques\u00a0\u00bb, NDSS"},{"@type":"BreadcrumbList","@id":"https:\/\/www.africa-press.net\/benin\/politique\/le-temps-nous-aidera-a-mesurer-le-niveau-dethique-de-nos-personnalites-publiques-ndss#breadcrumb","itemListElement":[{"@type":"ListItem","position":1,"name":"Accueil","item":"https:\/\/www.africa-press.net\/benin\/"},{"@type":"ListItem","position":2,"name":"\u00ab\u00a0Le temps nous aidera \u00e0 mesurer le niveau d\u2019\u00e9thique de nos personnalit\u00e9s publiques\u00a0\u00bb, NDSS"}]},{"@type":"WebSite","@id":"https:\/\/www.africa-press.net\/benin\/#website","url":"https:\/\/www.africa-press.net\/benin\/","name":"B\u00e9nin","description":"Just another Africa News Agency Sites site","potentialAction":[{"@type":"SearchAction","target":{"@type":"EntryPoint","urlTemplate":"https:\/\/www.africa-press.net\/benin\/?s={search_term_string}"},"query-input":{"@type":"PropertyValueSpecification","valueRequired":true,"valueName":"search_term_string"}}],"inLanguage":"fr-FR"},{"@type":"Person","@id":"https:\/\/www.africa-press.net\/benin\/#\/schema\/person\/2b1cf3cd81a31e3cd26889ca66d677f1","name":"cfeditorfr"}]}},"_links":{"self":[{"href":"https:\/\/www.africa-press.net\/benin\/wp-json\/wp\/v2\/posts\/6863","targetHints":{"allow":["GET"]}}],"collection":[{"href":"https:\/\/www.africa-press.net\/benin\/wp-json\/wp\/v2\/posts"}],"about":[{"href":"https:\/\/www.africa-press.net\/benin\/wp-json\/wp\/v2\/types\/post"}],"author":[{"embeddable":true,"href":"https:\/\/www.africa-press.net\/benin\/wp-json\/wp\/v2\/users\/82"}],"replies":[{"embeddable":true,"href":"https:\/\/www.africa-press.net\/benin\/wp-json\/wp\/v2\/comments?post=6863"}],"version-history":[{"count":0,"href":"https:\/\/www.africa-press.net\/benin\/wp-json\/wp\/v2\/posts\/6863\/revisions"}],"wp:featuredmedia":[{"embeddable":true,"href":"https:\/\/www.africa-press.net\/benin\/wp-json\/wp\/v2\/media\/6862"}],"wp:attachment":[{"href":"https:\/\/www.africa-press.net\/benin\/wp-json\/wp\/v2\/media?parent=6863"}],"wp:term":[{"taxonomy":"category","embeddable":true,"href":"https:\/\/www.africa-press.net\/benin\/wp-json\/wp\/v2\/categories?post=6863"},{"taxonomy":"post_tag","embeddable":true,"href":"https:\/\/www.africa-press.net\/benin\/wp-json\/wp\/v2\/tags?post=6863"}],"curies":[{"name":"wp","href":"https:\/\/api.w.org\/{rel}","templated":true}]}}