{"id":6878,"date":"2022-07-14T15:35:04","date_gmt":"2022-07-14T15:35:04","guid":{"rendered":"https:\/\/www.africa-press.net\/benin\/politique\/joseph-djogbenou-jai-souhaite-reprendre-lengagement-politique"},"modified":"2022-07-14T15:45:38","modified_gmt":"2022-07-14T15:45:38","slug":"joseph-djogbenou-jai-souhaite-reprendre-lengagement-politique","status":"publish","type":"post","link":"https:\/\/www.africa-press.net\/benin\/politique\/joseph-djogbenou-jai-souhaite-reprendre-lengagement-politique","title":{"rendered":"Joseph Djogb\u00e9nou : \u00ab\u00a0j\u2019ai souhait\u00e9 reprendre l\u2019engagement politique\u00a0\u00bb"},"content":{"rendered":"<p><span style=\"color: #ff6600\"><strong>Africa-Press &#8211; Benin. <\/strong><\/span>C\u2019est officiel, Joseph Djogb\u00e9nou reprend son manteau de politicien. Il a annonc\u00e9 son retour dans le militantisme politique pour justifier sa d\u00e9mission de la Cour constitutionnelle. \u00ab J\u2019ai souhait\u00e9 reprendre l\u2019engagement politique l\u00e0 o\u00f9 je l\u2019avais laiss\u00e9 \u00bb, a-t-il d\u00e9clar\u00e9.<\/p>\n<p>Au lendemain de sa d\u00e9mission de la Cour constitutionnelle, Joseph Djogb\u00e9nou a pris la parole en conf\u00e9rence de presse, ce mercredi, \u00e0 Cotonou. L\u2019enseignant de droit et avocat a d\u00e9clar\u00e9 vouloir \u00ab reprendre l\u2019engagement politique \u00bb au sein de son parti l\u2019Union Progressiste. Un \u00ab choix difficile \u00bb mais \u00ab dans l\u2019int\u00e9r\u00eat de la nation \u00bb, a confi\u00e9 l\u2019ancien pr\u00e9sident de la Cour constitutionnelle.<\/p>\n<p>Pour l\u2019ancien pr\u00e9sident de la Cour constitutionnelle, le plus important dans \u00ab la vie, ce sont les objectifs \u00bb et ceux qu\u2019ils poursuivaient au sein de la haute juridiction sont atteints, c\u2019est pourquoi il vise d\u00e9sormais le chantier de la politique. \u00ab Il est n\u00e9cessaire, alors que les objectifs majeurs au sein de la Cour constitutionnelle me paraissent \u00eatre accomplis, de renouveler l\u2019engagement politique \u00bb, a d\u00e9clar\u00e9 Joseph Djogb\u00e9nou.<\/p>\n<p><b>\u00abJe suis candidat \u00e0 tout ce que mon parti me demandera de faire\u00bb<\/b><\/p>\n<p>D\u00e9sormais ancien pr\u00e9sident de la Cour constitutionnelle, Joseph Djogb\u00e9nou veut retrouver sa famille politique. Il retourne \u00e0 l\u2019Union Progressiste dont il \u00e9tait membre \u00e0 travers son ex-parti Alternative Citoyenne.<\/p>\n<p>\u00ab Il est n\u00e9cessaire de retrouver sa famille politique et la mienne, c\u2019est l\u2019Union Progressiste. Je souhaite que l\u2019Union Progressiste accepte mon retour et je suis d\u00e9termin\u00e9 \u00e0 accomplir les missions que ce parti voudra me confier \u00bb, a d\u00e9clar\u00e9 Joseph Djogb\u00e9nou.<\/p>\n<p>\u00bb Le renoncement \u00e0 l\u2019action politique auquel j\u2019ai d\u00fb me soumettre m\u2019a permis de comprendre que le travail v\u00e9ritable est sur le chantier. Qu\u2019il est n\u00e9cessaire alors que les objectifs majeurs au sein de la Cour Constitutionnelle me paraissent \u00eatre accomplis, r\u00e9alis\u00e9s. Il est n\u00e9cessaire de redevenir un simple ouvrier au pr\u00e8s du chantier politique. Il est n\u00e9cessaire de renouveler l\u2019engagement politique. Il est n\u00e9cessaire de retrouver sa famille politique. Et la mienne c\u2019est l\u2019Union Progressiste \u00bb, a t-il martel\u00e9.<\/p>\n<p><strong>Pour plus d&rsquo;informations et d&rsquo;analyses sur la <a href=\"https:\/\/www.africa-press.net\/benin\">Benin<\/a>, suivez <a href=\"https:\/\/www.africa-press.net\/\">Africa-Press<\/a><\/strong><\/p>\n","protected":false},"excerpt":{"rendered":"<p>Africa-Press &#8211; Benin. C\u2019est officiel, Joseph Djogb\u00e9nou reprend son manteau de politicien. Il a annonc\u00e9 son retour dans le militantisme politique pour justifier sa d\u00e9mission de la Cour constitutionnelle. \u00ab J\u2019ai souhait\u00e9 reprendre l\u2019engagement politique l\u00e0 o\u00f9 je l\u2019avais laiss\u00e9 \u00bb, a-t-il d\u00e9clar\u00e9. Au lendemain de sa d\u00e9mission de la Cour constitutionnelle, Joseph Djogb\u00e9nou a [&hellip;]<\/p>\n","protected":false},"author":82,"featured_media":6877,"comment_status":"open","ping_status":"closed","sticky":false,"template":"","format":"standard","meta":{"footnotes":""},"categories":[11,2,10],"tags":[36,50,45],"class_list":["post-6878","post","type-post","status-publish","format-standard","has-post-thumbnail","hentry","category-homepage-french","category-politique","category-toutes-les-actualites","tag-africa-press","tag-africa-press-benin","tag-benin"],"yoast_head":"<!-- This site is optimized with the Yoast SEO Premium plugin v26.1 (Yoast SEO v27.0) - https:\/\/yoast.com\/product\/yoast-seo-premium-wordpress\/ -->\n<title>Joseph Djogb\u00e9nou : \u00ab\u00a0j\u2019ai souhait\u00e9 reprendre l\u2019engagement politique\u00a0\u00bb - B\u00e9nin<\/title>\n<meta name=\"description\" content=\"C\u2019est officiel, Joseph Djogb\u00e9nou reprend son manteau de politicien. Il a annonc\u00e9 son retour dans le militantisme politiq ...\" \/>\n<meta name=\"robots\" content=\"index, follow, max-snippet:-1, max-image-preview:large, max-video-preview:-1\" \/>\n<link rel=\"canonical\" href=\"https:\/\/www.africa-press.net\/benin\/politique\/joseph-djogbenou-jai-souhaite-reprendre-lengagement-politique\" \/>\n<meta property=\"og:locale\" content=\"fr_FR\" \/>\n<meta property=\"og:type\" content=\"article\" \/>\n<meta property=\"og:title\" content=\"Joseph Djogb\u00e9nou : \u00ab\u00a0j\u2019ai souhait\u00e9 reprendre l\u2019engagement politique\u00a0\u00bb\" \/>\n<meta property=\"og:description\" content=\"C\u2019est officiel, Joseph Djogb\u00e9nou reprend son manteau de politicien. Il a annonc\u00e9 son retour dans le militantisme politiq ...\" \/>\n<meta property=\"og:url\" content=\"https:\/\/www.africa-press.net\/benin\/politique\/joseph-djogbenou-jai-souhaite-reprendre-lengagement-politique\" \/>\n<meta property=\"og:site_name\" content=\"B\u00e9nin\" \/>\n<meta property=\"article:published_time\" content=\"2022-07-14T15:35:04+00:00\" \/>\n<meta property=\"article:modified_time\" content=\"2022-07-14T15:45:38+00:00\" \/>\n<meta property=\"og:image\" content=\"https:\/\/static.africa-press.net\/benin\/sites\/46\/2022\/07\/postQueueImg_15-62d03a02d3849.jpg\" \/>\n\t<meta property=\"og:image:width\" content=\"1200\" \/>\n\t<meta property=\"og:image:height\" content=\"800\" \/>\n\t<meta property=\"og:image:type\" content=\"image\/jpeg\" \/>\n<meta name=\"author\" content=\"cfeditorfr\" \/>\n<meta name=\"twitter:card\" content=\"summary_large_image\" \/>\n<meta name=\"twitter:label1\" content=\"\u00c9crit par\" \/>\n\t<meta name=\"twitter:data1\" content=\"cfeditorfr\" \/>\n\t<meta name=\"twitter:label2\" content=\"Dur\u00e9e de lecture estim\u00e9e\" \/>\n\t<meta name=\"twitter:data2\" content=\"2 minutes\" \/>\n<script type=\"application\/ld+json\" class=\"yoast-schema-graph\">{\"@context\":\"https:\/\/schema.org\",\"@graph\":[{\"@type\":\"Article\",\"@id\":\"https:\/\/www.africa-press.net\/benin\/politique\/joseph-djogbenou-jai-souhaite-reprendre-lengagement-politique#article\",\"isPartOf\":{\"@id\":\"https:\/\/www.africa-press.net\/benin\/politique\/joseph-djogbenou-jai-souhaite-reprendre-lengagement-politique\"},\"author\":{\"name\":\"cfeditorfr\",\"@id\":\"https:\/\/www.africa-press.net\/benin\/#\/schema\/person\/2b1cf3cd81a31e3cd26889ca66d677f1\"},\"headline\":\"Joseph Djogb\u00e9nou : \u00ab\u00a0j\u2019ai souhait\u00e9 reprendre l\u2019engagement politique\u00a0\u00bb\",\"datePublished\":\"2022-07-14T15:35:04+00:00\",\"dateModified\":\"2022-07-14T15:45:38+00:00\",\"mainEntityOfPage\":{\"@id\":\"https:\/\/www.africa-press.net\/benin\/politique\/joseph-djogbenou-jai-souhaite-reprendre-lengagement-politique\"},\"wordCount\":394,\"commentCount\":0,\"image\":{\"@id\":\"https:\/\/www.africa-press.net\/benin\/politique\/joseph-djogbenou-jai-souhaite-reprendre-lengagement-politique#primaryimage\"},\"thumbnailUrl\":\"https:\/\/static.africa-press.net\/benin\/sites\/46\/2022\/07\/postQueueImg_15-62d03a02d3849.jpg\",\"keywords\":[\"Africa Press\",\"Africa Press-Benin\",\"B\u00e9nin\"],\"articleSection\":[\"homepage-french\",\"Politique\",\"Toutes les actualit\u00e9s\"],\"inLanguage\":\"fr-FR\",\"potentialAction\":[{\"@type\":\"CommentAction\",\"name\":\"Comment\",\"target\":[\"https:\/\/www.africa-press.net\/benin\/politique\/joseph-djogbenou-jai-souhaite-reprendre-lengagement-politique#respond\"]}]},{\"@type\":\"WebPage\",\"@id\":\"https:\/\/www.africa-press.net\/benin\/politique\/joseph-djogbenou-jai-souhaite-reprendre-lengagement-politique\",\"url\":\"https:\/\/www.africa-press.net\/benin\/politique\/joseph-djogbenou-jai-souhaite-reprendre-lengagement-politique\",\"name\":\"Joseph Djogb\u00e9nou : \u00ab\u00a0j\u2019ai souhait\u00e9 reprendre l\u2019engagement politique\u00a0\u00bb - B\u00e9nin\",\"isPartOf\":{\"@id\":\"https:\/\/www.africa-press.net\/benin\/#website\"},\"primaryImageOfPage\":{\"@id\":\"https:\/\/www.africa-press.net\/benin\/politique\/joseph-djogbenou-jai-souhaite-reprendre-lengagement-politique#primaryimage\"},\"image\":{\"@id\":\"https:\/\/www.africa-press.net\/benin\/politique\/joseph-djogbenou-jai-souhaite-reprendre-lengagement-politique#primaryimage\"},\"thumbnailUrl\":\"https:\/\/static.africa-press.net\/benin\/sites\/46\/2022\/07\/postQueueImg_15-62d03a02d3849.jpg\",\"datePublished\":\"2022-07-14T15:35:04+00:00\",\"dateModified\":\"2022-07-14T15:45:38+00:00\",\"author\":{\"@id\":\"https:\/\/www.africa-press.net\/benin\/#\/schema\/person\/2b1cf3cd81a31e3cd26889ca66d677f1\"},\"description\":\"C\u2019est officiel, Joseph Djogb\u00e9nou reprend son manteau de politicien. Il a annonc\u00e9 son retour dans le militantisme politiq ...\",\"breadcrumb\":{\"@id\":\"https:\/\/www.africa-press.net\/benin\/politique\/joseph-djogbenou-jai-souhaite-reprendre-lengagement-politique#breadcrumb\"},\"inLanguage\":\"fr-FR\",\"potentialAction\":[{\"@type\":\"ReadAction\",\"target\":[\"https:\/\/www.africa-press.net\/benin\/politique\/joseph-djogbenou-jai-souhaite-reprendre-lengagement-politique\"]}]},{\"@type\":\"ImageObject\",\"inLanguage\":\"fr-FR\",\"@id\":\"https:\/\/www.africa-press.net\/benin\/politique\/joseph-djogbenou-jai-souhaite-reprendre-lengagement-politique#primaryimage\",\"url\":\"https:\/\/static.africa-press.net\/benin\/sites\/46\/2022\/07\/postQueueImg_15-62d03a02d3849.jpg\",\"contentUrl\":\"https:\/\/static.africa-press.net\/benin\/sites\/46\/2022\/07\/postQueueImg_15-62d03a02d3849.jpg\",\"width\":1200,\"height\":800,\"caption\":\"Joseph Djogb\u00e9nou : \u00ab\u00a0j\u2019ai souhait\u00e9 reprendre l\u2019engagement politique\u00a0\u00bb\"},{\"@type\":\"BreadcrumbList\",\"@id\":\"https:\/\/www.africa-press.net\/benin\/politique\/joseph-djogbenou-jai-souhaite-reprendre-lengagement-politique#breadcrumb\",\"itemListElement\":[{\"@type\":\"ListItem\",\"position\":1,\"name\":\"Accueil\",\"item\":\"https:\/\/www.africa-press.net\/benin\/\"},{\"@type\":\"ListItem\",\"position\":2,\"name\":\"Joseph Djogb\u00e9nou : \u00ab\u00a0j\u2019ai souhait\u00e9 reprendre l\u2019engagement politique\u00a0\u00bb\"}]},{\"@type\":\"WebSite\",\"@id\":\"https:\/\/www.africa-press.net\/benin\/#website\",\"url\":\"https:\/\/www.africa-press.net\/benin\/\",\"name\":\"B\u00e9nin\",\"description\":\"Just another Africa News Agency Sites site\",\"potentialAction\":[{\"@type\":\"SearchAction\",\"target\":{\"@type\":\"EntryPoint\",\"urlTemplate\":\"https:\/\/www.africa-press.net\/benin\/?s={search_term_string}\"},\"query-input\":{\"@type\":\"PropertyValueSpecification\",\"valueRequired\":true,\"valueName\":\"search_term_string\"}}],\"inLanguage\":\"fr-FR\"},{\"@type\":\"Person\",\"@id\":\"https:\/\/www.africa-press.net\/benin\/#\/schema\/person\/2b1cf3cd81a31e3cd26889ca66d677f1\",\"name\":\"cfeditorfr\"}]}<\/script>\n<!-- \/ Yoast SEO Premium plugin. -->","yoast_head_json":{"title":"Joseph Djogb\u00e9nou : \u00ab\u00a0j\u2019ai souhait\u00e9 reprendre l\u2019engagement politique\u00a0\u00bb - B\u00e9nin","description":"C\u2019est officiel, Joseph Djogb\u00e9nou reprend son manteau de politicien. Il a annonc\u00e9 son retour dans le militantisme politiq ...","robots":{"index":"index","follow":"follow","max-snippet":"max-snippet:-1","max-image-preview":"max-image-preview:large","max-video-preview":"max-video-preview:-1"},"canonical":"https:\/\/www.africa-press.net\/benin\/politique\/joseph-djogbenou-jai-souhaite-reprendre-lengagement-politique","og_locale":"fr_FR","og_type":"article","og_title":"Joseph Djogb\u00e9nou : \u00ab\u00a0j\u2019ai souhait\u00e9 reprendre l\u2019engagement politique\u00a0\u00bb","og_description":"C\u2019est officiel, Joseph Djogb\u00e9nou reprend son manteau de politicien. Il a annonc\u00e9 son retour dans le militantisme politiq ...","og_url":"https:\/\/www.africa-press.net\/benin\/politique\/joseph-djogbenou-jai-souhaite-reprendre-lengagement-politique","og_site_name":"B\u00e9nin","article_published_time":"2022-07-14T15:35:04+00:00","article_modified_time":"2022-07-14T15:45:38+00:00","og_image":[{"width":1200,"height":800,"url":"https:\/\/static.africa-press.net\/benin\/sites\/46\/2022\/07\/postQueueImg_15-62d03a02d3849.jpg","type":"image\/jpeg"}],"author":"cfeditorfr","twitter_card":"summary_large_image","twitter_misc":{"\u00c9crit par":"cfeditorfr","Dur\u00e9e de lecture estim\u00e9e":"2 minutes"},"schema":{"@context":"https:\/\/schema.org","@graph":[{"@type":"Article","@id":"https:\/\/www.africa-press.net\/benin\/politique\/joseph-djogbenou-jai-souhaite-reprendre-lengagement-politique#article","isPartOf":{"@id":"https:\/\/www.africa-press.net\/benin\/politique\/joseph-djogbenou-jai-souhaite-reprendre-lengagement-politique"},"author":{"name":"cfeditorfr","@id":"https:\/\/www.africa-press.net\/benin\/#\/schema\/person\/2b1cf3cd81a31e3cd26889ca66d677f1"},"headline":"Joseph Djogb\u00e9nou : \u00ab\u00a0j\u2019ai souhait\u00e9 reprendre l\u2019engagement politique\u00a0\u00bb","datePublished":"2022-07-14T15:35:04+00:00","dateModified":"2022-07-14T15:45:38+00:00","mainEntityOfPage":{"@id":"https:\/\/www.africa-press.net\/benin\/politique\/joseph-djogbenou-jai-souhaite-reprendre-lengagement-politique"},"wordCount":394,"commentCount":0,"image":{"@id":"https:\/\/www.africa-press.net\/benin\/politique\/joseph-djogbenou-jai-souhaite-reprendre-lengagement-politique#primaryimage"},"thumbnailUrl":"https:\/\/static.africa-press.net\/benin\/sites\/46\/2022\/07\/postQueueImg_15-62d03a02d3849.jpg","keywords":["Africa Press","Africa Press-Benin","B\u00e9nin"],"articleSection":["homepage-french","Politique","Toutes les actualit\u00e9s"],"inLanguage":"fr-FR","potentialAction":[{"@type":"CommentAction","name":"Comment","target":["https:\/\/www.africa-press.net\/benin\/politique\/joseph-djogbenou-jai-souhaite-reprendre-lengagement-politique#respond"]}]},{"@type":"WebPage","@id":"https:\/\/www.africa-press.net\/benin\/politique\/joseph-djogbenou-jai-souhaite-reprendre-lengagement-politique","url":"https:\/\/www.africa-press.net\/benin\/politique\/joseph-djogbenou-jai-souhaite-reprendre-lengagement-politique","name":"Joseph Djogb\u00e9nou : \u00ab\u00a0j\u2019ai souhait\u00e9 reprendre l\u2019engagement politique\u00a0\u00bb - B\u00e9nin","isPartOf":{"@id":"https:\/\/www.africa-press.net\/benin\/#website"},"primaryImageOfPage":{"@id":"https:\/\/www.africa-press.net\/benin\/politique\/joseph-djogbenou-jai-souhaite-reprendre-lengagement-politique#primaryimage"},"image":{"@id":"https:\/\/www.africa-press.net\/benin\/politique\/joseph-djogbenou-jai-souhaite-reprendre-lengagement-politique#primaryimage"},"thumbnailUrl":"https:\/\/static.africa-press.net\/benin\/sites\/46\/2022\/07\/postQueueImg_15-62d03a02d3849.jpg","datePublished":"2022-07-14T15:35:04+00:00","dateModified":"2022-07-14T15:45:38+00:00","author":{"@id":"https:\/\/www.africa-press.net\/benin\/#\/schema\/person\/2b1cf3cd81a31e3cd26889ca66d677f1"},"description":"C\u2019est officiel, Joseph Djogb\u00e9nou reprend son manteau de politicien. Il a annonc\u00e9 son retour dans le militantisme politiq ...","breadcrumb":{"@id":"https:\/\/www.africa-press.net\/benin\/politique\/joseph-djogbenou-jai-souhaite-reprendre-lengagement-politique#breadcrumb"},"inLanguage":"fr-FR","potentialAction":[{"@type":"ReadAction","target":["https:\/\/www.africa-press.net\/benin\/politique\/joseph-djogbenou-jai-souhaite-reprendre-lengagement-politique"]}]},{"@type":"ImageObject","inLanguage":"fr-FR","@id":"https:\/\/www.africa-press.net\/benin\/politique\/joseph-djogbenou-jai-souhaite-reprendre-lengagement-politique#primaryimage","url":"https:\/\/static.africa-press.net\/benin\/sites\/46\/2022\/07\/postQueueImg_15-62d03a02d3849.jpg","contentUrl":"https:\/\/static.africa-press.net\/benin\/sites\/46\/2022\/07\/postQueueImg_15-62d03a02d3849.jpg","width":1200,"height":800,"caption":"Joseph Djogb\u00e9nou : \u00ab\u00a0j\u2019ai souhait\u00e9 reprendre l\u2019engagement politique\u00a0\u00bb"},{"@type":"BreadcrumbList","@id":"https:\/\/www.africa-press.net\/benin\/politique\/joseph-djogbenou-jai-souhaite-reprendre-lengagement-politique#breadcrumb","itemListElement":[{"@type":"ListItem","position":1,"name":"Accueil","item":"https:\/\/www.africa-press.net\/benin\/"},{"@type":"ListItem","position":2,"name":"Joseph Djogb\u00e9nou : \u00ab\u00a0j\u2019ai souhait\u00e9 reprendre l\u2019engagement politique\u00a0\u00bb"}]},{"@type":"WebSite","@id":"https:\/\/www.africa-press.net\/benin\/#website","url":"https:\/\/www.africa-press.net\/benin\/","name":"B\u00e9nin","description":"Just another Africa News Agency Sites site","potentialAction":[{"@type":"SearchAction","target":{"@type":"EntryPoint","urlTemplate":"https:\/\/www.africa-press.net\/benin\/?s={search_term_string}"},"query-input":{"@type":"PropertyValueSpecification","valueRequired":true,"valueName":"search_term_string"}}],"inLanguage":"fr-FR"},{"@type":"Person","@id":"https:\/\/www.africa-press.net\/benin\/#\/schema\/person\/2b1cf3cd81a31e3cd26889ca66d677f1","name":"cfeditorfr"}]}},"_links":{"self":[{"href":"https:\/\/www.africa-press.net\/benin\/wp-json\/wp\/v2\/posts\/6878","targetHints":{"allow":["GET"]}}],"collection":[{"href":"https:\/\/www.africa-press.net\/benin\/wp-json\/wp\/v2\/posts"}],"about":[{"href":"https:\/\/www.africa-press.net\/benin\/wp-json\/wp\/v2\/types\/post"}],"author":[{"embeddable":true,"href":"https:\/\/www.africa-press.net\/benin\/wp-json\/wp\/v2\/users\/82"}],"replies":[{"embeddable":true,"href":"https:\/\/www.africa-press.net\/benin\/wp-json\/wp\/v2\/comments?post=6878"}],"version-history":[{"count":0,"href":"https:\/\/www.africa-press.net\/benin\/wp-json\/wp\/v2\/posts\/6878\/revisions"}],"wp:featuredmedia":[{"embeddable":true,"href":"https:\/\/www.africa-press.net\/benin\/wp-json\/wp\/v2\/media\/6877"}],"wp:attachment":[{"href":"https:\/\/www.africa-press.net\/benin\/wp-json\/wp\/v2\/media?parent=6878"}],"wp:term":[{"taxonomy":"category","embeddable":true,"href":"https:\/\/www.africa-press.net\/benin\/wp-json\/wp\/v2\/categories?post=6878"},{"taxonomy":"post_tag","embeddable":true,"href":"https:\/\/www.africa-press.net\/benin\/wp-json\/wp\/v2\/tags?post=6878"}],"curies":[{"name":"wp","href":"https:\/\/api.w.org\/{rel}","templated":true}]}}