{"id":6881,"date":"2022-07-14T15:35:13","date_gmt":"2022-07-14T15:35:13","guid":{"rendered":"https:\/\/www.africa-press.net\/benin\/politique\/boni-yayi-jai-decide-de-retirer-mes-plaintes-pour-le-retour-de-tous-les-exiles"},"modified":"2022-07-14T15:46:12","modified_gmt":"2022-07-14T15:46:12","slug":"boni-yayi-jai-decide-de-retirer-mes-plaintes-pour-le-retour-de-tous-les-exiles","status":"publish","type":"post","link":"https:\/\/www.africa-press.net\/benin\/politique\/boni-yayi-jai-decide-de-retirer-mes-plaintes-pour-le-retour-de-tous-les-exiles","title":{"rendered":"Boni Yayi: \u00ab\u00a0j\u2019ai d\u00e9cid\u00e9 de retirer mes plaintes\u2026 pour le retour de tous les exil\u00e9s\u00a0\u00bb"},"content":{"rendered":"<p><span style=\"color: #ff6600\"><strong>Africa-Press &#8211; Benin. <\/strong><\/span>Suite au retrait de ses plaintes concernant sa mise en r\u00e9sidence surveill\u00e9e durant 52 jours dans la p\u00e9riode \u00e9lectorale d\u2019avril 2019, l\u2019ancien pr\u00e9sident Boni Yayi a d\u00e9clar\u00e9 que c\u2019est le prix \u00e0 payer pour \u00ab contribuer au processus de paix devant aboutir \u00e0 la lib\u00e9ration de tous les prisonniers politiques \u00bb.<\/p>\n<p>Thomas Boni Yayi assi\u00e9g\u00e9 \u00e0 domicile en 2019 par le r\u00e9gime de son successeur n\u2019a pas \u00e9t\u00e9 jusqu\u2019au bout de sa plainte d\u00e9pos\u00e9e devant la cour de justice de la CEDEAO. Et l\u2019ancien pr\u00e9sident b\u00e9ninois justifie sa d\u00e9cision de retrait de sa plainte \u00ab concernant ma mise en r\u00e9sidence surveill\u00e9e durant 52 jours \u00bb comme le prix \u00e0 payer pour ramener la paix et les exil\u00e9s politiques.<\/p>\n<p><b>\u00ab Suite \u00e0 la rencontre du 22 Septembre 2021 entre le Pr\u00e9sident Talon et moi, j\u2019ai d\u00e9cid\u00e9 de retirer mes plaintes concernant ma mise en r\u00e9sidence surveill\u00e9e durant 52 jours pour contribuer au processus de paix devant aboutir \u00e0 la lib\u00e9ration de tous les prisonniers politiques, le retour de tous les exil\u00e9s et l\u2019organisation d\u2019un dialogue politique inclusif sur l\u2019avenir de notre patrie commune conform\u00e9ment \u00e0 la volont\u00e9 de notre peuple. \u00bb <\/b>a \u00e9crit Boni Yayi sur sa page Facebook, ce mercredi 13 Juillet.<\/p>\n<p><b>\u00ab Je repr\u00e9cise que cette plainte concerne uniquement ma mise en r\u00e9sidence surveill\u00e9e et celle de ma famille sans aucune d\u00e9cision de justice. Ce retrait est intervenu quelques mois apr\u00e8s cette premi\u00e8re rencontre. L\u2019 heure de Dieu est toujours la meilleure pour nos souhaits. \u00bb<\/b>a continu\u00e9 l\u2019ancien pr\u00e9sident.<\/p>\n<p>L\u2019homme qui a d\u00e9clar\u00e9 vouloir devenir pasteur apr\u00e8s son passage \u00e0 la t\u00eate de l\u2019Etat b\u00e9ninois a fini son message par quelques passages tir\u00e9s des saintes Ecritures, en insistant sur la culture de la paix. \u00bb La paix est un don de Dieu (Romains 1:7, Jean 14 :7). La Paix est un des piliers du fruit du Saint Esprit (Galates 5:22). Incarnons tous les valeurs de Dieu. Que Dieu vous b\u00e9nisse! Glorifions Le pour ses bont\u00e9s in\u00e9puisables et sa mis\u00e9ricorde infinie. \u00bb<\/p>\n<p><strong>Pour plus d&rsquo;informations et d&rsquo;analyses sur la <a href=\"https:\/\/www.africa-press.net\/benin\">Benin<\/a>, suivez <a href=\"https:\/\/www.africa-press.net\/\">Africa-Press<\/a><\/strong><\/p>\n","protected":false},"excerpt":{"rendered":"<p>Africa-Press &#8211; Benin. Suite au retrait de ses plaintes concernant sa mise en r\u00e9sidence surveill\u00e9e durant 52 jours dans la p\u00e9riode \u00e9lectorale d\u2019avril 2019, l\u2019ancien pr\u00e9sident Boni Yayi a d\u00e9clar\u00e9 que c\u2019est le prix \u00e0 payer pour \u00ab contribuer au processus de paix devant aboutir \u00e0 la lib\u00e9ration de tous les prisonniers politiques \u00bb. Thomas [&hellip;]<\/p>\n","protected":false},"author":82,"featured_media":6880,"comment_status":"open","ping_status":"closed","sticky":false,"template":"","format":"standard","meta":{"footnotes":""},"categories":[11,2,10],"tags":[36,50,45],"class_list":["post-6881","post","type-post","status-publish","format-standard","has-post-thumbnail","hentry","category-homepage-french","category-politique","category-toutes-les-actualites","tag-africa-press","tag-africa-press-benin","tag-benin"],"yoast_head":"<!-- This site is optimized with the Yoast SEO Premium plugin v26.1 (Yoast SEO v27.0) - https:\/\/yoast.com\/product\/yoast-seo-premium-wordpress\/ -->\n<title>Boni Yayi: \u00ab\u00a0j\u2019ai d\u00e9cid\u00e9 de retirer mes plaintes\u2026 pour le retour de tous les exil\u00e9s\u00a0\u00bb - B\u00e9nin<\/title>\n<meta name=\"description\" content=\"Suite au retrait de ses plaintes concernant sa mise en r\u00e9sidence surveill\u00e9e durant 52 jours dans la p\u00e9riode \u00e9lectorale d ...\" \/>\n<meta name=\"robots\" content=\"index, follow, max-snippet:-1, max-image-preview:large, max-video-preview:-1\" \/>\n<link rel=\"canonical\" href=\"https:\/\/www.africa-press.net\/benin\/politique\/boni-yayi-jai-decide-de-retirer-mes-plaintes-pour-le-retour-de-tous-les-exiles\" \/>\n<meta property=\"og:locale\" content=\"fr_FR\" \/>\n<meta property=\"og:type\" content=\"article\" \/>\n<meta property=\"og:title\" content=\"Boni Yayi: \u00ab\u00a0j\u2019ai d\u00e9cid\u00e9 de retirer mes plaintes\u2026 pour le retour de tous les exil\u00e9s\u00a0\u00bb\" \/>\n<meta property=\"og:description\" content=\"Suite au retrait de ses plaintes concernant sa mise en r\u00e9sidence surveill\u00e9e durant 52 jours dans la p\u00e9riode \u00e9lectorale d ...\" \/>\n<meta property=\"og:url\" content=\"https:\/\/www.africa-press.net\/benin\/politique\/boni-yayi-jai-decide-de-retirer-mes-plaintes-pour-le-retour-de-tous-les-exiles\" \/>\n<meta property=\"og:site_name\" content=\"B\u00e9nin\" \/>\n<meta property=\"article:published_time\" content=\"2022-07-14T15:35:13+00:00\" \/>\n<meta property=\"article:modified_time\" content=\"2022-07-14T15:46:12+00:00\" \/>\n<meta property=\"og:image\" content=\"https:\/\/static.africa-press.net\/benin\/sites\/46\/2022\/07\/postQueueImg_16-62d03a283e658.jpg\" \/>\n\t<meta property=\"og:image:width\" content=\"1300\" \/>\n\t<meta property=\"og:image:height\" content=\"866\" \/>\n\t<meta property=\"og:image:type\" content=\"image\/jpeg\" \/>\n<meta name=\"author\" content=\"cfeditorfr\" \/>\n<meta name=\"twitter:card\" content=\"summary_large_image\" \/>\n<meta name=\"twitter:label1\" content=\"\u00c9crit par\" \/>\n\t<meta name=\"twitter:data1\" content=\"cfeditorfr\" \/>\n\t<meta name=\"twitter:label2\" content=\"Dur\u00e9e de lecture estim\u00e9e\" \/>\n\t<meta name=\"twitter:data2\" content=\"2 minutes\" \/>\n<script type=\"application\/ld+json\" class=\"yoast-schema-graph\">{\"@context\":\"https:\/\/schema.org\",\"@graph\":[{\"@type\":\"Article\",\"@id\":\"https:\/\/www.africa-press.net\/benin\/politique\/boni-yayi-jai-decide-de-retirer-mes-plaintes-pour-le-retour-de-tous-les-exiles#article\",\"isPartOf\":{\"@id\":\"https:\/\/www.africa-press.net\/benin\/politique\/boni-yayi-jai-decide-de-retirer-mes-plaintes-pour-le-retour-de-tous-les-exiles\"},\"author\":{\"name\":\"cfeditorfr\",\"@id\":\"https:\/\/www.africa-press.net\/benin\/#\/schema\/person\/2b1cf3cd81a31e3cd26889ca66d677f1\"},\"headline\":\"Boni Yayi: \u00ab\u00a0j\u2019ai d\u00e9cid\u00e9 de retirer mes plaintes\u2026 pour le retour de tous les exil\u00e9s\u00a0\u00bb\",\"datePublished\":\"2022-07-14T15:35:13+00:00\",\"dateModified\":\"2022-07-14T15:46:12+00:00\",\"mainEntityOfPage\":{\"@id\":\"https:\/\/www.africa-press.net\/benin\/politique\/boni-yayi-jai-decide-de-retirer-mes-plaintes-pour-le-retour-de-tous-les-exiles\"},\"wordCount\":388,\"commentCount\":0,\"image\":{\"@id\":\"https:\/\/www.africa-press.net\/benin\/politique\/boni-yayi-jai-decide-de-retirer-mes-plaintes-pour-le-retour-de-tous-les-exiles#primaryimage\"},\"thumbnailUrl\":\"https:\/\/static.africa-press.net\/benin\/sites\/46\/2022\/07\/postQueueImg_16-62d03a283e658.jpg\",\"keywords\":[\"Africa Press\",\"Africa Press-Benin\",\"B\u00e9nin\"],\"articleSection\":[\"homepage-french\",\"Politique\",\"Toutes les actualit\u00e9s\"],\"inLanguage\":\"fr-FR\",\"potentialAction\":[{\"@type\":\"CommentAction\",\"name\":\"Comment\",\"target\":[\"https:\/\/www.africa-press.net\/benin\/politique\/boni-yayi-jai-decide-de-retirer-mes-plaintes-pour-le-retour-de-tous-les-exiles#respond\"]}]},{\"@type\":\"WebPage\",\"@id\":\"https:\/\/www.africa-press.net\/benin\/politique\/boni-yayi-jai-decide-de-retirer-mes-plaintes-pour-le-retour-de-tous-les-exiles\",\"url\":\"https:\/\/www.africa-press.net\/benin\/politique\/boni-yayi-jai-decide-de-retirer-mes-plaintes-pour-le-retour-de-tous-les-exiles\",\"name\":\"Boni Yayi: \u00ab\u00a0j\u2019ai d\u00e9cid\u00e9 de retirer mes plaintes\u2026 pour le retour de tous les exil\u00e9s\u00a0\u00bb - B\u00e9nin\",\"isPartOf\":{\"@id\":\"https:\/\/www.africa-press.net\/benin\/#website\"},\"primaryImageOfPage\":{\"@id\":\"https:\/\/www.africa-press.net\/benin\/politique\/boni-yayi-jai-decide-de-retirer-mes-plaintes-pour-le-retour-de-tous-les-exiles#primaryimage\"},\"image\":{\"@id\":\"https:\/\/www.africa-press.net\/benin\/politique\/boni-yayi-jai-decide-de-retirer-mes-plaintes-pour-le-retour-de-tous-les-exiles#primaryimage\"},\"thumbnailUrl\":\"https:\/\/static.africa-press.net\/benin\/sites\/46\/2022\/07\/postQueueImg_16-62d03a283e658.jpg\",\"datePublished\":\"2022-07-14T15:35:13+00:00\",\"dateModified\":\"2022-07-14T15:46:12+00:00\",\"author\":{\"@id\":\"https:\/\/www.africa-press.net\/benin\/#\/schema\/person\/2b1cf3cd81a31e3cd26889ca66d677f1\"},\"description\":\"Suite au retrait de ses plaintes concernant sa mise en r\u00e9sidence surveill\u00e9e durant 52 jours dans la p\u00e9riode \u00e9lectorale d ...\",\"breadcrumb\":{\"@id\":\"https:\/\/www.africa-press.net\/benin\/politique\/boni-yayi-jai-decide-de-retirer-mes-plaintes-pour-le-retour-de-tous-les-exiles#breadcrumb\"},\"inLanguage\":\"fr-FR\",\"potentialAction\":[{\"@type\":\"ReadAction\",\"target\":[\"https:\/\/www.africa-press.net\/benin\/politique\/boni-yayi-jai-decide-de-retirer-mes-plaintes-pour-le-retour-de-tous-les-exiles\"]}]},{\"@type\":\"ImageObject\",\"inLanguage\":\"fr-FR\",\"@id\":\"https:\/\/www.africa-press.net\/benin\/politique\/boni-yayi-jai-decide-de-retirer-mes-plaintes-pour-le-retour-de-tous-les-exiles#primaryimage\",\"url\":\"https:\/\/static.africa-press.net\/benin\/sites\/46\/2022\/07\/postQueueImg_16-62d03a283e658.jpg\",\"contentUrl\":\"https:\/\/static.africa-press.net\/benin\/sites\/46\/2022\/07\/postQueueImg_16-62d03a283e658.jpg\",\"width\":1300,\"height\":866,\"caption\":\"Boni Yayi: \u00ab\u00a0j\u2019ai d\u00e9cid\u00e9 de retirer mes plaintes\u2026 pour le retour de tous les exil\u00e9s\u00a0\u00bb\"},{\"@type\":\"BreadcrumbList\",\"@id\":\"https:\/\/www.africa-press.net\/benin\/politique\/boni-yayi-jai-decide-de-retirer-mes-plaintes-pour-le-retour-de-tous-les-exiles#breadcrumb\",\"itemListElement\":[{\"@type\":\"ListItem\",\"position\":1,\"name\":\"Accueil\",\"item\":\"https:\/\/www.africa-press.net\/benin\/\"},{\"@type\":\"ListItem\",\"position\":2,\"name\":\"Boni Yayi: \u00ab\u00a0j\u2019ai d\u00e9cid\u00e9 de retirer mes plaintes\u2026 pour le retour de tous les exil\u00e9s\u00a0\u00bb\"}]},{\"@type\":\"WebSite\",\"@id\":\"https:\/\/www.africa-press.net\/benin\/#website\",\"url\":\"https:\/\/www.africa-press.net\/benin\/\",\"name\":\"B\u00e9nin\",\"description\":\"Just another Africa News Agency Sites site\",\"potentialAction\":[{\"@type\":\"SearchAction\",\"target\":{\"@type\":\"EntryPoint\",\"urlTemplate\":\"https:\/\/www.africa-press.net\/benin\/?s={search_term_string}\"},\"query-input\":{\"@type\":\"PropertyValueSpecification\",\"valueRequired\":true,\"valueName\":\"search_term_string\"}}],\"inLanguage\":\"fr-FR\"},{\"@type\":\"Person\",\"@id\":\"https:\/\/www.africa-press.net\/benin\/#\/schema\/person\/2b1cf3cd81a31e3cd26889ca66d677f1\",\"name\":\"cfeditorfr\"}]}<\/script>\n<!-- \/ Yoast SEO Premium plugin. -->","yoast_head_json":{"title":"Boni Yayi: \u00ab\u00a0j\u2019ai d\u00e9cid\u00e9 de retirer mes plaintes\u2026 pour le retour de tous les exil\u00e9s\u00a0\u00bb - B\u00e9nin","description":"Suite au retrait de ses plaintes concernant sa mise en r\u00e9sidence surveill\u00e9e durant 52 jours dans la p\u00e9riode \u00e9lectorale d ...","robots":{"index":"index","follow":"follow","max-snippet":"max-snippet:-1","max-image-preview":"max-image-preview:large","max-video-preview":"max-video-preview:-1"},"canonical":"https:\/\/www.africa-press.net\/benin\/politique\/boni-yayi-jai-decide-de-retirer-mes-plaintes-pour-le-retour-de-tous-les-exiles","og_locale":"fr_FR","og_type":"article","og_title":"Boni Yayi: \u00ab\u00a0j\u2019ai d\u00e9cid\u00e9 de retirer mes plaintes\u2026 pour le retour de tous les exil\u00e9s\u00a0\u00bb","og_description":"Suite au retrait de ses plaintes concernant sa mise en r\u00e9sidence surveill\u00e9e durant 52 jours dans la p\u00e9riode \u00e9lectorale d ...","og_url":"https:\/\/www.africa-press.net\/benin\/politique\/boni-yayi-jai-decide-de-retirer-mes-plaintes-pour-le-retour-de-tous-les-exiles","og_site_name":"B\u00e9nin","article_published_time":"2022-07-14T15:35:13+00:00","article_modified_time":"2022-07-14T15:46:12+00:00","og_image":[{"width":1300,"height":866,"url":"https:\/\/static.africa-press.net\/benin\/sites\/46\/2022\/07\/postQueueImg_16-62d03a283e658.jpg","type":"image\/jpeg"}],"author":"cfeditorfr","twitter_card":"summary_large_image","twitter_misc":{"\u00c9crit par":"cfeditorfr","Dur\u00e9e de lecture estim\u00e9e":"2 minutes"},"schema":{"@context":"https:\/\/schema.org","@graph":[{"@type":"Article","@id":"https:\/\/www.africa-press.net\/benin\/politique\/boni-yayi-jai-decide-de-retirer-mes-plaintes-pour-le-retour-de-tous-les-exiles#article","isPartOf":{"@id":"https:\/\/www.africa-press.net\/benin\/politique\/boni-yayi-jai-decide-de-retirer-mes-plaintes-pour-le-retour-de-tous-les-exiles"},"author":{"name":"cfeditorfr","@id":"https:\/\/www.africa-press.net\/benin\/#\/schema\/person\/2b1cf3cd81a31e3cd26889ca66d677f1"},"headline":"Boni Yayi: \u00ab\u00a0j\u2019ai d\u00e9cid\u00e9 de retirer mes plaintes\u2026 pour le retour de tous les exil\u00e9s\u00a0\u00bb","datePublished":"2022-07-14T15:35:13+00:00","dateModified":"2022-07-14T15:46:12+00:00","mainEntityOfPage":{"@id":"https:\/\/www.africa-press.net\/benin\/politique\/boni-yayi-jai-decide-de-retirer-mes-plaintes-pour-le-retour-de-tous-les-exiles"},"wordCount":388,"commentCount":0,"image":{"@id":"https:\/\/www.africa-press.net\/benin\/politique\/boni-yayi-jai-decide-de-retirer-mes-plaintes-pour-le-retour-de-tous-les-exiles#primaryimage"},"thumbnailUrl":"https:\/\/static.africa-press.net\/benin\/sites\/46\/2022\/07\/postQueueImg_16-62d03a283e658.jpg","keywords":["Africa Press","Africa Press-Benin","B\u00e9nin"],"articleSection":["homepage-french","Politique","Toutes les actualit\u00e9s"],"inLanguage":"fr-FR","potentialAction":[{"@type":"CommentAction","name":"Comment","target":["https:\/\/www.africa-press.net\/benin\/politique\/boni-yayi-jai-decide-de-retirer-mes-plaintes-pour-le-retour-de-tous-les-exiles#respond"]}]},{"@type":"WebPage","@id":"https:\/\/www.africa-press.net\/benin\/politique\/boni-yayi-jai-decide-de-retirer-mes-plaintes-pour-le-retour-de-tous-les-exiles","url":"https:\/\/www.africa-press.net\/benin\/politique\/boni-yayi-jai-decide-de-retirer-mes-plaintes-pour-le-retour-de-tous-les-exiles","name":"Boni Yayi: \u00ab\u00a0j\u2019ai d\u00e9cid\u00e9 de retirer mes plaintes\u2026 pour le retour de tous les exil\u00e9s\u00a0\u00bb - B\u00e9nin","isPartOf":{"@id":"https:\/\/www.africa-press.net\/benin\/#website"},"primaryImageOfPage":{"@id":"https:\/\/www.africa-press.net\/benin\/politique\/boni-yayi-jai-decide-de-retirer-mes-plaintes-pour-le-retour-de-tous-les-exiles#primaryimage"},"image":{"@id":"https:\/\/www.africa-press.net\/benin\/politique\/boni-yayi-jai-decide-de-retirer-mes-plaintes-pour-le-retour-de-tous-les-exiles#primaryimage"},"thumbnailUrl":"https:\/\/static.africa-press.net\/benin\/sites\/46\/2022\/07\/postQueueImg_16-62d03a283e658.jpg","datePublished":"2022-07-14T15:35:13+00:00","dateModified":"2022-07-14T15:46:12+00:00","author":{"@id":"https:\/\/www.africa-press.net\/benin\/#\/schema\/person\/2b1cf3cd81a31e3cd26889ca66d677f1"},"description":"Suite au retrait de ses plaintes concernant sa mise en r\u00e9sidence surveill\u00e9e durant 52 jours dans la p\u00e9riode \u00e9lectorale d ...","breadcrumb":{"@id":"https:\/\/www.africa-press.net\/benin\/politique\/boni-yayi-jai-decide-de-retirer-mes-plaintes-pour-le-retour-de-tous-les-exiles#breadcrumb"},"inLanguage":"fr-FR","potentialAction":[{"@type":"ReadAction","target":["https:\/\/www.africa-press.net\/benin\/politique\/boni-yayi-jai-decide-de-retirer-mes-plaintes-pour-le-retour-de-tous-les-exiles"]}]},{"@type":"ImageObject","inLanguage":"fr-FR","@id":"https:\/\/www.africa-press.net\/benin\/politique\/boni-yayi-jai-decide-de-retirer-mes-plaintes-pour-le-retour-de-tous-les-exiles#primaryimage","url":"https:\/\/static.africa-press.net\/benin\/sites\/46\/2022\/07\/postQueueImg_16-62d03a283e658.jpg","contentUrl":"https:\/\/static.africa-press.net\/benin\/sites\/46\/2022\/07\/postQueueImg_16-62d03a283e658.jpg","width":1300,"height":866,"caption":"Boni Yayi: \u00ab\u00a0j\u2019ai d\u00e9cid\u00e9 de retirer mes plaintes\u2026 pour le retour de tous les exil\u00e9s\u00a0\u00bb"},{"@type":"BreadcrumbList","@id":"https:\/\/www.africa-press.net\/benin\/politique\/boni-yayi-jai-decide-de-retirer-mes-plaintes-pour-le-retour-de-tous-les-exiles#breadcrumb","itemListElement":[{"@type":"ListItem","position":1,"name":"Accueil","item":"https:\/\/www.africa-press.net\/benin\/"},{"@type":"ListItem","position":2,"name":"Boni Yayi: \u00ab\u00a0j\u2019ai d\u00e9cid\u00e9 de retirer mes plaintes\u2026 pour le retour de tous les exil\u00e9s\u00a0\u00bb"}]},{"@type":"WebSite","@id":"https:\/\/www.africa-press.net\/benin\/#website","url":"https:\/\/www.africa-press.net\/benin\/","name":"B\u00e9nin","description":"Just another Africa News Agency Sites site","potentialAction":[{"@type":"SearchAction","target":{"@type":"EntryPoint","urlTemplate":"https:\/\/www.africa-press.net\/benin\/?s={search_term_string}"},"query-input":{"@type":"PropertyValueSpecification","valueRequired":true,"valueName":"search_term_string"}}],"inLanguage":"fr-FR"},{"@type":"Person","@id":"https:\/\/www.africa-press.net\/benin\/#\/schema\/person\/2b1cf3cd81a31e3cd26889ca66d677f1","name":"cfeditorfr"}]}},"_links":{"self":[{"href":"https:\/\/www.africa-press.net\/benin\/wp-json\/wp\/v2\/posts\/6881","targetHints":{"allow":["GET"]}}],"collection":[{"href":"https:\/\/www.africa-press.net\/benin\/wp-json\/wp\/v2\/posts"}],"about":[{"href":"https:\/\/www.africa-press.net\/benin\/wp-json\/wp\/v2\/types\/post"}],"author":[{"embeddable":true,"href":"https:\/\/www.africa-press.net\/benin\/wp-json\/wp\/v2\/users\/82"}],"replies":[{"embeddable":true,"href":"https:\/\/www.africa-press.net\/benin\/wp-json\/wp\/v2\/comments?post=6881"}],"version-history":[{"count":0,"href":"https:\/\/www.africa-press.net\/benin\/wp-json\/wp\/v2\/posts\/6881\/revisions"}],"wp:featuredmedia":[{"embeddable":true,"href":"https:\/\/www.africa-press.net\/benin\/wp-json\/wp\/v2\/media\/6880"}],"wp:attachment":[{"href":"https:\/\/www.africa-press.net\/benin\/wp-json\/wp\/v2\/media?parent=6881"}],"wp:term":[{"taxonomy":"category","embeddable":true,"href":"https:\/\/www.africa-press.net\/benin\/wp-json\/wp\/v2\/categories?post=6881"},{"taxonomy":"post_tag","embeddable":true,"href":"https:\/\/www.africa-press.net\/benin\/wp-json\/wp\/v2\/tags?post=6881"}],"curies":[{"name":"wp","href":"https:\/\/api.w.org\/{rel}","templated":true}]}}