{"id":6887,"date":"2022-07-14T15:35:38","date_gmt":"2022-07-14T15:35:38","guid":{"rendered":"https:\/\/www.africa-press.net\/benin\/politique\/annoncee-par-les-medias-la-visite-demmanuel-macron-au-benin-nest-pas-certaine"},"modified":"2022-07-14T15:48:02","modified_gmt":"2022-07-14T15:48:02","slug":"annoncee-par-les-medias-la-visite-demmanuel-macron-au-benin-nest-pas-certaine","status":"publish","type":"post","link":"https:\/\/www.africa-press.net\/benin\/politique\/annoncee-par-les-medias-la-visite-demmanuel-macron-au-benin-nest-pas-certaine","title":{"rendered":"Annonc\u00e9e par les m\u00e9dias, la visite d\u2019Emmanuel Macron au B\u00e9nin n\u2019est pas certaine"},"content":{"rendered":"<p><span style=\"color: #ff6600\"><strong>Africa-Press &#8211; Benin. <\/strong><\/span>Annonc\u00e9 pour le 27 juillet 2022, le voyage du pr\u00e9sident Emmanuel Macron au B\u00e9nin n\u2019est pas certain. Les autorit\u00e9s b\u00e9ninoises ne confirment pas l\u2019information et l\u2019ambassadeur de France au B\u00e9nin est aussi dubitatif sur le sujet.<\/p>\n<p>On annonce Emmanuel Macron \u00e0 Cotonou le 27 juillet, vous confirmez ? \u00ab Je ne peux pas le confirmer. C\u2019est une hypoth\u00e8se de travail entre deux pays amis\u00ab , a r\u00e9pondu l\u2019ambassadeur Marc Vizy au micro de Frissons radio. Selon le diplomate fran\u00e7ais, cette visite de travail annonc\u00e9e reste une \u00e9ventualit\u00e9 compte tenu des bonnes relations entre les deux pays, mais \u00e0 l\u2019\u00e9tape actuelle elle n\u2019est pas confirm\u00e9e.<\/p>\n<p>Le pr\u00e9sident Talon est venu. Il para\u00eet possible qu\u2019un jour le pr\u00e9sident Macron vienne ici. L\u2019agenda des deux pr\u00e9sidents est un agenda extr\u00eamement charg\u00e9, c\u2019est eux qui le moment venu, si une telle visite devait se faire, l\u2019annonceront<\/p>\n<p>Selon le diplomate, il n\u2019y a pas de blocage particulier qui puisse emp\u00eacher la rencontre des deux Chef d\u2019Etat. Il assure que le B\u00e9nin et la France entretiennent de tr\u00e8s bonnes relations, m\u00eame s\u2019il y a eu des dossiers compliqu\u00e9s comme celui de la restitution.<\/p>\n<p><b>Relations tendues entre Cotonou et Paris<\/b><\/p>\n<p>Il faut rappeler qu\u2019en dehors du Mali, les relations entre la diplomatie b\u00e9ninoise et celle Fran\u00e7aise ne sont pas aussi au beau fixe. Et pour cause, les \u00e9lections pr\u00e9sidentielles d\u2019Avril 2021 au B\u00e9nin et les emprisonnement des opposants Reckya Madougou et Jo\u00ebl A\u00efvo \u00e0 de lourdes peines. En effet, dans sa correspondance en date du 12 mai 2021, Emmanuel Macron n\u2019a pas daign\u00e9 f\u00e9licit\u00e9 son homologue b\u00e9ninois qui selon la Cour constitutionnelle avait remport\u00e9 la pr\u00e9sidentielle avec plus de 86% des voix.<\/p>\n<p>Comme une r\u00e9ponse du berger \u00e0 la berg\u00e8re, au soir des \u00e9lections l\u00e9gislatives du 19 juin 2022 en France, le pr\u00e9sident b\u00e9ninois Patrice Talon a adress\u00e9 un message \u00e0 son homologue fran\u00e7ais Emmanuel Macron. Pour beaucoup, Patrice Talon a profit\u00e9 de l\u2019occasion pour r\u00e9gler ses comptes avec Emmanuel Macron.<\/p>\n<p><strong>Pour plus d&rsquo;informations et d&rsquo;analyses sur la <a href=\"https:\/\/www.africa-press.net\/benin\">Benin<\/a>, suivez <a href=\"https:\/\/www.africa-press.net\/\">Africa-Press<\/a><\/strong><\/p>\n","protected":false},"excerpt":{"rendered":"<p>Africa-Press &#8211; Benin. Annonc\u00e9 pour le 27 juillet 2022, le voyage du pr\u00e9sident Emmanuel Macron au B\u00e9nin n\u2019est pas certain. Les autorit\u00e9s b\u00e9ninoises ne confirment pas l\u2019information et l\u2019ambassadeur de France au B\u00e9nin est aussi dubitatif sur le sujet. On annonce Emmanuel Macron \u00e0 Cotonou le 27 juillet, vous confirmez ? \u00ab Je ne peux [&hellip;]<\/p>\n","protected":false},"author":82,"featured_media":6886,"comment_status":"open","ping_status":"closed","sticky":false,"template":"","format":"standard","meta":{"footnotes":""},"categories":[11,2,20,10],"tags":[36,50,45],"class_list":["post-6887","post","type-post","status-publish","format-standard","has-post-thumbnail","hentry","category-homepage-french","category-politique","category-top-nouvelles","category-toutes-les-actualites","tag-africa-press","tag-africa-press-benin","tag-benin"],"yoast_head":"<!-- This site is optimized with the Yoast SEO Premium plugin v26.1 (Yoast SEO v27.0) - https:\/\/yoast.com\/product\/yoast-seo-premium-wordpress\/ -->\n<title>Annonc\u00e9e par les m\u00e9dias, la visite d\u2019Emmanuel Macron au B\u00e9nin n\u2019est pas certaine - B\u00e9nin<\/title>\n<meta name=\"description\" content=\"Annonc\u00e9 pour le 27 juillet 2022, le voyage du pr\u00e9sident Emmanuel Macron au B\u00e9nin n\u2019est pas certain. Les autorit\u00e9s b\u00e9nino ...\" \/>\n<meta name=\"robots\" content=\"index, follow, max-snippet:-1, max-image-preview:large, max-video-preview:-1\" \/>\n<link rel=\"canonical\" href=\"https:\/\/www.africa-press.net\/benin\/politique\/annoncee-par-les-medias-la-visite-demmanuel-macron-au-benin-nest-pas-certaine\" \/>\n<meta property=\"og:locale\" content=\"fr_FR\" \/>\n<meta property=\"og:type\" content=\"article\" \/>\n<meta property=\"og:title\" content=\"Annonc\u00e9e par les m\u00e9dias, la visite d\u2019Emmanuel Macron au B\u00e9nin n\u2019est pas certaine\" \/>\n<meta property=\"og:description\" content=\"Annonc\u00e9 pour le 27 juillet 2022, le voyage du pr\u00e9sident Emmanuel Macron au B\u00e9nin n\u2019est pas certain. Les autorit\u00e9s b\u00e9nino ...\" \/>\n<meta property=\"og:url\" content=\"https:\/\/www.africa-press.net\/benin\/politique\/annoncee-par-les-medias-la-visite-demmanuel-macron-au-benin-nest-pas-certaine\" \/>\n<meta property=\"og:site_name\" content=\"B\u00e9nin\" \/>\n<meta property=\"article:published_time\" content=\"2022-07-14T15:35:38+00:00\" \/>\n<meta property=\"article:modified_time\" content=\"2022-07-14T15:48:02+00:00\" \/>\n<meta property=\"og:image\" content=\"https:\/\/static.africa-press.net\/benin\/sites\/46\/2022\/07\/postQueueImg_18-62d03a95c25ff.jpg\" \/>\n\t<meta property=\"og:image:width\" content=\"1200\" \/>\n\t<meta property=\"og:image:height\" content=\"800\" \/>\n\t<meta property=\"og:image:type\" content=\"image\/jpeg\" \/>\n<meta name=\"author\" content=\"cfeditorfr\" \/>\n<meta name=\"twitter:card\" content=\"summary_large_image\" \/>\n<meta name=\"twitter:label1\" content=\"\u00c9crit par\" \/>\n\t<meta name=\"twitter:data1\" content=\"cfeditorfr\" \/>\n\t<meta name=\"twitter:label2\" content=\"Dur\u00e9e de lecture estim\u00e9e\" \/>\n\t<meta name=\"twitter:data2\" content=\"2 minutes\" \/>\n<script type=\"application\/ld+json\" class=\"yoast-schema-graph\">{\"@context\":\"https:\/\/schema.org\",\"@graph\":[{\"@type\":\"Article\",\"@id\":\"https:\/\/www.africa-press.net\/benin\/politique\/annoncee-par-les-medias-la-visite-demmanuel-macron-au-benin-nest-pas-certaine#article\",\"isPartOf\":{\"@id\":\"https:\/\/www.africa-press.net\/benin\/politique\/annoncee-par-les-medias-la-visite-demmanuel-macron-au-benin-nest-pas-certaine\"},\"author\":{\"name\":\"cfeditorfr\",\"@id\":\"https:\/\/www.africa-press.net\/benin\/#\/schema\/person\/2b1cf3cd81a31e3cd26889ca66d677f1\"},\"headline\":\"Annonc\u00e9e par les m\u00e9dias, la visite d\u2019Emmanuel Macron au B\u00e9nin n\u2019est pas certaine\",\"datePublished\":\"2022-07-14T15:35:38+00:00\",\"dateModified\":\"2022-07-14T15:48:02+00:00\",\"mainEntityOfPage\":{\"@id\":\"https:\/\/www.africa-press.net\/benin\/politique\/annoncee-par-les-medias-la-visite-demmanuel-macron-au-benin-nest-pas-certaine\"},\"wordCount\":394,\"commentCount\":0,\"image\":{\"@id\":\"https:\/\/www.africa-press.net\/benin\/politique\/annoncee-par-les-medias-la-visite-demmanuel-macron-au-benin-nest-pas-certaine#primaryimage\"},\"thumbnailUrl\":\"https:\/\/static.africa-press.net\/benin\/sites\/46\/2022\/07\/postQueueImg_18-62d03a95c25ff.jpg\",\"keywords\":[\"Africa Press\",\"Africa Press-Benin\",\"B\u00e9nin\"],\"articleSection\":[\"homepage-french\",\"Politique\",\"Top Nouvelles\",\"Toutes les actualit\u00e9s\"],\"inLanguage\":\"fr-FR\",\"potentialAction\":[{\"@type\":\"CommentAction\",\"name\":\"Comment\",\"target\":[\"https:\/\/www.africa-press.net\/benin\/politique\/annoncee-par-les-medias-la-visite-demmanuel-macron-au-benin-nest-pas-certaine#respond\"]}]},{\"@type\":\"WebPage\",\"@id\":\"https:\/\/www.africa-press.net\/benin\/politique\/annoncee-par-les-medias-la-visite-demmanuel-macron-au-benin-nest-pas-certaine\",\"url\":\"https:\/\/www.africa-press.net\/benin\/politique\/annoncee-par-les-medias-la-visite-demmanuel-macron-au-benin-nest-pas-certaine\",\"name\":\"Annonc\u00e9e par les m\u00e9dias, la visite d\u2019Emmanuel Macron au B\u00e9nin n\u2019est pas certaine - B\u00e9nin\",\"isPartOf\":{\"@id\":\"https:\/\/www.africa-press.net\/benin\/#website\"},\"primaryImageOfPage\":{\"@id\":\"https:\/\/www.africa-press.net\/benin\/politique\/annoncee-par-les-medias-la-visite-demmanuel-macron-au-benin-nest-pas-certaine#primaryimage\"},\"image\":{\"@id\":\"https:\/\/www.africa-press.net\/benin\/politique\/annoncee-par-les-medias-la-visite-demmanuel-macron-au-benin-nest-pas-certaine#primaryimage\"},\"thumbnailUrl\":\"https:\/\/static.africa-press.net\/benin\/sites\/46\/2022\/07\/postQueueImg_18-62d03a95c25ff.jpg\",\"datePublished\":\"2022-07-14T15:35:38+00:00\",\"dateModified\":\"2022-07-14T15:48:02+00:00\",\"author\":{\"@id\":\"https:\/\/www.africa-press.net\/benin\/#\/schema\/person\/2b1cf3cd81a31e3cd26889ca66d677f1\"},\"description\":\"Annonc\u00e9 pour le 27 juillet 2022, le voyage du pr\u00e9sident Emmanuel Macron au B\u00e9nin n\u2019est pas certain. Les autorit\u00e9s b\u00e9nino ...\",\"breadcrumb\":{\"@id\":\"https:\/\/www.africa-press.net\/benin\/politique\/annoncee-par-les-medias-la-visite-demmanuel-macron-au-benin-nest-pas-certaine#breadcrumb\"},\"inLanguage\":\"fr-FR\",\"potentialAction\":[{\"@type\":\"ReadAction\",\"target\":[\"https:\/\/www.africa-press.net\/benin\/politique\/annoncee-par-les-medias-la-visite-demmanuel-macron-au-benin-nest-pas-certaine\"]}]},{\"@type\":\"ImageObject\",\"inLanguage\":\"fr-FR\",\"@id\":\"https:\/\/www.africa-press.net\/benin\/politique\/annoncee-par-les-medias-la-visite-demmanuel-macron-au-benin-nest-pas-certaine#primaryimage\",\"url\":\"https:\/\/static.africa-press.net\/benin\/sites\/46\/2022\/07\/postQueueImg_18-62d03a95c25ff.jpg\",\"contentUrl\":\"https:\/\/static.africa-press.net\/benin\/sites\/46\/2022\/07\/postQueueImg_18-62d03a95c25ff.jpg\",\"width\":1200,\"height\":800,\"caption\":\"Annonc\u00e9e par les m\u00e9dias, la visite d\u2019Emmanuel Macron au B\u00e9nin n\u2019est pas certaine\"},{\"@type\":\"BreadcrumbList\",\"@id\":\"https:\/\/www.africa-press.net\/benin\/politique\/annoncee-par-les-medias-la-visite-demmanuel-macron-au-benin-nest-pas-certaine#breadcrumb\",\"itemListElement\":[{\"@type\":\"ListItem\",\"position\":1,\"name\":\"Accueil\",\"item\":\"https:\/\/www.africa-press.net\/benin\/\"},{\"@type\":\"ListItem\",\"position\":2,\"name\":\"Annonc\u00e9e par les m\u00e9dias, la visite d\u2019Emmanuel Macron au B\u00e9nin n\u2019est pas certaine\"}]},{\"@type\":\"WebSite\",\"@id\":\"https:\/\/www.africa-press.net\/benin\/#website\",\"url\":\"https:\/\/www.africa-press.net\/benin\/\",\"name\":\"B\u00e9nin\",\"description\":\"Just another Africa News Agency Sites site\",\"potentialAction\":[{\"@type\":\"SearchAction\",\"target\":{\"@type\":\"EntryPoint\",\"urlTemplate\":\"https:\/\/www.africa-press.net\/benin\/?s={search_term_string}\"},\"query-input\":{\"@type\":\"PropertyValueSpecification\",\"valueRequired\":true,\"valueName\":\"search_term_string\"}}],\"inLanguage\":\"fr-FR\"},{\"@type\":\"Person\",\"@id\":\"https:\/\/www.africa-press.net\/benin\/#\/schema\/person\/2b1cf3cd81a31e3cd26889ca66d677f1\",\"name\":\"cfeditorfr\"}]}<\/script>\n<!-- \/ Yoast SEO Premium plugin. -->","yoast_head_json":{"title":"Annonc\u00e9e par les m\u00e9dias, la visite d\u2019Emmanuel Macron au B\u00e9nin n\u2019est pas certaine - B\u00e9nin","description":"Annonc\u00e9 pour le 27 juillet 2022, le voyage du pr\u00e9sident Emmanuel Macron au B\u00e9nin n\u2019est pas certain. Les autorit\u00e9s b\u00e9nino ...","robots":{"index":"index","follow":"follow","max-snippet":"max-snippet:-1","max-image-preview":"max-image-preview:large","max-video-preview":"max-video-preview:-1"},"canonical":"https:\/\/www.africa-press.net\/benin\/politique\/annoncee-par-les-medias-la-visite-demmanuel-macron-au-benin-nest-pas-certaine","og_locale":"fr_FR","og_type":"article","og_title":"Annonc\u00e9e par les m\u00e9dias, la visite d\u2019Emmanuel Macron au B\u00e9nin n\u2019est pas certaine","og_description":"Annonc\u00e9 pour le 27 juillet 2022, le voyage du pr\u00e9sident Emmanuel Macron au B\u00e9nin n\u2019est pas certain. Les autorit\u00e9s b\u00e9nino ...","og_url":"https:\/\/www.africa-press.net\/benin\/politique\/annoncee-par-les-medias-la-visite-demmanuel-macron-au-benin-nest-pas-certaine","og_site_name":"B\u00e9nin","article_published_time":"2022-07-14T15:35:38+00:00","article_modified_time":"2022-07-14T15:48:02+00:00","og_image":[{"width":1200,"height":800,"url":"https:\/\/static.africa-press.net\/benin\/sites\/46\/2022\/07\/postQueueImg_18-62d03a95c25ff.jpg","type":"image\/jpeg"}],"author":"cfeditorfr","twitter_card":"summary_large_image","twitter_misc":{"\u00c9crit par":"cfeditorfr","Dur\u00e9e de lecture estim\u00e9e":"2 minutes"},"schema":{"@context":"https:\/\/schema.org","@graph":[{"@type":"Article","@id":"https:\/\/www.africa-press.net\/benin\/politique\/annoncee-par-les-medias-la-visite-demmanuel-macron-au-benin-nest-pas-certaine#article","isPartOf":{"@id":"https:\/\/www.africa-press.net\/benin\/politique\/annoncee-par-les-medias-la-visite-demmanuel-macron-au-benin-nest-pas-certaine"},"author":{"name":"cfeditorfr","@id":"https:\/\/www.africa-press.net\/benin\/#\/schema\/person\/2b1cf3cd81a31e3cd26889ca66d677f1"},"headline":"Annonc\u00e9e par les m\u00e9dias, la visite d\u2019Emmanuel Macron au B\u00e9nin n\u2019est pas certaine","datePublished":"2022-07-14T15:35:38+00:00","dateModified":"2022-07-14T15:48:02+00:00","mainEntityOfPage":{"@id":"https:\/\/www.africa-press.net\/benin\/politique\/annoncee-par-les-medias-la-visite-demmanuel-macron-au-benin-nest-pas-certaine"},"wordCount":394,"commentCount":0,"image":{"@id":"https:\/\/www.africa-press.net\/benin\/politique\/annoncee-par-les-medias-la-visite-demmanuel-macron-au-benin-nest-pas-certaine#primaryimage"},"thumbnailUrl":"https:\/\/static.africa-press.net\/benin\/sites\/46\/2022\/07\/postQueueImg_18-62d03a95c25ff.jpg","keywords":["Africa Press","Africa Press-Benin","B\u00e9nin"],"articleSection":["homepage-french","Politique","Top Nouvelles","Toutes les actualit\u00e9s"],"inLanguage":"fr-FR","potentialAction":[{"@type":"CommentAction","name":"Comment","target":["https:\/\/www.africa-press.net\/benin\/politique\/annoncee-par-les-medias-la-visite-demmanuel-macron-au-benin-nest-pas-certaine#respond"]}]},{"@type":"WebPage","@id":"https:\/\/www.africa-press.net\/benin\/politique\/annoncee-par-les-medias-la-visite-demmanuel-macron-au-benin-nest-pas-certaine","url":"https:\/\/www.africa-press.net\/benin\/politique\/annoncee-par-les-medias-la-visite-demmanuel-macron-au-benin-nest-pas-certaine","name":"Annonc\u00e9e par les m\u00e9dias, la visite d\u2019Emmanuel Macron au B\u00e9nin n\u2019est pas certaine - B\u00e9nin","isPartOf":{"@id":"https:\/\/www.africa-press.net\/benin\/#website"},"primaryImageOfPage":{"@id":"https:\/\/www.africa-press.net\/benin\/politique\/annoncee-par-les-medias-la-visite-demmanuel-macron-au-benin-nest-pas-certaine#primaryimage"},"image":{"@id":"https:\/\/www.africa-press.net\/benin\/politique\/annoncee-par-les-medias-la-visite-demmanuel-macron-au-benin-nest-pas-certaine#primaryimage"},"thumbnailUrl":"https:\/\/static.africa-press.net\/benin\/sites\/46\/2022\/07\/postQueueImg_18-62d03a95c25ff.jpg","datePublished":"2022-07-14T15:35:38+00:00","dateModified":"2022-07-14T15:48:02+00:00","author":{"@id":"https:\/\/www.africa-press.net\/benin\/#\/schema\/person\/2b1cf3cd81a31e3cd26889ca66d677f1"},"description":"Annonc\u00e9 pour le 27 juillet 2022, le voyage du pr\u00e9sident Emmanuel Macron au B\u00e9nin n\u2019est pas certain. Les autorit\u00e9s b\u00e9nino ...","breadcrumb":{"@id":"https:\/\/www.africa-press.net\/benin\/politique\/annoncee-par-les-medias-la-visite-demmanuel-macron-au-benin-nest-pas-certaine#breadcrumb"},"inLanguage":"fr-FR","potentialAction":[{"@type":"ReadAction","target":["https:\/\/www.africa-press.net\/benin\/politique\/annoncee-par-les-medias-la-visite-demmanuel-macron-au-benin-nest-pas-certaine"]}]},{"@type":"ImageObject","inLanguage":"fr-FR","@id":"https:\/\/www.africa-press.net\/benin\/politique\/annoncee-par-les-medias-la-visite-demmanuel-macron-au-benin-nest-pas-certaine#primaryimage","url":"https:\/\/static.africa-press.net\/benin\/sites\/46\/2022\/07\/postQueueImg_18-62d03a95c25ff.jpg","contentUrl":"https:\/\/static.africa-press.net\/benin\/sites\/46\/2022\/07\/postQueueImg_18-62d03a95c25ff.jpg","width":1200,"height":800,"caption":"Annonc\u00e9e par les m\u00e9dias, la visite d\u2019Emmanuel Macron au B\u00e9nin n\u2019est pas certaine"},{"@type":"BreadcrumbList","@id":"https:\/\/www.africa-press.net\/benin\/politique\/annoncee-par-les-medias-la-visite-demmanuel-macron-au-benin-nest-pas-certaine#breadcrumb","itemListElement":[{"@type":"ListItem","position":1,"name":"Accueil","item":"https:\/\/www.africa-press.net\/benin\/"},{"@type":"ListItem","position":2,"name":"Annonc\u00e9e par les m\u00e9dias, la visite d\u2019Emmanuel Macron au B\u00e9nin n\u2019est pas certaine"}]},{"@type":"WebSite","@id":"https:\/\/www.africa-press.net\/benin\/#website","url":"https:\/\/www.africa-press.net\/benin\/","name":"B\u00e9nin","description":"Just another Africa News Agency Sites site","potentialAction":[{"@type":"SearchAction","target":{"@type":"EntryPoint","urlTemplate":"https:\/\/www.africa-press.net\/benin\/?s={search_term_string}"},"query-input":{"@type":"PropertyValueSpecification","valueRequired":true,"valueName":"search_term_string"}}],"inLanguage":"fr-FR"},{"@type":"Person","@id":"https:\/\/www.africa-press.net\/benin\/#\/schema\/person\/2b1cf3cd81a31e3cd26889ca66d677f1","name":"cfeditorfr"}]}},"_links":{"self":[{"href":"https:\/\/www.africa-press.net\/benin\/wp-json\/wp\/v2\/posts\/6887","targetHints":{"allow":["GET"]}}],"collection":[{"href":"https:\/\/www.africa-press.net\/benin\/wp-json\/wp\/v2\/posts"}],"about":[{"href":"https:\/\/www.africa-press.net\/benin\/wp-json\/wp\/v2\/types\/post"}],"author":[{"embeddable":true,"href":"https:\/\/www.africa-press.net\/benin\/wp-json\/wp\/v2\/users\/82"}],"replies":[{"embeddable":true,"href":"https:\/\/www.africa-press.net\/benin\/wp-json\/wp\/v2\/comments?post=6887"}],"version-history":[{"count":0,"href":"https:\/\/www.africa-press.net\/benin\/wp-json\/wp\/v2\/posts\/6887\/revisions"}],"wp:featuredmedia":[{"embeddable":true,"href":"https:\/\/www.africa-press.net\/benin\/wp-json\/wp\/v2\/media\/6886"}],"wp:attachment":[{"href":"https:\/\/www.africa-press.net\/benin\/wp-json\/wp\/v2\/media?parent=6887"}],"wp:term":[{"taxonomy":"category","embeddable":true,"href":"https:\/\/www.africa-press.net\/benin\/wp-json\/wp\/v2\/categories?post=6887"},{"taxonomy":"post_tag","embeddable":true,"href":"https:\/\/www.africa-press.net\/benin\/wp-json\/wp\/v2\/tags?post=6887"}],"curies":[{"name":"wp","href":"https:\/\/api.w.org\/{rel}","templated":true}]}}