{"id":6890,"date":"2022-07-14T15:35:49","date_gmt":"2022-07-14T15:35:49","guid":{"rendered":"https:\/\/www.africa-press.net\/benin\/politique\/complot-contre-la-surete-de-letat-au-benin-renvoi-du-proces-des-6-militaires-accuses"},"modified":"2022-07-14T15:48:40","modified_gmt":"2022-07-14T15:48:40","slug":"complot-contre-la-surete-de-letat-au-benin-renvoi-du-proces-des-6-militaires-accuses","status":"publish","type":"post","link":"https:\/\/www.africa-press.net\/benin\/toutes-les-actualites\/complot-contre-la-surete-de-letat-au-benin-renvoi-du-proces-des-6-militaires-accuses","title":{"rendered":"Complot contre la s\u00fbret\u00e9 de l\u2019Etat au B\u00e9nin: renvoi du proc\u00e8s des 6 militaires accus\u00e9s"},"content":{"rendered":"<p><span style=\"color: #ff6600\"><strong>Africa-Press &#8211; Benin. <\/strong><\/span>Les 06 militaires poursuivis dans le dossier \u00ab complot contre la s\u00fbret\u00e9 de l\u2019Etat \u00bb n\u2019ont pas \u00e9t\u00e9 fix\u00e9s leur sort ce mercredi 13 juillet. En d\u00e9tention depuis 2018, ils retournent en cellule en attendant une nouvelle audience.<\/p>\n<p>Renvoi du dossier \u00ab complot contre la s\u00fbret\u00e9 de l\u2019Etat \u00bb en examen \u00e0 la Cour de r\u00e9pression des infractions \u00e9conomiques et du terrorisme (Criet). Les mis en cause n\u2019ont pas pu d\u00e9poser \u00e0 la barre, et n\u2019ont donc pas \u00e9t\u00e9 fix\u00e9s.<\/p>\n<p>A l\u2019ouverture de l\u2019audience, l\u2019un des avocats, Me Fad\u00e9, a soulev\u00e9 exception d\u2019inconstitutionnalit\u00e9. En effet, son client avait saisi la Cour supr\u00eame en formulant un pourvoi en cassation. Selon l\u2019avocat, la Cour devrait d\u2019abord statu\u00e9 sur le recours du pr\u00e9venu avant la programmation d\u2019un \u00e9ventuel proc\u00e8s par la Criet.<\/p>\n<p>Apr\u00e8s les remarques de Me Fad\u00e9, le juge a d\u00e9cid\u00e9 de suspendre le proc\u00e8s et de d\u00e9cider d\u2019un renvoi. Le dossier a \u00e9t\u00e9 donc renvoy\u00e9 \u00e0 une date ult\u00e9rieure, certainement apr\u00e8s l\u2019arr\u00eat de la Cour supr\u00eame. A noter que les pr\u00e9venus sont poursuivis pour complot contre la s\u00fbret\u00e9 de l\u2019Etat et non d\u00e9nonciation de crime.<\/p>\n<p><b>Retour sur les faits\u2026<\/b><\/p>\n<p>Le principal accus\u00e9, un lieutenant en service \u00e0 Toffo au moment des faits, aurait projet\u00e9 un assassinat dans le cadre du projet de d\u00e9stabilisation. Il aurait par la suite convaincu ses coll\u00e8gues sur le projet.<\/p>\n<p>Les int\u00e9ress\u00e9s avaient \u00e9t\u00e9 tr\u00e8s vite appr\u00e9hend\u00e9s en juillet 2018 et plac\u00e9s en d\u00e9tention le 02 ao\u00fbt de cette m\u00eame ann\u00e9e. Quatre (04) d\u2019entre eux sont d\u00e9tenus \u00e0 la prison civile d\u2019akpro-Miss\u00e9r\u00e9t\u00e9 et les deux (02) autres \u00e0 la prison civile de Cotonou.<\/p>\n<p><strong>Pour plus d&rsquo;informations et d&rsquo;analyses sur la <a href=\"https:\/\/www.africa-press.net\/benin\">Benin<\/a>, suivez <a href=\"https:\/\/www.africa-press.net\/\">Africa-Press<\/a><\/strong><\/p>\n","protected":false},"excerpt":{"rendered":"<p>Africa-Press &#8211; Benin. Les 06 militaires poursuivis dans le dossier \u00ab complot contre la s\u00fbret\u00e9 de l\u2019Etat \u00bb n\u2019ont pas \u00e9t\u00e9 fix\u00e9s leur sort ce mercredi 13 juillet. En d\u00e9tention depuis 2018, ils retournent en cellule en attendant une nouvelle audience. Renvoi du dossier \u00ab complot contre la s\u00fbret\u00e9 de l\u2019Etat \u00bb en examen \u00e0 [&hellip;]<\/p>\n","protected":false},"author":82,"featured_media":6889,"comment_status":"open","ping_status":"closed","sticky":false,"template":"","format":"standard","meta":{"footnotes":""},"categories":[21,11,10],"tags":[36,50,45],"class_list":["post-6890","post","type-post","status-publish","format-standard","has-post-thumbnail","hentry","category-communaute","category-homepage-french","category-toutes-les-actualites","tag-africa-press","tag-africa-press-benin","tag-benin"],"yoast_head":"<!-- This site is optimized with the Yoast SEO Premium plugin v26.1 (Yoast SEO v27.0) - https:\/\/yoast.com\/product\/yoast-seo-premium-wordpress\/ -->\n<title>Complot contre la s\u00fbret\u00e9 de l\u2019Etat au B\u00e9nin: renvoi du proc\u00e8s des 6 militaires accus\u00e9s - B\u00e9nin<\/title>\n<meta name=\"description\" content=\"Les 06 militaires poursuivis dans le dossier \u00ab complot contre la s\u00fbret\u00e9 de l\u2019Etat \u00bb n\u2019ont pas \u00e9t\u00e9 fix\u00e9s leur sort ce mer ...\" \/>\n<meta name=\"robots\" content=\"index, follow, max-snippet:-1, max-image-preview:large, max-video-preview:-1\" \/>\n<link rel=\"canonical\" href=\"https:\/\/www.africa-press.net\/benin\/toutes-les-actualites\/complot-contre-la-surete-de-letat-au-benin-renvoi-du-proces-des-6-militaires-accuses\" \/>\n<meta property=\"og:locale\" content=\"fr_FR\" \/>\n<meta property=\"og:type\" content=\"article\" \/>\n<meta property=\"og:title\" content=\"Complot contre la s\u00fbret\u00e9 de l\u2019Etat au B\u00e9nin: renvoi du proc\u00e8s des 6 militaires accus\u00e9s\" \/>\n<meta property=\"og:description\" content=\"Les 06 militaires poursuivis dans le dossier \u00ab complot contre la s\u00fbret\u00e9 de l\u2019Etat \u00bb n\u2019ont pas \u00e9t\u00e9 fix\u00e9s leur sort ce mer ...\" \/>\n<meta property=\"og:url\" content=\"https:\/\/www.africa-press.net\/benin\/toutes-les-actualites\/complot-contre-la-surete-de-letat-au-benin-renvoi-du-proces-des-6-militaires-accuses\" \/>\n<meta property=\"og:site_name\" content=\"B\u00e9nin\" \/>\n<meta property=\"article:published_time\" content=\"2022-07-14T15:35:49+00:00\" \/>\n<meta property=\"article:modified_time\" content=\"2022-07-14T15:48:40+00:00\" \/>\n<meta property=\"og:image\" content=\"https:\/\/static.africa-press.net\/benin\/sites\/46\/2022\/07\/postQueueImg_19-62d03ab85dce2.jpg\" \/>\n\t<meta property=\"og:image:width\" content=\"1200\" \/>\n\t<meta property=\"og:image:height\" content=\"675\" \/>\n\t<meta property=\"og:image:type\" content=\"image\/jpeg\" \/>\n<meta name=\"author\" content=\"cfeditorfr\" \/>\n<meta name=\"twitter:card\" content=\"summary_large_image\" \/>\n<meta name=\"twitter:label1\" content=\"\u00c9crit par\" \/>\n\t<meta name=\"twitter:data1\" content=\"cfeditorfr\" \/>\n\t<meta name=\"twitter:label2\" content=\"Dur\u00e9e de lecture estim\u00e9e\" \/>\n\t<meta name=\"twitter:data2\" content=\"2 minutes\" \/>\n<script type=\"application\/ld+json\" class=\"yoast-schema-graph\">{\"@context\":\"https:\/\/schema.org\",\"@graph\":[{\"@type\":\"Article\",\"@id\":\"https:\/\/www.africa-press.net\/benin\/toutes-les-actualites\/complot-contre-la-surete-de-letat-au-benin-renvoi-du-proces-des-6-militaires-accuses#article\",\"isPartOf\":{\"@id\":\"https:\/\/www.africa-press.net\/benin\/toutes-les-actualites\/complot-contre-la-surete-de-letat-au-benin-renvoi-du-proces-des-6-militaires-accuses\"},\"author\":{\"name\":\"cfeditorfr\",\"@id\":\"https:\/\/www.africa-press.net\/benin\/#\/schema\/person\/2b1cf3cd81a31e3cd26889ca66d677f1\"},\"headline\":\"Complot contre la s\u00fbret\u00e9 de l\u2019Etat au B\u00e9nin: renvoi du proc\u00e8s des 6 militaires accus\u00e9s\",\"datePublished\":\"2022-07-14T15:35:49+00:00\",\"dateModified\":\"2022-07-14T15:48:40+00:00\",\"mainEntityOfPage\":{\"@id\":\"https:\/\/www.africa-press.net\/benin\/toutes-les-actualites\/complot-contre-la-surete-de-letat-au-benin-renvoi-du-proces-des-6-militaires-accuses\"},\"wordCount\":336,\"commentCount\":0,\"image\":{\"@id\":\"https:\/\/www.africa-press.net\/benin\/toutes-les-actualites\/complot-contre-la-surete-de-letat-au-benin-renvoi-du-proces-des-6-militaires-accuses#primaryimage\"},\"thumbnailUrl\":\"https:\/\/static.africa-press.net\/benin\/sites\/46\/2022\/07\/postQueueImg_19-62d03ab85dce2.jpg\",\"keywords\":[\"Africa Press\",\"Africa Press-Benin\",\"B\u00e9nin\"],\"articleSection\":[\"Communaut\u00e9\",\"homepage-french\",\"Toutes les actualit\u00e9s\"],\"inLanguage\":\"fr-FR\",\"potentialAction\":[{\"@type\":\"CommentAction\",\"name\":\"Comment\",\"target\":[\"https:\/\/www.africa-press.net\/benin\/toutes-les-actualites\/complot-contre-la-surete-de-letat-au-benin-renvoi-du-proces-des-6-militaires-accuses#respond\"]}]},{\"@type\":\"WebPage\",\"@id\":\"https:\/\/www.africa-press.net\/benin\/toutes-les-actualites\/complot-contre-la-surete-de-letat-au-benin-renvoi-du-proces-des-6-militaires-accuses\",\"url\":\"https:\/\/www.africa-press.net\/benin\/toutes-les-actualites\/complot-contre-la-surete-de-letat-au-benin-renvoi-du-proces-des-6-militaires-accuses\",\"name\":\"Complot contre la s\u00fbret\u00e9 de l\u2019Etat au B\u00e9nin: renvoi du proc\u00e8s des 6 militaires accus\u00e9s - B\u00e9nin\",\"isPartOf\":{\"@id\":\"https:\/\/www.africa-press.net\/benin\/#website\"},\"primaryImageOfPage\":{\"@id\":\"https:\/\/www.africa-press.net\/benin\/toutes-les-actualites\/complot-contre-la-surete-de-letat-au-benin-renvoi-du-proces-des-6-militaires-accuses#primaryimage\"},\"image\":{\"@id\":\"https:\/\/www.africa-press.net\/benin\/toutes-les-actualites\/complot-contre-la-surete-de-letat-au-benin-renvoi-du-proces-des-6-militaires-accuses#primaryimage\"},\"thumbnailUrl\":\"https:\/\/static.africa-press.net\/benin\/sites\/46\/2022\/07\/postQueueImg_19-62d03ab85dce2.jpg\",\"datePublished\":\"2022-07-14T15:35:49+00:00\",\"dateModified\":\"2022-07-14T15:48:40+00:00\",\"author\":{\"@id\":\"https:\/\/www.africa-press.net\/benin\/#\/schema\/person\/2b1cf3cd81a31e3cd26889ca66d677f1\"},\"description\":\"Les 06 militaires poursuivis dans le dossier \u00ab complot contre la s\u00fbret\u00e9 de l\u2019Etat \u00bb n\u2019ont pas \u00e9t\u00e9 fix\u00e9s leur sort ce mer ...\",\"breadcrumb\":{\"@id\":\"https:\/\/www.africa-press.net\/benin\/toutes-les-actualites\/complot-contre-la-surete-de-letat-au-benin-renvoi-du-proces-des-6-militaires-accuses#breadcrumb\"},\"inLanguage\":\"fr-FR\",\"potentialAction\":[{\"@type\":\"ReadAction\",\"target\":[\"https:\/\/www.africa-press.net\/benin\/toutes-les-actualites\/complot-contre-la-surete-de-letat-au-benin-renvoi-du-proces-des-6-militaires-accuses\"]}]},{\"@type\":\"ImageObject\",\"inLanguage\":\"fr-FR\",\"@id\":\"https:\/\/www.africa-press.net\/benin\/toutes-les-actualites\/complot-contre-la-surete-de-letat-au-benin-renvoi-du-proces-des-6-militaires-accuses#primaryimage\",\"url\":\"https:\/\/static.africa-press.net\/benin\/sites\/46\/2022\/07\/postQueueImg_19-62d03ab85dce2.jpg\",\"contentUrl\":\"https:\/\/static.africa-press.net\/benin\/sites\/46\/2022\/07\/postQueueImg_19-62d03ab85dce2.jpg\",\"width\":1200,\"height\":675,\"caption\":\"Complot contre la s\u00fbret\u00e9 de l\u2019Etat au B\u00e9nin: renvoi du proc\u00e8s des 6 militaires accus\u00e9s\"},{\"@type\":\"BreadcrumbList\",\"@id\":\"https:\/\/www.africa-press.net\/benin\/toutes-les-actualites\/complot-contre-la-surete-de-letat-au-benin-renvoi-du-proces-des-6-militaires-accuses#breadcrumb\",\"itemListElement\":[{\"@type\":\"ListItem\",\"position\":1,\"name\":\"Accueil\",\"item\":\"https:\/\/www.africa-press.net\/benin\/\"},{\"@type\":\"ListItem\",\"position\":2,\"name\":\"Complot contre la s\u00fbret\u00e9 de l\u2019Etat au B\u00e9nin: renvoi du proc\u00e8s des 6 militaires accus\u00e9s\"}]},{\"@type\":\"WebSite\",\"@id\":\"https:\/\/www.africa-press.net\/benin\/#website\",\"url\":\"https:\/\/www.africa-press.net\/benin\/\",\"name\":\"B\u00e9nin\",\"description\":\"Just another Africa News Agency Sites site\",\"potentialAction\":[{\"@type\":\"SearchAction\",\"target\":{\"@type\":\"EntryPoint\",\"urlTemplate\":\"https:\/\/www.africa-press.net\/benin\/?s={search_term_string}\"},\"query-input\":{\"@type\":\"PropertyValueSpecification\",\"valueRequired\":true,\"valueName\":\"search_term_string\"}}],\"inLanguage\":\"fr-FR\"},{\"@type\":\"Person\",\"@id\":\"https:\/\/www.africa-press.net\/benin\/#\/schema\/person\/2b1cf3cd81a31e3cd26889ca66d677f1\",\"name\":\"cfeditorfr\"}]}<\/script>\n<!-- \/ Yoast SEO Premium plugin. -->","yoast_head_json":{"title":"Complot contre la s\u00fbret\u00e9 de l\u2019Etat au B\u00e9nin: renvoi du proc\u00e8s des 6 militaires accus\u00e9s - B\u00e9nin","description":"Les 06 militaires poursuivis dans le dossier \u00ab complot contre la s\u00fbret\u00e9 de l\u2019Etat \u00bb n\u2019ont pas \u00e9t\u00e9 fix\u00e9s leur sort ce mer ...","robots":{"index":"index","follow":"follow","max-snippet":"max-snippet:-1","max-image-preview":"max-image-preview:large","max-video-preview":"max-video-preview:-1"},"canonical":"https:\/\/www.africa-press.net\/benin\/toutes-les-actualites\/complot-contre-la-surete-de-letat-au-benin-renvoi-du-proces-des-6-militaires-accuses","og_locale":"fr_FR","og_type":"article","og_title":"Complot contre la s\u00fbret\u00e9 de l\u2019Etat au B\u00e9nin: renvoi du proc\u00e8s des 6 militaires accus\u00e9s","og_description":"Les 06 militaires poursuivis dans le dossier \u00ab complot contre la s\u00fbret\u00e9 de l\u2019Etat \u00bb n\u2019ont pas \u00e9t\u00e9 fix\u00e9s leur sort ce mer ...","og_url":"https:\/\/www.africa-press.net\/benin\/toutes-les-actualites\/complot-contre-la-surete-de-letat-au-benin-renvoi-du-proces-des-6-militaires-accuses","og_site_name":"B\u00e9nin","article_published_time":"2022-07-14T15:35:49+00:00","article_modified_time":"2022-07-14T15:48:40+00:00","og_image":[{"width":1200,"height":675,"url":"https:\/\/static.africa-press.net\/benin\/sites\/46\/2022\/07\/postQueueImg_19-62d03ab85dce2.jpg","type":"image\/jpeg"}],"author":"cfeditorfr","twitter_card":"summary_large_image","twitter_misc":{"\u00c9crit par":"cfeditorfr","Dur\u00e9e de lecture estim\u00e9e":"2 minutes"},"schema":{"@context":"https:\/\/schema.org","@graph":[{"@type":"Article","@id":"https:\/\/www.africa-press.net\/benin\/toutes-les-actualites\/complot-contre-la-surete-de-letat-au-benin-renvoi-du-proces-des-6-militaires-accuses#article","isPartOf":{"@id":"https:\/\/www.africa-press.net\/benin\/toutes-les-actualites\/complot-contre-la-surete-de-letat-au-benin-renvoi-du-proces-des-6-militaires-accuses"},"author":{"name":"cfeditorfr","@id":"https:\/\/www.africa-press.net\/benin\/#\/schema\/person\/2b1cf3cd81a31e3cd26889ca66d677f1"},"headline":"Complot contre la s\u00fbret\u00e9 de l\u2019Etat au B\u00e9nin: renvoi du proc\u00e8s des 6 militaires accus\u00e9s","datePublished":"2022-07-14T15:35:49+00:00","dateModified":"2022-07-14T15:48:40+00:00","mainEntityOfPage":{"@id":"https:\/\/www.africa-press.net\/benin\/toutes-les-actualites\/complot-contre-la-surete-de-letat-au-benin-renvoi-du-proces-des-6-militaires-accuses"},"wordCount":336,"commentCount":0,"image":{"@id":"https:\/\/www.africa-press.net\/benin\/toutes-les-actualites\/complot-contre-la-surete-de-letat-au-benin-renvoi-du-proces-des-6-militaires-accuses#primaryimage"},"thumbnailUrl":"https:\/\/static.africa-press.net\/benin\/sites\/46\/2022\/07\/postQueueImg_19-62d03ab85dce2.jpg","keywords":["Africa Press","Africa Press-Benin","B\u00e9nin"],"articleSection":["Communaut\u00e9","homepage-french","Toutes les actualit\u00e9s"],"inLanguage":"fr-FR","potentialAction":[{"@type":"CommentAction","name":"Comment","target":["https:\/\/www.africa-press.net\/benin\/toutes-les-actualites\/complot-contre-la-surete-de-letat-au-benin-renvoi-du-proces-des-6-militaires-accuses#respond"]}]},{"@type":"WebPage","@id":"https:\/\/www.africa-press.net\/benin\/toutes-les-actualites\/complot-contre-la-surete-de-letat-au-benin-renvoi-du-proces-des-6-militaires-accuses","url":"https:\/\/www.africa-press.net\/benin\/toutes-les-actualites\/complot-contre-la-surete-de-letat-au-benin-renvoi-du-proces-des-6-militaires-accuses","name":"Complot contre la s\u00fbret\u00e9 de l\u2019Etat au B\u00e9nin: renvoi du proc\u00e8s des 6 militaires accus\u00e9s - B\u00e9nin","isPartOf":{"@id":"https:\/\/www.africa-press.net\/benin\/#website"},"primaryImageOfPage":{"@id":"https:\/\/www.africa-press.net\/benin\/toutes-les-actualites\/complot-contre-la-surete-de-letat-au-benin-renvoi-du-proces-des-6-militaires-accuses#primaryimage"},"image":{"@id":"https:\/\/www.africa-press.net\/benin\/toutes-les-actualites\/complot-contre-la-surete-de-letat-au-benin-renvoi-du-proces-des-6-militaires-accuses#primaryimage"},"thumbnailUrl":"https:\/\/static.africa-press.net\/benin\/sites\/46\/2022\/07\/postQueueImg_19-62d03ab85dce2.jpg","datePublished":"2022-07-14T15:35:49+00:00","dateModified":"2022-07-14T15:48:40+00:00","author":{"@id":"https:\/\/www.africa-press.net\/benin\/#\/schema\/person\/2b1cf3cd81a31e3cd26889ca66d677f1"},"description":"Les 06 militaires poursuivis dans le dossier \u00ab complot contre la s\u00fbret\u00e9 de l\u2019Etat \u00bb n\u2019ont pas \u00e9t\u00e9 fix\u00e9s leur sort ce mer ...","breadcrumb":{"@id":"https:\/\/www.africa-press.net\/benin\/toutes-les-actualites\/complot-contre-la-surete-de-letat-au-benin-renvoi-du-proces-des-6-militaires-accuses#breadcrumb"},"inLanguage":"fr-FR","potentialAction":[{"@type":"ReadAction","target":["https:\/\/www.africa-press.net\/benin\/toutes-les-actualites\/complot-contre-la-surete-de-letat-au-benin-renvoi-du-proces-des-6-militaires-accuses"]}]},{"@type":"ImageObject","inLanguage":"fr-FR","@id":"https:\/\/www.africa-press.net\/benin\/toutes-les-actualites\/complot-contre-la-surete-de-letat-au-benin-renvoi-du-proces-des-6-militaires-accuses#primaryimage","url":"https:\/\/static.africa-press.net\/benin\/sites\/46\/2022\/07\/postQueueImg_19-62d03ab85dce2.jpg","contentUrl":"https:\/\/static.africa-press.net\/benin\/sites\/46\/2022\/07\/postQueueImg_19-62d03ab85dce2.jpg","width":1200,"height":675,"caption":"Complot contre la s\u00fbret\u00e9 de l\u2019Etat au B\u00e9nin: renvoi du proc\u00e8s des 6 militaires accus\u00e9s"},{"@type":"BreadcrumbList","@id":"https:\/\/www.africa-press.net\/benin\/toutes-les-actualites\/complot-contre-la-surete-de-letat-au-benin-renvoi-du-proces-des-6-militaires-accuses#breadcrumb","itemListElement":[{"@type":"ListItem","position":1,"name":"Accueil","item":"https:\/\/www.africa-press.net\/benin\/"},{"@type":"ListItem","position":2,"name":"Complot contre la s\u00fbret\u00e9 de l\u2019Etat au B\u00e9nin: renvoi du proc\u00e8s des 6 militaires accus\u00e9s"}]},{"@type":"WebSite","@id":"https:\/\/www.africa-press.net\/benin\/#website","url":"https:\/\/www.africa-press.net\/benin\/","name":"B\u00e9nin","description":"Just another Africa News Agency Sites site","potentialAction":[{"@type":"SearchAction","target":{"@type":"EntryPoint","urlTemplate":"https:\/\/www.africa-press.net\/benin\/?s={search_term_string}"},"query-input":{"@type":"PropertyValueSpecification","valueRequired":true,"valueName":"search_term_string"}}],"inLanguage":"fr-FR"},{"@type":"Person","@id":"https:\/\/www.africa-press.net\/benin\/#\/schema\/person\/2b1cf3cd81a31e3cd26889ca66d677f1","name":"cfeditorfr"}]}},"_links":{"self":[{"href":"https:\/\/www.africa-press.net\/benin\/wp-json\/wp\/v2\/posts\/6890","targetHints":{"allow":["GET"]}}],"collection":[{"href":"https:\/\/www.africa-press.net\/benin\/wp-json\/wp\/v2\/posts"}],"about":[{"href":"https:\/\/www.africa-press.net\/benin\/wp-json\/wp\/v2\/types\/post"}],"author":[{"embeddable":true,"href":"https:\/\/www.africa-press.net\/benin\/wp-json\/wp\/v2\/users\/82"}],"replies":[{"embeddable":true,"href":"https:\/\/www.africa-press.net\/benin\/wp-json\/wp\/v2\/comments?post=6890"}],"version-history":[{"count":0,"href":"https:\/\/www.africa-press.net\/benin\/wp-json\/wp\/v2\/posts\/6890\/revisions"}],"wp:featuredmedia":[{"embeddable":true,"href":"https:\/\/www.africa-press.net\/benin\/wp-json\/wp\/v2\/media\/6889"}],"wp:attachment":[{"href":"https:\/\/www.africa-press.net\/benin\/wp-json\/wp\/v2\/media?parent=6890"}],"wp:term":[{"taxonomy":"category","embeddable":true,"href":"https:\/\/www.africa-press.net\/benin\/wp-json\/wp\/v2\/categories?post=6890"},{"taxonomy":"post_tag","embeddable":true,"href":"https:\/\/www.africa-press.net\/benin\/wp-json\/wp\/v2\/tags?post=6890"}],"curies":[{"name":"wp","href":"https:\/\/api.w.org\/{rel}","templated":true}]}}