{"id":6893,"date":"2022-07-14T15:36:00","date_gmt":"2022-07-14T15:36:00","guid":{"rendered":"https:\/\/www.africa-press.net\/benin\/politique\/session-criminelle-de-cotonou-un-presume-assassin-recherche-par-la-justice"},"modified":"2022-07-14T15:49:16","modified_gmt":"2022-07-14T15:49:16","slug":"session-criminelle-de-cotonou-un-presume-assassin-recherche-par-la-justice","status":"publish","type":"post","link":"https:\/\/www.africa-press.net\/benin\/toutes-les-actualites\/session-criminelle-de-cotonou-un-presume-assassin-recherche-par-la-justice","title":{"rendered":"Session criminelle de Cotonou: un pr\u00e9sum\u00e9 assassin recherch\u00e9 par la justice"},"content":{"rendered":"<p><span style=\"color: #ff6600\"><strong>Africa-Press &#8211; Benin. <\/strong><\/span>Ouverte depuis quelques jours, la session criminelle du tribunal de Cotonou a examin\u00e9 ce mercredi un dossier de viol coupl\u00e9 de meurtre. A l\u2019issue du proc\u00e8s, le dossier a \u00e9t\u00e9 renvoy\u00e9 parce que le pr\u00e9sum\u00e9 accus\u00e9 d\u2019assassinat qui avait b\u00e9n\u00e9fici\u00e9 d\u2019une libert\u00e9 provisoire reste introuvable.<\/p>\n<p>Dans le dossier mis en examen ce mercredi 13 Juillet 2022 au tribunal de Cotonou o\u00f9 se d\u00e9roule depuis quelques jours la session criminelle, l\u2019un des accus\u00e9s dans ce dossier n\u2019a pas r\u00e9pondu pr\u00e9sent \u00e0 l\u2019audience. Sur la demande de son avocat, le dossier a \u00e9t\u00e9 renvoy\u00e9.<\/p>\n<p>Il s\u2019agit dans ce dossier , d\u2019une affaire de viol coupl\u00e9 d\u2019assassinat d\u2019une femme. Les deux inculp\u00e9s dans ce dossier sont respectivement poursuivis pour viol et pour homicide. Au cours du proc\u00e8s de ce mercredi, le tribunal a rendu son jugement sur le chef d\u2019accusation de viol. Le tribunal n\u2019a pu rendre sa d\u00e9cision dans l\u2019affaire d\u2019homicide parce que l\u2019accus\u00e9 \u00e9tait absent au proc\u00e8s.<\/p>\n<p>Sur invitation du pr\u00e9sident de c\u00e9ans, le minist\u00e8re public a \u00e9t\u00e9 pri\u00e9 de se prononcer sur la conduite \u00e0 tenir face \u00e0 l\u2019absence de l\u2019accus\u00e9. Le repr\u00e9sentant du minist\u00e8re public a demand\u00e9 au juge de statuer par d\u00e9faut sur le cas de l\u2019accus\u00e9 absent. Mais l\u2019avocat de ce dernier s\u2019interpose.<\/p>\n<p>Il propose au tribunal de dissocier le dossier de viol de celui d\u2019homicide et de reprogrammer une autre audience sp\u00e9cialement pour le cas de son client. L\u2019audience fut suspendue pour statuer sur cette demande. A la reprise, le juge acc\u00e8de \u00e0 la demande de l\u2019avocat du pr\u00e9sum\u00e9 assassin. L\u2019audience est donc renvoy\u00e9e.<\/p>\n<p>Les faits se sont d\u00e9roul\u00e9s dans les ann\u00e9es 2011 \u00e0 Agla, un quartier p\u00e9riph\u00e9rique de Cotonou. La personne accus\u00e9e de meurtre avait b\u00e9n\u00e9fici\u00e9 d\u2019une libert\u00e9 provisoire qui lui a \u00e9t\u00e9 accord\u00e9e le 16 Ao\u00fbt 2012. Il est donc actuellement recherch\u00e9 par la justice et pourrait \u00eatre condamn\u00e9 par contumace s\u2019il ne se pr\u00e9sente pas \u00e0 la prochaine audience.<\/p>\n<p><strong>Pour plus d&rsquo;informations et d&rsquo;analyses sur la <a href=\"https:\/\/www.africa-press.net\/benin\">Benin<\/a>, suivez <a href=\"https:\/\/www.africa-press.net\/\">Africa-Press<\/a><\/strong><\/p>\n","protected":false},"excerpt":{"rendered":"<p>Africa-Press &#8211; Benin. Ouverte depuis quelques jours, la session criminelle du tribunal de Cotonou a examin\u00e9 ce mercredi un dossier de viol coupl\u00e9 de meurtre. A l\u2019issue du proc\u00e8s, le dossier a \u00e9t\u00e9 renvoy\u00e9 parce que le pr\u00e9sum\u00e9 accus\u00e9 d\u2019assassinat qui avait b\u00e9n\u00e9fici\u00e9 d\u2019une libert\u00e9 provisoire reste introuvable. Dans le dossier mis en examen ce [&hellip;]<\/p>\n","protected":false},"author":82,"featured_media":6892,"comment_status":"open","ping_status":"closed","sticky":false,"template":"","format":"standard","meta":{"footnotes":""},"categories":[21,11,10],"tags":[36,50,45],"class_list":["post-6893","post","type-post","status-publish","format-standard","has-post-thumbnail","hentry","category-communaute","category-homepage-french","category-toutes-les-actualites","tag-africa-press","tag-africa-press-benin","tag-benin"],"yoast_head":"<!-- This site is optimized with the Yoast SEO Premium plugin v26.1 (Yoast SEO v27.0) - https:\/\/yoast.com\/product\/yoast-seo-premium-wordpress\/ -->\n<title>Session criminelle de Cotonou: un pr\u00e9sum\u00e9 assassin recherch\u00e9 par la justice - B\u00e9nin<\/title>\n<meta name=\"description\" content=\"Ouverte depuis quelques jours, la session criminelle du tribunal de Cotonou a examin\u00e9 ce mercredi un dossier de viol cou ...\" \/>\n<meta name=\"robots\" content=\"index, follow, max-snippet:-1, max-image-preview:large, max-video-preview:-1\" \/>\n<link rel=\"canonical\" href=\"https:\/\/www.africa-press.net\/benin\/toutes-les-actualites\/session-criminelle-de-cotonou-un-presume-assassin-recherche-par-la-justice\" \/>\n<meta property=\"og:locale\" content=\"fr_FR\" \/>\n<meta property=\"og:type\" content=\"article\" \/>\n<meta property=\"og:title\" content=\"Session criminelle de Cotonou: un pr\u00e9sum\u00e9 assassin recherch\u00e9 par la justice\" \/>\n<meta property=\"og:description\" content=\"Ouverte depuis quelques jours, la session criminelle du tribunal de Cotonou a examin\u00e9 ce mercredi un dossier de viol cou ...\" \/>\n<meta property=\"og:url\" content=\"https:\/\/www.africa-press.net\/benin\/toutes-les-actualites\/session-criminelle-de-cotonou-un-presume-assassin-recherche-par-la-justice\" \/>\n<meta property=\"og:site_name\" content=\"B\u00e9nin\" \/>\n<meta property=\"article:published_time\" content=\"2022-07-14T15:36:00+00:00\" \/>\n<meta property=\"article:modified_time\" content=\"2022-07-14T15:49:16+00:00\" \/>\n<meta property=\"og:image\" content=\"https:\/\/static.africa-press.net\/benin\/sites\/46\/2022\/07\/postQueueImg_20-62d03adee79db.jpg\" \/>\n\t<meta property=\"og:image:width\" content=\"560\" \/>\n\t<meta property=\"og:image:height\" content=\"292\" \/>\n\t<meta property=\"og:image:type\" content=\"image\/jpeg\" \/>\n<meta name=\"author\" content=\"cfeditorfr\" \/>\n<meta name=\"twitter:card\" content=\"summary_large_image\" \/>\n<meta name=\"twitter:label1\" content=\"\u00c9crit par\" \/>\n\t<meta name=\"twitter:data1\" content=\"cfeditorfr\" \/>\n\t<meta name=\"twitter:label2\" content=\"Dur\u00e9e de lecture estim\u00e9e\" \/>\n\t<meta name=\"twitter:data2\" content=\"2 minutes\" \/>\n<script type=\"application\/ld+json\" class=\"yoast-schema-graph\">{\"@context\":\"https:\/\/schema.org\",\"@graph\":[{\"@type\":\"Article\",\"@id\":\"https:\/\/www.africa-press.net\/benin\/toutes-les-actualites\/session-criminelle-de-cotonou-un-presume-assassin-recherche-par-la-justice#article\",\"isPartOf\":{\"@id\":\"https:\/\/www.africa-press.net\/benin\/toutes-les-actualites\/session-criminelle-de-cotonou-un-presume-assassin-recherche-par-la-justice\"},\"author\":{\"name\":\"cfeditorfr\",\"@id\":\"https:\/\/www.africa-press.net\/benin\/#\/schema\/person\/2b1cf3cd81a31e3cd26889ca66d677f1\"},\"headline\":\"Session criminelle de Cotonou: un pr\u00e9sum\u00e9 assassin recherch\u00e9 par la justice\",\"datePublished\":\"2022-07-14T15:36:00+00:00\",\"dateModified\":\"2022-07-14T15:49:16+00:00\",\"mainEntityOfPage\":{\"@id\":\"https:\/\/www.africa-press.net\/benin\/toutes-les-actualites\/session-criminelle-de-cotonou-un-presume-assassin-recherche-par-la-justice\"},\"wordCount\":390,\"commentCount\":0,\"image\":{\"@id\":\"https:\/\/www.africa-press.net\/benin\/toutes-les-actualites\/session-criminelle-de-cotonou-un-presume-assassin-recherche-par-la-justice#primaryimage\"},\"thumbnailUrl\":\"https:\/\/static.africa-press.net\/benin\/sites\/46\/2022\/07\/postQueueImg_20-62d03adee79db.jpg\",\"keywords\":[\"Africa Press\",\"Africa Press-Benin\",\"B\u00e9nin\"],\"articleSection\":[\"Communaut\u00e9\",\"homepage-french\",\"Toutes les actualit\u00e9s\"],\"inLanguage\":\"fr-FR\",\"potentialAction\":[{\"@type\":\"CommentAction\",\"name\":\"Comment\",\"target\":[\"https:\/\/www.africa-press.net\/benin\/toutes-les-actualites\/session-criminelle-de-cotonou-un-presume-assassin-recherche-par-la-justice#respond\"]}]},{\"@type\":\"WebPage\",\"@id\":\"https:\/\/www.africa-press.net\/benin\/toutes-les-actualites\/session-criminelle-de-cotonou-un-presume-assassin-recherche-par-la-justice\",\"url\":\"https:\/\/www.africa-press.net\/benin\/toutes-les-actualites\/session-criminelle-de-cotonou-un-presume-assassin-recherche-par-la-justice\",\"name\":\"Session criminelle de Cotonou: un pr\u00e9sum\u00e9 assassin recherch\u00e9 par la justice - B\u00e9nin\",\"isPartOf\":{\"@id\":\"https:\/\/www.africa-press.net\/benin\/#website\"},\"primaryImageOfPage\":{\"@id\":\"https:\/\/www.africa-press.net\/benin\/toutes-les-actualites\/session-criminelle-de-cotonou-un-presume-assassin-recherche-par-la-justice#primaryimage\"},\"image\":{\"@id\":\"https:\/\/www.africa-press.net\/benin\/toutes-les-actualites\/session-criminelle-de-cotonou-un-presume-assassin-recherche-par-la-justice#primaryimage\"},\"thumbnailUrl\":\"https:\/\/static.africa-press.net\/benin\/sites\/46\/2022\/07\/postQueueImg_20-62d03adee79db.jpg\",\"datePublished\":\"2022-07-14T15:36:00+00:00\",\"dateModified\":\"2022-07-14T15:49:16+00:00\",\"author\":{\"@id\":\"https:\/\/www.africa-press.net\/benin\/#\/schema\/person\/2b1cf3cd81a31e3cd26889ca66d677f1\"},\"description\":\"Ouverte depuis quelques jours, la session criminelle du tribunal de Cotonou a examin\u00e9 ce mercredi un dossier de viol cou ...\",\"breadcrumb\":{\"@id\":\"https:\/\/www.africa-press.net\/benin\/toutes-les-actualites\/session-criminelle-de-cotonou-un-presume-assassin-recherche-par-la-justice#breadcrumb\"},\"inLanguage\":\"fr-FR\",\"potentialAction\":[{\"@type\":\"ReadAction\",\"target\":[\"https:\/\/www.africa-press.net\/benin\/toutes-les-actualites\/session-criminelle-de-cotonou-un-presume-assassin-recherche-par-la-justice\"]}]},{\"@type\":\"ImageObject\",\"inLanguage\":\"fr-FR\",\"@id\":\"https:\/\/www.africa-press.net\/benin\/toutes-les-actualites\/session-criminelle-de-cotonou-un-presume-assassin-recherche-par-la-justice#primaryimage\",\"url\":\"https:\/\/static.africa-press.net\/benin\/sites\/46\/2022\/07\/postQueueImg_20-62d03adee79db.jpg\",\"contentUrl\":\"https:\/\/static.africa-press.net\/benin\/sites\/46\/2022\/07\/postQueueImg_20-62d03adee79db.jpg\",\"width\":560,\"height\":292,\"caption\":\"Session criminelle de Cotonou: un pr\u00e9sum\u00e9 assassin recherch\u00e9 par la justice\"},{\"@type\":\"BreadcrumbList\",\"@id\":\"https:\/\/www.africa-press.net\/benin\/toutes-les-actualites\/session-criminelle-de-cotonou-un-presume-assassin-recherche-par-la-justice#breadcrumb\",\"itemListElement\":[{\"@type\":\"ListItem\",\"position\":1,\"name\":\"Accueil\",\"item\":\"https:\/\/www.africa-press.net\/benin\/\"},{\"@type\":\"ListItem\",\"position\":2,\"name\":\"Session criminelle de Cotonou: un pr\u00e9sum\u00e9 assassin recherch\u00e9 par la justice\"}]},{\"@type\":\"WebSite\",\"@id\":\"https:\/\/www.africa-press.net\/benin\/#website\",\"url\":\"https:\/\/www.africa-press.net\/benin\/\",\"name\":\"B\u00e9nin\",\"description\":\"Just another Africa News Agency Sites site\",\"potentialAction\":[{\"@type\":\"SearchAction\",\"target\":{\"@type\":\"EntryPoint\",\"urlTemplate\":\"https:\/\/www.africa-press.net\/benin\/?s={search_term_string}\"},\"query-input\":{\"@type\":\"PropertyValueSpecification\",\"valueRequired\":true,\"valueName\":\"search_term_string\"}}],\"inLanguage\":\"fr-FR\"},{\"@type\":\"Person\",\"@id\":\"https:\/\/www.africa-press.net\/benin\/#\/schema\/person\/2b1cf3cd81a31e3cd26889ca66d677f1\",\"name\":\"cfeditorfr\"}]}<\/script>\n<!-- \/ Yoast SEO Premium plugin. -->","yoast_head_json":{"title":"Session criminelle de Cotonou: un pr\u00e9sum\u00e9 assassin recherch\u00e9 par la justice - B\u00e9nin","description":"Ouverte depuis quelques jours, la session criminelle du tribunal de Cotonou a examin\u00e9 ce mercredi un dossier de viol cou ...","robots":{"index":"index","follow":"follow","max-snippet":"max-snippet:-1","max-image-preview":"max-image-preview:large","max-video-preview":"max-video-preview:-1"},"canonical":"https:\/\/www.africa-press.net\/benin\/toutes-les-actualites\/session-criminelle-de-cotonou-un-presume-assassin-recherche-par-la-justice","og_locale":"fr_FR","og_type":"article","og_title":"Session criminelle de Cotonou: un pr\u00e9sum\u00e9 assassin recherch\u00e9 par la justice","og_description":"Ouverte depuis quelques jours, la session criminelle du tribunal de Cotonou a examin\u00e9 ce mercredi un dossier de viol cou ...","og_url":"https:\/\/www.africa-press.net\/benin\/toutes-les-actualites\/session-criminelle-de-cotonou-un-presume-assassin-recherche-par-la-justice","og_site_name":"B\u00e9nin","article_published_time":"2022-07-14T15:36:00+00:00","article_modified_time":"2022-07-14T15:49:16+00:00","og_image":[{"width":560,"height":292,"url":"https:\/\/static.africa-press.net\/benin\/sites\/46\/2022\/07\/postQueueImg_20-62d03adee79db.jpg","type":"image\/jpeg"}],"author":"cfeditorfr","twitter_card":"summary_large_image","twitter_misc":{"\u00c9crit par":"cfeditorfr","Dur\u00e9e de lecture estim\u00e9e":"2 minutes"},"schema":{"@context":"https:\/\/schema.org","@graph":[{"@type":"Article","@id":"https:\/\/www.africa-press.net\/benin\/toutes-les-actualites\/session-criminelle-de-cotonou-un-presume-assassin-recherche-par-la-justice#article","isPartOf":{"@id":"https:\/\/www.africa-press.net\/benin\/toutes-les-actualites\/session-criminelle-de-cotonou-un-presume-assassin-recherche-par-la-justice"},"author":{"name":"cfeditorfr","@id":"https:\/\/www.africa-press.net\/benin\/#\/schema\/person\/2b1cf3cd81a31e3cd26889ca66d677f1"},"headline":"Session criminelle de Cotonou: un pr\u00e9sum\u00e9 assassin recherch\u00e9 par la justice","datePublished":"2022-07-14T15:36:00+00:00","dateModified":"2022-07-14T15:49:16+00:00","mainEntityOfPage":{"@id":"https:\/\/www.africa-press.net\/benin\/toutes-les-actualites\/session-criminelle-de-cotonou-un-presume-assassin-recherche-par-la-justice"},"wordCount":390,"commentCount":0,"image":{"@id":"https:\/\/www.africa-press.net\/benin\/toutes-les-actualites\/session-criminelle-de-cotonou-un-presume-assassin-recherche-par-la-justice#primaryimage"},"thumbnailUrl":"https:\/\/static.africa-press.net\/benin\/sites\/46\/2022\/07\/postQueueImg_20-62d03adee79db.jpg","keywords":["Africa Press","Africa Press-Benin","B\u00e9nin"],"articleSection":["Communaut\u00e9","homepage-french","Toutes les actualit\u00e9s"],"inLanguage":"fr-FR","potentialAction":[{"@type":"CommentAction","name":"Comment","target":["https:\/\/www.africa-press.net\/benin\/toutes-les-actualites\/session-criminelle-de-cotonou-un-presume-assassin-recherche-par-la-justice#respond"]}]},{"@type":"WebPage","@id":"https:\/\/www.africa-press.net\/benin\/toutes-les-actualites\/session-criminelle-de-cotonou-un-presume-assassin-recherche-par-la-justice","url":"https:\/\/www.africa-press.net\/benin\/toutes-les-actualites\/session-criminelle-de-cotonou-un-presume-assassin-recherche-par-la-justice","name":"Session criminelle de Cotonou: un pr\u00e9sum\u00e9 assassin recherch\u00e9 par la justice - B\u00e9nin","isPartOf":{"@id":"https:\/\/www.africa-press.net\/benin\/#website"},"primaryImageOfPage":{"@id":"https:\/\/www.africa-press.net\/benin\/toutes-les-actualites\/session-criminelle-de-cotonou-un-presume-assassin-recherche-par-la-justice#primaryimage"},"image":{"@id":"https:\/\/www.africa-press.net\/benin\/toutes-les-actualites\/session-criminelle-de-cotonou-un-presume-assassin-recherche-par-la-justice#primaryimage"},"thumbnailUrl":"https:\/\/static.africa-press.net\/benin\/sites\/46\/2022\/07\/postQueueImg_20-62d03adee79db.jpg","datePublished":"2022-07-14T15:36:00+00:00","dateModified":"2022-07-14T15:49:16+00:00","author":{"@id":"https:\/\/www.africa-press.net\/benin\/#\/schema\/person\/2b1cf3cd81a31e3cd26889ca66d677f1"},"description":"Ouverte depuis quelques jours, la session criminelle du tribunal de Cotonou a examin\u00e9 ce mercredi un dossier de viol cou ...","breadcrumb":{"@id":"https:\/\/www.africa-press.net\/benin\/toutes-les-actualites\/session-criminelle-de-cotonou-un-presume-assassin-recherche-par-la-justice#breadcrumb"},"inLanguage":"fr-FR","potentialAction":[{"@type":"ReadAction","target":["https:\/\/www.africa-press.net\/benin\/toutes-les-actualites\/session-criminelle-de-cotonou-un-presume-assassin-recherche-par-la-justice"]}]},{"@type":"ImageObject","inLanguage":"fr-FR","@id":"https:\/\/www.africa-press.net\/benin\/toutes-les-actualites\/session-criminelle-de-cotonou-un-presume-assassin-recherche-par-la-justice#primaryimage","url":"https:\/\/static.africa-press.net\/benin\/sites\/46\/2022\/07\/postQueueImg_20-62d03adee79db.jpg","contentUrl":"https:\/\/static.africa-press.net\/benin\/sites\/46\/2022\/07\/postQueueImg_20-62d03adee79db.jpg","width":560,"height":292,"caption":"Session criminelle de Cotonou: un pr\u00e9sum\u00e9 assassin recherch\u00e9 par la justice"},{"@type":"BreadcrumbList","@id":"https:\/\/www.africa-press.net\/benin\/toutes-les-actualites\/session-criminelle-de-cotonou-un-presume-assassin-recherche-par-la-justice#breadcrumb","itemListElement":[{"@type":"ListItem","position":1,"name":"Accueil","item":"https:\/\/www.africa-press.net\/benin\/"},{"@type":"ListItem","position":2,"name":"Session criminelle de Cotonou: un pr\u00e9sum\u00e9 assassin recherch\u00e9 par la justice"}]},{"@type":"WebSite","@id":"https:\/\/www.africa-press.net\/benin\/#website","url":"https:\/\/www.africa-press.net\/benin\/","name":"B\u00e9nin","description":"Just another Africa News Agency Sites site","potentialAction":[{"@type":"SearchAction","target":{"@type":"EntryPoint","urlTemplate":"https:\/\/www.africa-press.net\/benin\/?s={search_term_string}"},"query-input":{"@type":"PropertyValueSpecification","valueRequired":true,"valueName":"search_term_string"}}],"inLanguage":"fr-FR"},{"@type":"Person","@id":"https:\/\/www.africa-press.net\/benin\/#\/schema\/person\/2b1cf3cd81a31e3cd26889ca66d677f1","name":"cfeditorfr"}]}},"_links":{"self":[{"href":"https:\/\/www.africa-press.net\/benin\/wp-json\/wp\/v2\/posts\/6893","targetHints":{"allow":["GET"]}}],"collection":[{"href":"https:\/\/www.africa-press.net\/benin\/wp-json\/wp\/v2\/posts"}],"about":[{"href":"https:\/\/www.africa-press.net\/benin\/wp-json\/wp\/v2\/types\/post"}],"author":[{"embeddable":true,"href":"https:\/\/www.africa-press.net\/benin\/wp-json\/wp\/v2\/users\/82"}],"replies":[{"embeddable":true,"href":"https:\/\/www.africa-press.net\/benin\/wp-json\/wp\/v2\/comments?post=6893"}],"version-history":[{"count":0,"href":"https:\/\/www.africa-press.net\/benin\/wp-json\/wp\/v2\/posts\/6893\/revisions"}],"wp:featuredmedia":[{"embeddable":true,"href":"https:\/\/www.africa-press.net\/benin\/wp-json\/wp\/v2\/media\/6892"}],"wp:attachment":[{"href":"https:\/\/www.africa-press.net\/benin\/wp-json\/wp\/v2\/media?parent=6893"}],"wp:term":[{"taxonomy":"category","embeddable":true,"href":"https:\/\/www.africa-press.net\/benin\/wp-json\/wp\/v2\/categories?post=6893"},{"taxonomy":"post_tag","embeddable":true,"href":"https:\/\/www.africa-press.net\/benin\/wp-json\/wp\/v2\/tags?post=6893"}],"curies":[{"name":"wp","href":"https:\/\/api.w.org\/{rel}","templated":true}]}}