{"id":6896,"date":"2022-07-14T15:36:47","date_gmt":"2022-07-14T15:36:47","guid":{"rendered":"https:\/\/www.africa-press.net\/benin\/politique\/je-suis-candidat-a-tout-ce-que-le-parti-me-demandera-de-faire-joseph-djogbenou"},"modified":"2022-07-14T15:49:56","modified_gmt":"2022-07-14T15:49:56","slug":"je-suis-candidat-a-tout-ce-que-le-parti-me-demandera-de-faire-joseph-djogbenou","status":"publish","type":"post","link":"https:\/\/www.africa-press.net\/benin\/politique\/je-suis-candidat-a-tout-ce-que-le-parti-me-demandera-de-faire-joseph-djogbenou","title":{"rendered":"\u00ab\u00a0Je suis candidat \u00e0 tout ce que le parti me demandera de faire\u00a0\u00bb, Joseph Djogb\u00e9nou"},"content":{"rendered":"<p><span style=\"color: #ff6600\"><strong>Africa-Press &#8211; Benin. <\/strong><\/span>En conf\u00e9rence de presse mercredi 13 juillet 2022, l\u2019ancien pr\u00e9sident de la Cour constitutionnelle, Joseph Djogb\u00e9nou a annonc\u00e9 son retour dans l\u2019ar\u00e8ne politique. Il annonce son come-back en tant que simple militant de l\u2019Union Progressiste (UP), mais il se dit pr\u00eat \u00e0 accomplir tout ce que le parti lui confiera.<\/p>\n<p>La d\u00e9mission de Joseph Djogb\u00e9nou de la Cour constitutionnelle a suscit\u00e9 des interrogations, notamment en la liant avec les prochaines \u00e9ch\u00e9ances \u00e9lectorales qui s\u2019annoncent. A-t-il d\u00e9missionn\u00e9 pour \u00eatre candidat aux l\u00e9gislatives de 2023 ? L\u2019ancien ministre de la justice s\u2019en remet \u00e0 la volont\u00e9 et \u00e0 la d\u00e9cision de sa famille politique. \u00ab Je suis candidat \u00e0 tout ce que le parti me demandera de faire \u00bb, a-t-il d\u00e9clar\u00e9.<\/p>\n<p>Selon ses explications, il veut renouer avec l\u2019engagement politique sans viser en priorit\u00e9 un poste ou une responsabilit\u00e9 pr\u00e9cise. N\u00e9anmoins, plusieurs sources l\u2019annoncent \u00e0 la t\u00eate de l\u2019Union Progressiste et m\u00eame plus tard \u00e0 la t\u00eate du bureau de l\u2019Assembl\u00e9e nationale, 9e l\u00e9gislature. Le timing de la d\u00e9mission conforte d\u2019ailleurs ses informations qui rel\u00e8vent sans doute d\u2019une strat\u00e9gie politique.<\/p>\n<p>Ancien d\u00e9put\u00e9 de la 7e l\u00e9gislature, Joseph Djogb\u00e9nou, m\u00eame s\u2019il \u00e9tait plus connu en tant qu\u2019acteur de la soci\u00e9t\u00e9 civile, a une exp\u00e9rience des \u00e9lections l\u00e9gislatives et de la responsabilit\u00e9 parlementaire. Il y \u00e9tait d\u2019ailleurs \u00e0 l\u2019Assembl\u00e9e nationale quand il avait \u00e9t\u00e9 appel\u00e9 pour servir aux c\u00f4t\u00e9s du pr\u00e9sident Patrice Talon, au poste de ministre de la justice.<\/p>\n<p>Un notre pantin Pinocchio man l\u2019aise le peuple choisir n\u2019e nous pr\u00e9sente plus personnes les africains n\u2019e vous l\u2019aisera plus<\/p>\n<p><strong>Pour plus d&rsquo;informations et d&rsquo;analyses sur la <a href=\"https:\/\/www.africa-press.net\/benin\">Benin<\/a>, suivez <a href=\"https:\/\/www.africa-press.net\/\">Africa-Press<\/a><\/strong><\/p>\n","protected":false},"excerpt":{"rendered":"<p>Africa-Press &#8211; Benin. En conf\u00e9rence de presse mercredi 13 juillet 2022, l\u2019ancien pr\u00e9sident de la Cour constitutionnelle, Joseph Djogb\u00e9nou a annonc\u00e9 son retour dans l\u2019ar\u00e8ne politique. Il annonce son come-back en tant que simple militant de l\u2019Union Progressiste (UP), mais il se dit pr\u00eat \u00e0 accomplir tout ce que le parti lui confiera. La d\u00e9mission [&hellip;]<\/p>\n","protected":false},"author":82,"featured_media":6895,"comment_status":"open","ping_status":"closed","sticky":false,"template":"","format":"standard","meta":{"footnotes":""},"categories":[11,2,10],"tags":[36,50,45],"class_list":["post-6896","post","type-post","status-publish","format-standard","has-post-thumbnail","hentry","category-homepage-french","category-politique","category-toutes-les-actualites","tag-africa-press","tag-africa-press-benin","tag-benin"],"yoast_head":"<!-- This site is optimized with the Yoast SEO Premium plugin v26.1 (Yoast SEO v27.0) - https:\/\/yoast.com\/product\/yoast-seo-premium-wordpress\/ -->\n<title>\u00ab\u00a0Je suis candidat \u00e0 tout ce que le parti me demandera de faire\u00a0\u00bb, Joseph Djogb\u00e9nou - B\u00e9nin<\/title>\n<meta name=\"description\" content=\"En conf\u00e9rence de presse mercredi 13 juillet 2022, l\u2019ancien pr\u00e9sident de la Cour constitutionnelle, Joseph Djogb\u00e9nou a an ...\" \/>\n<meta name=\"robots\" content=\"index, follow, max-snippet:-1, max-image-preview:large, max-video-preview:-1\" \/>\n<link rel=\"canonical\" href=\"https:\/\/www.africa-press.net\/benin\/politique\/je-suis-candidat-a-tout-ce-que-le-parti-me-demandera-de-faire-joseph-djogbenou\" \/>\n<meta property=\"og:locale\" content=\"fr_FR\" \/>\n<meta property=\"og:type\" content=\"article\" \/>\n<meta property=\"og:title\" content=\"\u00ab\u00a0Je suis candidat \u00e0 tout ce que le parti me demandera de faire\u00a0\u00bb, Joseph Djogb\u00e9nou\" \/>\n<meta property=\"og:description\" content=\"En conf\u00e9rence de presse mercredi 13 juillet 2022, l\u2019ancien pr\u00e9sident de la Cour constitutionnelle, Joseph Djogb\u00e9nou a an ...\" \/>\n<meta property=\"og:url\" content=\"https:\/\/www.africa-press.net\/benin\/politique\/je-suis-candidat-a-tout-ce-que-le-parti-me-demandera-de-faire-joseph-djogbenou\" \/>\n<meta property=\"og:site_name\" content=\"B\u00e9nin\" \/>\n<meta property=\"article:published_time\" content=\"2022-07-14T15:36:47+00:00\" \/>\n<meta property=\"article:modified_time\" content=\"2022-07-14T15:49:56+00:00\" \/>\n<meta property=\"og:image\" content=\"https:\/\/static.africa-press.net\/benin\/sites\/46\/2022\/07\/postQueueImg_21-62d03b03188c8.jpg\" \/>\n\t<meta property=\"og:image:width\" content=\"1500\" \/>\n\t<meta property=\"og:image:height\" content=\"1001\" \/>\n\t<meta property=\"og:image:type\" content=\"image\/jpeg\" \/>\n<meta name=\"author\" content=\"cfeditorfr\" \/>\n<meta name=\"twitter:card\" content=\"summary_large_image\" \/>\n<meta name=\"twitter:label1\" content=\"\u00c9crit par\" \/>\n\t<meta name=\"twitter:data1\" content=\"cfeditorfr\" \/>\n\t<meta name=\"twitter:label2\" content=\"Dur\u00e9e de lecture estim\u00e9e\" \/>\n\t<meta name=\"twitter:data2\" content=\"2 minutes\" \/>\n<script type=\"application\/ld+json\" class=\"yoast-schema-graph\">{\"@context\":\"https:\/\/schema.org\",\"@graph\":[{\"@type\":\"Article\",\"@id\":\"https:\/\/www.africa-press.net\/benin\/politique\/je-suis-candidat-a-tout-ce-que-le-parti-me-demandera-de-faire-joseph-djogbenou#article\",\"isPartOf\":{\"@id\":\"https:\/\/www.africa-press.net\/benin\/politique\/je-suis-candidat-a-tout-ce-que-le-parti-me-demandera-de-faire-joseph-djogbenou\"},\"author\":{\"name\":\"cfeditorfr\",\"@id\":\"https:\/\/www.africa-press.net\/benin\/#\/schema\/person\/2b1cf3cd81a31e3cd26889ca66d677f1\"},\"headline\":\"\u00ab\u00a0Je suis candidat \u00e0 tout ce que le parti me demandera de faire\u00a0\u00bb, Joseph Djogb\u00e9nou\",\"datePublished\":\"2022-07-14T15:36:47+00:00\",\"dateModified\":\"2022-07-14T15:49:56+00:00\",\"mainEntityOfPage\":{\"@id\":\"https:\/\/www.africa-press.net\/benin\/politique\/je-suis-candidat-a-tout-ce-que-le-parti-me-demandera-de-faire-joseph-djogbenou\"},\"wordCount\":327,\"commentCount\":0,\"image\":{\"@id\":\"https:\/\/www.africa-press.net\/benin\/politique\/je-suis-candidat-a-tout-ce-que-le-parti-me-demandera-de-faire-joseph-djogbenou#primaryimage\"},\"thumbnailUrl\":\"https:\/\/static.africa-press.net\/benin\/sites\/46\/2022\/07\/postQueueImg_21-62d03b03188c8.jpg\",\"keywords\":[\"Africa Press\",\"Africa Press-Benin\",\"B\u00e9nin\"],\"articleSection\":[\"homepage-french\",\"Politique\",\"Toutes les actualit\u00e9s\"],\"inLanguage\":\"fr-FR\",\"potentialAction\":[{\"@type\":\"CommentAction\",\"name\":\"Comment\",\"target\":[\"https:\/\/www.africa-press.net\/benin\/politique\/je-suis-candidat-a-tout-ce-que-le-parti-me-demandera-de-faire-joseph-djogbenou#respond\"]}]},{\"@type\":\"WebPage\",\"@id\":\"https:\/\/www.africa-press.net\/benin\/politique\/je-suis-candidat-a-tout-ce-que-le-parti-me-demandera-de-faire-joseph-djogbenou\",\"url\":\"https:\/\/www.africa-press.net\/benin\/politique\/je-suis-candidat-a-tout-ce-que-le-parti-me-demandera-de-faire-joseph-djogbenou\",\"name\":\"\u00ab\u00a0Je suis candidat \u00e0 tout ce que le parti me demandera de faire\u00a0\u00bb, Joseph Djogb\u00e9nou - B\u00e9nin\",\"isPartOf\":{\"@id\":\"https:\/\/www.africa-press.net\/benin\/#website\"},\"primaryImageOfPage\":{\"@id\":\"https:\/\/www.africa-press.net\/benin\/politique\/je-suis-candidat-a-tout-ce-que-le-parti-me-demandera-de-faire-joseph-djogbenou#primaryimage\"},\"image\":{\"@id\":\"https:\/\/www.africa-press.net\/benin\/politique\/je-suis-candidat-a-tout-ce-que-le-parti-me-demandera-de-faire-joseph-djogbenou#primaryimage\"},\"thumbnailUrl\":\"https:\/\/static.africa-press.net\/benin\/sites\/46\/2022\/07\/postQueueImg_21-62d03b03188c8.jpg\",\"datePublished\":\"2022-07-14T15:36:47+00:00\",\"dateModified\":\"2022-07-14T15:49:56+00:00\",\"author\":{\"@id\":\"https:\/\/www.africa-press.net\/benin\/#\/schema\/person\/2b1cf3cd81a31e3cd26889ca66d677f1\"},\"description\":\"En conf\u00e9rence de presse mercredi 13 juillet 2022, l\u2019ancien pr\u00e9sident de la Cour constitutionnelle, Joseph Djogb\u00e9nou a an ...\",\"breadcrumb\":{\"@id\":\"https:\/\/www.africa-press.net\/benin\/politique\/je-suis-candidat-a-tout-ce-que-le-parti-me-demandera-de-faire-joseph-djogbenou#breadcrumb\"},\"inLanguage\":\"fr-FR\",\"potentialAction\":[{\"@type\":\"ReadAction\",\"target\":[\"https:\/\/www.africa-press.net\/benin\/politique\/je-suis-candidat-a-tout-ce-que-le-parti-me-demandera-de-faire-joseph-djogbenou\"]}]},{\"@type\":\"ImageObject\",\"inLanguage\":\"fr-FR\",\"@id\":\"https:\/\/www.africa-press.net\/benin\/politique\/je-suis-candidat-a-tout-ce-que-le-parti-me-demandera-de-faire-joseph-djogbenou#primaryimage\",\"url\":\"https:\/\/static.africa-press.net\/benin\/sites\/46\/2022\/07\/postQueueImg_21-62d03b03188c8.jpg\",\"contentUrl\":\"https:\/\/static.africa-press.net\/benin\/sites\/46\/2022\/07\/postQueueImg_21-62d03b03188c8.jpg\",\"width\":1500,\"height\":1001,\"caption\":\"\u00ab\u00a0Je suis candidat \u00e0 tout ce que le parti me demandera de faire\u00a0\u00bb, Joseph Djogb\u00e9nou\"},{\"@type\":\"BreadcrumbList\",\"@id\":\"https:\/\/www.africa-press.net\/benin\/politique\/je-suis-candidat-a-tout-ce-que-le-parti-me-demandera-de-faire-joseph-djogbenou#breadcrumb\",\"itemListElement\":[{\"@type\":\"ListItem\",\"position\":1,\"name\":\"Accueil\",\"item\":\"https:\/\/www.africa-press.net\/benin\/\"},{\"@type\":\"ListItem\",\"position\":2,\"name\":\"\u00ab\u00a0Je suis candidat \u00e0 tout ce que le parti me demandera de faire\u00a0\u00bb, Joseph Djogb\u00e9nou\"}]},{\"@type\":\"WebSite\",\"@id\":\"https:\/\/www.africa-press.net\/benin\/#website\",\"url\":\"https:\/\/www.africa-press.net\/benin\/\",\"name\":\"B\u00e9nin\",\"description\":\"Just another Africa News Agency Sites site\",\"potentialAction\":[{\"@type\":\"SearchAction\",\"target\":{\"@type\":\"EntryPoint\",\"urlTemplate\":\"https:\/\/www.africa-press.net\/benin\/?s={search_term_string}\"},\"query-input\":{\"@type\":\"PropertyValueSpecification\",\"valueRequired\":true,\"valueName\":\"search_term_string\"}}],\"inLanguage\":\"fr-FR\"},{\"@type\":\"Person\",\"@id\":\"https:\/\/www.africa-press.net\/benin\/#\/schema\/person\/2b1cf3cd81a31e3cd26889ca66d677f1\",\"name\":\"cfeditorfr\"}]}<\/script>\n<!-- \/ Yoast SEO Premium plugin. -->","yoast_head_json":{"title":"\u00ab\u00a0Je suis candidat \u00e0 tout ce que le parti me demandera de faire\u00a0\u00bb, Joseph Djogb\u00e9nou - B\u00e9nin","description":"En conf\u00e9rence de presse mercredi 13 juillet 2022, l\u2019ancien pr\u00e9sident de la Cour constitutionnelle, Joseph Djogb\u00e9nou a an ...","robots":{"index":"index","follow":"follow","max-snippet":"max-snippet:-1","max-image-preview":"max-image-preview:large","max-video-preview":"max-video-preview:-1"},"canonical":"https:\/\/www.africa-press.net\/benin\/politique\/je-suis-candidat-a-tout-ce-que-le-parti-me-demandera-de-faire-joseph-djogbenou","og_locale":"fr_FR","og_type":"article","og_title":"\u00ab\u00a0Je suis candidat \u00e0 tout ce que le parti me demandera de faire\u00a0\u00bb, Joseph Djogb\u00e9nou","og_description":"En conf\u00e9rence de presse mercredi 13 juillet 2022, l\u2019ancien pr\u00e9sident de la Cour constitutionnelle, Joseph Djogb\u00e9nou a an ...","og_url":"https:\/\/www.africa-press.net\/benin\/politique\/je-suis-candidat-a-tout-ce-que-le-parti-me-demandera-de-faire-joseph-djogbenou","og_site_name":"B\u00e9nin","article_published_time":"2022-07-14T15:36:47+00:00","article_modified_time":"2022-07-14T15:49:56+00:00","og_image":[{"width":1500,"height":1001,"url":"https:\/\/static.africa-press.net\/benin\/sites\/46\/2022\/07\/postQueueImg_21-62d03b03188c8.jpg","type":"image\/jpeg"}],"author":"cfeditorfr","twitter_card":"summary_large_image","twitter_misc":{"\u00c9crit par":"cfeditorfr","Dur\u00e9e de lecture estim\u00e9e":"2 minutes"},"schema":{"@context":"https:\/\/schema.org","@graph":[{"@type":"Article","@id":"https:\/\/www.africa-press.net\/benin\/politique\/je-suis-candidat-a-tout-ce-que-le-parti-me-demandera-de-faire-joseph-djogbenou#article","isPartOf":{"@id":"https:\/\/www.africa-press.net\/benin\/politique\/je-suis-candidat-a-tout-ce-que-le-parti-me-demandera-de-faire-joseph-djogbenou"},"author":{"name":"cfeditorfr","@id":"https:\/\/www.africa-press.net\/benin\/#\/schema\/person\/2b1cf3cd81a31e3cd26889ca66d677f1"},"headline":"\u00ab\u00a0Je suis candidat \u00e0 tout ce que le parti me demandera de faire\u00a0\u00bb, Joseph Djogb\u00e9nou","datePublished":"2022-07-14T15:36:47+00:00","dateModified":"2022-07-14T15:49:56+00:00","mainEntityOfPage":{"@id":"https:\/\/www.africa-press.net\/benin\/politique\/je-suis-candidat-a-tout-ce-que-le-parti-me-demandera-de-faire-joseph-djogbenou"},"wordCount":327,"commentCount":0,"image":{"@id":"https:\/\/www.africa-press.net\/benin\/politique\/je-suis-candidat-a-tout-ce-que-le-parti-me-demandera-de-faire-joseph-djogbenou#primaryimage"},"thumbnailUrl":"https:\/\/static.africa-press.net\/benin\/sites\/46\/2022\/07\/postQueueImg_21-62d03b03188c8.jpg","keywords":["Africa Press","Africa Press-Benin","B\u00e9nin"],"articleSection":["homepage-french","Politique","Toutes les actualit\u00e9s"],"inLanguage":"fr-FR","potentialAction":[{"@type":"CommentAction","name":"Comment","target":["https:\/\/www.africa-press.net\/benin\/politique\/je-suis-candidat-a-tout-ce-que-le-parti-me-demandera-de-faire-joseph-djogbenou#respond"]}]},{"@type":"WebPage","@id":"https:\/\/www.africa-press.net\/benin\/politique\/je-suis-candidat-a-tout-ce-que-le-parti-me-demandera-de-faire-joseph-djogbenou","url":"https:\/\/www.africa-press.net\/benin\/politique\/je-suis-candidat-a-tout-ce-que-le-parti-me-demandera-de-faire-joseph-djogbenou","name":"\u00ab\u00a0Je suis candidat \u00e0 tout ce que le parti me demandera de faire\u00a0\u00bb, Joseph Djogb\u00e9nou - B\u00e9nin","isPartOf":{"@id":"https:\/\/www.africa-press.net\/benin\/#website"},"primaryImageOfPage":{"@id":"https:\/\/www.africa-press.net\/benin\/politique\/je-suis-candidat-a-tout-ce-que-le-parti-me-demandera-de-faire-joseph-djogbenou#primaryimage"},"image":{"@id":"https:\/\/www.africa-press.net\/benin\/politique\/je-suis-candidat-a-tout-ce-que-le-parti-me-demandera-de-faire-joseph-djogbenou#primaryimage"},"thumbnailUrl":"https:\/\/static.africa-press.net\/benin\/sites\/46\/2022\/07\/postQueueImg_21-62d03b03188c8.jpg","datePublished":"2022-07-14T15:36:47+00:00","dateModified":"2022-07-14T15:49:56+00:00","author":{"@id":"https:\/\/www.africa-press.net\/benin\/#\/schema\/person\/2b1cf3cd81a31e3cd26889ca66d677f1"},"description":"En conf\u00e9rence de presse mercredi 13 juillet 2022, l\u2019ancien pr\u00e9sident de la Cour constitutionnelle, Joseph Djogb\u00e9nou a an ...","breadcrumb":{"@id":"https:\/\/www.africa-press.net\/benin\/politique\/je-suis-candidat-a-tout-ce-que-le-parti-me-demandera-de-faire-joseph-djogbenou#breadcrumb"},"inLanguage":"fr-FR","potentialAction":[{"@type":"ReadAction","target":["https:\/\/www.africa-press.net\/benin\/politique\/je-suis-candidat-a-tout-ce-que-le-parti-me-demandera-de-faire-joseph-djogbenou"]}]},{"@type":"ImageObject","inLanguage":"fr-FR","@id":"https:\/\/www.africa-press.net\/benin\/politique\/je-suis-candidat-a-tout-ce-que-le-parti-me-demandera-de-faire-joseph-djogbenou#primaryimage","url":"https:\/\/static.africa-press.net\/benin\/sites\/46\/2022\/07\/postQueueImg_21-62d03b03188c8.jpg","contentUrl":"https:\/\/static.africa-press.net\/benin\/sites\/46\/2022\/07\/postQueueImg_21-62d03b03188c8.jpg","width":1500,"height":1001,"caption":"\u00ab\u00a0Je suis candidat \u00e0 tout ce que le parti me demandera de faire\u00a0\u00bb, Joseph Djogb\u00e9nou"},{"@type":"BreadcrumbList","@id":"https:\/\/www.africa-press.net\/benin\/politique\/je-suis-candidat-a-tout-ce-que-le-parti-me-demandera-de-faire-joseph-djogbenou#breadcrumb","itemListElement":[{"@type":"ListItem","position":1,"name":"Accueil","item":"https:\/\/www.africa-press.net\/benin\/"},{"@type":"ListItem","position":2,"name":"\u00ab\u00a0Je suis candidat \u00e0 tout ce que le parti me demandera de faire\u00a0\u00bb, Joseph Djogb\u00e9nou"}]},{"@type":"WebSite","@id":"https:\/\/www.africa-press.net\/benin\/#website","url":"https:\/\/www.africa-press.net\/benin\/","name":"B\u00e9nin","description":"Just another Africa News Agency Sites site","potentialAction":[{"@type":"SearchAction","target":{"@type":"EntryPoint","urlTemplate":"https:\/\/www.africa-press.net\/benin\/?s={search_term_string}"},"query-input":{"@type":"PropertyValueSpecification","valueRequired":true,"valueName":"search_term_string"}}],"inLanguage":"fr-FR"},{"@type":"Person","@id":"https:\/\/www.africa-press.net\/benin\/#\/schema\/person\/2b1cf3cd81a31e3cd26889ca66d677f1","name":"cfeditorfr"}]}},"_links":{"self":[{"href":"https:\/\/www.africa-press.net\/benin\/wp-json\/wp\/v2\/posts\/6896","targetHints":{"allow":["GET"]}}],"collection":[{"href":"https:\/\/www.africa-press.net\/benin\/wp-json\/wp\/v2\/posts"}],"about":[{"href":"https:\/\/www.africa-press.net\/benin\/wp-json\/wp\/v2\/types\/post"}],"author":[{"embeddable":true,"href":"https:\/\/www.africa-press.net\/benin\/wp-json\/wp\/v2\/users\/82"}],"replies":[{"embeddable":true,"href":"https:\/\/www.africa-press.net\/benin\/wp-json\/wp\/v2\/comments?post=6896"}],"version-history":[{"count":0,"href":"https:\/\/www.africa-press.net\/benin\/wp-json\/wp\/v2\/posts\/6896\/revisions"}],"wp:featuredmedia":[{"embeddable":true,"href":"https:\/\/www.africa-press.net\/benin\/wp-json\/wp\/v2\/media\/6895"}],"wp:attachment":[{"href":"https:\/\/www.africa-press.net\/benin\/wp-json\/wp\/v2\/media?parent=6896"}],"wp:term":[{"taxonomy":"category","embeddable":true,"href":"https:\/\/www.africa-press.net\/benin\/wp-json\/wp\/v2\/categories?post=6896"},{"taxonomy":"post_tag","embeddable":true,"href":"https:\/\/www.africa-press.net\/benin\/wp-json\/wp\/v2\/tags?post=6896"}],"curies":[{"name":"wp","href":"https:\/\/api.w.org\/{rel}","templated":true}]}}