{"id":6899,"date":"2022-07-14T15:36:58","date_gmt":"2022-07-14T15:36:58","guid":{"rendered":"https:\/\/www.africa-press.net\/benin\/politique\/la-demission-de-djogbenou-installe-le-benin-dans-une-situation-juridique-paradoxale-geraldo-gomez"},"modified":"2022-07-14T15:50:39","modified_gmt":"2022-07-14T15:50:39","slug":"la-demission-de-djogbenou-installe-le-benin-dans-une-situation-juridique-paradoxale-geraldo-gomez","status":"publish","type":"post","link":"https:\/\/www.africa-press.net\/benin\/politique\/la-demission-de-djogbenou-installe-le-benin-dans-une-situation-juridique-paradoxale-geraldo-gomez","title":{"rendered":"\u00ab\u00a0La d\u00e9mission de Djogb\u00e9nou installe le B\u00e9nin dans une situation juridique paradoxale\u00a0\u00bb, G\u00e9raldo Gomez"},"content":{"rendered":"<p><span style=\"color: #ff6600\"><strong>Africa-Press &#8211; Benin. <\/strong><\/span>Le mardi 12 Juillet 2022, le pr\u00e9sident de la cour constitutionnelle, Joseph Djogb\u00e9nou a d\u00e9pos\u00e9 sa d\u00e9mission. Le d\u00e9part de l\u2019universitaire de la prestigieuse institution d\u00e9fraie depuis quelques jours la chronique. Dans une analyse, G\u00e9raldo Gomez de l\u2019USL, le parti politique de S\u00e9bastien Ajavon, pense que cette d\u00e9mission plonge le pays dans une situation juridique paradoxale.<\/p>\n<p>Le d\u00e9part de Joseph Djogb\u00e9nou \u00e0 moins d\u2019un an de la fin de son mandat \u00e0 la t\u00eate de la cour constitutionnelle continue d\u2019alimenter l\u2019actualit\u00e9 nationale. Dans une analyse publi\u00e9e sur sa page Facebook, G\u00e9raldo Gomez, secr\u00e9taire g\u00e9n\u00e9ral adjoint charg\u00e9 des questions strat\u00e9giques du parti union sociale lib\u00e9rale (USL) expose les probl\u00e8mes juridiques que pose cette d\u00e9mission de l\u2019universitaire.<\/p>\n<p>Dans son d\u00e9veloppement, le jeune acteur politique revient sur le processus qui a conduit \u00e0 l\u2019installation de Me Joseph Djogb\u00e9nou comme pr\u00e9sident de la cour constitutionnelle. Il rappelle qu\u2019au moment de sa nomination alors qu\u2019il est ministre de la justice, il n\u2019a pas \u00e9t\u00e9 nomm\u00e9 par le pr\u00e9sident de la R\u00e9publique, mais curieusement par le Bureau de l\u2019Assembl\u00e9e Nationale.<\/p>\n<p>\u00ab Il se retrouvera \u00e0 la t\u00eate de l\u2019institution au sein de laquelle il est nomm\u00e9 pour y valider les m\u00eames lois dont il aurait \u00e9t\u00e9 porteur et que l\u2019assembl\u00e9e nationale qui l\u2019aura nomm\u00e9, a g\u00e9n\u00e9reusement adopt\u00e9es\u00ab , analyse l\u2019acteur politique.<\/p>\n<p><b>Quel est le sens et quelles pourraient \u00eatre les cons\u00e9quences d\u2019une telle d\u00e9mission?<\/b><\/p>\n<p>Si G\u00e9raldo Gomez estime que le professeur Joseph Djogb\u00e9nou a le droit de d\u00e9missionner de sa fonction de pr\u00e9sident de la cour constitutionnelle, il s\u2019int\u00e9resse n\u00e9anmoins sur le sens de cette d\u00e9mission et quelles en pourraient \u00eatre les \u00e9ventuelles cons\u00e9quences.<\/p>\n<p>Pour lui, la d\u00e9mission de Joseph Djogb\u00e9nou vient installer le B\u00e9nin, de fa\u00e7on d\u00e9finitive et absolue, dans une situation juridique paradoxale. Une situation qu\u2019il qualifie d\u2019ill\u00e9galit\u00e9 et d\u2019ill\u00e9gitime.<\/p>\n<p>En effet, Joseph Djogb\u00e9nou, aux dires de G\u00e9raldo Gomez \u00e9tait encore jusque-l\u00e0 le seul pr\u00e9sident d\u2019une institution tirant la l\u00e9gitimit\u00e9 de sa nomination d\u2019une autre institution d\u00fbment install\u00e9e et dont le suffrage qui a port\u00e9 les membres dans leurs fonctions n\u2019est point contest\u00e9. \u00ab Je le rappelais ci-dessus: il fut d\u00e9sign\u00e9 par l\u2019Assembl\u00e9e Nationale alors dirig\u00e9e par Adrien HOUNGBEDJI, une mandature l\u00e9gislative qui n\u2019a pris fin qu\u2019en 2019 avec les premi\u00e8res \u00e9lections troubles depuis celle de 2016\u00ab , insiste l\u2019homme politique.<\/p>\n<p>A croire ce membre fondateur du parti union sociale lib\u00e9rale (USL) de l\u2019homme d\u2019affaire S\u00e9bastien Ajavon, actuellement en exil, avec le d\u00e9part du Pr Joseph Djogb\u00e9nou, c\u2019est la Cour Constitutionnelle, dernier bastion de l\u00e9galit\u00e9 et de l\u00e9gitimit\u00e9, qui bascule et installe la totalit\u00e9 des institutions dans l\u2019\u00e8re ill\u00e9gitime post 2019.<\/p>\n<p>Pour cet opposant au r\u00e9gime de la rupture, ce sera une premi\u00e8re aussi au B\u00e9nin qu\u2019apr\u00e8s avoir \u00e9t\u00e9 l\u2019arbitre entre les citoyens et les instituions et entre les instituions elles-m\u00eames, l\u2019arbitre redevienne acteur actif du jeu au sein de l\u2019une des institutions.<\/p>\n<p>G\u00e9raldo Gomez rappelle que lors de son point de presse de ce mercredi, le pr\u00e9sident d\u00e9missionnaire a affirm\u00e9 lui-m\u00eame qu\u2019il se met au service de son parti politique dont il est un des membres fondateurs.<\/p>\n<p>\u00ab Il le pr\u00e9cise: \u00ab Je suis candidat \u00e0 tout ce que mon parti, l\u2019Union Progressiste me demandera de faire \u00bb, rappelle G\u00e9raldo Gomez qui pr\u00e9cise que le d\u00e9sormais ex pr\u00e9sident de la cour constitutionnelle est donc pr\u00eat pour \u00eatre candidat pour se faire \u00ab \u00e9lire \u00bb d\u00e9put\u00e9 puis se faire \u00e9lire Pr\u00e9sident de l\u2019Assembl\u00e9e nationale.<\/p>\n<p>\u00ab Il lui reviendra alors de conduire en juin 2023 pour le compte de l\u2019Assembl\u00e9e Nationale, avec le Pr\u00e9sident de la R\u00e9publique, la nomination des \u00ab futurs sages \u00bb, ses successeurs \u00bb, fait remarquer l\u2019acteur politique.<\/p>\n<p>Il pr\u00e9cise n\u00e9anmoins que rien de ceci n\u2019est interdit par les textes de r\u00e9f\u00e9rences mais choque la morale et l\u2019esprit des lois qui permettent que les \u00ab institutions \u00bb puissent faire fonctionner raisonnablement un \u00c9tat.<\/p>\n<p>\u00ab Mais n\u2019ai-je pas d\u00e9j\u00e0 dit que la phase post 2019 ouverte au B\u00e9nin nous installait en plein d\u00e9faut de l\u00e9gitimit\u00e9 et de l\u00e9galit\u00e9 ? \u00bb, s\u2019est demand\u00e9 G\u00e9raldo Gomez dans la conclusion de son analyse.<\/p>\n<p><strong>Pour plus d&rsquo;informations et d&rsquo;analyses sur la <a href=\"https:\/\/www.africa-press.net\/benin\">Benin<\/a>, suivez <a href=\"https:\/\/www.africa-press.net\/\">Africa-Press<\/a><\/strong><\/p>\n","protected":false},"excerpt":{"rendered":"<p>Africa-Press &#8211; Benin. Le mardi 12 Juillet 2022, le pr\u00e9sident de la cour constitutionnelle, Joseph Djogb\u00e9nou a d\u00e9pos\u00e9 sa d\u00e9mission. Le d\u00e9part de l\u2019universitaire de la prestigieuse institution d\u00e9fraie depuis quelques jours la chronique. Dans une analyse, G\u00e9raldo Gomez de l\u2019USL, le parti politique de S\u00e9bastien Ajavon, pense que cette d\u00e9mission plonge le pays dans [&hellip;]<\/p>\n","protected":false},"author":82,"featured_media":6898,"comment_status":"open","ping_status":"closed","sticky":false,"template":"","format":"standard","meta":{"footnotes":""},"categories":[11,2,10],"tags":[36,50,45],"class_list":["post-6899","post","type-post","status-publish","format-standard","has-post-thumbnail","hentry","category-homepage-french","category-politique","category-toutes-les-actualites","tag-africa-press","tag-africa-press-benin","tag-benin"],"yoast_head":"<!-- This site is optimized with the Yoast SEO Premium plugin v26.1 (Yoast SEO v27.0) - https:\/\/yoast.com\/product\/yoast-seo-premium-wordpress\/ -->\n<title>\u00ab\u00a0La d\u00e9mission de Djogb\u00e9nou installe le B\u00e9nin dans une situation juridique paradoxale\u00a0\u00bb, G\u00e9raldo Gomez - B\u00e9nin<\/title>\n<meta name=\"description\" content=\"Le mardi 12 Juillet 2022, le pr\u00e9sident de la cour constitutionnelle, Joseph Djogb\u00e9nou a d\u00e9pos\u00e9 sa d\u00e9mission. Le d\u00e9part d ...\" \/>\n<meta name=\"robots\" content=\"index, follow, max-snippet:-1, max-image-preview:large, max-video-preview:-1\" \/>\n<link rel=\"canonical\" href=\"https:\/\/www.africa-press.net\/benin\/politique\/la-demission-de-djogbenou-installe-le-benin-dans-une-situation-juridique-paradoxale-geraldo-gomez\" \/>\n<meta property=\"og:locale\" content=\"fr_FR\" \/>\n<meta property=\"og:type\" content=\"article\" \/>\n<meta property=\"og:title\" content=\"\u00ab\u00a0La d\u00e9mission de Djogb\u00e9nou installe le B\u00e9nin dans une situation juridique paradoxale\u00a0\u00bb, G\u00e9raldo Gomez\" \/>\n<meta property=\"og:description\" content=\"Le mardi 12 Juillet 2022, le pr\u00e9sident de la cour constitutionnelle, Joseph Djogb\u00e9nou a d\u00e9pos\u00e9 sa d\u00e9mission. Le d\u00e9part d ...\" \/>\n<meta property=\"og:url\" content=\"https:\/\/www.africa-press.net\/benin\/politique\/la-demission-de-djogbenou-installe-le-benin-dans-une-situation-juridique-paradoxale-geraldo-gomez\" \/>\n<meta property=\"og:site_name\" content=\"B\u00e9nin\" \/>\n<meta property=\"article:published_time\" content=\"2022-07-14T15:36:58+00:00\" \/>\n<meta property=\"article:modified_time\" content=\"2022-07-14T15:50:39+00:00\" \/>\n<meta property=\"og:image\" content=\"https:\/\/static.africa-press.net\/benin\/sites\/46\/2022\/07\/postQueueImg_22-62d03b2b1a823.jpg\" \/>\n\t<meta property=\"og:image:width\" content=\"1280\" \/>\n\t<meta property=\"og:image:height\" content=\"720\" \/>\n\t<meta property=\"og:image:type\" content=\"image\/jpeg\" \/>\n<meta name=\"author\" content=\"cfeditorfr\" \/>\n<meta name=\"twitter:card\" content=\"summary_large_image\" \/>\n<meta name=\"twitter:label1\" content=\"\u00c9crit par\" \/>\n\t<meta name=\"twitter:data1\" content=\"cfeditorfr\" \/>\n\t<meta name=\"twitter:label2\" content=\"Dur\u00e9e de lecture estim\u00e9e\" \/>\n\t<meta name=\"twitter:data2\" content=\"4 minutes\" \/>\n<script type=\"application\/ld+json\" class=\"yoast-schema-graph\">{\"@context\":\"https:\/\/schema.org\",\"@graph\":[{\"@type\":\"Article\",\"@id\":\"https:\/\/www.africa-press.net\/benin\/politique\/la-demission-de-djogbenou-installe-le-benin-dans-une-situation-juridique-paradoxale-geraldo-gomez#article\",\"isPartOf\":{\"@id\":\"https:\/\/www.africa-press.net\/benin\/politique\/la-demission-de-djogbenou-installe-le-benin-dans-une-situation-juridique-paradoxale-geraldo-gomez\"},\"author\":{\"name\":\"cfeditorfr\",\"@id\":\"https:\/\/www.africa-press.net\/benin\/#\/schema\/person\/2b1cf3cd81a31e3cd26889ca66d677f1\"},\"headline\":\"\u00ab\u00a0La d\u00e9mission de Djogb\u00e9nou installe le B\u00e9nin dans une situation juridique paradoxale\u00a0\u00bb, G\u00e9raldo Gomez\",\"datePublished\":\"2022-07-14T15:36:58+00:00\",\"dateModified\":\"2022-07-14T15:50:39+00:00\",\"mainEntityOfPage\":{\"@id\":\"https:\/\/www.africa-press.net\/benin\/politique\/la-demission-de-djogbenou-installe-le-benin-dans-une-situation-juridique-paradoxale-geraldo-gomez\"},\"wordCount\":813,\"commentCount\":0,\"image\":{\"@id\":\"https:\/\/www.africa-press.net\/benin\/politique\/la-demission-de-djogbenou-installe-le-benin-dans-une-situation-juridique-paradoxale-geraldo-gomez#primaryimage\"},\"thumbnailUrl\":\"https:\/\/static.africa-press.net\/benin\/sites\/46\/2022\/07\/postQueueImg_22-62d03b2b1a823.jpg\",\"keywords\":[\"Africa Press\",\"Africa Press-Benin\",\"B\u00e9nin\"],\"articleSection\":[\"homepage-french\",\"Politique\",\"Toutes les actualit\u00e9s\"],\"inLanguage\":\"fr-FR\",\"potentialAction\":[{\"@type\":\"CommentAction\",\"name\":\"Comment\",\"target\":[\"https:\/\/www.africa-press.net\/benin\/politique\/la-demission-de-djogbenou-installe-le-benin-dans-une-situation-juridique-paradoxale-geraldo-gomez#respond\"]}]},{\"@type\":\"WebPage\",\"@id\":\"https:\/\/www.africa-press.net\/benin\/politique\/la-demission-de-djogbenou-installe-le-benin-dans-une-situation-juridique-paradoxale-geraldo-gomez\",\"url\":\"https:\/\/www.africa-press.net\/benin\/politique\/la-demission-de-djogbenou-installe-le-benin-dans-une-situation-juridique-paradoxale-geraldo-gomez\",\"name\":\"\u00ab\u00a0La d\u00e9mission de Djogb\u00e9nou installe le B\u00e9nin dans une situation juridique paradoxale\u00a0\u00bb, G\u00e9raldo Gomez - B\u00e9nin\",\"isPartOf\":{\"@id\":\"https:\/\/www.africa-press.net\/benin\/#website\"},\"primaryImageOfPage\":{\"@id\":\"https:\/\/www.africa-press.net\/benin\/politique\/la-demission-de-djogbenou-installe-le-benin-dans-une-situation-juridique-paradoxale-geraldo-gomez#primaryimage\"},\"image\":{\"@id\":\"https:\/\/www.africa-press.net\/benin\/politique\/la-demission-de-djogbenou-installe-le-benin-dans-une-situation-juridique-paradoxale-geraldo-gomez#primaryimage\"},\"thumbnailUrl\":\"https:\/\/static.africa-press.net\/benin\/sites\/46\/2022\/07\/postQueueImg_22-62d03b2b1a823.jpg\",\"datePublished\":\"2022-07-14T15:36:58+00:00\",\"dateModified\":\"2022-07-14T15:50:39+00:00\",\"author\":{\"@id\":\"https:\/\/www.africa-press.net\/benin\/#\/schema\/person\/2b1cf3cd81a31e3cd26889ca66d677f1\"},\"description\":\"Le mardi 12 Juillet 2022, le pr\u00e9sident de la cour constitutionnelle, Joseph Djogb\u00e9nou a d\u00e9pos\u00e9 sa d\u00e9mission. Le d\u00e9part d ...\",\"breadcrumb\":{\"@id\":\"https:\/\/www.africa-press.net\/benin\/politique\/la-demission-de-djogbenou-installe-le-benin-dans-une-situation-juridique-paradoxale-geraldo-gomez#breadcrumb\"},\"inLanguage\":\"fr-FR\",\"potentialAction\":[{\"@type\":\"ReadAction\",\"target\":[\"https:\/\/www.africa-press.net\/benin\/politique\/la-demission-de-djogbenou-installe-le-benin-dans-une-situation-juridique-paradoxale-geraldo-gomez\"]}]},{\"@type\":\"ImageObject\",\"inLanguage\":\"fr-FR\",\"@id\":\"https:\/\/www.africa-press.net\/benin\/politique\/la-demission-de-djogbenou-installe-le-benin-dans-une-situation-juridique-paradoxale-geraldo-gomez#primaryimage\",\"url\":\"https:\/\/static.africa-press.net\/benin\/sites\/46\/2022\/07\/postQueueImg_22-62d03b2b1a823.jpg\",\"contentUrl\":\"https:\/\/static.africa-press.net\/benin\/sites\/46\/2022\/07\/postQueueImg_22-62d03b2b1a823.jpg\",\"width\":1280,\"height\":720,\"caption\":\"\u00ab\u00a0La d\u00e9mission de Djogb\u00e9nou installe le B\u00e9nin dans une situation juridique paradoxale\u00a0\u00bb, G\u00e9raldo Gomez\"},{\"@type\":\"BreadcrumbList\",\"@id\":\"https:\/\/www.africa-press.net\/benin\/politique\/la-demission-de-djogbenou-installe-le-benin-dans-une-situation-juridique-paradoxale-geraldo-gomez#breadcrumb\",\"itemListElement\":[{\"@type\":\"ListItem\",\"position\":1,\"name\":\"Accueil\",\"item\":\"https:\/\/www.africa-press.net\/benin\/\"},{\"@type\":\"ListItem\",\"position\":2,\"name\":\"\u00ab\u00a0La d\u00e9mission de Djogb\u00e9nou installe le B\u00e9nin dans une situation juridique paradoxale\u00a0\u00bb, G\u00e9raldo Gomez\"}]},{\"@type\":\"WebSite\",\"@id\":\"https:\/\/www.africa-press.net\/benin\/#website\",\"url\":\"https:\/\/www.africa-press.net\/benin\/\",\"name\":\"B\u00e9nin\",\"description\":\"Just another Africa News Agency Sites site\",\"potentialAction\":[{\"@type\":\"SearchAction\",\"target\":{\"@type\":\"EntryPoint\",\"urlTemplate\":\"https:\/\/www.africa-press.net\/benin\/?s={search_term_string}\"},\"query-input\":{\"@type\":\"PropertyValueSpecification\",\"valueRequired\":true,\"valueName\":\"search_term_string\"}}],\"inLanguage\":\"fr-FR\"},{\"@type\":\"Person\",\"@id\":\"https:\/\/www.africa-press.net\/benin\/#\/schema\/person\/2b1cf3cd81a31e3cd26889ca66d677f1\",\"name\":\"cfeditorfr\"}]}<\/script>\n<!-- \/ Yoast SEO Premium plugin. -->","yoast_head_json":{"title":"\u00ab\u00a0La d\u00e9mission de Djogb\u00e9nou installe le B\u00e9nin dans une situation juridique paradoxale\u00a0\u00bb, G\u00e9raldo Gomez - B\u00e9nin","description":"Le mardi 12 Juillet 2022, le pr\u00e9sident de la cour constitutionnelle, Joseph Djogb\u00e9nou a d\u00e9pos\u00e9 sa d\u00e9mission. Le d\u00e9part d ...","robots":{"index":"index","follow":"follow","max-snippet":"max-snippet:-1","max-image-preview":"max-image-preview:large","max-video-preview":"max-video-preview:-1"},"canonical":"https:\/\/www.africa-press.net\/benin\/politique\/la-demission-de-djogbenou-installe-le-benin-dans-une-situation-juridique-paradoxale-geraldo-gomez","og_locale":"fr_FR","og_type":"article","og_title":"\u00ab\u00a0La d\u00e9mission de Djogb\u00e9nou installe le B\u00e9nin dans une situation juridique paradoxale\u00a0\u00bb, G\u00e9raldo Gomez","og_description":"Le mardi 12 Juillet 2022, le pr\u00e9sident de la cour constitutionnelle, Joseph Djogb\u00e9nou a d\u00e9pos\u00e9 sa d\u00e9mission. Le d\u00e9part d ...","og_url":"https:\/\/www.africa-press.net\/benin\/politique\/la-demission-de-djogbenou-installe-le-benin-dans-une-situation-juridique-paradoxale-geraldo-gomez","og_site_name":"B\u00e9nin","article_published_time":"2022-07-14T15:36:58+00:00","article_modified_time":"2022-07-14T15:50:39+00:00","og_image":[{"width":1280,"height":720,"url":"https:\/\/static.africa-press.net\/benin\/sites\/46\/2022\/07\/postQueueImg_22-62d03b2b1a823.jpg","type":"image\/jpeg"}],"author":"cfeditorfr","twitter_card":"summary_large_image","twitter_misc":{"\u00c9crit par":"cfeditorfr","Dur\u00e9e de lecture estim\u00e9e":"4 minutes"},"schema":{"@context":"https:\/\/schema.org","@graph":[{"@type":"Article","@id":"https:\/\/www.africa-press.net\/benin\/politique\/la-demission-de-djogbenou-installe-le-benin-dans-une-situation-juridique-paradoxale-geraldo-gomez#article","isPartOf":{"@id":"https:\/\/www.africa-press.net\/benin\/politique\/la-demission-de-djogbenou-installe-le-benin-dans-une-situation-juridique-paradoxale-geraldo-gomez"},"author":{"name":"cfeditorfr","@id":"https:\/\/www.africa-press.net\/benin\/#\/schema\/person\/2b1cf3cd81a31e3cd26889ca66d677f1"},"headline":"\u00ab\u00a0La d\u00e9mission de Djogb\u00e9nou installe le B\u00e9nin dans une situation juridique paradoxale\u00a0\u00bb, G\u00e9raldo Gomez","datePublished":"2022-07-14T15:36:58+00:00","dateModified":"2022-07-14T15:50:39+00:00","mainEntityOfPage":{"@id":"https:\/\/www.africa-press.net\/benin\/politique\/la-demission-de-djogbenou-installe-le-benin-dans-une-situation-juridique-paradoxale-geraldo-gomez"},"wordCount":813,"commentCount":0,"image":{"@id":"https:\/\/www.africa-press.net\/benin\/politique\/la-demission-de-djogbenou-installe-le-benin-dans-une-situation-juridique-paradoxale-geraldo-gomez#primaryimage"},"thumbnailUrl":"https:\/\/static.africa-press.net\/benin\/sites\/46\/2022\/07\/postQueueImg_22-62d03b2b1a823.jpg","keywords":["Africa Press","Africa Press-Benin","B\u00e9nin"],"articleSection":["homepage-french","Politique","Toutes les actualit\u00e9s"],"inLanguage":"fr-FR","potentialAction":[{"@type":"CommentAction","name":"Comment","target":["https:\/\/www.africa-press.net\/benin\/politique\/la-demission-de-djogbenou-installe-le-benin-dans-une-situation-juridique-paradoxale-geraldo-gomez#respond"]}]},{"@type":"WebPage","@id":"https:\/\/www.africa-press.net\/benin\/politique\/la-demission-de-djogbenou-installe-le-benin-dans-une-situation-juridique-paradoxale-geraldo-gomez","url":"https:\/\/www.africa-press.net\/benin\/politique\/la-demission-de-djogbenou-installe-le-benin-dans-une-situation-juridique-paradoxale-geraldo-gomez","name":"\u00ab\u00a0La d\u00e9mission de Djogb\u00e9nou installe le B\u00e9nin dans une situation juridique paradoxale\u00a0\u00bb, G\u00e9raldo Gomez - B\u00e9nin","isPartOf":{"@id":"https:\/\/www.africa-press.net\/benin\/#website"},"primaryImageOfPage":{"@id":"https:\/\/www.africa-press.net\/benin\/politique\/la-demission-de-djogbenou-installe-le-benin-dans-une-situation-juridique-paradoxale-geraldo-gomez#primaryimage"},"image":{"@id":"https:\/\/www.africa-press.net\/benin\/politique\/la-demission-de-djogbenou-installe-le-benin-dans-une-situation-juridique-paradoxale-geraldo-gomez#primaryimage"},"thumbnailUrl":"https:\/\/static.africa-press.net\/benin\/sites\/46\/2022\/07\/postQueueImg_22-62d03b2b1a823.jpg","datePublished":"2022-07-14T15:36:58+00:00","dateModified":"2022-07-14T15:50:39+00:00","author":{"@id":"https:\/\/www.africa-press.net\/benin\/#\/schema\/person\/2b1cf3cd81a31e3cd26889ca66d677f1"},"description":"Le mardi 12 Juillet 2022, le pr\u00e9sident de la cour constitutionnelle, Joseph Djogb\u00e9nou a d\u00e9pos\u00e9 sa d\u00e9mission. Le d\u00e9part d ...","breadcrumb":{"@id":"https:\/\/www.africa-press.net\/benin\/politique\/la-demission-de-djogbenou-installe-le-benin-dans-une-situation-juridique-paradoxale-geraldo-gomez#breadcrumb"},"inLanguage":"fr-FR","potentialAction":[{"@type":"ReadAction","target":["https:\/\/www.africa-press.net\/benin\/politique\/la-demission-de-djogbenou-installe-le-benin-dans-une-situation-juridique-paradoxale-geraldo-gomez"]}]},{"@type":"ImageObject","inLanguage":"fr-FR","@id":"https:\/\/www.africa-press.net\/benin\/politique\/la-demission-de-djogbenou-installe-le-benin-dans-une-situation-juridique-paradoxale-geraldo-gomez#primaryimage","url":"https:\/\/static.africa-press.net\/benin\/sites\/46\/2022\/07\/postQueueImg_22-62d03b2b1a823.jpg","contentUrl":"https:\/\/static.africa-press.net\/benin\/sites\/46\/2022\/07\/postQueueImg_22-62d03b2b1a823.jpg","width":1280,"height":720,"caption":"\u00ab\u00a0La d\u00e9mission de Djogb\u00e9nou installe le B\u00e9nin dans une situation juridique paradoxale\u00a0\u00bb, G\u00e9raldo Gomez"},{"@type":"BreadcrumbList","@id":"https:\/\/www.africa-press.net\/benin\/politique\/la-demission-de-djogbenou-installe-le-benin-dans-une-situation-juridique-paradoxale-geraldo-gomez#breadcrumb","itemListElement":[{"@type":"ListItem","position":1,"name":"Accueil","item":"https:\/\/www.africa-press.net\/benin\/"},{"@type":"ListItem","position":2,"name":"\u00ab\u00a0La d\u00e9mission de Djogb\u00e9nou installe le B\u00e9nin dans une situation juridique paradoxale\u00a0\u00bb, G\u00e9raldo Gomez"}]},{"@type":"WebSite","@id":"https:\/\/www.africa-press.net\/benin\/#website","url":"https:\/\/www.africa-press.net\/benin\/","name":"B\u00e9nin","description":"Just another Africa News Agency Sites site","potentialAction":[{"@type":"SearchAction","target":{"@type":"EntryPoint","urlTemplate":"https:\/\/www.africa-press.net\/benin\/?s={search_term_string}"},"query-input":{"@type":"PropertyValueSpecification","valueRequired":true,"valueName":"search_term_string"}}],"inLanguage":"fr-FR"},{"@type":"Person","@id":"https:\/\/www.africa-press.net\/benin\/#\/schema\/person\/2b1cf3cd81a31e3cd26889ca66d677f1","name":"cfeditorfr"}]}},"_links":{"self":[{"href":"https:\/\/www.africa-press.net\/benin\/wp-json\/wp\/v2\/posts\/6899","targetHints":{"allow":["GET"]}}],"collection":[{"href":"https:\/\/www.africa-press.net\/benin\/wp-json\/wp\/v2\/posts"}],"about":[{"href":"https:\/\/www.africa-press.net\/benin\/wp-json\/wp\/v2\/types\/post"}],"author":[{"embeddable":true,"href":"https:\/\/www.africa-press.net\/benin\/wp-json\/wp\/v2\/users\/82"}],"replies":[{"embeddable":true,"href":"https:\/\/www.africa-press.net\/benin\/wp-json\/wp\/v2\/comments?post=6899"}],"version-history":[{"count":0,"href":"https:\/\/www.africa-press.net\/benin\/wp-json\/wp\/v2\/posts\/6899\/revisions"}],"wp:featuredmedia":[{"embeddable":true,"href":"https:\/\/www.africa-press.net\/benin\/wp-json\/wp\/v2\/media\/6898"}],"wp:attachment":[{"href":"https:\/\/www.africa-press.net\/benin\/wp-json\/wp\/v2\/media?parent=6899"}],"wp:term":[{"taxonomy":"category","embeddable":true,"href":"https:\/\/www.africa-press.net\/benin\/wp-json\/wp\/v2\/categories?post=6899"},{"taxonomy":"post_tag","embeddable":true,"href":"https:\/\/www.africa-press.net\/benin\/wp-json\/wp\/v2\/tags?post=6899"}],"curies":[{"name":"wp","href":"https:\/\/api.w.org\/{rel}","templated":true}]}}