{"id":6905,"date":"2022-07-14T15:37:08","date_gmt":"2022-07-14T15:37:08","guid":{"rendered":"https:\/\/www.africa-press.net\/benin\/politique\/benin-le-camp-militaire-de-tanguieta-na-pas-ete-attaque-le-maire-bakari-boukary-rassure"},"modified":"2022-07-14T15:51:13","modified_gmt":"2022-07-14T15:51:13","slug":"benin-le-camp-militaire-de-tanguieta-na-pas-ete-attaque-le-maire-bakari-boukary-rassure","status":"publish","type":"post","link":"https:\/\/www.africa-press.net\/benin\/politique\/benin-le-camp-militaire-de-tanguieta-na-pas-ete-attaque-le-maire-bakari-boukary-rassure","title":{"rendered":"B\u00e9nin: le camp militaire de Tangui\u00e9ta n\u2019a pas \u00e9t\u00e9 attaqu\u00e9; le maire Bakari Boukary rassure"},"content":{"rendered":"<p><span style=\"color: #ff6600\"><strong>Africa-Press &#8211; Benin. <\/strong><\/span>Aucune attaque n\u2019a \u00e9t\u00e9 enregistr\u00e9e dans la nuit du mercredi 13 au petit matin du jeudi 14 Juillet 2022 \u00e0 Tangui\u00e9ta. C\u2019est le d\u00e9menti apport\u00e9 par le maire de la Commune Bakari Boukary qui rassure ses administr\u00e9s et les invite \u00e0 vaquer sans crainte \u00e0 leurs occupations.<\/p>\n<p>Le camp militaire de Tangui\u00e9ta aurait \u00e9t\u00e9 attaqu\u00e9 t\u00f4t ce matin par des individus arm\u00e9s non identifi\u00e9s. Cette rumeur relay\u00e9e sur les r\u00e9seaux sociaux est d\u00e9mentie par la premi\u00e8re autorit\u00e9 de la ville. Selon le maire Bakari Boukary, le camp militaire de Tangui\u00e9ta n\u2019a \u00e9t\u00e9 objet d\u2019aucune attaque.<\/p>\n<p>Dans un communiqu\u00e9 rendu public par la Commune, l\u2019autorit\u00e9 communale a fait savoir que dans la nuit du mercredi 13 Juillet, les \u00e9l\u00e9ments en faction dans le camp militaire ont tir\u00e9 des coups de sommation pour dissuader certains individus suspects per\u00e7us non loin du camp.<\/p>\n<p>Ce sont ces tirs de sommation qui ont fait dire \u00e0 certains que le camp militaire a \u00e9t\u00e9 attaqu\u00e9. Dans son communiqu\u00e9, l\u2019autorit\u00e9 communale d\u00e9ment cette information qui circule dans les r\u00e9seaux sociaux et invite ses administr\u00e9s \u00e0 vaquer sereinement \u00e0 leurs activit\u00e9s quotidiennes.<\/p>\n<p>\u00ab Je voudrais, tout en faisant le d\u00e9menti que le camp militaire n\u2019a subi aucune attaque, appeler la population au calme et \u00e0 la s\u00e9r\u00e9nit\u00e9. Que chacun vaque librement \u00e0 ses activit\u00e9s dans la vigilance et dans un esprit de coop\u00e9ration avec les \u00e9l\u00e9ments des forces de s\u00e9curit\u00e9 et de d\u00e9fense pour emp\u00eacher des infiltrations d\u2019individus malintentionn\u00e9s sur notre territoire\u00ab , a indiqu\u00e9 l\u2019autorit\u00e9 communale dans son communiqu\u00e9.<\/p>\n<p><b>Les recommandations du maire \u2026<\/b><\/p>\n<p>A la suite de son d\u00e9menti, le maire Bakari Boukary porte \u00e0 l\u2019attention de ses administr\u00e9s que la surveillance de leur territoire pour la s\u00e9curit\u00e9 de tous incombe \u00e0 toute la population et non aux seuls \u00e9l\u00e9ments des forces de s\u00e9curit\u00e9 et de d\u00e9fense.<\/p>\n<p>Aussi, invite-t-il les populations \u00e0 proc\u00e9der \u00e0 l\u2019enregistrement syst\u00e9matique de tous les \u00e9trangers qu\u2019elles ont h\u00e9berg\u00e9s et \u00e0 d\u00e9noncer tous les individus ou mouvements suspects aupr\u00e8s des forces de s\u00e9curit\u00e9 et de d\u00e9fense ou aupr\u00e8s des autorit\u00e9s locales ou communales.<\/p>\n<p><strong>Pour plus d&rsquo;informations et d&rsquo;analyses sur la <a href=\"https:\/\/www.africa-press.net\/benin\">Benin<\/a>, suivez <a href=\"https:\/\/www.africa-press.net\/\">Africa-Press<\/a><\/strong><\/p>\n","protected":false},"excerpt":{"rendered":"<p>Africa-Press &#8211; Benin. Aucune attaque n\u2019a \u00e9t\u00e9 enregistr\u00e9e dans la nuit du mercredi 13 au petit matin du jeudi 14 Juillet 2022 \u00e0 Tangui\u00e9ta. C\u2019est le d\u00e9menti apport\u00e9 par le maire de la Commune Bakari Boukary qui rassure ses administr\u00e9s et les invite \u00e0 vaquer sans crainte \u00e0 leurs occupations. Le camp militaire de Tangui\u00e9ta [&hellip;]<\/p>\n","protected":false},"author":82,"featured_media":6903,"comment_status":"open","ping_status":"closed","sticky":false,"template":"","format":"standard","meta":{"footnotes":""},"categories":[11,2,10],"tags":[36,50,45],"class_list":["post-6905","post","type-post","status-publish","format-standard","has-post-thumbnail","hentry","category-homepage-french","category-politique","category-toutes-les-actualites","tag-africa-press","tag-africa-press-benin","tag-benin"],"yoast_head":"<!-- This site is optimized with the Yoast SEO Premium plugin v26.1 (Yoast SEO v27.0) - https:\/\/yoast.com\/product\/yoast-seo-premium-wordpress\/ -->\n<title>B\u00e9nin: le camp militaire de Tangui\u00e9ta n\u2019a pas \u00e9t\u00e9 attaqu\u00e9; le maire Bakari Boukary rassure - B\u00e9nin<\/title>\n<meta name=\"description\" content=\"Aucune attaque n\u2019a \u00e9t\u00e9 enregistr\u00e9e dans la nuit du mercredi 13 au petit matin du jeudi 14 Juillet 2022 \u00e0 Tangui\u00e9ta. C\u2019es ...\" \/>\n<meta name=\"robots\" content=\"index, follow, max-snippet:-1, max-image-preview:large, max-video-preview:-1\" \/>\n<link rel=\"canonical\" href=\"https:\/\/www.africa-press.net\/benin\/politique\/benin-le-camp-militaire-de-tanguieta-na-pas-ete-attaque-le-maire-bakari-boukary-rassure\" \/>\n<meta property=\"og:locale\" content=\"fr_FR\" \/>\n<meta property=\"og:type\" content=\"article\" \/>\n<meta property=\"og:title\" content=\"B\u00e9nin: le camp militaire de Tangui\u00e9ta n\u2019a pas \u00e9t\u00e9 attaqu\u00e9; le maire Bakari Boukary rassure\" \/>\n<meta property=\"og:description\" content=\"Aucune attaque n\u2019a \u00e9t\u00e9 enregistr\u00e9e dans la nuit du mercredi 13 au petit matin du jeudi 14 Juillet 2022 \u00e0 Tangui\u00e9ta. C\u2019es ...\" \/>\n<meta property=\"og:url\" content=\"https:\/\/www.africa-press.net\/benin\/politique\/benin-le-camp-militaire-de-tanguieta-na-pas-ete-attaque-le-maire-bakari-boukary-rassure\" \/>\n<meta property=\"og:site_name\" content=\"B\u00e9nin\" \/>\n<meta property=\"article:published_time\" content=\"2022-07-14T15:37:08+00:00\" \/>\n<meta property=\"article:modified_time\" content=\"2022-07-14T15:51:13+00:00\" \/>\n<meta property=\"og:image\" content=\"https:\/\/static.africa-press.net\/benin\/sites\/46\/2022\/07\/postQueueImg_23-62d03b56412e9.jpg\" \/>\n\t<meta property=\"og:image:width\" content=\"1200\" \/>\n\t<meta property=\"og:image:height\" content=\"899\" \/>\n\t<meta property=\"og:image:type\" content=\"image\/jpeg\" \/>\n<meta name=\"author\" content=\"cfeditorfr\" \/>\n<meta name=\"twitter:card\" content=\"summary_large_image\" \/>\n<meta name=\"twitter:label1\" content=\"\u00c9crit par\" \/>\n\t<meta name=\"twitter:data1\" content=\"cfeditorfr\" \/>\n\t<meta name=\"twitter:label2\" content=\"Dur\u00e9e de lecture estim\u00e9e\" \/>\n\t<meta name=\"twitter:data2\" content=\"2 minutes\" \/>\n<script type=\"application\/ld+json\" class=\"yoast-schema-graph\">{\"@context\":\"https:\/\/schema.org\",\"@graph\":[{\"@type\":\"Article\",\"@id\":\"https:\/\/www.africa-press.net\/benin\/politique\/benin-le-camp-militaire-de-tanguieta-na-pas-ete-attaque-le-maire-bakari-boukary-rassure#article\",\"isPartOf\":{\"@id\":\"https:\/\/www.africa-press.net\/benin\/politique\/benin-le-camp-militaire-de-tanguieta-na-pas-ete-attaque-le-maire-bakari-boukary-rassure\"},\"author\":{\"name\":\"cfeditorfr\",\"@id\":\"https:\/\/www.africa-press.net\/benin\/#\/schema\/person\/2b1cf3cd81a31e3cd26889ca66d677f1\"},\"headline\":\"B\u00e9nin: le camp militaire de Tangui\u00e9ta n\u2019a pas \u00e9t\u00e9 attaqu\u00e9; le maire Bakari Boukary rassure\",\"datePublished\":\"2022-07-14T15:37:08+00:00\",\"dateModified\":\"2022-07-14T15:51:13+00:00\",\"mainEntityOfPage\":{\"@id\":\"https:\/\/www.africa-press.net\/benin\/politique\/benin-le-camp-militaire-de-tanguieta-na-pas-ete-attaque-le-maire-bakari-boukary-rassure\"},\"wordCount\":411,\"commentCount\":0,\"image\":{\"@id\":\"https:\/\/www.africa-press.net\/benin\/politique\/benin-le-camp-militaire-de-tanguieta-na-pas-ete-attaque-le-maire-bakari-boukary-rassure#primaryimage\"},\"thumbnailUrl\":\"https:\/\/static.africa-press.net\/benin\/sites\/46\/2022\/07\/postQueueImg_23-62d03b56412e9.jpg\",\"keywords\":[\"Africa Press\",\"Africa Press-Benin\",\"B\u00e9nin\"],\"articleSection\":[\"homepage-french\",\"Politique\",\"Toutes les actualit\u00e9s\"],\"inLanguage\":\"fr-FR\",\"potentialAction\":[{\"@type\":\"CommentAction\",\"name\":\"Comment\",\"target\":[\"https:\/\/www.africa-press.net\/benin\/politique\/benin-le-camp-militaire-de-tanguieta-na-pas-ete-attaque-le-maire-bakari-boukary-rassure#respond\"]}]},{\"@type\":\"WebPage\",\"@id\":\"https:\/\/www.africa-press.net\/benin\/politique\/benin-le-camp-militaire-de-tanguieta-na-pas-ete-attaque-le-maire-bakari-boukary-rassure\",\"url\":\"https:\/\/www.africa-press.net\/benin\/politique\/benin-le-camp-militaire-de-tanguieta-na-pas-ete-attaque-le-maire-bakari-boukary-rassure\",\"name\":\"B\u00e9nin: le camp militaire de Tangui\u00e9ta n\u2019a pas \u00e9t\u00e9 attaqu\u00e9; le maire Bakari Boukary rassure - B\u00e9nin\",\"isPartOf\":{\"@id\":\"https:\/\/www.africa-press.net\/benin\/#website\"},\"primaryImageOfPage\":{\"@id\":\"https:\/\/www.africa-press.net\/benin\/politique\/benin-le-camp-militaire-de-tanguieta-na-pas-ete-attaque-le-maire-bakari-boukary-rassure#primaryimage\"},\"image\":{\"@id\":\"https:\/\/www.africa-press.net\/benin\/politique\/benin-le-camp-militaire-de-tanguieta-na-pas-ete-attaque-le-maire-bakari-boukary-rassure#primaryimage\"},\"thumbnailUrl\":\"https:\/\/static.africa-press.net\/benin\/sites\/46\/2022\/07\/postQueueImg_23-62d03b56412e9.jpg\",\"datePublished\":\"2022-07-14T15:37:08+00:00\",\"dateModified\":\"2022-07-14T15:51:13+00:00\",\"author\":{\"@id\":\"https:\/\/www.africa-press.net\/benin\/#\/schema\/person\/2b1cf3cd81a31e3cd26889ca66d677f1\"},\"description\":\"Aucune attaque n\u2019a \u00e9t\u00e9 enregistr\u00e9e dans la nuit du mercredi 13 au petit matin du jeudi 14 Juillet 2022 \u00e0 Tangui\u00e9ta. C\u2019es ...\",\"breadcrumb\":{\"@id\":\"https:\/\/www.africa-press.net\/benin\/politique\/benin-le-camp-militaire-de-tanguieta-na-pas-ete-attaque-le-maire-bakari-boukary-rassure#breadcrumb\"},\"inLanguage\":\"fr-FR\",\"potentialAction\":[{\"@type\":\"ReadAction\",\"target\":[\"https:\/\/www.africa-press.net\/benin\/politique\/benin-le-camp-militaire-de-tanguieta-na-pas-ete-attaque-le-maire-bakari-boukary-rassure\"]}]},{\"@type\":\"ImageObject\",\"inLanguage\":\"fr-FR\",\"@id\":\"https:\/\/www.africa-press.net\/benin\/politique\/benin-le-camp-militaire-de-tanguieta-na-pas-ete-attaque-le-maire-bakari-boukary-rassure#primaryimage\",\"url\":\"https:\/\/static.africa-press.net\/benin\/sites\/46\/2022\/07\/postQueueImg_23-62d03b56412e9.jpg\",\"contentUrl\":\"https:\/\/static.africa-press.net\/benin\/sites\/46\/2022\/07\/postQueueImg_23-62d03b56412e9.jpg\",\"width\":1200,\"height\":899,\"caption\":\"B\u00e9nin: le camp militaire de Tangui\u00e9ta n\u2019a pas \u00e9t\u00e9 attaqu\u00e9; le maire Bakari Boukary rassure\"},{\"@type\":\"BreadcrumbList\",\"@id\":\"https:\/\/www.africa-press.net\/benin\/politique\/benin-le-camp-militaire-de-tanguieta-na-pas-ete-attaque-le-maire-bakari-boukary-rassure#breadcrumb\",\"itemListElement\":[{\"@type\":\"ListItem\",\"position\":1,\"name\":\"Accueil\",\"item\":\"https:\/\/www.africa-press.net\/benin\/\"},{\"@type\":\"ListItem\",\"position\":2,\"name\":\"B\u00e9nin: le camp militaire de Tangui\u00e9ta n\u2019a pas \u00e9t\u00e9 attaqu\u00e9; le maire Bakari Boukary rassure\"}]},{\"@type\":\"WebSite\",\"@id\":\"https:\/\/www.africa-press.net\/benin\/#website\",\"url\":\"https:\/\/www.africa-press.net\/benin\/\",\"name\":\"B\u00e9nin\",\"description\":\"Just another Africa News Agency Sites site\",\"potentialAction\":[{\"@type\":\"SearchAction\",\"target\":{\"@type\":\"EntryPoint\",\"urlTemplate\":\"https:\/\/www.africa-press.net\/benin\/?s={search_term_string}\"},\"query-input\":{\"@type\":\"PropertyValueSpecification\",\"valueRequired\":true,\"valueName\":\"search_term_string\"}}],\"inLanguage\":\"fr-FR\"},{\"@type\":\"Person\",\"@id\":\"https:\/\/www.africa-press.net\/benin\/#\/schema\/person\/2b1cf3cd81a31e3cd26889ca66d677f1\",\"name\":\"cfeditorfr\"}]}<\/script>\n<!-- \/ Yoast SEO Premium plugin. -->","yoast_head_json":{"title":"B\u00e9nin: le camp militaire de Tangui\u00e9ta n\u2019a pas \u00e9t\u00e9 attaqu\u00e9; le maire Bakari Boukary rassure - B\u00e9nin","description":"Aucune attaque n\u2019a \u00e9t\u00e9 enregistr\u00e9e dans la nuit du mercredi 13 au petit matin du jeudi 14 Juillet 2022 \u00e0 Tangui\u00e9ta. C\u2019es ...","robots":{"index":"index","follow":"follow","max-snippet":"max-snippet:-1","max-image-preview":"max-image-preview:large","max-video-preview":"max-video-preview:-1"},"canonical":"https:\/\/www.africa-press.net\/benin\/politique\/benin-le-camp-militaire-de-tanguieta-na-pas-ete-attaque-le-maire-bakari-boukary-rassure","og_locale":"fr_FR","og_type":"article","og_title":"B\u00e9nin: le camp militaire de Tangui\u00e9ta n\u2019a pas \u00e9t\u00e9 attaqu\u00e9; le maire Bakari Boukary rassure","og_description":"Aucune attaque n\u2019a \u00e9t\u00e9 enregistr\u00e9e dans la nuit du mercredi 13 au petit matin du jeudi 14 Juillet 2022 \u00e0 Tangui\u00e9ta. C\u2019es ...","og_url":"https:\/\/www.africa-press.net\/benin\/politique\/benin-le-camp-militaire-de-tanguieta-na-pas-ete-attaque-le-maire-bakari-boukary-rassure","og_site_name":"B\u00e9nin","article_published_time":"2022-07-14T15:37:08+00:00","article_modified_time":"2022-07-14T15:51:13+00:00","og_image":[{"width":1200,"height":899,"url":"https:\/\/static.africa-press.net\/benin\/sites\/46\/2022\/07\/postQueueImg_23-62d03b56412e9.jpg","type":"image\/jpeg"}],"author":"cfeditorfr","twitter_card":"summary_large_image","twitter_misc":{"\u00c9crit par":"cfeditorfr","Dur\u00e9e de lecture estim\u00e9e":"2 minutes"},"schema":{"@context":"https:\/\/schema.org","@graph":[{"@type":"Article","@id":"https:\/\/www.africa-press.net\/benin\/politique\/benin-le-camp-militaire-de-tanguieta-na-pas-ete-attaque-le-maire-bakari-boukary-rassure#article","isPartOf":{"@id":"https:\/\/www.africa-press.net\/benin\/politique\/benin-le-camp-militaire-de-tanguieta-na-pas-ete-attaque-le-maire-bakari-boukary-rassure"},"author":{"name":"cfeditorfr","@id":"https:\/\/www.africa-press.net\/benin\/#\/schema\/person\/2b1cf3cd81a31e3cd26889ca66d677f1"},"headline":"B\u00e9nin: le camp militaire de Tangui\u00e9ta n\u2019a pas \u00e9t\u00e9 attaqu\u00e9; le maire Bakari Boukary rassure","datePublished":"2022-07-14T15:37:08+00:00","dateModified":"2022-07-14T15:51:13+00:00","mainEntityOfPage":{"@id":"https:\/\/www.africa-press.net\/benin\/politique\/benin-le-camp-militaire-de-tanguieta-na-pas-ete-attaque-le-maire-bakari-boukary-rassure"},"wordCount":411,"commentCount":0,"image":{"@id":"https:\/\/www.africa-press.net\/benin\/politique\/benin-le-camp-militaire-de-tanguieta-na-pas-ete-attaque-le-maire-bakari-boukary-rassure#primaryimage"},"thumbnailUrl":"https:\/\/static.africa-press.net\/benin\/sites\/46\/2022\/07\/postQueueImg_23-62d03b56412e9.jpg","keywords":["Africa Press","Africa Press-Benin","B\u00e9nin"],"articleSection":["homepage-french","Politique","Toutes les actualit\u00e9s"],"inLanguage":"fr-FR","potentialAction":[{"@type":"CommentAction","name":"Comment","target":["https:\/\/www.africa-press.net\/benin\/politique\/benin-le-camp-militaire-de-tanguieta-na-pas-ete-attaque-le-maire-bakari-boukary-rassure#respond"]}]},{"@type":"WebPage","@id":"https:\/\/www.africa-press.net\/benin\/politique\/benin-le-camp-militaire-de-tanguieta-na-pas-ete-attaque-le-maire-bakari-boukary-rassure","url":"https:\/\/www.africa-press.net\/benin\/politique\/benin-le-camp-militaire-de-tanguieta-na-pas-ete-attaque-le-maire-bakari-boukary-rassure","name":"B\u00e9nin: le camp militaire de Tangui\u00e9ta n\u2019a pas \u00e9t\u00e9 attaqu\u00e9; le maire Bakari Boukary rassure - B\u00e9nin","isPartOf":{"@id":"https:\/\/www.africa-press.net\/benin\/#website"},"primaryImageOfPage":{"@id":"https:\/\/www.africa-press.net\/benin\/politique\/benin-le-camp-militaire-de-tanguieta-na-pas-ete-attaque-le-maire-bakari-boukary-rassure#primaryimage"},"image":{"@id":"https:\/\/www.africa-press.net\/benin\/politique\/benin-le-camp-militaire-de-tanguieta-na-pas-ete-attaque-le-maire-bakari-boukary-rassure#primaryimage"},"thumbnailUrl":"https:\/\/static.africa-press.net\/benin\/sites\/46\/2022\/07\/postQueueImg_23-62d03b56412e9.jpg","datePublished":"2022-07-14T15:37:08+00:00","dateModified":"2022-07-14T15:51:13+00:00","author":{"@id":"https:\/\/www.africa-press.net\/benin\/#\/schema\/person\/2b1cf3cd81a31e3cd26889ca66d677f1"},"description":"Aucune attaque n\u2019a \u00e9t\u00e9 enregistr\u00e9e dans la nuit du mercredi 13 au petit matin du jeudi 14 Juillet 2022 \u00e0 Tangui\u00e9ta. C\u2019es ...","breadcrumb":{"@id":"https:\/\/www.africa-press.net\/benin\/politique\/benin-le-camp-militaire-de-tanguieta-na-pas-ete-attaque-le-maire-bakari-boukary-rassure#breadcrumb"},"inLanguage":"fr-FR","potentialAction":[{"@type":"ReadAction","target":["https:\/\/www.africa-press.net\/benin\/politique\/benin-le-camp-militaire-de-tanguieta-na-pas-ete-attaque-le-maire-bakari-boukary-rassure"]}]},{"@type":"ImageObject","inLanguage":"fr-FR","@id":"https:\/\/www.africa-press.net\/benin\/politique\/benin-le-camp-militaire-de-tanguieta-na-pas-ete-attaque-le-maire-bakari-boukary-rassure#primaryimage","url":"https:\/\/static.africa-press.net\/benin\/sites\/46\/2022\/07\/postQueueImg_23-62d03b56412e9.jpg","contentUrl":"https:\/\/static.africa-press.net\/benin\/sites\/46\/2022\/07\/postQueueImg_23-62d03b56412e9.jpg","width":1200,"height":899,"caption":"B\u00e9nin: le camp militaire de Tangui\u00e9ta n\u2019a pas \u00e9t\u00e9 attaqu\u00e9; le maire Bakari Boukary rassure"},{"@type":"BreadcrumbList","@id":"https:\/\/www.africa-press.net\/benin\/politique\/benin-le-camp-militaire-de-tanguieta-na-pas-ete-attaque-le-maire-bakari-boukary-rassure#breadcrumb","itemListElement":[{"@type":"ListItem","position":1,"name":"Accueil","item":"https:\/\/www.africa-press.net\/benin\/"},{"@type":"ListItem","position":2,"name":"B\u00e9nin: le camp militaire de Tangui\u00e9ta n\u2019a pas \u00e9t\u00e9 attaqu\u00e9; le maire Bakari Boukary rassure"}]},{"@type":"WebSite","@id":"https:\/\/www.africa-press.net\/benin\/#website","url":"https:\/\/www.africa-press.net\/benin\/","name":"B\u00e9nin","description":"Just another Africa News Agency Sites site","potentialAction":[{"@type":"SearchAction","target":{"@type":"EntryPoint","urlTemplate":"https:\/\/www.africa-press.net\/benin\/?s={search_term_string}"},"query-input":{"@type":"PropertyValueSpecification","valueRequired":true,"valueName":"search_term_string"}}],"inLanguage":"fr-FR"},{"@type":"Person","@id":"https:\/\/www.africa-press.net\/benin\/#\/schema\/person\/2b1cf3cd81a31e3cd26889ca66d677f1","name":"cfeditorfr"}]}},"_links":{"self":[{"href":"https:\/\/www.africa-press.net\/benin\/wp-json\/wp\/v2\/posts\/6905","targetHints":{"allow":["GET"]}}],"collection":[{"href":"https:\/\/www.africa-press.net\/benin\/wp-json\/wp\/v2\/posts"}],"about":[{"href":"https:\/\/www.africa-press.net\/benin\/wp-json\/wp\/v2\/types\/post"}],"author":[{"embeddable":true,"href":"https:\/\/www.africa-press.net\/benin\/wp-json\/wp\/v2\/users\/82"}],"replies":[{"embeddable":true,"href":"https:\/\/www.africa-press.net\/benin\/wp-json\/wp\/v2\/comments?post=6905"}],"version-history":[{"count":0,"href":"https:\/\/www.africa-press.net\/benin\/wp-json\/wp\/v2\/posts\/6905\/revisions"}],"wp:featuredmedia":[{"embeddable":true,"href":"https:\/\/www.africa-press.net\/benin\/wp-json\/wp\/v2\/media\/6903"}],"wp:attachment":[{"href":"https:\/\/www.africa-press.net\/benin\/wp-json\/wp\/v2\/media?parent=6905"}],"wp:term":[{"taxonomy":"category","embeddable":true,"href":"https:\/\/www.africa-press.net\/benin\/wp-json\/wp\/v2\/categories?post=6905"},{"taxonomy":"post_tag","embeddable":true,"href":"https:\/\/www.africa-press.net\/benin\/wp-json\/wp\/v2\/tags?post=6905"}],"curies":[{"name":"wp","href":"https:\/\/api.w.org\/{rel}","templated":true}]}}