{"id":6920,"date":"2022-07-15T16:20:36","date_gmt":"2022-07-15T16:20:36","guid":{"rendered":"https:\/\/www.africa-press.net\/benin\/politique\/benin-boni-richard-ouorou-annonce-la-creation-de-son-parti-politique"},"modified":"2022-07-15T16:43:14","modified_gmt":"2022-07-15T16:43:14","slug":"benin-boni-richard-ouorou-annonce-la-creation-de-son-parti-politique","status":"publish","type":"post","link":"https:\/\/www.africa-press.net\/benin\/politique\/benin-boni-richard-ouorou-annonce-la-creation-de-son-parti-politique","title":{"rendered":"B\u00e9nin: Boni Richard Ouorou annonce la cr\u00e9ation de son parti politique"},"content":{"rendered":"<p><span style=\"color: #ff6600\"><strong>Africa-Press &#8211; Benin. <\/strong><\/span>Le politologue Boni Richard Ouorou a d\u00e9cid\u00e9 de faire porter ses actions politiques par un parti politique r\u00e9guli\u00e8rement enregistrement selon la l\u00e9gislation b\u00e9ninoise. Il a annonc\u00e9 la cr\u00e9ation de cette formation politique ce jeudi 14 juillet 2022, apr\u00e8s plusieurs constats.<\/p>\n<p>Le mouvement \u00ab terrien,ne,s \u00bb va devenir un parti politique. C\u2019est la d\u00e9cision prise ce jeudi par son initiateur Boni Richard Ouorou. \u00ab Nous pensons qu\u2019il est temps, et ce dans le seul but de p\u00e9renniser nos valeurs et de les d\u00e9fendre partout, de formaliser le mouvement terrien,ne,s et d\u2019en faire un parti politique. De faire de ce creuset, une organisation politique visionnaire, de lutte politique et de d\u00e9veloppement social sinon \u00e9conomique \u00bb, a-t-il \u00e9crit apr\u00e8s une analyse de l\u2019actualit\u00e9 politique.<\/p>\n<p>Selon le politologue, les derniers \u00e9v\u00e9nements marqu\u00e9s par la s\u00e9rie de rencontres entre personnalit\u00e9s et la d\u00e9mission du pr\u00e9sident de la Cour constitutionnelle, rel\u00e8vent d\u2019une man\u0153uvre politique. Une man\u0153uvre qui selon lui, va contre les int\u00e9r\u00eats du peuple. \u00ab Cependant, et ce malgr\u00e9 qu\u2019ils ont l\u2019avantage et les moyens de faire pareille chose, nous avons aussi le droit de nous pr\u00e9parer \u00e0 contre-attaquer l\u00e9gitimement et dans un cadre l\u00e9gal, toutes les mesures qui viseraient \u00e0 limiter la jouissance de nos droits et notre confort mat\u00e9riel et financier \u00bb, a-t-il exprim\u00e9.<\/p>\n<p>Il sollicite l\u2019approbation de tous les membres du mouvement pour concr\u00e9tiser l\u2019id\u00e9e de cr\u00e9ation du parti politique. \u00ab J\u2019ai donc l\u2019honneur de soumettre cette requ\u00eate \u00e0 votre approbation. Si elle vous agr\u00e9e, nous esp\u00e9rerons alors qu\u2019elle obtienne votre adh\u00e9sion totale. Ce n\u2019est qu\u2019\u00e0 cette condition, que nous serons rassur\u00e9s de la volont\u00e9 de chacun de nous \u00e0 aller de l\u2019avant \u00bb, a lanc\u00e9 Boni Richard Ouorou \u00e0 l\u2019endroit de ses \u00ab terrien,ne,s \u00bb.<\/p>\n<p><strong>Pour plus d&rsquo;informations et d&rsquo;analyses sur la <a href=\"https:\/\/www.africa-press.net\/benin\">Benin<\/a>, suivez <a href=\"https:\/\/www.africa-press.net\/\">Africa-Press<\/a><\/strong><\/p>\n","protected":false},"excerpt":{"rendered":"<p>Africa-Press &#8211; Benin. Le politologue Boni Richard Ouorou a d\u00e9cid\u00e9 de faire porter ses actions politiques par un parti politique r\u00e9guli\u00e8rement enregistrement selon la l\u00e9gislation b\u00e9ninoise. Il a annonc\u00e9 la cr\u00e9ation de cette formation politique ce jeudi 14 juillet 2022, apr\u00e8s plusieurs constats. Le mouvement \u00ab terrien,ne,s \u00bb va devenir un parti politique. C\u2019est la [&hellip;]<\/p>\n","protected":false},"author":82,"featured_media":6919,"comment_status":"open","ping_status":"closed","sticky":false,"template":"","format":"standard","meta":{"footnotes":""},"categories":[11,2,10],"tags":[36,50,45],"class_list":["post-6920","post","type-post","status-publish","format-standard","has-post-thumbnail","hentry","category-homepage-french","category-politique","category-toutes-les-actualites","tag-africa-press","tag-africa-press-benin","tag-benin"],"yoast_head":"<!-- This site is optimized with the Yoast SEO Premium plugin v26.1 (Yoast SEO v27.0) - https:\/\/yoast.com\/product\/yoast-seo-premium-wordpress\/ -->\n<title>B\u00e9nin: Boni Richard Ouorou annonce la cr\u00e9ation de son parti politique - B\u00e9nin<\/title>\n<meta name=\"description\" content=\"Le politologue Boni Richard Ouorou a d\u00e9cid\u00e9 de faire porter ses actions politiques par un parti politique r\u00e9guli\u00e8rement ...\" \/>\n<meta name=\"robots\" content=\"index, follow, max-snippet:-1, max-image-preview:large, max-video-preview:-1\" \/>\n<link rel=\"canonical\" href=\"https:\/\/www.africa-press.net\/benin\/politique\/benin-boni-richard-ouorou-annonce-la-creation-de-son-parti-politique\" \/>\n<meta property=\"og:locale\" content=\"fr_FR\" \/>\n<meta property=\"og:type\" content=\"article\" \/>\n<meta property=\"og:title\" content=\"B\u00e9nin: Boni Richard Ouorou annonce la cr\u00e9ation de son parti politique\" \/>\n<meta property=\"og:description\" content=\"Le politologue Boni Richard Ouorou a d\u00e9cid\u00e9 de faire porter ses actions politiques par un parti politique r\u00e9guli\u00e8rement ...\" \/>\n<meta property=\"og:url\" content=\"https:\/\/www.africa-press.net\/benin\/politique\/benin-boni-richard-ouorou-annonce-la-creation-de-son-parti-politique\" \/>\n<meta property=\"og:site_name\" content=\"B\u00e9nin\" \/>\n<meta property=\"article:published_time\" content=\"2022-07-15T16:20:36+00:00\" \/>\n<meta property=\"article:modified_time\" content=\"2022-07-15T16:43:14+00:00\" \/>\n<meta property=\"og:image\" content=\"https:\/\/static.africa-press.net\/benin\/sites\/46\/2022\/07\/postQueueImg_12-62d1990a12b08.jpg\" \/>\n\t<meta property=\"og:image:width\" content=\"1200\" \/>\n\t<meta property=\"og:image:height\" content=\"675\" \/>\n\t<meta property=\"og:image:type\" content=\"image\/jpeg\" \/>\n<meta name=\"author\" content=\"cfeditorfr\" \/>\n<meta name=\"twitter:card\" content=\"summary_large_image\" \/>\n<meta name=\"twitter:label1\" content=\"\u00c9crit par\" \/>\n\t<meta name=\"twitter:data1\" content=\"cfeditorfr\" \/>\n\t<meta name=\"twitter:label2\" content=\"Dur\u00e9e de lecture estim\u00e9e\" \/>\n\t<meta name=\"twitter:data2\" content=\"2 minutes\" \/>\n<script type=\"application\/ld+json\" class=\"yoast-schema-graph\">{\"@context\":\"https:\/\/schema.org\",\"@graph\":[{\"@type\":\"Article\",\"@id\":\"https:\/\/www.africa-press.net\/benin\/politique\/benin-boni-richard-ouorou-annonce-la-creation-de-son-parti-politique#article\",\"isPartOf\":{\"@id\":\"https:\/\/www.africa-press.net\/benin\/politique\/benin-boni-richard-ouorou-annonce-la-creation-de-son-parti-politique\"},\"author\":{\"name\":\"cfeditorfr\",\"@id\":\"https:\/\/www.africa-press.net\/benin\/#\/schema\/person\/2b1cf3cd81a31e3cd26889ca66d677f1\"},\"headline\":\"B\u00e9nin: Boni Richard Ouorou annonce la cr\u00e9ation de son parti politique\",\"datePublished\":\"2022-07-15T16:20:36+00:00\",\"dateModified\":\"2022-07-15T16:43:14+00:00\",\"mainEntityOfPage\":{\"@id\":\"https:\/\/www.africa-press.net\/benin\/politique\/benin-boni-richard-ouorou-annonce-la-creation-de-son-parti-politique\"},\"wordCount\":351,\"commentCount\":0,\"image\":{\"@id\":\"https:\/\/www.africa-press.net\/benin\/politique\/benin-boni-richard-ouorou-annonce-la-creation-de-son-parti-politique#primaryimage\"},\"thumbnailUrl\":\"https:\/\/static.africa-press.net\/benin\/sites\/46\/2022\/07\/postQueueImg_12-62d1990a12b08.jpg\",\"keywords\":[\"Africa Press\",\"Africa Press-Benin\",\"B\u00e9nin\"],\"articleSection\":[\"homepage-french\",\"Politique\",\"Toutes les actualit\u00e9s\"],\"inLanguage\":\"fr-FR\",\"potentialAction\":[{\"@type\":\"CommentAction\",\"name\":\"Comment\",\"target\":[\"https:\/\/www.africa-press.net\/benin\/politique\/benin-boni-richard-ouorou-annonce-la-creation-de-son-parti-politique#respond\"]}]},{\"@type\":\"WebPage\",\"@id\":\"https:\/\/www.africa-press.net\/benin\/politique\/benin-boni-richard-ouorou-annonce-la-creation-de-son-parti-politique\",\"url\":\"https:\/\/www.africa-press.net\/benin\/politique\/benin-boni-richard-ouorou-annonce-la-creation-de-son-parti-politique\",\"name\":\"B\u00e9nin: Boni Richard Ouorou annonce la cr\u00e9ation de son parti politique - B\u00e9nin\",\"isPartOf\":{\"@id\":\"https:\/\/www.africa-press.net\/benin\/#website\"},\"primaryImageOfPage\":{\"@id\":\"https:\/\/www.africa-press.net\/benin\/politique\/benin-boni-richard-ouorou-annonce-la-creation-de-son-parti-politique#primaryimage\"},\"image\":{\"@id\":\"https:\/\/www.africa-press.net\/benin\/politique\/benin-boni-richard-ouorou-annonce-la-creation-de-son-parti-politique#primaryimage\"},\"thumbnailUrl\":\"https:\/\/static.africa-press.net\/benin\/sites\/46\/2022\/07\/postQueueImg_12-62d1990a12b08.jpg\",\"datePublished\":\"2022-07-15T16:20:36+00:00\",\"dateModified\":\"2022-07-15T16:43:14+00:00\",\"author\":{\"@id\":\"https:\/\/www.africa-press.net\/benin\/#\/schema\/person\/2b1cf3cd81a31e3cd26889ca66d677f1\"},\"description\":\"Le politologue Boni Richard Ouorou a d\u00e9cid\u00e9 de faire porter ses actions politiques par un parti politique r\u00e9guli\u00e8rement ...\",\"breadcrumb\":{\"@id\":\"https:\/\/www.africa-press.net\/benin\/politique\/benin-boni-richard-ouorou-annonce-la-creation-de-son-parti-politique#breadcrumb\"},\"inLanguage\":\"fr-FR\",\"potentialAction\":[{\"@type\":\"ReadAction\",\"target\":[\"https:\/\/www.africa-press.net\/benin\/politique\/benin-boni-richard-ouorou-annonce-la-creation-de-son-parti-politique\"]}]},{\"@type\":\"ImageObject\",\"inLanguage\":\"fr-FR\",\"@id\":\"https:\/\/www.africa-press.net\/benin\/politique\/benin-boni-richard-ouorou-annonce-la-creation-de-son-parti-politique#primaryimage\",\"url\":\"https:\/\/static.africa-press.net\/benin\/sites\/46\/2022\/07\/postQueueImg_12-62d1990a12b08.jpg\",\"contentUrl\":\"https:\/\/static.africa-press.net\/benin\/sites\/46\/2022\/07\/postQueueImg_12-62d1990a12b08.jpg\",\"width\":1200,\"height\":675,\"caption\":\"B\u00e9nin: Boni Richard Ouorou annonce la cr\u00e9ation de son parti politique\"},{\"@type\":\"BreadcrumbList\",\"@id\":\"https:\/\/www.africa-press.net\/benin\/politique\/benin-boni-richard-ouorou-annonce-la-creation-de-son-parti-politique#breadcrumb\",\"itemListElement\":[{\"@type\":\"ListItem\",\"position\":1,\"name\":\"Accueil\",\"item\":\"https:\/\/www.africa-press.net\/benin\/\"},{\"@type\":\"ListItem\",\"position\":2,\"name\":\"B\u00e9nin: Boni Richard Ouorou annonce la cr\u00e9ation de son parti politique\"}]},{\"@type\":\"WebSite\",\"@id\":\"https:\/\/www.africa-press.net\/benin\/#website\",\"url\":\"https:\/\/www.africa-press.net\/benin\/\",\"name\":\"B\u00e9nin\",\"description\":\"Just another Africa News Agency Sites site\",\"potentialAction\":[{\"@type\":\"SearchAction\",\"target\":{\"@type\":\"EntryPoint\",\"urlTemplate\":\"https:\/\/www.africa-press.net\/benin\/?s={search_term_string}\"},\"query-input\":{\"@type\":\"PropertyValueSpecification\",\"valueRequired\":true,\"valueName\":\"search_term_string\"}}],\"inLanguage\":\"fr-FR\"},{\"@type\":\"Person\",\"@id\":\"https:\/\/www.africa-press.net\/benin\/#\/schema\/person\/2b1cf3cd81a31e3cd26889ca66d677f1\",\"name\":\"cfeditorfr\"}]}<\/script>\n<!-- \/ Yoast SEO Premium plugin. -->","yoast_head_json":{"title":"B\u00e9nin: Boni Richard Ouorou annonce la cr\u00e9ation de son parti politique - B\u00e9nin","description":"Le politologue Boni Richard Ouorou a d\u00e9cid\u00e9 de faire porter ses actions politiques par un parti politique r\u00e9guli\u00e8rement ...","robots":{"index":"index","follow":"follow","max-snippet":"max-snippet:-1","max-image-preview":"max-image-preview:large","max-video-preview":"max-video-preview:-1"},"canonical":"https:\/\/www.africa-press.net\/benin\/politique\/benin-boni-richard-ouorou-annonce-la-creation-de-son-parti-politique","og_locale":"fr_FR","og_type":"article","og_title":"B\u00e9nin: Boni Richard Ouorou annonce la cr\u00e9ation de son parti politique","og_description":"Le politologue Boni Richard Ouorou a d\u00e9cid\u00e9 de faire porter ses actions politiques par un parti politique r\u00e9guli\u00e8rement ...","og_url":"https:\/\/www.africa-press.net\/benin\/politique\/benin-boni-richard-ouorou-annonce-la-creation-de-son-parti-politique","og_site_name":"B\u00e9nin","article_published_time":"2022-07-15T16:20:36+00:00","article_modified_time":"2022-07-15T16:43:14+00:00","og_image":[{"width":1200,"height":675,"url":"https:\/\/static.africa-press.net\/benin\/sites\/46\/2022\/07\/postQueueImg_12-62d1990a12b08.jpg","type":"image\/jpeg"}],"author":"cfeditorfr","twitter_card":"summary_large_image","twitter_misc":{"\u00c9crit par":"cfeditorfr","Dur\u00e9e de lecture estim\u00e9e":"2 minutes"},"schema":{"@context":"https:\/\/schema.org","@graph":[{"@type":"Article","@id":"https:\/\/www.africa-press.net\/benin\/politique\/benin-boni-richard-ouorou-annonce-la-creation-de-son-parti-politique#article","isPartOf":{"@id":"https:\/\/www.africa-press.net\/benin\/politique\/benin-boni-richard-ouorou-annonce-la-creation-de-son-parti-politique"},"author":{"name":"cfeditorfr","@id":"https:\/\/www.africa-press.net\/benin\/#\/schema\/person\/2b1cf3cd81a31e3cd26889ca66d677f1"},"headline":"B\u00e9nin: Boni Richard Ouorou annonce la cr\u00e9ation de son parti politique","datePublished":"2022-07-15T16:20:36+00:00","dateModified":"2022-07-15T16:43:14+00:00","mainEntityOfPage":{"@id":"https:\/\/www.africa-press.net\/benin\/politique\/benin-boni-richard-ouorou-annonce-la-creation-de-son-parti-politique"},"wordCount":351,"commentCount":0,"image":{"@id":"https:\/\/www.africa-press.net\/benin\/politique\/benin-boni-richard-ouorou-annonce-la-creation-de-son-parti-politique#primaryimage"},"thumbnailUrl":"https:\/\/static.africa-press.net\/benin\/sites\/46\/2022\/07\/postQueueImg_12-62d1990a12b08.jpg","keywords":["Africa Press","Africa Press-Benin","B\u00e9nin"],"articleSection":["homepage-french","Politique","Toutes les actualit\u00e9s"],"inLanguage":"fr-FR","potentialAction":[{"@type":"CommentAction","name":"Comment","target":["https:\/\/www.africa-press.net\/benin\/politique\/benin-boni-richard-ouorou-annonce-la-creation-de-son-parti-politique#respond"]}]},{"@type":"WebPage","@id":"https:\/\/www.africa-press.net\/benin\/politique\/benin-boni-richard-ouorou-annonce-la-creation-de-son-parti-politique","url":"https:\/\/www.africa-press.net\/benin\/politique\/benin-boni-richard-ouorou-annonce-la-creation-de-son-parti-politique","name":"B\u00e9nin: Boni Richard Ouorou annonce la cr\u00e9ation de son parti politique - B\u00e9nin","isPartOf":{"@id":"https:\/\/www.africa-press.net\/benin\/#website"},"primaryImageOfPage":{"@id":"https:\/\/www.africa-press.net\/benin\/politique\/benin-boni-richard-ouorou-annonce-la-creation-de-son-parti-politique#primaryimage"},"image":{"@id":"https:\/\/www.africa-press.net\/benin\/politique\/benin-boni-richard-ouorou-annonce-la-creation-de-son-parti-politique#primaryimage"},"thumbnailUrl":"https:\/\/static.africa-press.net\/benin\/sites\/46\/2022\/07\/postQueueImg_12-62d1990a12b08.jpg","datePublished":"2022-07-15T16:20:36+00:00","dateModified":"2022-07-15T16:43:14+00:00","author":{"@id":"https:\/\/www.africa-press.net\/benin\/#\/schema\/person\/2b1cf3cd81a31e3cd26889ca66d677f1"},"description":"Le politologue Boni Richard Ouorou a d\u00e9cid\u00e9 de faire porter ses actions politiques par un parti politique r\u00e9guli\u00e8rement ...","breadcrumb":{"@id":"https:\/\/www.africa-press.net\/benin\/politique\/benin-boni-richard-ouorou-annonce-la-creation-de-son-parti-politique#breadcrumb"},"inLanguage":"fr-FR","potentialAction":[{"@type":"ReadAction","target":["https:\/\/www.africa-press.net\/benin\/politique\/benin-boni-richard-ouorou-annonce-la-creation-de-son-parti-politique"]}]},{"@type":"ImageObject","inLanguage":"fr-FR","@id":"https:\/\/www.africa-press.net\/benin\/politique\/benin-boni-richard-ouorou-annonce-la-creation-de-son-parti-politique#primaryimage","url":"https:\/\/static.africa-press.net\/benin\/sites\/46\/2022\/07\/postQueueImg_12-62d1990a12b08.jpg","contentUrl":"https:\/\/static.africa-press.net\/benin\/sites\/46\/2022\/07\/postQueueImg_12-62d1990a12b08.jpg","width":1200,"height":675,"caption":"B\u00e9nin: Boni Richard Ouorou annonce la cr\u00e9ation de son parti politique"},{"@type":"BreadcrumbList","@id":"https:\/\/www.africa-press.net\/benin\/politique\/benin-boni-richard-ouorou-annonce-la-creation-de-son-parti-politique#breadcrumb","itemListElement":[{"@type":"ListItem","position":1,"name":"Accueil","item":"https:\/\/www.africa-press.net\/benin\/"},{"@type":"ListItem","position":2,"name":"B\u00e9nin: Boni Richard Ouorou annonce la cr\u00e9ation de son parti politique"}]},{"@type":"WebSite","@id":"https:\/\/www.africa-press.net\/benin\/#website","url":"https:\/\/www.africa-press.net\/benin\/","name":"B\u00e9nin","description":"Just another Africa News Agency Sites site","potentialAction":[{"@type":"SearchAction","target":{"@type":"EntryPoint","urlTemplate":"https:\/\/www.africa-press.net\/benin\/?s={search_term_string}"},"query-input":{"@type":"PropertyValueSpecification","valueRequired":true,"valueName":"search_term_string"}}],"inLanguage":"fr-FR"},{"@type":"Person","@id":"https:\/\/www.africa-press.net\/benin\/#\/schema\/person\/2b1cf3cd81a31e3cd26889ca66d677f1","name":"cfeditorfr"}]}},"_links":{"self":[{"href":"https:\/\/www.africa-press.net\/benin\/wp-json\/wp\/v2\/posts\/6920","targetHints":{"allow":["GET"]}}],"collection":[{"href":"https:\/\/www.africa-press.net\/benin\/wp-json\/wp\/v2\/posts"}],"about":[{"href":"https:\/\/www.africa-press.net\/benin\/wp-json\/wp\/v2\/types\/post"}],"author":[{"embeddable":true,"href":"https:\/\/www.africa-press.net\/benin\/wp-json\/wp\/v2\/users\/82"}],"replies":[{"embeddable":true,"href":"https:\/\/www.africa-press.net\/benin\/wp-json\/wp\/v2\/comments?post=6920"}],"version-history":[{"count":0,"href":"https:\/\/www.africa-press.net\/benin\/wp-json\/wp\/v2\/posts\/6920\/revisions"}],"wp:featuredmedia":[{"embeddable":true,"href":"https:\/\/www.africa-press.net\/benin\/wp-json\/wp\/v2\/media\/6919"}],"wp:attachment":[{"href":"https:\/\/www.africa-press.net\/benin\/wp-json\/wp\/v2\/media?parent=6920"}],"wp:term":[{"taxonomy":"category","embeddable":true,"href":"https:\/\/www.africa-press.net\/benin\/wp-json\/wp\/v2\/categories?post=6920"},{"taxonomy":"post_tag","embeddable":true,"href":"https:\/\/www.africa-press.net\/benin\/wp-json\/wp\/v2\/tags?post=6920"}],"curies":[{"name":"wp","href":"https:\/\/api.w.org\/{rel}","templated":true}]}}