{"id":6923,"date":"2022-07-15T16:20:44","date_gmt":"2022-07-15T16:20:44","guid":{"rendered":"https:\/\/www.africa-press.net\/benin\/politique\/benin-cour-constitutionnelle-patrice-talon-nomme-deux-juristes"},"modified":"2022-07-15T16:43:42","modified_gmt":"2022-07-15T16:43:42","slug":"benin-cour-constitutionnelle-patrice-talon-nomme-deux-juristes","status":"publish","type":"post","link":"https:\/\/www.africa-press.net\/benin\/toutes-les-actualites\/benin-cour-constitutionnelle-patrice-talon-nomme-deux-juristes","title":{"rendered":"B\u00e9nin \u2013 Cour constitutionnelle: Patrice Talon nomme deux juristes"},"content":{"rendered":"<p><span style=\"color: #ff6600\"><strong>Africa-Press &#8211; Benin. <\/strong><\/span>Par le d\u00e9cret N\u00b02022-385 en date du vendredi 08 Juillet 2022, le chef de l\u2019Etat, le pr\u00e9sident Patrice Talon a confirm\u00e9 conform\u00e9ment \u00e0 la nouvelle loi organique de la cour constitutionnelle, Gilles Badet au poste de secr\u00e9taire g\u00e9n\u00e9ral de la haute juridiction.<\/p>\n<p>Sur proposition du professeur Joseph Djogb\u00e9nou, alors pr\u00e9sident de la cour constitutionnelle, Gilles Badet a \u00e9t\u00e9 confirm\u00e9 au poste de secr\u00e9taire g\u00e9n\u00e9ral de la cour constitutionnelle. La nomination est intervenue le 08 Juillet dernier par un d\u00e9cret pris par le pr\u00e9sident de la R\u00e9publique, SEM Patrice Talon. Toujours ce 08 Juillet 2022, le chef de l\u2019Etat par d\u00e9cret N\u00b0 2022-386 du 08 juillet 2022a nomm\u00e9 Me Sylvestre Farra au poste de greffier en chef de la cour constitutionnelle sur proposition du professeur Joseph Djogb\u00e9nou.<\/p>\n<p>Ces nominations \u00e0 la haute juridiction en mati\u00e8re constitutionnelle sont intervenues quelques jours seulement avant la d\u00e9mission du pr\u00e9sident de l\u2019institution, Me Joseph Djogb\u00e9nou qui a propos\u00e9 ces deux juristes.<\/p>\n<p>Selon l\u2019article 5 du d\u00e9cret N\u00b02022-283 du 08 juillet 2022, le Secr\u00e9taire g\u00e9n\u00e9ral est responsable du fonctionnement correct et r\u00e9gulier de l\u2019administration de la Cour constitutionnelle. Il est charg\u00e9, sous l\u2019autorit\u00e9 du Pr\u00e9sident de la Cour constitutionnelle, de la coop\u00e9ration internationale.<\/p>\n<p>Le Greffier en chef de la Cour constitutionnelle est quant \u00e0 lui charg\u00e9 de l\u2019administration du greffe. Selon l\u2019article 3 du d\u00e9cret N\u00b02022-384 du 08 juillet 2022, il prend les mesures n\u00e9cessaires \u00e0 la pr\u00e9paration et \u00e0 l\u2019organisation des audiences juridictionnelles de la Cour, en collaboration avec le secr\u00e9tariat g\u00e9n\u00e9ral de la Cour. Il assiste, sans voix d\u00e9lib\u00e9rative, aux audiences juridictionnelles de la haute juridiction.<\/p>\n<p><strong>Pour plus d&rsquo;informations et d&rsquo;analyses sur la <a href=\"https:\/\/www.africa-press.net\/benin\">Benin<\/a>, suivez <a href=\"https:\/\/www.africa-press.net\/\">Africa-Press<\/a><\/strong><\/p>\n","protected":false},"excerpt":{"rendered":"<p>Africa-Press &#8211; Benin. Par le d\u00e9cret N\u00b02022-385 en date du vendredi 08 Juillet 2022, le chef de l\u2019Etat, le pr\u00e9sident Patrice Talon a confirm\u00e9 conform\u00e9ment \u00e0 la nouvelle loi organique de la cour constitutionnelle, Gilles Badet au poste de secr\u00e9taire g\u00e9n\u00e9ral de la haute juridiction. Sur proposition du professeur Joseph Djogb\u00e9nou, alors pr\u00e9sident de la [&hellip;]<\/p>\n","protected":false},"author":82,"featured_media":6922,"comment_status":"open","ping_status":"closed","sticky":false,"template":"","format":"standard","meta":{"footnotes":""},"categories":[21,11,10],"tags":[36,50,45],"class_list":["post-6923","post","type-post","status-publish","format-standard","has-post-thumbnail","hentry","category-communaute","category-homepage-french","category-toutes-les-actualites","tag-africa-press","tag-africa-press-benin","tag-benin"],"yoast_head":"<!-- This site is optimized with the Yoast SEO Premium plugin v26.1 (Yoast SEO v27.0) - https:\/\/yoast.com\/product\/yoast-seo-premium-wordpress\/ -->\n<title>B\u00e9nin \u2013 Cour constitutionnelle: Patrice Talon nomme deux juristes - B\u00e9nin<\/title>\n<meta name=\"description\" content=\"Par le d\u00e9cret N\u00b02022-385 en date du vendredi 08 Juillet 2022, le chef de l\u2019Etat, le pr\u00e9sident Patrice Talon a confirm\u00e9 c ...\" \/>\n<meta name=\"robots\" content=\"index, follow, max-snippet:-1, max-image-preview:large, max-video-preview:-1\" \/>\n<link rel=\"canonical\" href=\"https:\/\/www.africa-press.net\/benin\/toutes-les-actualites\/benin-cour-constitutionnelle-patrice-talon-nomme-deux-juristes\" \/>\n<meta property=\"og:locale\" content=\"fr_FR\" \/>\n<meta property=\"og:type\" content=\"article\" \/>\n<meta property=\"og:title\" content=\"B\u00e9nin \u2013 Cour constitutionnelle: Patrice Talon nomme deux juristes\" \/>\n<meta property=\"og:description\" content=\"Par le d\u00e9cret N\u00b02022-385 en date du vendredi 08 Juillet 2022, le chef de l\u2019Etat, le pr\u00e9sident Patrice Talon a confirm\u00e9 c ...\" \/>\n<meta property=\"og:url\" content=\"https:\/\/www.africa-press.net\/benin\/toutes-les-actualites\/benin-cour-constitutionnelle-patrice-talon-nomme-deux-juristes\" \/>\n<meta property=\"og:site_name\" content=\"B\u00e9nin\" \/>\n<meta property=\"article:published_time\" content=\"2022-07-15T16:20:44+00:00\" \/>\n<meta property=\"article:modified_time\" content=\"2022-07-15T16:43:42+00:00\" \/>\n<meta property=\"og:image\" content=\"https:\/\/static.africa-press.net\/benin\/sites\/46\/2022\/07\/postQueueImg_13-62d199286dc00.jpg\" \/>\n\t<meta property=\"og:image:width\" content=\"1500\" \/>\n\t<meta property=\"og:image:height\" content=\"800\" \/>\n\t<meta property=\"og:image:type\" content=\"image\/jpeg\" \/>\n<meta name=\"author\" content=\"cfeditorfr\" \/>\n<meta name=\"twitter:card\" content=\"summary_large_image\" \/>\n<meta name=\"twitter:label1\" content=\"\u00c9crit par\" \/>\n\t<meta name=\"twitter:data1\" content=\"cfeditorfr\" \/>\n\t<meta name=\"twitter:label2\" content=\"Dur\u00e9e de lecture estim\u00e9e\" \/>\n\t<meta name=\"twitter:data2\" content=\"2 minutes\" \/>\n<script type=\"application\/ld+json\" class=\"yoast-schema-graph\">{\"@context\":\"https:\/\/schema.org\",\"@graph\":[{\"@type\":\"Article\",\"@id\":\"https:\/\/www.africa-press.net\/benin\/toutes-les-actualites\/benin-cour-constitutionnelle-patrice-talon-nomme-deux-juristes#article\",\"isPartOf\":{\"@id\":\"https:\/\/www.africa-press.net\/benin\/toutes-les-actualites\/benin-cour-constitutionnelle-patrice-talon-nomme-deux-juristes\"},\"author\":{\"name\":\"cfeditorfr\",\"@id\":\"https:\/\/www.africa-press.net\/benin\/#\/schema\/person\/2b1cf3cd81a31e3cd26889ca66d677f1\"},\"headline\":\"B\u00e9nin \u2013 Cour constitutionnelle: Patrice Talon nomme deux juristes\",\"datePublished\":\"2022-07-15T16:20:44+00:00\",\"dateModified\":\"2022-07-15T16:43:42+00:00\",\"mainEntityOfPage\":{\"@id\":\"https:\/\/www.africa-press.net\/benin\/toutes-les-actualites\/benin-cour-constitutionnelle-patrice-talon-nomme-deux-juristes\"},\"wordCount\":316,\"commentCount\":0,\"image\":{\"@id\":\"https:\/\/www.africa-press.net\/benin\/toutes-les-actualites\/benin-cour-constitutionnelle-patrice-talon-nomme-deux-juristes#primaryimage\"},\"thumbnailUrl\":\"https:\/\/static.africa-press.net\/benin\/sites\/46\/2022\/07\/postQueueImg_13-62d199286dc00.jpg\",\"keywords\":[\"Africa Press\",\"Africa Press-Benin\",\"B\u00e9nin\"],\"articleSection\":[\"Communaut\u00e9\",\"homepage-french\",\"Toutes les actualit\u00e9s\"],\"inLanguage\":\"fr-FR\",\"potentialAction\":[{\"@type\":\"CommentAction\",\"name\":\"Comment\",\"target\":[\"https:\/\/www.africa-press.net\/benin\/toutes-les-actualites\/benin-cour-constitutionnelle-patrice-talon-nomme-deux-juristes#respond\"]}]},{\"@type\":\"WebPage\",\"@id\":\"https:\/\/www.africa-press.net\/benin\/toutes-les-actualites\/benin-cour-constitutionnelle-patrice-talon-nomme-deux-juristes\",\"url\":\"https:\/\/www.africa-press.net\/benin\/toutes-les-actualites\/benin-cour-constitutionnelle-patrice-talon-nomme-deux-juristes\",\"name\":\"B\u00e9nin \u2013 Cour constitutionnelle: Patrice Talon nomme deux juristes - B\u00e9nin\",\"isPartOf\":{\"@id\":\"https:\/\/www.africa-press.net\/benin\/#website\"},\"primaryImageOfPage\":{\"@id\":\"https:\/\/www.africa-press.net\/benin\/toutes-les-actualites\/benin-cour-constitutionnelle-patrice-talon-nomme-deux-juristes#primaryimage\"},\"image\":{\"@id\":\"https:\/\/www.africa-press.net\/benin\/toutes-les-actualites\/benin-cour-constitutionnelle-patrice-talon-nomme-deux-juristes#primaryimage\"},\"thumbnailUrl\":\"https:\/\/static.africa-press.net\/benin\/sites\/46\/2022\/07\/postQueueImg_13-62d199286dc00.jpg\",\"datePublished\":\"2022-07-15T16:20:44+00:00\",\"dateModified\":\"2022-07-15T16:43:42+00:00\",\"author\":{\"@id\":\"https:\/\/www.africa-press.net\/benin\/#\/schema\/person\/2b1cf3cd81a31e3cd26889ca66d677f1\"},\"description\":\"Par le d\u00e9cret N\u00b02022-385 en date du vendredi 08 Juillet 2022, le chef de l\u2019Etat, le pr\u00e9sident Patrice Talon a confirm\u00e9 c ...\",\"breadcrumb\":{\"@id\":\"https:\/\/www.africa-press.net\/benin\/toutes-les-actualites\/benin-cour-constitutionnelle-patrice-talon-nomme-deux-juristes#breadcrumb\"},\"inLanguage\":\"fr-FR\",\"potentialAction\":[{\"@type\":\"ReadAction\",\"target\":[\"https:\/\/www.africa-press.net\/benin\/toutes-les-actualites\/benin-cour-constitutionnelle-patrice-talon-nomme-deux-juristes\"]}]},{\"@type\":\"ImageObject\",\"inLanguage\":\"fr-FR\",\"@id\":\"https:\/\/www.africa-press.net\/benin\/toutes-les-actualites\/benin-cour-constitutionnelle-patrice-talon-nomme-deux-juristes#primaryimage\",\"url\":\"https:\/\/static.africa-press.net\/benin\/sites\/46\/2022\/07\/postQueueImg_13-62d199286dc00.jpg\",\"contentUrl\":\"https:\/\/static.africa-press.net\/benin\/sites\/46\/2022\/07\/postQueueImg_13-62d199286dc00.jpg\",\"width\":1500,\"height\":800,\"caption\":\"B\u00e9nin \u2013 Cour constitutionnelle: Patrice Talon nomme deux juristes\"},{\"@type\":\"BreadcrumbList\",\"@id\":\"https:\/\/www.africa-press.net\/benin\/toutes-les-actualites\/benin-cour-constitutionnelle-patrice-talon-nomme-deux-juristes#breadcrumb\",\"itemListElement\":[{\"@type\":\"ListItem\",\"position\":1,\"name\":\"Accueil\",\"item\":\"https:\/\/www.africa-press.net\/benin\/\"},{\"@type\":\"ListItem\",\"position\":2,\"name\":\"B\u00e9nin \u2013 Cour constitutionnelle: Patrice Talon nomme deux juristes\"}]},{\"@type\":\"WebSite\",\"@id\":\"https:\/\/www.africa-press.net\/benin\/#website\",\"url\":\"https:\/\/www.africa-press.net\/benin\/\",\"name\":\"B\u00e9nin\",\"description\":\"Just another Africa News Agency Sites site\",\"potentialAction\":[{\"@type\":\"SearchAction\",\"target\":{\"@type\":\"EntryPoint\",\"urlTemplate\":\"https:\/\/www.africa-press.net\/benin\/?s={search_term_string}\"},\"query-input\":{\"@type\":\"PropertyValueSpecification\",\"valueRequired\":true,\"valueName\":\"search_term_string\"}}],\"inLanguage\":\"fr-FR\"},{\"@type\":\"Person\",\"@id\":\"https:\/\/www.africa-press.net\/benin\/#\/schema\/person\/2b1cf3cd81a31e3cd26889ca66d677f1\",\"name\":\"cfeditorfr\"}]}<\/script>\n<!-- \/ Yoast SEO Premium plugin. -->","yoast_head_json":{"title":"B\u00e9nin \u2013 Cour constitutionnelle: Patrice Talon nomme deux juristes - B\u00e9nin","description":"Par le d\u00e9cret N\u00b02022-385 en date du vendredi 08 Juillet 2022, le chef de l\u2019Etat, le pr\u00e9sident Patrice Talon a confirm\u00e9 c ...","robots":{"index":"index","follow":"follow","max-snippet":"max-snippet:-1","max-image-preview":"max-image-preview:large","max-video-preview":"max-video-preview:-1"},"canonical":"https:\/\/www.africa-press.net\/benin\/toutes-les-actualites\/benin-cour-constitutionnelle-patrice-talon-nomme-deux-juristes","og_locale":"fr_FR","og_type":"article","og_title":"B\u00e9nin \u2013 Cour constitutionnelle: Patrice Talon nomme deux juristes","og_description":"Par le d\u00e9cret N\u00b02022-385 en date du vendredi 08 Juillet 2022, le chef de l\u2019Etat, le pr\u00e9sident Patrice Talon a confirm\u00e9 c ...","og_url":"https:\/\/www.africa-press.net\/benin\/toutes-les-actualites\/benin-cour-constitutionnelle-patrice-talon-nomme-deux-juristes","og_site_name":"B\u00e9nin","article_published_time":"2022-07-15T16:20:44+00:00","article_modified_time":"2022-07-15T16:43:42+00:00","og_image":[{"width":1500,"height":800,"url":"https:\/\/static.africa-press.net\/benin\/sites\/46\/2022\/07\/postQueueImg_13-62d199286dc00.jpg","type":"image\/jpeg"}],"author":"cfeditorfr","twitter_card":"summary_large_image","twitter_misc":{"\u00c9crit par":"cfeditorfr","Dur\u00e9e de lecture estim\u00e9e":"2 minutes"},"schema":{"@context":"https:\/\/schema.org","@graph":[{"@type":"Article","@id":"https:\/\/www.africa-press.net\/benin\/toutes-les-actualites\/benin-cour-constitutionnelle-patrice-talon-nomme-deux-juristes#article","isPartOf":{"@id":"https:\/\/www.africa-press.net\/benin\/toutes-les-actualites\/benin-cour-constitutionnelle-patrice-talon-nomme-deux-juristes"},"author":{"name":"cfeditorfr","@id":"https:\/\/www.africa-press.net\/benin\/#\/schema\/person\/2b1cf3cd81a31e3cd26889ca66d677f1"},"headline":"B\u00e9nin \u2013 Cour constitutionnelle: Patrice Talon nomme deux juristes","datePublished":"2022-07-15T16:20:44+00:00","dateModified":"2022-07-15T16:43:42+00:00","mainEntityOfPage":{"@id":"https:\/\/www.africa-press.net\/benin\/toutes-les-actualites\/benin-cour-constitutionnelle-patrice-talon-nomme-deux-juristes"},"wordCount":316,"commentCount":0,"image":{"@id":"https:\/\/www.africa-press.net\/benin\/toutes-les-actualites\/benin-cour-constitutionnelle-patrice-talon-nomme-deux-juristes#primaryimage"},"thumbnailUrl":"https:\/\/static.africa-press.net\/benin\/sites\/46\/2022\/07\/postQueueImg_13-62d199286dc00.jpg","keywords":["Africa Press","Africa Press-Benin","B\u00e9nin"],"articleSection":["Communaut\u00e9","homepage-french","Toutes les actualit\u00e9s"],"inLanguage":"fr-FR","potentialAction":[{"@type":"CommentAction","name":"Comment","target":["https:\/\/www.africa-press.net\/benin\/toutes-les-actualites\/benin-cour-constitutionnelle-patrice-talon-nomme-deux-juristes#respond"]}]},{"@type":"WebPage","@id":"https:\/\/www.africa-press.net\/benin\/toutes-les-actualites\/benin-cour-constitutionnelle-patrice-talon-nomme-deux-juristes","url":"https:\/\/www.africa-press.net\/benin\/toutes-les-actualites\/benin-cour-constitutionnelle-patrice-talon-nomme-deux-juristes","name":"B\u00e9nin \u2013 Cour constitutionnelle: Patrice Talon nomme deux juristes - B\u00e9nin","isPartOf":{"@id":"https:\/\/www.africa-press.net\/benin\/#website"},"primaryImageOfPage":{"@id":"https:\/\/www.africa-press.net\/benin\/toutes-les-actualites\/benin-cour-constitutionnelle-patrice-talon-nomme-deux-juristes#primaryimage"},"image":{"@id":"https:\/\/www.africa-press.net\/benin\/toutes-les-actualites\/benin-cour-constitutionnelle-patrice-talon-nomme-deux-juristes#primaryimage"},"thumbnailUrl":"https:\/\/static.africa-press.net\/benin\/sites\/46\/2022\/07\/postQueueImg_13-62d199286dc00.jpg","datePublished":"2022-07-15T16:20:44+00:00","dateModified":"2022-07-15T16:43:42+00:00","author":{"@id":"https:\/\/www.africa-press.net\/benin\/#\/schema\/person\/2b1cf3cd81a31e3cd26889ca66d677f1"},"description":"Par le d\u00e9cret N\u00b02022-385 en date du vendredi 08 Juillet 2022, le chef de l\u2019Etat, le pr\u00e9sident Patrice Talon a confirm\u00e9 c ...","breadcrumb":{"@id":"https:\/\/www.africa-press.net\/benin\/toutes-les-actualites\/benin-cour-constitutionnelle-patrice-talon-nomme-deux-juristes#breadcrumb"},"inLanguage":"fr-FR","potentialAction":[{"@type":"ReadAction","target":["https:\/\/www.africa-press.net\/benin\/toutes-les-actualites\/benin-cour-constitutionnelle-patrice-talon-nomme-deux-juristes"]}]},{"@type":"ImageObject","inLanguage":"fr-FR","@id":"https:\/\/www.africa-press.net\/benin\/toutes-les-actualites\/benin-cour-constitutionnelle-patrice-talon-nomme-deux-juristes#primaryimage","url":"https:\/\/static.africa-press.net\/benin\/sites\/46\/2022\/07\/postQueueImg_13-62d199286dc00.jpg","contentUrl":"https:\/\/static.africa-press.net\/benin\/sites\/46\/2022\/07\/postQueueImg_13-62d199286dc00.jpg","width":1500,"height":800,"caption":"B\u00e9nin \u2013 Cour constitutionnelle: Patrice Talon nomme deux juristes"},{"@type":"BreadcrumbList","@id":"https:\/\/www.africa-press.net\/benin\/toutes-les-actualites\/benin-cour-constitutionnelle-patrice-talon-nomme-deux-juristes#breadcrumb","itemListElement":[{"@type":"ListItem","position":1,"name":"Accueil","item":"https:\/\/www.africa-press.net\/benin\/"},{"@type":"ListItem","position":2,"name":"B\u00e9nin \u2013 Cour constitutionnelle: Patrice Talon nomme deux juristes"}]},{"@type":"WebSite","@id":"https:\/\/www.africa-press.net\/benin\/#website","url":"https:\/\/www.africa-press.net\/benin\/","name":"B\u00e9nin","description":"Just another Africa News Agency Sites site","potentialAction":[{"@type":"SearchAction","target":{"@type":"EntryPoint","urlTemplate":"https:\/\/www.africa-press.net\/benin\/?s={search_term_string}"},"query-input":{"@type":"PropertyValueSpecification","valueRequired":true,"valueName":"search_term_string"}}],"inLanguage":"fr-FR"},{"@type":"Person","@id":"https:\/\/www.africa-press.net\/benin\/#\/schema\/person\/2b1cf3cd81a31e3cd26889ca66d677f1","name":"cfeditorfr"}]}},"_links":{"self":[{"href":"https:\/\/www.africa-press.net\/benin\/wp-json\/wp\/v2\/posts\/6923","targetHints":{"allow":["GET"]}}],"collection":[{"href":"https:\/\/www.africa-press.net\/benin\/wp-json\/wp\/v2\/posts"}],"about":[{"href":"https:\/\/www.africa-press.net\/benin\/wp-json\/wp\/v2\/types\/post"}],"author":[{"embeddable":true,"href":"https:\/\/www.africa-press.net\/benin\/wp-json\/wp\/v2\/users\/82"}],"replies":[{"embeddable":true,"href":"https:\/\/www.africa-press.net\/benin\/wp-json\/wp\/v2\/comments?post=6923"}],"version-history":[{"count":0,"href":"https:\/\/www.africa-press.net\/benin\/wp-json\/wp\/v2\/posts\/6923\/revisions"}],"wp:featuredmedia":[{"embeddable":true,"href":"https:\/\/www.africa-press.net\/benin\/wp-json\/wp\/v2\/media\/6922"}],"wp:attachment":[{"href":"https:\/\/www.africa-press.net\/benin\/wp-json\/wp\/v2\/media?parent=6923"}],"wp:term":[{"taxonomy":"category","embeddable":true,"href":"https:\/\/www.africa-press.net\/benin\/wp-json\/wp\/v2\/categories?post=6923"},{"taxonomy":"post_tag","embeddable":true,"href":"https:\/\/www.africa-press.net\/benin\/wp-json\/wp\/v2\/tags?post=6923"}],"curies":[{"name":"wp","href":"https:\/\/api.w.org\/{rel}","templated":true}]}}