{"id":6939,"date":"2022-07-15T16:22:39","date_gmt":"2022-07-15T16:22:39","guid":{"rendered":"https:\/\/www.africa-press.net\/benin\/politique\/session-criminelle-de-cotonou-mandat-darret-decerne-contre-un-cultivateur-en-cavale"},"modified":"2022-07-15T16:46:22","modified_gmt":"2022-07-15T16:46:22","slug":"session-criminelle-de-cotonou-mandat-darret-decerne-contre-un-cultivateur-en-cavale","status":"publish","type":"post","link":"https:\/\/www.africa-press.net\/benin\/toutes-les-actualites\/session-criminelle-de-cotonou-mandat-darret-decerne-contre-un-cultivateur-en-cavale","title":{"rendered":"Session criminelle de Cotonou: mandat d\u2019arr\u00eat d\u00e9cern\u00e9 contre un cultivateur en cavale"},"content":{"rendered":"<p><span style=\"color: #ff6600\"><strong>Africa-Press &#8211; Benin. <\/strong><\/span>Accus\u00e9 de coups mortels sur sa femme, un cultivateur en cavale est recherch\u00e9 par la justice. Il a \u00e9t\u00e9 condamn\u00e9 ce jeudi 14 Juillet \u00e0 10 ans de prison ferme au cours de la session criminelle en cours au tribunal de Cotonou.<\/p>\n<p>La session criminelle du tribunal de Cotonou a connu ce jeudi 14 Juillet un dossier de coups mortels. L\u2019accus\u00e9, un cultivateur de formation n\u2019\u00e9tait pas pr\u00e9sent \u00e0 l\u2019audience. Il est poursuivi pour avoir port\u00e9 des coups mortels \u00e0 sa femme.<\/p>\n<p>Face \u00e0 l\u2019absence de l\u2019accus\u00e9, la repr\u00e9sentante du minist\u00e8re public a demand\u00e9 \u00e0 la cour de statuer sur le dossier par d\u00e9faut. Requ\u00eate accept\u00e9e par le pr\u00e9sident de c\u00e9ans qui ordonna la poursuite du proc\u00e8s.<\/p>\n<p>Dans ses r\u00e9quisitoires, la repr\u00e9sentante du minist\u00e8re public a demand\u00e9 que l\u2019accus\u00e9 soit condamn\u00e9 \u00e0 10 ans de prison dont 48 mois fermes. L\u2019accus\u00e9 n\u2019a pu b\u00e9n\u00e9ficier de la plaidoirie de son avocat du fait de son absence \u00e0 l\u2019audience.<\/p>\n<p>Dans sa d\u00e9cision, le tribunal a reconnu coupable l\u2019accus\u00e9 de coups mortels ayant entra\u00een\u00e9 la mort de victime qui n\u2019est rien d\u2019autre que sa victime. Il est condamn\u00e9 \u00e0 10 ans de prison ferme et un mandat d\u2019arr\u00eat est d\u00e9cern\u00e9 contre lui.<\/p>\n<p><b>Retour sur les faits\u2026<\/b><\/p>\n<p>Les faits de la cause remontent en Avril 2010. On \u00e9tait dans la Commune d\u2019Allada, dans le d\u00e9partement de l\u2019Atlantique. De retour du couvent vers 22h30, le cultivateur a demand\u00e9 \u00e0 sa femme de lui servir \u00e0 manger.<\/p>\n<p>Estimant que sa femme mettait trop de temps pour satisfaire son besoin, le cultivateur s\u2019est mis \u00e0 prof\u00e9rer des injures \u00e0 l\u2019endroit de la m\u00e8re de ses enfants. S\u2019en est suivi une altercation au cours de laquelle, le cultivateur assomma sa femme enceinte de 4 mois.<\/p>\n<p>Conduite \u00e0 l\u2019h\u00f4pital, elle a rendu l\u2019\u00e2me suite \u00e0 des saignement au niveau de son appareil g\u00e9nital. Inform\u00e9 du d\u00e9c\u00e8s de sa femme, le cultivateur a pris la poudre d\u2019escampette mais sera rattrap\u00e9 par la police.<\/p>\n<p>D\u00e9pos\u00e9 en prison, il a b\u00e9n\u00e9fici\u00e9 en 2014 d\u2019une libert\u00e9 provisoire. Invit\u00e9 \u00e0 compara\u00eetre ce jeudi 14 Juillet 2022 au tribunal de Cotonou actuellement en session criminelle, il s\u2019absente \u00e0 son proc\u00e8s malgr\u00e9 les diligences faites \u00e0 son endroit \u00e0 croire le minist\u00e8re public.<\/p>\n<p><strong>Pour plus d&rsquo;informations et d&rsquo;analyses sur la <a href=\"https:\/\/www.africa-press.net\/benin\">Benin<\/a>, suivez <a href=\"https:\/\/www.africa-press.net\/\">Africa-Press<\/a><\/strong><\/p>\n","protected":false},"excerpt":{"rendered":"<p>Africa-Press &#8211; Benin. Accus\u00e9 de coups mortels sur sa femme, un cultivateur en cavale est recherch\u00e9 par la justice. Il a \u00e9t\u00e9 condamn\u00e9 ce jeudi 14 Juillet \u00e0 10 ans de prison ferme au cours de la session criminelle en cours au tribunal de Cotonou. La session criminelle du tribunal de Cotonou a connu ce [&hellip;]<\/p>\n","protected":false},"author":82,"featured_media":6938,"comment_status":"open","ping_status":"closed","sticky":false,"template":"","format":"standard","meta":{"footnotes":""},"categories":[21,11,10],"tags":[36,50,45],"class_list":["post-6939","post","type-post","status-publish","format-standard","has-post-thumbnail","hentry","category-communaute","category-homepage-french","category-toutes-les-actualites","tag-africa-press","tag-africa-press-benin","tag-benin"],"yoast_head":"<!-- This site is optimized with the Yoast SEO Premium plugin v26.1 (Yoast SEO v27.0) - https:\/\/yoast.com\/product\/yoast-seo-premium-wordpress\/ -->\n<title>Session criminelle de Cotonou: mandat d\u2019arr\u00eat d\u00e9cern\u00e9 contre un cultivateur en cavale - B\u00e9nin<\/title>\n<meta name=\"description\" content=\"Accus\u00e9 de coups mortels sur sa femme, un cultivateur en cavale est recherch\u00e9 par la justice. Il a \u00e9t\u00e9 condamn\u00e9 ce jeudi ...\" \/>\n<meta name=\"robots\" content=\"index, follow, max-snippet:-1, max-image-preview:large, max-video-preview:-1\" \/>\n<link rel=\"canonical\" href=\"https:\/\/www.africa-press.net\/benin\/toutes-les-actualites\/session-criminelle-de-cotonou-mandat-darret-decerne-contre-un-cultivateur-en-cavale\" \/>\n<meta property=\"og:locale\" content=\"fr_FR\" \/>\n<meta property=\"og:type\" content=\"article\" \/>\n<meta property=\"og:title\" content=\"Session criminelle de Cotonou: mandat d\u2019arr\u00eat d\u00e9cern\u00e9 contre un cultivateur en cavale\" \/>\n<meta property=\"og:description\" content=\"Accus\u00e9 de coups mortels sur sa femme, un cultivateur en cavale est recherch\u00e9 par la justice. Il a \u00e9t\u00e9 condamn\u00e9 ce jeudi ...\" \/>\n<meta property=\"og:url\" content=\"https:\/\/www.africa-press.net\/benin\/toutes-les-actualites\/session-criminelle-de-cotonou-mandat-darret-decerne-contre-un-cultivateur-en-cavale\" \/>\n<meta property=\"og:site_name\" content=\"B\u00e9nin\" \/>\n<meta property=\"article:published_time\" content=\"2022-07-15T16:22:39+00:00\" \/>\n<meta property=\"article:modified_time\" content=\"2022-07-15T16:46:22+00:00\" \/>\n<meta property=\"og:image\" content=\"https:\/\/static.africa-press.net\/benin\/sites\/46\/2022\/07\/postQueueImg_16-62d199c817331.jpg\" \/>\n\t<meta property=\"og:image:width\" content=\"1200\" \/>\n\t<meta property=\"og:image:height\" content=\"900\" \/>\n\t<meta property=\"og:image:type\" content=\"image\/jpeg\" \/>\n<meta name=\"author\" content=\"cfeditorfr\" \/>\n<meta name=\"twitter:card\" content=\"summary_large_image\" \/>\n<meta name=\"twitter:label1\" content=\"\u00c9crit par\" \/>\n\t<meta name=\"twitter:data1\" content=\"cfeditorfr\" \/>\n\t<meta name=\"twitter:label2\" content=\"Dur\u00e9e de lecture estim\u00e9e\" \/>\n\t<meta name=\"twitter:data2\" content=\"2 minutes\" \/>\n<script type=\"application\/ld+json\" class=\"yoast-schema-graph\">{\"@context\":\"https:\/\/schema.org\",\"@graph\":[{\"@type\":\"Article\",\"@id\":\"https:\/\/www.africa-press.net\/benin\/toutes-les-actualites\/session-criminelle-de-cotonou-mandat-darret-decerne-contre-un-cultivateur-en-cavale#article\",\"isPartOf\":{\"@id\":\"https:\/\/www.africa-press.net\/benin\/toutes-les-actualites\/session-criminelle-de-cotonou-mandat-darret-decerne-contre-un-cultivateur-en-cavale\"},\"author\":{\"name\":\"cfeditorfr\",\"@id\":\"https:\/\/www.africa-press.net\/benin\/#\/schema\/person\/2b1cf3cd81a31e3cd26889ca66d677f1\"},\"headline\":\"Session criminelle de Cotonou: mandat d\u2019arr\u00eat d\u00e9cern\u00e9 contre un cultivateur en cavale\",\"datePublished\":\"2022-07-15T16:22:39+00:00\",\"dateModified\":\"2022-07-15T16:46:22+00:00\",\"mainEntityOfPage\":{\"@id\":\"https:\/\/www.africa-press.net\/benin\/toutes-les-actualites\/session-criminelle-de-cotonou-mandat-darret-decerne-contre-un-cultivateur-en-cavale\"},\"wordCount\":422,\"commentCount\":0,\"image\":{\"@id\":\"https:\/\/www.africa-press.net\/benin\/toutes-les-actualites\/session-criminelle-de-cotonou-mandat-darret-decerne-contre-un-cultivateur-en-cavale#primaryimage\"},\"thumbnailUrl\":\"https:\/\/static.africa-press.net\/benin\/sites\/46\/2022\/07\/postQueueImg_16-62d199c817331.jpg\",\"keywords\":[\"Africa Press\",\"Africa Press-Benin\",\"B\u00e9nin\"],\"articleSection\":[\"Communaut\u00e9\",\"homepage-french\",\"Toutes les actualit\u00e9s\"],\"inLanguage\":\"fr-FR\",\"potentialAction\":[{\"@type\":\"CommentAction\",\"name\":\"Comment\",\"target\":[\"https:\/\/www.africa-press.net\/benin\/toutes-les-actualites\/session-criminelle-de-cotonou-mandat-darret-decerne-contre-un-cultivateur-en-cavale#respond\"]}]},{\"@type\":\"WebPage\",\"@id\":\"https:\/\/www.africa-press.net\/benin\/toutes-les-actualites\/session-criminelle-de-cotonou-mandat-darret-decerne-contre-un-cultivateur-en-cavale\",\"url\":\"https:\/\/www.africa-press.net\/benin\/toutes-les-actualites\/session-criminelle-de-cotonou-mandat-darret-decerne-contre-un-cultivateur-en-cavale\",\"name\":\"Session criminelle de Cotonou: mandat d\u2019arr\u00eat d\u00e9cern\u00e9 contre un cultivateur en cavale - B\u00e9nin\",\"isPartOf\":{\"@id\":\"https:\/\/www.africa-press.net\/benin\/#website\"},\"primaryImageOfPage\":{\"@id\":\"https:\/\/www.africa-press.net\/benin\/toutes-les-actualites\/session-criminelle-de-cotonou-mandat-darret-decerne-contre-un-cultivateur-en-cavale#primaryimage\"},\"image\":{\"@id\":\"https:\/\/www.africa-press.net\/benin\/toutes-les-actualites\/session-criminelle-de-cotonou-mandat-darret-decerne-contre-un-cultivateur-en-cavale#primaryimage\"},\"thumbnailUrl\":\"https:\/\/static.africa-press.net\/benin\/sites\/46\/2022\/07\/postQueueImg_16-62d199c817331.jpg\",\"datePublished\":\"2022-07-15T16:22:39+00:00\",\"dateModified\":\"2022-07-15T16:46:22+00:00\",\"author\":{\"@id\":\"https:\/\/www.africa-press.net\/benin\/#\/schema\/person\/2b1cf3cd81a31e3cd26889ca66d677f1\"},\"description\":\"Accus\u00e9 de coups mortels sur sa femme, un cultivateur en cavale est recherch\u00e9 par la justice. Il a \u00e9t\u00e9 condamn\u00e9 ce jeudi ...\",\"breadcrumb\":{\"@id\":\"https:\/\/www.africa-press.net\/benin\/toutes-les-actualites\/session-criminelle-de-cotonou-mandat-darret-decerne-contre-un-cultivateur-en-cavale#breadcrumb\"},\"inLanguage\":\"fr-FR\",\"potentialAction\":[{\"@type\":\"ReadAction\",\"target\":[\"https:\/\/www.africa-press.net\/benin\/toutes-les-actualites\/session-criminelle-de-cotonou-mandat-darret-decerne-contre-un-cultivateur-en-cavale\"]}]},{\"@type\":\"ImageObject\",\"inLanguage\":\"fr-FR\",\"@id\":\"https:\/\/www.africa-press.net\/benin\/toutes-les-actualites\/session-criminelle-de-cotonou-mandat-darret-decerne-contre-un-cultivateur-en-cavale#primaryimage\",\"url\":\"https:\/\/static.africa-press.net\/benin\/sites\/46\/2022\/07\/postQueueImg_16-62d199c817331.jpg\",\"contentUrl\":\"https:\/\/static.africa-press.net\/benin\/sites\/46\/2022\/07\/postQueueImg_16-62d199c817331.jpg\",\"width\":1200,\"height\":900,\"caption\":\"Session criminelle de Cotonou: mandat d\u2019arr\u00eat d\u00e9cern\u00e9 contre un cultivateur en cavale\"},{\"@type\":\"BreadcrumbList\",\"@id\":\"https:\/\/www.africa-press.net\/benin\/toutes-les-actualites\/session-criminelle-de-cotonou-mandat-darret-decerne-contre-un-cultivateur-en-cavale#breadcrumb\",\"itemListElement\":[{\"@type\":\"ListItem\",\"position\":1,\"name\":\"Accueil\",\"item\":\"https:\/\/www.africa-press.net\/benin\/\"},{\"@type\":\"ListItem\",\"position\":2,\"name\":\"Session criminelle de Cotonou: mandat d\u2019arr\u00eat d\u00e9cern\u00e9 contre un cultivateur en cavale\"}]},{\"@type\":\"WebSite\",\"@id\":\"https:\/\/www.africa-press.net\/benin\/#website\",\"url\":\"https:\/\/www.africa-press.net\/benin\/\",\"name\":\"B\u00e9nin\",\"description\":\"Just another Africa News Agency Sites site\",\"potentialAction\":[{\"@type\":\"SearchAction\",\"target\":{\"@type\":\"EntryPoint\",\"urlTemplate\":\"https:\/\/www.africa-press.net\/benin\/?s={search_term_string}\"},\"query-input\":{\"@type\":\"PropertyValueSpecification\",\"valueRequired\":true,\"valueName\":\"search_term_string\"}}],\"inLanguage\":\"fr-FR\"},{\"@type\":\"Person\",\"@id\":\"https:\/\/www.africa-press.net\/benin\/#\/schema\/person\/2b1cf3cd81a31e3cd26889ca66d677f1\",\"name\":\"cfeditorfr\"}]}<\/script>\n<!-- \/ Yoast SEO Premium plugin. -->","yoast_head_json":{"title":"Session criminelle de Cotonou: mandat d\u2019arr\u00eat d\u00e9cern\u00e9 contre un cultivateur en cavale - B\u00e9nin","description":"Accus\u00e9 de coups mortels sur sa femme, un cultivateur en cavale est recherch\u00e9 par la justice. Il a \u00e9t\u00e9 condamn\u00e9 ce jeudi ...","robots":{"index":"index","follow":"follow","max-snippet":"max-snippet:-1","max-image-preview":"max-image-preview:large","max-video-preview":"max-video-preview:-1"},"canonical":"https:\/\/www.africa-press.net\/benin\/toutes-les-actualites\/session-criminelle-de-cotonou-mandat-darret-decerne-contre-un-cultivateur-en-cavale","og_locale":"fr_FR","og_type":"article","og_title":"Session criminelle de Cotonou: mandat d\u2019arr\u00eat d\u00e9cern\u00e9 contre un cultivateur en cavale","og_description":"Accus\u00e9 de coups mortels sur sa femme, un cultivateur en cavale est recherch\u00e9 par la justice. Il a \u00e9t\u00e9 condamn\u00e9 ce jeudi ...","og_url":"https:\/\/www.africa-press.net\/benin\/toutes-les-actualites\/session-criminelle-de-cotonou-mandat-darret-decerne-contre-un-cultivateur-en-cavale","og_site_name":"B\u00e9nin","article_published_time":"2022-07-15T16:22:39+00:00","article_modified_time":"2022-07-15T16:46:22+00:00","og_image":[{"width":1200,"height":900,"url":"https:\/\/static.africa-press.net\/benin\/sites\/46\/2022\/07\/postQueueImg_16-62d199c817331.jpg","type":"image\/jpeg"}],"author":"cfeditorfr","twitter_card":"summary_large_image","twitter_misc":{"\u00c9crit par":"cfeditorfr","Dur\u00e9e de lecture estim\u00e9e":"2 minutes"},"schema":{"@context":"https:\/\/schema.org","@graph":[{"@type":"Article","@id":"https:\/\/www.africa-press.net\/benin\/toutes-les-actualites\/session-criminelle-de-cotonou-mandat-darret-decerne-contre-un-cultivateur-en-cavale#article","isPartOf":{"@id":"https:\/\/www.africa-press.net\/benin\/toutes-les-actualites\/session-criminelle-de-cotonou-mandat-darret-decerne-contre-un-cultivateur-en-cavale"},"author":{"name":"cfeditorfr","@id":"https:\/\/www.africa-press.net\/benin\/#\/schema\/person\/2b1cf3cd81a31e3cd26889ca66d677f1"},"headline":"Session criminelle de Cotonou: mandat d\u2019arr\u00eat d\u00e9cern\u00e9 contre un cultivateur en cavale","datePublished":"2022-07-15T16:22:39+00:00","dateModified":"2022-07-15T16:46:22+00:00","mainEntityOfPage":{"@id":"https:\/\/www.africa-press.net\/benin\/toutes-les-actualites\/session-criminelle-de-cotonou-mandat-darret-decerne-contre-un-cultivateur-en-cavale"},"wordCount":422,"commentCount":0,"image":{"@id":"https:\/\/www.africa-press.net\/benin\/toutes-les-actualites\/session-criminelle-de-cotonou-mandat-darret-decerne-contre-un-cultivateur-en-cavale#primaryimage"},"thumbnailUrl":"https:\/\/static.africa-press.net\/benin\/sites\/46\/2022\/07\/postQueueImg_16-62d199c817331.jpg","keywords":["Africa Press","Africa Press-Benin","B\u00e9nin"],"articleSection":["Communaut\u00e9","homepage-french","Toutes les actualit\u00e9s"],"inLanguage":"fr-FR","potentialAction":[{"@type":"CommentAction","name":"Comment","target":["https:\/\/www.africa-press.net\/benin\/toutes-les-actualites\/session-criminelle-de-cotonou-mandat-darret-decerne-contre-un-cultivateur-en-cavale#respond"]}]},{"@type":"WebPage","@id":"https:\/\/www.africa-press.net\/benin\/toutes-les-actualites\/session-criminelle-de-cotonou-mandat-darret-decerne-contre-un-cultivateur-en-cavale","url":"https:\/\/www.africa-press.net\/benin\/toutes-les-actualites\/session-criminelle-de-cotonou-mandat-darret-decerne-contre-un-cultivateur-en-cavale","name":"Session criminelle de Cotonou: mandat d\u2019arr\u00eat d\u00e9cern\u00e9 contre un cultivateur en cavale - B\u00e9nin","isPartOf":{"@id":"https:\/\/www.africa-press.net\/benin\/#website"},"primaryImageOfPage":{"@id":"https:\/\/www.africa-press.net\/benin\/toutes-les-actualites\/session-criminelle-de-cotonou-mandat-darret-decerne-contre-un-cultivateur-en-cavale#primaryimage"},"image":{"@id":"https:\/\/www.africa-press.net\/benin\/toutes-les-actualites\/session-criminelle-de-cotonou-mandat-darret-decerne-contre-un-cultivateur-en-cavale#primaryimage"},"thumbnailUrl":"https:\/\/static.africa-press.net\/benin\/sites\/46\/2022\/07\/postQueueImg_16-62d199c817331.jpg","datePublished":"2022-07-15T16:22:39+00:00","dateModified":"2022-07-15T16:46:22+00:00","author":{"@id":"https:\/\/www.africa-press.net\/benin\/#\/schema\/person\/2b1cf3cd81a31e3cd26889ca66d677f1"},"description":"Accus\u00e9 de coups mortels sur sa femme, un cultivateur en cavale est recherch\u00e9 par la justice. Il a \u00e9t\u00e9 condamn\u00e9 ce jeudi ...","breadcrumb":{"@id":"https:\/\/www.africa-press.net\/benin\/toutes-les-actualites\/session-criminelle-de-cotonou-mandat-darret-decerne-contre-un-cultivateur-en-cavale#breadcrumb"},"inLanguage":"fr-FR","potentialAction":[{"@type":"ReadAction","target":["https:\/\/www.africa-press.net\/benin\/toutes-les-actualites\/session-criminelle-de-cotonou-mandat-darret-decerne-contre-un-cultivateur-en-cavale"]}]},{"@type":"ImageObject","inLanguage":"fr-FR","@id":"https:\/\/www.africa-press.net\/benin\/toutes-les-actualites\/session-criminelle-de-cotonou-mandat-darret-decerne-contre-un-cultivateur-en-cavale#primaryimage","url":"https:\/\/static.africa-press.net\/benin\/sites\/46\/2022\/07\/postQueueImg_16-62d199c817331.jpg","contentUrl":"https:\/\/static.africa-press.net\/benin\/sites\/46\/2022\/07\/postQueueImg_16-62d199c817331.jpg","width":1200,"height":900,"caption":"Session criminelle de Cotonou: mandat d\u2019arr\u00eat d\u00e9cern\u00e9 contre un cultivateur en cavale"},{"@type":"BreadcrumbList","@id":"https:\/\/www.africa-press.net\/benin\/toutes-les-actualites\/session-criminelle-de-cotonou-mandat-darret-decerne-contre-un-cultivateur-en-cavale#breadcrumb","itemListElement":[{"@type":"ListItem","position":1,"name":"Accueil","item":"https:\/\/www.africa-press.net\/benin\/"},{"@type":"ListItem","position":2,"name":"Session criminelle de Cotonou: mandat d\u2019arr\u00eat d\u00e9cern\u00e9 contre un cultivateur en cavale"}]},{"@type":"WebSite","@id":"https:\/\/www.africa-press.net\/benin\/#website","url":"https:\/\/www.africa-press.net\/benin\/","name":"B\u00e9nin","description":"Just another Africa News Agency Sites site","potentialAction":[{"@type":"SearchAction","target":{"@type":"EntryPoint","urlTemplate":"https:\/\/www.africa-press.net\/benin\/?s={search_term_string}"},"query-input":{"@type":"PropertyValueSpecification","valueRequired":true,"valueName":"search_term_string"}}],"inLanguage":"fr-FR"},{"@type":"Person","@id":"https:\/\/www.africa-press.net\/benin\/#\/schema\/person\/2b1cf3cd81a31e3cd26889ca66d677f1","name":"cfeditorfr"}]}},"_links":{"self":[{"href":"https:\/\/www.africa-press.net\/benin\/wp-json\/wp\/v2\/posts\/6939","targetHints":{"allow":["GET"]}}],"collection":[{"href":"https:\/\/www.africa-press.net\/benin\/wp-json\/wp\/v2\/posts"}],"about":[{"href":"https:\/\/www.africa-press.net\/benin\/wp-json\/wp\/v2\/types\/post"}],"author":[{"embeddable":true,"href":"https:\/\/www.africa-press.net\/benin\/wp-json\/wp\/v2\/users\/82"}],"replies":[{"embeddable":true,"href":"https:\/\/www.africa-press.net\/benin\/wp-json\/wp\/v2\/comments?post=6939"}],"version-history":[{"count":0,"href":"https:\/\/www.africa-press.net\/benin\/wp-json\/wp\/v2\/posts\/6939\/revisions"}],"wp:featuredmedia":[{"embeddable":true,"href":"https:\/\/www.africa-press.net\/benin\/wp-json\/wp\/v2\/media\/6938"}],"wp:attachment":[{"href":"https:\/\/www.africa-press.net\/benin\/wp-json\/wp\/v2\/media?parent=6939"}],"wp:term":[{"taxonomy":"category","embeddable":true,"href":"https:\/\/www.africa-press.net\/benin\/wp-json\/wp\/v2\/categories?post=6939"},{"taxonomy":"post_tag","embeddable":true,"href":"https:\/\/www.africa-press.net\/benin\/wp-json\/wp\/v2\/tags?post=6939"}],"curies":[{"name":"wp","href":"https:\/\/api.w.org\/{rel}","templated":true}]}}