{"id":6942,"date":"2022-07-15T16:22:53","date_gmt":"2022-07-15T16:22:53","guid":{"rendered":"https:\/\/www.africa-press.net\/benin\/politique\/lutte-anti-terroriste-il-ny-a-pas-de-base-francaise-au-benin-marc-vizy"},"modified":"2022-07-15T16:47:00","modified_gmt":"2022-07-15T16:47:00","slug":"lutte-anti-terroriste-il-ny-a-pas-de-base-francaise-au-benin-marc-vizy","status":"publish","type":"post","link":"https:\/\/www.africa-press.net\/benin\/politique\/lutte-anti-terroriste-il-ny-a-pas-de-base-francaise-au-benin-marc-vizy","title":{"rendered":"Lutte anti-terroriste: \u00ab\u00a0Il n\u2019y a pas de base fran\u00e7aise au B\u00e9nin\u00a0\u00bb, Marc Vizy"},"content":{"rendered":"<p><span style=\"color: #ff6600\"><strong>Africa-Press &#8211; Benin. <\/strong><\/span>Lors de son discours \u00e0 la c\u00e9l\u00e9bration du 14 juillet, l\u2019ambassadeur de France au B\u00e9nin Marc Vizy a d\u00e9menti la pr\u00e9sence d\u2019une base militaire fran\u00e7aise au B\u00e9nin.<\/p>\n<p><b>\u00ab Il n\u2019y a pas de base fran\u00e7aise au B\u00e9nin \u00bb<\/b>, a d\u00e9clar\u00e9 le diplomate. Dans la suite de son propos, il a fait savoir que l\u2019installation d\u2019une base militaire au B\u00e9nin n\u2019est pas \u00e0 l\u2019ordre du jour. En clair, c\u2019est un projet qui n\u2019est pas envisag\u00e9.<\/p>\n<p>Selon ses explications, les quelques militaires fran\u00e7ais qui se remarquent sur le territoire b\u00e9ninois actuellement sont pour la plupart des formateurs. Ils sont l\u00e0 pour assurer des formations, a-t-il dit. Marc Vizy a \u00e9galement notifi\u00e9 que certains soldats fran\u00e7ais assurent le rapatriement du mat\u00e9riel de Barkhane, en transit au B\u00e9nin.<\/p>\n<p>La possibilit\u00e9 d\u2019installer une base militaire fran\u00e7aise au B\u00e9nin dans le cadre de la lutte anti-terroriste avait suscit\u00e9 de vives r\u00e9actions. Dans l\u2019opinion, il a \u00e9t\u00e9 constat\u00e9 une farouche opposition \u00e0 cette id\u00e9e. \u00ab Barkhane en errance ne trouvera pas refuge au B\u00e9nin \u00bb, avait \u00e9crit le Parti Communiste du B\u00e9nin (PCB).<\/p>\n<p><b>\u00ab Si demain le B\u00e9nin fait cette option, vous serez inform\u00e9s \u00bb<\/b><\/p>\n<p>Au cours d\u2019une s\u00e9ance d\u2019\u00e9change avec les professionnels des m\u00e9dias, le porte-parole du gouvernement a \u00e9voqu\u00e9 le sujet. Selon Wilfried L\u00e9andre Houngb\u00e9dji, l\u2019installation d\u2019une base militaire fran\u00e7aise au B\u00e9nin n\u2019est pas encore une option.<\/p>\n<p><b>\u00ab C\u2019est un fait majeur si cela devait arriver. Et si cela devait arriver, vous ne manquerez pas d\u2019\u00eatre inform\u00e9s. Si demain, le B\u00e9nin fait cette option, vous serez inform\u00e9s. Ce n\u2019est pas quelque chose qui peut arriver et qui resterait cach\u00e9 \u00bb<\/b>, avait-il lanc\u00e9 \u00e0 l\u2019endroit des journalistes.<\/p>\n<p><strong>Pour plus d&rsquo;informations et d&rsquo;analyses sur la <a href=\"https:\/\/www.africa-press.net\/benin\">Benin<\/a>, suivez <a href=\"https:\/\/www.africa-press.net\/\">Africa-Press<\/a><\/strong><\/p>\n","protected":false},"excerpt":{"rendered":"<p>Africa-Press &#8211; Benin. Lors de son discours \u00e0 la c\u00e9l\u00e9bration du 14 juillet, l\u2019ambassadeur de France au B\u00e9nin Marc Vizy a d\u00e9menti la pr\u00e9sence d\u2019une base militaire fran\u00e7aise au B\u00e9nin. \u00ab Il n\u2019y a pas de base fran\u00e7aise au B\u00e9nin \u00bb, a d\u00e9clar\u00e9 le diplomate. Dans la suite de son propos, il a fait savoir [&hellip;]<\/p>\n","protected":false},"author":82,"featured_media":6941,"comment_status":"open","ping_status":"closed","sticky":false,"template":"","format":"standard","meta":{"footnotes":""},"categories":[7,11,2,20,10],"tags":[36,50,45],"class_list":["post-6942","post","type-post","status-publish","format-standard","has-post-thumbnail","hentry","category-dossiers","category-homepage-french","category-politique","category-top-nouvelles","category-toutes-les-actualites","tag-africa-press","tag-africa-press-benin","tag-benin"],"yoast_head":"<!-- This site is optimized with the Yoast SEO Premium plugin v26.1 (Yoast SEO v27.0) - https:\/\/yoast.com\/product\/yoast-seo-premium-wordpress\/ -->\n<title>Lutte anti-terroriste: \u00ab\u00a0Il n\u2019y a pas de base fran\u00e7aise au B\u00e9nin\u00a0\u00bb, Marc Vizy - B\u00e9nin<\/title>\n<meta name=\"description\" content=\"Lors de son discours \u00e0 la c\u00e9l\u00e9bration du 14 juillet, l\u2019ambassadeur de France au B\u00e9nin Marc Vizy a d\u00e9menti la pr\u00e9sence d\u2019 ...\" \/>\n<meta name=\"robots\" content=\"index, follow, max-snippet:-1, max-image-preview:large, max-video-preview:-1\" \/>\n<link rel=\"canonical\" href=\"https:\/\/www.africa-press.net\/benin\/politique\/lutte-anti-terroriste-il-ny-a-pas-de-base-francaise-au-benin-marc-vizy\" \/>\n<meta property=\"og:locale\" content=\"fr_FR\" \/>\n<meta property=\"og:type\" content=\"article\" \/>\n<meta property=\"og:title\" content=\"Lutte anti-terroriste: \u00ab\u00a0Il n\u2019y a pas de base fran\u00e7aise au B\u00e9nin\u00a0\u00bb, Marc Vizy\" \/>\n<meta property=\"og:description\" content=\"Lors de son discours \u00e0 la c\u00e9l\u00e9bration du 14 juillet, l\u2019ambassadeur de France au B\u00e9nin Marc Vizy a d\u00e9menti la pr\u00e9sence d\u2019 ...\" \/>\n<meta property=\"og:url\" content=\"https:\/\/www.africa-press.net\/benin\/politique\/lutte-anti-terroriste-il-ny-a-pas-de-base-francaise-au-benin-marc-vizy\" \/>\n<meta property=\"og:site_name\" content=\"B\u00e9nin\" \/>\n<meta property=\"article:published_time\" content=\"2022-07-15T16:22:53+00:00\" \/>\n<meta property=\"article:modified_time\" content=\"2022-07-15T16:47:00+00:00\" \/>\n<meta property=\"og:image\" content=\"https:\/\/static.africa-press.net\/benin\/sites\/46\/2022\/07\/postQueueImg_17-62d199e506fbc.jpg\" \/>\n\t<meta property=\"og:image:width\" content=\"932\" \/>\n\t<meta property=\"og:image:height\" content=\"582\" \/>\n\t<meta property=\"og:image:type\" content=\"image\/jpeg\" \/>\n<meta name=\"author\" content=\"cfeditorfr\" \/>\n<meta name=\"twitter:card\" content=\"summary_large_image\" \/>\n<meta name=\"twitter:label1\" content=\"\u00c9crit par\" \/>\n\t<meta name=\"twitter:data1\" content=\"cfeditorfr\" \/>\n\t<meta name=\"twitter:label2\" content=\"Dur\u00e9e de lecture estim\u00e9e\" \/>\n\t<meta name=\"twitter:data2\" content=\"2 minutes\" \/>\n<script type=\"application\/ld+json\" class=\"yoast-schema-graph\">{\"@context\":\"https:\/\/schema.org\",\"@graph\":[{\"@type\":\"Article\",\"@id\":\"https:\/\/www.africa-press.net\/benin\/politique\/lutte-anti-terroriste-il-ny-a-pas-de-base-francaise-au-benin-marc-vizy#article\",\"isPartOf\":{\"@id\":\"https:\/\/www.africa-press.net\/benin\/politique\/lutte-anti-terroriste-il-ny-a-pas-de-base-francaise-au-benin-marc-vizy\"},\"author\":{\"name\":\"cfeditorfr\",\"@id\":\"https:\/\/www.africa-press.net\/benin\/#\/schema\/person\/2b1cf3cd81a31e3cd26889ca66d677f1\"},\"headline\":\"Lutte anti-terroriste: \u00ab\u00a0Il n\u2019y a pas de base fran\u00e7aise au B\u00e9nin\u00a0\u00bb, Marc Vizy\",\"datePublished\":\"2022-07-15T16:22:53+00:00\",\"dateModified\":\"2022-07-15T16:47:00+00:00\",\"mainEntityOfPage\":{\"@id\":\"https:\/\/www.africa-press.net\/benin\/politique\/lutte-anti-terroriste-il-ny-a-pas-de-base-francaise-au-benin-marc-vizy\"},\"wordCount\":342,\"commentCount\":0,\"image\":{\"@id\":\"https:\/\/www.africa-press.net\/benin\/politique\/lutte-anti-terroriste-il-ny-a-pas-de-base-francaise-au-benin-marc-vizy#primaryimage\"},\"thumbnailUrl\":\"https:\/\/static.africa-press.net\/benin\/sites\/46\/2022\/07\/postQueueImg_17-62d199e506fbc.jpg\",\"keywords\":[\"Africa Press\",\"Africa Press-Benin\",\"B\u00e9nin\"],\"articleSection\":[\"Dossiers\",\"homepage-french\",\"Politique\",\"Top Nouvelles\",\"Toutes les actualit\u00e9s\"],\"inLanguage\":\"fr-FR\",\"potentialAction\":[{\"@type\":\"CommentAction\",\"name\":\"Comment\",\"target\":[\"https:\/\/www.africa-press.net\/benin\/politique\/lutte-anti-terroriste-il-ny-a-pas-de-base-francaise-au-benin-marc-vizy#respond\"]}]},{\"@type\":\"WebPage\",\"@id\":\"https:\/\/www.africa-press.net\/benin\/politique\/lutte-anti-terroriste-il-ny-a-pas-de-base-francaise-au-benin-marc-vizy\",\"url\":\"https:\/\/www.africa-press.net\/benin\/politique\/lutte-anti-terroriste-il-ny-a-pas-de-base-francaise-au-benin-marc-vizy\",\"name\":\"Lutte anti-terroriste: \u00ab\u00a0Il n\u2019y a pas de base fran\u00e7aise au B\u00e9nin\u00a0\u00bb, Marc Vizy - B\u00e9nin\",\"isPartOf\":{\"@id\":\"https:\/\/www.africa-press.net\/benin\/#website\"},\"primaryImageOfPage\":{\"@id\":\"https:\/\/www.africa-press.net\/benin\/politique\/lutte-anti-terroriste-il-ny-a-pas-de-base-francaise-au-benin-marc-vizy#primaryimage\"},\"image\":{\"@id\":\"https:\/\/www.africa-press.net\/benin\/politique\/lutte-anti-terroriste-il-ny-a-pas-de-base-francaise-au-benin-marc-vizy#primaryimage\"},\"thumbnailUrl\":\"https:\/\/static.africa-press.net\/benin\/sites\/46\/2022\/07\/postQueueImg_17-62d199e506fbc.jpg\",\"datePublished\":\"2022-07-15T16:22:53+00:00\",\"dateModified\":\"2022-07-15T16:47:00+00:00\",\"author\":{\"@id\":\"https:\/\/www.africa-press.net\/benin\/#\/schema\/person\/2b1cf3cd81a31e3cd26889ca66d677f1\"},\"description\":\"Lors de son discours \u00e0 la c\u00e9l\u00e9bration du 14 juillet, l\u2019ambassadeur de France au B\u00e9nin Marc Vizy a d\u00e9menti la pr\u00e9sence d\u2019 ...\",\"breadcrumb\":{\"@id\":\"https:\/\/www.africa-press.net\/benin\/politique\/lutte-anti-terroriste-il-ny-a-pas-de-base-francaise-au-benin-marc-vizy#breadcrumb\"},\"inLanguage\":\"fr-FR\",\"potentialAction\":[{\"@type\":\"ReadAction\",\"target\":[\"https:\/\/www.africa-press.net\/benin\/politique\/lutte-anti-terroriste-il-ny-a-pas-de-base-francaise-au-benin-marc-vizy\"]}]},{\"@type\":\"ImageObject\",\"inLanguage\":\"fr-FR\",\"@id\":\"https:\/\/www.africa-press.net\/benin\/politique\/lutte-anti-terroriste-il-ny-a-pas-de-base-francaise-au-benin-marc-vizy#primaryimage\",\"url\":\"https:\/\/static.africa-press.net\/benin\/sites\/46\/2022\/07\/postQueueImg_17-62d199e506fbc.jpg\",\"contentUrl\":\"https:\/\/static.africa-press.net\/benin\/sites\/46\/2022\/07\/postQueueImg_17-62d199e506fbc.jpg\",\"width\":932,\"height\":582,\"caption\":\"Lutte anti-terroriste: \u00ab\u00a0Il n\u2019y a pas de base fran\u00e7aise au B\u00e9nin\u00a0\u00bb, Marc Vizy\"},{\"@type\":\"BreadcrumbList\",\"@id\":\"https:\/\/www.africa-press.net\/benin\/politique\/lutte-anti-terroriste-il-ny-a-pas-de-base-francaise-au-benin-marc-vizy#breadcrumb\",\"itemListElement\":[{\"@type\":\"ListItem\",\"position\":1,\"name\":\"Accueil\",\"item\":\"https:\/\/www.africa-press.net\/benin\/\"},{\"@type\":\"ListItem\",\"position\":2,\"name\":\"Lutte anti-terroriste: \u00ab\u00a0Il n\u2019y a pas de base fran\u00e7aise au B\u00e9nin\u00a0\u00bb, Marc Vizy\"}]},{\"@type\":\"WebSite\",\"@id\":\"https:\/\/www.africa-press.net\/benin\/#website\",\"url\":\"https:\/\/www.africa-press.net\/benin\/\",\"name\":\"B\u00e9nin\",\"description\":\"Just another Africa News Agency Sites site\",\"potentialAction\":[{\"@type\":\"SearchAction\",\"target\":{\"@type\":\"EntryPoint\",\"urlTemplate\":\"https:\/\/www.africa-press.net\/benin\/?s={search_term_string}\"},\"query-input\":{\"@type\":\"PropertyValueSpecification\",\"valueRequired\":true,\"valueName\":\"search_term_string\"}}],\"inLanguage\":\"fr-FR\"},{\"@type\":\"Person\",\"@id\":\"https:\/\/www.africa-press.net\/benin\/#\/schema\/person\/2b1cf3cd81a31e3cd26889ca66d677f1\",\"name\":\"cfeditorfr\"}]}<\/script>\n<!-- \/ Yoast SEO Premium plugin. -->","yoast_head_json":{"title":"Lutte anti-terroriste: \u00ab\u00a0Il n\u2019y a pas de base fran\u00e7aise au B\u00e9nin\u00a0\u00bb, Marc Vizy - B\u00e9nin","description":"Lors de son discours \u00e0 la c\u00e9l\u00e9bration du 14 juillet, l\u2019ambassadeur de France au B\u00e9nin Marc Vizy a d\u00e9menti la pr\u00e9sence d\u2019 ...","robots":{"index":"index","follow":"follow","max-snippet":"max-snippet:-1","max-image-preview":"max-image-preview:large","max-video-preview":"max-video-preview:-1"},"canonical":"https:\/\/www.africa-press.net\/benin\/politique\/lutte-anti-terroriste-il-ny-a-pas-de-base-francaise-au-benin-marc-vizy","og_locale":"fr_FR","og_type":"article","og_title":"Lutte anti-terroriste: \u00ab\u00a0Il n\u2019y a pas de base fran\u00e7aise au B\u00e9nin\u00a0\u00bb, Marc Vizy","og_description":"Lors de son discours \u00e0 la c\u00e9l\u00e9bration du 14 juillet, l\u2019ambassadeur de France au B\u00e9nin Marc Vizy a d\u00e9menti la pr\u00e9sence d\u2019 ...","og_url":"https:\/\/www.africa-press.net\/benin\/politique\/lutte-anti-terroriste-il-ny-a-pas-de-base-francaise-au-benin-marc-vizy","og_site_name":"B\u00e9nin","article_published_time":"2022-07-15T16:22:53+00:00","article_modified_time":"2022-07-15T16:47:00+00:00","og_image":[{"width":932,"height":582,"url":"https:\/\/static.africa-press.net\/benin\/sites\/46\/2022\/07\/postQueueImg_17-62d199e506fbc.jpg","type":"image\/jpeg"}],"author":"cfeditorfr","twitter_card":"summary_large_image","twitter_misc":{"\u00c9crit par":"cfeditorfr","Dur\u00e9e de lecture estim\u00e9e":"2 minutes"},"schema":{"@context":"https:\/\/schema.org","@graph":[{"@type":"Article","@id":"https:\/\/www.africa-press.net\/benin\/politique\/lutte-anti-terroriste-il-ny-a-pas-de-base-francaise-au-benin-marc-vizy#article","isPartOf":{"@id":"https:\/\/www.africa-press.net\/benin\/politique\/lutte-anti-terroriste-il-ny-a-pas-de-base-francaise-au-benin-marc-vizy"},"author":{"name":"cfeditorfr","@id":"https:\/\/www.africa-press.net\/benin\/#\/schema\/person\/2b1cf3cd81a31e3cd26889ca66d677f1"},"headline":"Lutte anti-terroriste: \u00ab\u00a0Il n\u2019y a pas de base fran\u00e7aise au B\u00e9nin\u00a0\u00bb, Marc Vizy","datePublished":"2022-07-15T16:22:53+00:00","dateModified":"2022-07-15T16:47:00+00:00","mainEntityOfPage":{"@id":"https:\/\/www.africa-press.net\/benin\/politique\/lutte-anti-terroriste-il-ny-a-pas-de-base-francaise-au-benin-marc-vizy"},"wordCount":342,"commentCount":0,"image":{"@id":"https:\/\/www.africa-press.net\/benin\/politique\/lutte-anti-terroriste-il-ny-a-pas-de-base-francaise-au-benin-marc-vizy#primaryimage"},"thumbnailUrl":"https:\/\/static.africa-press.net\/benin\/sites\/46\/2022\/07\/postQueueImg_17-62d199e506fbc.jpg","keywords":["Africa Press","Africa Press-Benin","B\u00e9nin"],"articleSection":["Dossiers","homepage-french","Politique","Top Nouvelles","Toutes les actualit\u00e9s"],"inLanguage":"fr-FR","potentialAction":[{"@type":"CommentAction","name":"Comment","target":["https:\/\/www.africa-press.net\/benin\/politique\/lutte-anti-terroriste-il-ny-a-pas-de-base-francaise-au-benin-marc-vizy#respond"]}]},{"@type":"WebPage","@id":"https:\/\/www.africa-press.net\/benin\/politique\/lutte-anti-terroriste-il-ny-a-pas-de-base-francaise-au-benin-marc-vizy","url":"https:\/\/www.africa-press.net\/benin\/politique\/lutte-anti-terroriste-il-ny-a-pas-de-base-francaise-au-benin-marc-vizy","name":"Lutte anti-terroriste: \u00ab\u00a0Il n\u2019y a pas de base fran\u00e7aise au B\u00e9nin\u00a0\u00bb, Marc Vizy - B\u00e9nin","isPartOf":{"@id":"https:\/\/www.africa-press.net\/benin\/#website"},"primaryImageOfPage":{"@id":"https:\/\/www.africa-press.net\/benin\/politique\/lutte-anti-terroriste-il-ny-a-pas-de-base-francaise-au-benin-marc-vizy#primaryimage"},"image":{"@id":"https:\/\/www.africa-press.net\/benin\/politique\/lutte-anti-terroriste-il-ny-a-pas-de-base-francaise-au-benin-marc-vizy#primaryimage"},"thumbnailUrl":"https:\/\/static.africa-press.net\/benin\/sites\/46\/2022\/07\/postQueueImg_17-62d199e506fbc.jpg","datePublished":"2022-07-15T16:22:53+00:00","dateModified":"2022-07-15T16:47:00+00:00","author":{"@id":"https:\/\/www.africa-press.net\/benin\/#\/schema\/person\/2b1cf3cd81a31e3cd26889ca66d677f1"},"description":"Lors de son discours \u00e0 la c\u00e9l\u00e9bration du 14 juillet, l\u2019ambassadeur de France au B\u00e9nin Marc Vizy a d\u00e9menti la pr\u00e9sence d\u2019 ...","breadcrumb":{"@id":"https:\/\/www.africa-press.net\/benin\/politique\/lutte-anti-terroriste-il-ny-a-pas-de-base-francaise-au-benin-marc-vizy#breadcrumb"},"inLanguage":"fr-FR","potentialAction":[{"@type":"ReadAction","target":["https:\/\/www.africa-press.net\/benin\/politique\/lutte-anti-terroriste-il-ny-a-pas-de-base-francaise-au-benin-marc-vizy"]}]},{"@type":"ImageObject","inLanguage":"fr-FR","@id":"https:\/\/www.africa-press.net\/benin\/politique\/lutte-anti-terroriste-il-ny-a-pas-de-base-francaise-au-benin-marc-vizy#primaryimage","url":"https:\/\/static.africa-press.net\/benin\/sites\/46\/2022\/07\/postQueueImg_17-62d199e506fbc.jpg","contentUrl":"https:\/\/static.africa-press.net\/benin\/sites\/46\/2022\/07\/postQueueImg_17-62d199e506fbc.jpg","width":932,"height":582,"caption":"Lutte anti-terroriste: \u00ab\u00a0Il n\u2019y a pas de base fran\u00e7aise au B\u00e9nin\u00a0\u00bb, Marc Vizy"},{"@type":"BreadcrumbList","@id":"https:\/\/www.africa-press.net\/benin\/politique\/lutte-anti-terroriste-il-ny-a-pas-de-base-francaise-au-benin-marc-vizy#breadcrumb","itemListElement":[{"@type":"ListItem","position":1,"name":"Accueil","item":"https:\/\/www.africa-press.net\/benin\/"},{"@type":"ListItem","position":2,"name":"Lutte anti-terroriste: \u00ab\u00a0Il n\u2019y a pas de base fran\u00e7aise au B\u00e9nin\u00a0\u00bb, Marc Vizy"}]},{"@type":"WebSite","@id":"https:\/\/www.africa-press.net\/benin\/#website","url":"https:\/\/www.africa-press.net\/benin\/","name":"B\u00e9nin","description":"Just another Africa News Agency Sites site","potentialAction":[{"@type":"SearchAction","target":{"@type":"EntryPoint","urlTemplate":"https:\/\/www.africa-press.net\/benin\/?s={search_term_string}"},"query-input":{"@type":"PropertyValueSpecification","valueRequired":true,"valueName":"search_term_string"}}],"inLanguage":"fr-FR"},{"@type":"Person","@id":"https:\/\/www.africa-press.net\/benin\/#\/schema\/person\/2b1cf3cd81a31e3cd26889ca66d677f1","name":"cfeditorfr"}]}},"_links":{"self":[{"href":"https:\/\/www.africa-press.net\/benin\/wp-json\/wp\/v2\/posts\/6942","targetHints":{"allow":["GET"]}}],"collection":[{"href":"https:\/\/www.africa-press.net\/benin\/wp-json\/wp\/v2\/posts"}],"about":[{"href":"https:\/\/www.africa-press.net\/benin\/wp-json\/wp\/v2\/types\/post"}],"author":[{"embeddable":true,"href":"https:\/\/www.africa-press.net\/benin\/wp-json\/wp\/v2\/users\/82"}],"replies":[{"embeddable":true,"href":"https:\/\/www.africa-press.net\/benin\/wp-json\/wp\/v2\/comments?post=6942"}],"version-history":[{"count":0,"href":"https:\/\/www.africa-press.net\/benin\/wp-json\/wp\/v2\/posts\/6942\/revisions"}],"wp:featuredmedia":[{"embeddable":true,"href":"https:\/\/www.africa-press.net\/benin\/wp-json\/wp\/v2\/media\/6941"}],"wp:attachment":[{"href":"https:\/\/www.africa-press.net\/benin\/wp-json\/wp\/v2\/media?parent=6942"}],"wp:term":[{"taxonomy":"category","embeddable":true,"href":"https:\/\/www.africa-press.net\/benin\/wp-json\/wp\/v2\/categories?post=6942"},{"taxonomy":"post_tag","embeddable":true,"href":"https:\/\/www.africa-press.net\/benin\/wp-json\/wp\/v2\/tags?post=6942"}],"curies":[{"name":"wp","href":"https:\/\/api.w.org\/{rel}","templated":true}]}}