{"id":6948,"date":"2022-07-15T16:23:26","date_gmt":"2022-07-15T16:23:26","guid":{"rendered":"https:\/\/www.africa-press.net\/benin\/politique\/benin-fin-de-la-1ere-session-ordinaire-du-parlement-le-point-des-lois-votees"},"modified":"2022-07-15T16:48:02","modified_gmt":"2022-07-15T16:48:02","slug":"benin-fin-de-la-1ere-session-ordinaire-du-parlement-le-point-des-lois-votees","status":"publish","type":"post","link":"https:\/\/www.africa-press.net\/benin\/politique\/benin-fin-de-la-1ere-session-ordinaire-du-parlement-le-point-des-lois-votees","title":{"rendered":"B\u00e9nin \u2013 Fin de la 1\u00e8re session ordinaire du parlement: le point des lois vot\u00e9es"},"content":{"rendered":"<p><span style=\"color: #ff6600\"><strong>Africa-Press &#8211; Benin. <\/strong><\/span>Ouverte le jeudi 14 Avril 2022 Conform\u00e9ment aux dispositions de l\u2019article 87 de la Constitution et des articles 4 et 19.2 du R\u00e8glement int\u00e9rieur de l\u2019Assembl\u00e9e nationale, la premi\u00e8re session ordinaire de l\u2019ann\u00e9e 2022 a pris fin le mercredi 13 Juillet dernier. Durant les trois mois, les d\u00e9put\u00e9s ont examin\u00e9 et adopt\u00e9 une batterie de lois ordinaires, des lois organiques et ont proc\u00e9d\u00e9 \u00e0 des ratifications des d\u00e9crets.<\/p>\n<p>Clap de fin de la premi\u00e8re session ordinaire de l\u2019ann\u00e9e 2022 de l\u2019assembl\u00e9e nationale. Le pr\u00e9sident de l\u2019institution parlementaire, Monsieur Louis Vlavonou a officiellement cl\u00f4tur\u00e9 la session ce mercredi.<\/p>\n<p>Dans son discours de cl\u00f4ture, le pr\u00e9sident Louis Vlavonou a fait le point des travaux abattus au cours de cette session. Au vu de l\u2019expos\u00e9 de la deuxi\u00e8me personnalit\u00e9 de l\u2019Etat, la moisson a \u00e9t\u00e9 abondante.<\/p>\n<p><b>Aper\u00e7u des textes de loi adopt\u00e9s\u2026<\/b><\/p>\n<p>Au cours des trois mois qu\u2019a dur\u00e9 la premi\u00e8re session ordinaire de l\u2019assembl\u00e9e nationale, les d\u00e9put\u00e9s ont examin\u00e9 et adopt\u00e9 la plupart des dossiers inscrits \u00e0 l\u2019ordre du jour de cette session ordinaire. Au titre des textes de lois adopt\u00e9s, on peut retenir:<\/p>\n<p>Par ailleurs, au titre des autres activit\u00e9s men\u00e9es au cours de la p\u00e9riode sous revue, on retient entre autres la participation de l\u2019Assembl\u00e9e nationale du B\u00e9nin \u00e0 la 47\u00e8me session de l\u2019Assembl\u00e9e parlementaire de la francophonie (APF), tenue \u00e0 Kigali au Rwanda, du 05 au 09 juillet 2022, avec en prime la lev\u00e9e de la mise sous alerte de notre pays et l\u2019int\u00e9gration du parlement b\u00e9ninois au bureau de l\u2019APF.<\/p>\n<p><b>Point des lois adopt\u00e9es\u2026<\/b><\/p>\n<p>Au registre des diff\u00e9rentes lois examin\u00e9es et adopt\u00e9es par les d\u00e9put\u00e9s de la huiti\u00e8me l\u00e9gislature au cours de cette premi\u00e8re session ordinaire de l\u2019ann\u00e9e en cours, on peut retenir les lois ci-apr\u00e8s:<\/p>\n<p>Les d\u00e9put\u00e9s de la 8\u00e8me L\u00e9gislature ont examin\u00e9 et adopt\u00e9 sept (07) lois ordinaires:<\/p>\n<p>Dans le registre des lois organiques, on note :<\/p>\n<p><b>Approbation de d\u00e9crets ratifi\u00e9s par le gouvernement<\/b><\/p>\n<p>Au cours de la m\u00eame session pl\u00e9ni\u00e8re, les d\u00e9put\u00e9s ont act\u00e9 plusieurs d\u00e9crets ratifi\u00e9s par le gouvernement. Il s\u2019agit notamment de :<\/p>\n<p>Pour ce qui est des Rapports de commissions parlementaires d\u2019information, il est \u00e0 noter celui de la mission parlementaire d\u2019information et de sensibilisation dans certaines communes et structures de d\u00e9fense et de s\u00e9curit\u00e9 en R\u00e9publique du B\u00e9nin et celui de la mission d\u2019information sur la gestion des cantines scolaires dans les \u00e9coles maternelles et primaires.<\/p>\n<p><b>Autres activit\u00e9s men\u00e9es au cours de la session pl\u00e9ni\u00e8re<\/b><\/p>\n<p>Les autres activit\u00e9s men\u00e9es au cours de la premi\u00e8re session ordinaire 2022 se pr\u00e9sentent comme suit:<\/p>\n<p><strong>Pour plus d&rsquo;informations et d&rsquo;analyses sur la <a href=\"https:\/\/www.africa-press.net\/benin\">Benin<\/a>, suivez <a href=\"https:\/\/www.africa-press.net\/\">Africa-Press<\/a><\/strong><\/p>\n","protected":false},"excerpt":{"rendered":"<p>Africa-Press &#8211; Benin. Ouverte le jeudi 14 Avril 2022 Conform\u00e9ment aux dispositions de l\u2019article 87 de la Constitution et des articles 4 et 19.2 du R\u00e8glement int\u00e9rieur de l\u2019Assembl\u00e9e nationale, la premi\u00e8re session ordinaire de l\u2019ann\u00e9e 2022 a pris fin le mercredi 13 Juillet dernier. Durant les trois mois, les d\u00e9put\u00e9s ont examin\u00e9 et adopt\u00e9 [&hellip;]<\/p>\n","protected":false},"author":82,"featured_media":6947,"comment_status":"open","ping_status":"closed","sticky":false,"template":"","format":"standard","meta":{"footnotes":""},"categories":[11,2,10],"tags":[36,50,45],"class_list":["post-6948","post","type-post","status-publish","format-standard","has-post-thumbnail","hentry","category-homepage-french","category-politique","category-toutes-les-actualites","tag-africa-press","tag-africa-press-benin","tag-benin"],"yoast_head":"<!-- This site is optimized with the Yoast SEO Premium plugin v26.1 (Yoast SEO v27.0) - https:\/\/yoast.com\/product\/yoast-seo-premium-wordpress\/ -->\n<title>B\u00e9nin \u2013 Fin de la 1\u00e8re session ordinaire du parlement: le point des lois vot\u00e9es - B\u00e9nin<\/title>\n<meta name=\"description\" content=\"Ouverte le jeudi 14 Avril 2022 Conform\u00e9ment aux dispositions de l\u2019article 87 de la Constitution et des articles 4 et 19. ...\" \/>\n<meta name=\"robots\" content=\"index, follow, max-snippet:-1, max-image-preview:large, max-video-preview:-1\" \/>\n<link rel=\"canonical\" href=\"https:\/\/www.africa-press.net\/benin\/politique\/benin-fin-de-la-1ere-session-ordinaire-du-parlement-le-point-des-lois-votees\" \/>\n<meta property=\"og:locale\" content=\"fr_FR\" \/>\n<meta property=\"og:type\" content=\"article\" \/>\n<meta property=\"og:title\" content=\"B\u00e9nin \u2013 Fin de la 1\u00e8re session ordinaire du parlement: le point des lois vot\u00e9es\" \/>\n<meta property=\"og:description\" content=\"Ouverte le jeudi 14 Avril 2022 Conform\u00e9ment aux dispositions de l\u2019article 87 de la Constitution et des articles 4 et 19. ...\" \/>\n<meta property=\"og:url\" content=\"https:\/\/www.africa-press.net\/benin\/politique\/benin-fin-de-la-1ere-session-ordinaire-du-parlement-le-point-des-lois-votees\" \/>\n<meta property=\"og:site_name\" content=\"B\u00e9nin\" \/>\n<meta property=\"article:published_time\" content=\"2022-07-15T16:23:26+00:00\" \/>\n<meta property=\"article:modified_time\" content=\"2022-07-15T16:48:02+00:00\" \/>\n<meta property=\"og:image\" content=\"https:\/\/static.africa-press.net\/benin\/sites\/46\/2022\/07\/postQueueImg_19-62d19a2a89f5a.jpg\" \/>\n\t<meta property=\"og:image:width\" content=\"1280\" \/>\n\t<meta property=\"og:image:height\" content=\"791\" \/>\n\t<meta property=\"og:image:type\" content=\"image\/jpeg\" \/>\n<meta name=\"author\" content=\"cfeditorfr\" \/>\n<meta name=\"twitter:card\" content=\"summary_large_image\" \/>\n<meta name=\"twitter:label1\" content=\"\u00c9crit par\" \/>\n\t<meta name=\"twitter:data1\" content=\"cfeditorfr\" \/>\n\t<meta name=\"twitter:label2\" content=\"Dur\u00e9e de lecture estim\u00e9e\" \/>\n\t<meta name=\"twitter:data2\" content=\"3 minutes\" \/>\n<script type=\"application\/ld+json\" class=\"yoast-schema-graph\">{\"@context\":\"https:\/\/schema.org\",\"@graph\":[{\"@type\":\"Article\",\"@id\":\"https:\/\/www.africa-press.net\/benin\/politique\/benin-fin-de-la-1ere-session-ordinaire-du-parlement-le-point-des-lois-votees#article\",\"isPartOf\":{\"@id\":\"https:\/\/www.africa-press.net\/benin\/politique\/benin-fin-de-la-1ere-session-ordinaire-du-parlement-le-point-des-lois-votees\"},\"author\":{\"name\":\"cfeditorfr\",\"@id\":\"https:\/\/www.africa-press.net\/benin\/#\/schema\/person\/2b1cf3cd81a31e3cd26889ca66d677f1\"},\"headline\":\"B\u00e9nin \u2013 Fin de la 1\u00e8re session ordinaire du parlement: le point des lois vot\u00e9es\",\"datePublished\":\"2022-07-15T16:23:26+00:00\",\"dateModified\":\"2022-07-15T16:48:02+00:00\",\"mainEntityOfPage\":{\"@id\":\"https:\/\/www.africa-press.net\/benin\/politique\/benin-fin-de-la-1ere-session-ordinaire-du-parlement-le-point-des-lois-votees\"},\"wordCount\":520,\"commentCount\":0,\"image\":{\"@id\":\"https:\/\/www.africa-press.net\/benin\/politique\/benin-fin-de-la-1ere-session-ordinaire-du-parlement-le-point-des-lois-votees#primaryimage\"},\"thumbnailUrl\":\"https:\/\/static.africa-press.net\/benin\/sites\/46\/2022\/07\/postQueueImg_19-62d19a2a89f5a.jpg\",\"keywords\":[\"Africa Press\",\"Africa Press-Benin\",\"B\u00e9nin\"],\"articleSection\":[\"homepage-french\",\"Politique\",\"Toutes les actualit\u00e9s\"],\"inLanguage\":\"fr-FR\",\"potentialAction\":[{\"@type\":\"CommentAction\",\"name\":\"Comment\",\"target\":[\"https:\/\/www.africa-press.net\/benin\/politique\/benin-fin-de-la-1ere-session-ordinaire-du-parlement-le-point-des-lois-votees#respond\"]}]},{\"@type\":\"WebPage\",\"@id\":\"https:\/\/www.africa-press.net\/benin\/politique\/benin-fin-de-la-1ere-session-ordinaire-du-parlement-le-point-des-lois-votees\",\"url\":\"https:\/\/www.africa-press.net\/benin\/politique\/benin-fin-de-la-1ere-session-ordinaire-du-parlement-le-point-des-lois-votees\",\"name\":\"B\u00e9nin \u2013 Fin de la 1\u00e8re session ordinaire du parlement: le point des lois vot\u00e9es - B\u00e9nin\",\"isPartOf\":{\"@id\":\"https:\/\/www.africa-press.net\/benin\/#website\"},\"primaryImageOfPage\":{\"@id\":\"https:\/\/www.africa-press.net\/benin\/politique\/benin-fin-de-la-1ere-session-ordinaire-du-parlement-le-point-des-lois-votees#primaryimage\"},\"image\":{\"@id\":\"https:\/\/www.africa-press.net\/benin\/politique\/benin-fin-de-la-1ere-session-ordinaire-du-parlement-le-point-des-lois-votees#primaryimage\"},\"thumbnailUrl\":\"https:\/\/static.africa-press.net\/benin\/sites\/46\/2022\/07\/postQueueImg_19-62d19a2a89f5a.jpg\",\"datePublished\":\"2022-07-15T16:23:26+00:00\",\"dateModified\":\"2022-07-15T16:48:02+00:00\",\"author\":{\"@id\":\"https:\/\/www.africa-press.net\/benin\/#\/schema\/person\/2b1cf3cd81a31e3cd26889ca66d677f1\"},\"description\":\"Ouverte le jeudi 14 Avril 2022 Conform\u00e9ment aux dispositions de l\u2019article 87 de la Constitution et des articles 4 et 19. ...\",\"breadcrumb\":{\"@id\":\"https:\/\/www.africa-press.net\/benin\/politique\/benin-fin-de-la-1ere-session-ordinaire-du-parlement-le-point-des-lois-votees#breadcrumb\"},\"inLanguage\":\"fr-FR\",\"potentialAction\":[{\"@type\":\"ReadAction\",\"target\":[\"https:\/\/www.africa-press.net\/benin\/politique\/benin-fin-de-la-1ere-session-ordinaire-du-parlement-le-point-des-lois-votees\"]}]},{\"@type\":\"ImageObject\",\"inLanguage\":\"fr-FR\",\"@id\":\"https:\/\/www.africa-press.net\/benin\/politique\/benin-fin-de-la-1ere-session-ordinaire-du-parlement-le-point-des-lois-votees#primaryimage\",\"url\":\"https:\/\/static.africa-press.net\/benin\/sites\/46\/2022\/07\/postQueueImg_19-62d19a2a89f5a.jpg\",\"contentUrl\":\"https:\/\/static.africa-press.net\/benin\/sites\/46\/2022\/07\/postQueueImg_19-62d19a2a89f5a.jpg\",\"width\":1280,\"height\":791,\"caption\":\"B\u00e9nin \u2013 Fin de la 1\u00e8re session ordinaire du parlement: le point des lois vot\u00e9es\"},{\"@type\":\"BreadcrumbList\",\"@id\":\"https:\/\/www.africa-press.net\/benin\/politique\/benin-fin-de-la-1ere-session-ordinaire-du-parlement-le-point-des-lois-votees#breadcrumb\",\"itemListElement\":[{\"@type\":\"ListItem\",\"position\":1,\"name\":\"Accueil\",\"item\":\"https:\/\/www.africa-press.net\/benin\/\"},{\"@type\":\"ListItem\",\"position\":2,\"name\":\"B\u00e9nin \u2013 Fin de la 1\u00e8re session ordinaire du parlement: le point des lois vot\u00e9es\"}]},{\"@type\":\"WebSite\",\"@id\":\"https:\/\/www.africa-press.net\/benin\/#website\",\"url\":\"https:\/\/www.africa-press.net\/benin\/\",\"name\":\"B\u00e9nin\",\"description\":\"Just another Africa News Agency Sites site\",\"potentialAction\":[{\"@type\":\"SearchAction\",\"target\":{\"@type\":\"EntryPoint\",\"urlTemplate\":\"https:\/\/www.africa-press.net\/benin\/?s={search_term_string}\"},\"query-input\":{\"@type\":\"PropertyValueSpecification\",\"valueRequired\":true,\"valueName\":\"search_term_string\"}}],\"inLanguage\":\"fr-FR\"},{\"@type\":\"Person\",\"@id\":\"https:\/\/www.africa-press.net\/benin\/#\/schema\/person\/2b1cf3cd81a31e3cd26889ca66d677f1\",\"name\":\"cfeditorfr\"}]}<\/script>\n<!-- \/ Yoast SEO Premium plugin. -->","yoast_head_json":{"title":"B\u00e9nin \u2013 Fin de la 1\u00e8re session ordinaire du parlement: le point des lois vot\u00e9es - B\u00e9nin","description":"Ouverte le jeudi 14 Avril 2022 Conform\u00e9ment aux dispositions de l\u2019article 87 de la Constitution et des articles 4 et 19. ...","robots":{"index":"index","follow":"follow","max-snippet":"max-snippet:-1","max-image-preview":"max-image-preview:large","max-video-preview":"max-video-preview:-1"},"canonical":"https:\/\/www.africa-press.net\/benin\/politique\/benin-fin-de-la-1ere-session-ordinaire-du-parlement-le-point-des-lois-votees","og_locale":"fr_FR","og_type":"article","og_title":"B\u00e9nin \u2013 Fin de la 1\u00e8re session ordinaire du parlement: le point des lois vot\u00e9es","og_description":"Ouverte le jeudi 14 Avril 2022 Conform\u00e9ment aux dispositions de l\u2019article 87 de la Constitution et des articles 4 et 19. ...","og_url":"https:\/\/www.africa-press.net\/benin\/politique\/benin-fin-de-la-1ere-session-ordinaire-du-parlement-le-point-des-lois-votees","og_site_name":"B\u00e9nin","article_published_time":"2022-07-15T16:23:26+00:00","article_modified_time":"2022-07-15T16:48:02+00:00","og_image":[{"width":1280,"height":791,"url":"https:\/\/static.africa-press.net\/benin\/sites\/46\/2022\/07\/postQueueImg_19-62d19a2a89f5a.jpg","type":"image\/jpeg"}],"author":"cfeditorfr","twitter_card":"summary_large_image","twitter_misc":{"\u00c9crit par":"cfeditorfr","Dur\u00e9e de lecture estim\u00e9e":"3 minutes"},"schema":{"@context":"https:\/\/schema.org","@graph":[{"@type":"Article","@id":"https:\/\/www.africa-press.net\/benin\/politique\/benin-fin-de-la-1ere-session-ordinaire-du-parlement-le-point-des-lois-votees#article","isPartOf":{"@id":"https:\/\/www.africa-press.net\/benin\/politique\/benin-fin-de-la-1ere-session-ordinaire-du-parlement-le-point-des-lois-votees"},"author":{"name":"cfeditorfr","@id":"https:\/\/www.africa-press.net\/benin\/#\/schema\/person\/2b1cf3cd81a31e3cd26889ca66d677f1"},"headline":"B\u00e9nin \u2013 Fin de la 1\u00e8re session ordinaire du parlement: le point des lois vot\u00e9es","datePublished":"2022-07-15T16:23:26+00:00","dateModified":"2022-07-15T16:48:02+00:00","mainEntityOfPage":{"@id":"https:\/\/www.africa-press.net\/benin\/politique\/benin-fin-de-la-1ere-session-ordinaire-du-parlement-le-point-des-lois-votees"},"wordCount":520,"commentCount":0,"image":{"@id":"https:\/\/www.africa-press.net\/benin\/politique\/benin-fin-de-la-1ere-session-ordinaire-du-parlement-le-point-des-lois-votees#primaryimage"},"thumbnailUrl":"https:\/\/static.africa-press.net\/benin\/sites\/46\/2022\/07\/postQueueImg_19-62d19a2a89f5a.jpg","keywords":["Africa Press","Africa Press-Benin","B\u00e9nin"],"articleSection":["homepage-french","Politique","Toutes les actualit\u00e9s"],"inLanguage":"fr-FR","potentialAction":[{"@type":"CommentAction","name":"Comment","target":["https:\/\/www.africa-press.net\/benin\/politique\/benin-fin-de-la-1ere-session-ordinaire-du-parlement-le-point-des-lois-votees#respond"]}]},{"@type":"WebPage","@id":"https:\/\/www.africa-press.net\/benin\/politique\/benin-fin-de-la-1ere-session-ordinaire-du-parlement-le-point-des-lois-votees","url":"https:\/\/www.africa-press.net\/benin\/politique\/benin-fin-de-la-1ere-session-ordinaire-du-parlement-le-point-des-lois-votees","name":"B\u00e9nin \u2013 Fin de la 1\u00e8re session ordinaire du parlement: le point des lois vot\u00e9es - B\u00e9nin","isPartOf":{"@id":"https:\/\/www.africa-press.net\/benin\/#website"},"primaryImageOfPage":{"@id":"https:\/\/www.africa-press.net\/benin\/politique\/benin-fin-de-la-1ere-session-ordinaire-du-parlement-le-point-des-lois-votees#primaryimage"},"image":{"@id":"https:\/\/www.africa-press.net\/benin\/politique\/benin-fin-de-la-1ere-session-ordinaire-du-parlement-le-point-des-lois-votees#primaryimage"},"thumbnailUrl":"https:\/\/static.africa-press.net\/benin\/sites\/46\/2022\/07\/postQueueImg_19-62d19a2a89f5a.jpg","datePublished":"2022-07-15T16:23:26+00:00","dateModified":"2022-07-15T16:48:02+00:00","author":{"@id":"https:\/\/www.africa-press.net\/benin\/#\/schema\/person\/2b1cf3cd81a31e3cd26889ca66d677f1"},"description":"Ouverte le jeudi 14 Avril 2022 Conform\u00e9ment aux dispositions de l\u2019article 87 de la Constitution et des articles 4 et 19. ...","breadcrumb":{"@id":"https:\/\/www.africa-press.net\/benin\/politique\/benin-fin-de-la-1ere-session-ordinaire-du-parlement-le-point-des-lois-votees#breadcrumb"},"inLanguage":"fr-FR","potentialAction":[{"@type":"ReadAction","target":["https:\/\/www.africa-press.net\/benin\/politique\/benin-fin-de-la-1ere-session-ordinaire-du-parlement-le-point-des-lois-votees"]}]},{"@type":"ImageObject","inLanguage":"fr-FR","@id":"https:\/\/www.africa-press.net\/benin\/politique\/benin-fin-de-la-1ere-session-ordinaire-du-parlement-le-point-des-lois-votees#primaryimage","url":"https:\/\/static.africa-press.net\/benin\/sites\/46\/2022\/07\/postQueueImg_19-62d19a2a89f5a.jpg","contentUrl":"https:\/\/static.africa-press.net\/benin\/sites\/46\/2022\/07\/postQueueImg_19-62d19a2a89f5a.jpg","width":1280,"height":791,"caption":"B\u00e9nin \u2013 Fin de la 1\u00e8re session ordinaire du parlement: le point des lois vot\u00e9es"},{"@type":"BreadcrumbList","@id":"https:\/\/www.africa-press.net\/benin\/politique\/benin-fin-de-la-1ere-session-ordinaire-du-parlement-le-point-des-lois-votees#breadcrumb","itemListElement":[{"@type":"ListItem","position":1,"name":"Accueil","item":"https:\/\/www.africa-press.net\/benin\/"},{"@type":"ListItem","position":2,"name":"B\u00e9nin \u2013 Fin de la 1\u00e8re session ordinaire du parlement: le point des lois vot\u00e9es"}]},{"@type":"WebSite","@id":"https:\/\/www.africa-press.net\/benin\/#website","url":"https:\/\/www.africa-press.net\/benin\/","name":"B\u00e9nin","description":"Just another Africa News Agency Sites site","potentialAction":[{"@type":"SearchAction","target":{"@type":"EntryPoint","urlTemplate":"https:\/\/www.africa-press.net\/benin\/?s={search_term_string}"},"query-input":{"@type":"PropertyValueSpecification","valueRequired":true,"valueName":"search_term_string"}}],"inLanguage":"fr-FR"},{"@type":"Person","@id":"https:\/\/www.africa-press.net\/benin\/#\/schema\/person\/2b1cf3cd81a31e3cd26889ca66d677f1","name":"cfeditorfr"}]}},"_links":{"self":[{"href":"https:\/\/www.africa-press.net\/benin\/wp-json\/wp\/v2\/posts\/6948","targetHints":{"allow":["GET"]}}],"collection":[{"href":"https:\/\/www.africa-press.net\/benin\/wp-json\/wp\/v2\/posts"}],"about":[{"href":"https:\/\/www.africa-press.net\/benin\/wp-json\/wp\/v2\/types\/post"}],"author":[{"embeddable":true,"href":"https:\/\/www.africa-press.net\/benin\/wp-json\/wp\/v2\/users\/82"}],"replies":[{"embeddable":true,"href":"https:\/\/www.africa-press.net\/benin\/wp-json\/wp\/v2\/comments?post=6948"}],"version-history":[{"count":0,"href":"https:\/\/www.africa-press.net\/benin\/wp-json\/wp\/v2\/posts\/6948\/revisions"}],"wp:featuredmedia":[{"embeddable":true,"href":"https:\/\/www.africa-press.net\/benin\/wp-json\/wp\/v2\/media\/6947"}],"wp:attachment":[{"href":"https:\/\/www.africa-press.net\/benin\/wp-json\/wp\/v2\/media?parent=6948"}],"wp:term":[{"taxonomy":"category","embeddable":true,"href":"https:\/\/www.africa-press.net\/benin\/wp-json\/wp\/v2\/categories?post=6948"},{"taxonomy":"post_tag","embeddable":true,"href":"https:\/\/www.africa-press.net\/benin\/wp-json\/wp\/v2\/tags?post=6948"}],"curies":[{"name":"wp","href":"https:\/\/api.w.org\/{rel}","templated":true}]}}