{"id":6951,"date":"2022-07-16T17:34:30","date_gmt":"2022-07-16T17:34:30","guid":{"rendered":"https:\/\/www.africa-press.net\/benin\/politique\/terrorisme-wilfried-houngbedji-justifie-la-demarche-du-gouvernement-au-niger"},"modified":"2022-07-16T17:41:30","modified_gmt":"2022-07-16T17:41:30","slug":"terrorisme-wilfried-houngbedji-justifie-la-demarche-du-gouvernement-au-niger","status":"publish","type":"post","link":"https:\/\/www.africa-press.net\/benin\/politique\/terrorisme-wilfried-houngbedji-justifie-la-demarche-du-gouvernement-au-niger","title":{"rendered":"Terrorisme: Wilfried Houngb\u00e9dji justifie la d\u00e9marche du gouvernement au Niger"},"content":{"rendered":"<p><span style=\"color: #ff6600\"><strong>Africa-Press &#8211; Benin. <\/strong><\/span>Dans le cadre de la lutte contre le terrorisme, le B\u00e9nin et le Niger ont sign\u00e9 un accord de coop\u00e9ration militaire en vue de mutualiser leurs efforts en termes de renseignement et de strat\u00e9gies. Mais le choix du Niger qui n\u2019a v\u00e9ritablement pas d\u2019exp\u00e9rience en la mati\u00e8re suscite interrogation. Face aux professionnels des m\u00e9dias, L\u00e9andre Wlfried Houngb\u00e9dji a justifi\u00e9 la d\u00e9marche du gouvernement b\u00e9ninois au Niger.<\/p>\n<p>Au cours de sa rencontre hebdomadaire avec les professionnels des m\u00e9dias, le secr\u00e9taire g\u00e9n\u00e9ral adjoint et porte parole du gouvernement, L\u00e9andre Wilfried Houngb\u00e9dji a opin\u00e9 sur plusieurs sujets d\u2019actualit\u00e9 dont l\u2019accord de coop\u00e9ration militaire r\u00e9cemment sign\u00e9 entre le B\u00e9nin et le Niger. Concernant ce dernier point, le porte parole du gouvernement a fait savoir que le ministre de la d\u00e9fense b\u00e9ninoise s\u2019est d\u00e9plac\u00e9 au Niger dans le cadre d\u2019un partage de bonnes pratiques dans la lutte contre le terrorisme.<\/p>\n<p>\u00ab Nous sommes all\u00e9s voir ce qu\u2019ils ont de plus pour que le ph\u00e9nom\u00e8ne ne se d\u00e9veloppe pas chez eux comme on le constate ailleurs\u00ab , a indiqu\u00e9 Wilfried Houngb\u00e9dji<\/p>\n<p>Ces bonnes pratiques acquises au Niger pr\u00e9cise-t-il, seront int\u00e9gr\u00e9es dans le dispositif strat\u00e9gique du B\u00e9nin pour plus d\u2019efficacit\u00e9 dans la lutte. Le secr\u00e9taire g\u00e9n\u00e9ral adjoint du gouvernement a cependant insist\u00e9 sur le fait que le pays n\u2019est pas en proie au terrorisme.<\/p>\n<p>D\u2019ailleurs L\u00e9andre Wilfried Houngb\u00e9dji reste optimiste sur l\u2019efficacit\u00e9 du dispositif s\u00e9curitaire b\u00e9ninois qui ne donne aucune chance aux djihadistes de s\u2019\u00e9tablir au B\u00e9nin. Le porte parole du gouvernement se sent conforter par la bonne organisation et l\u2019anticipation du gouvernement pour d\u00e9router ces hors la loi.<\/p>\n<p><b>L\u2019accord de coop\u00e9ration militaire<\/b><\/p>\n<p>La volont\u00e9 commune des deux pays \u00e0 lutter en synergie contre le ph\u00e9nom\u00e8ne du terrorisme a \u00e9t\u00e9 mat\u00e9rialis\u00e9e par la signature d\u2019un accord militaire. \u00ab L\u2019acte de signature de l\u2019accord est intervenu le lundi 11 juillet 2022 au Niger entre les ministres de la d\u00e9fense nationale du B\u00e9nin et du pays h\u00f4te \u00bb.<\/p>\n<p>Selon le ministre Fortunet Nouatin, \u00ab la signature de cet accord marque l\u2019entr\u00e9e dans l\u2019\u00e8re d\u2019une coop\u00e9ration beaucoup plus \u00e9troite sur le plan d\u00e9fense et s\u00e9curit\u00e9 entre la R\u00e9publique du Niger et la R\u00e9publique du B\u00e9nin \u00bb. Quant au ministre nig\u00e9rien de la d\u00e9fense, il a assur\u00e9 que \u00ab le Niger est dispos\u00e9 \u00e0 faire tout ce qu\u2019il faut pour qu\u2019on puisse arriver \u00e0 aider les autres pays \u00e0 \u00eatre r\u00e9silients dans le combat contre le terrorisme \u00bb.<\/p>\n<p><strong>Pour plus d&rsquo;informations et d&rsquo;analyses sur la <a href=\"https:\/\/www.africa-press.net\/benin\">Benin<\/a>, suivez <a href=\"https:\/\/www.africa-press.net\/\">Africa-Press<\/a><\/strong><\/p>\n","protected":false},"excerpt":{"rendered":"<p>Africa-Press &#8211; Benin. Dans le cadre de la lutte contre le terrorisme, le B\u00e9nin et le Niger ont sign\u00e9 un accord de coop\u00e9ration militaire en vue de mutualiser leurs efforts en termes de renseignement et de strat\u00e9gies. Mais le choix du Niger qui n\u2019a v\u00e9ritablement pas d\u2019exp\u00e9rience en la mati\u00e8re suscite interrogation. Face aux professionnels [&hellip;]<\/p>\n","protected":false},"author":82,"featured_media":6950,"comment_status":"open","ping_status":"closed","sticky":false,"template":"","format":"standard","meta":{"footnotes":""},"categories":[11,2,10],"tags":[36,50,45],"class_list":["post-6951","post","type-post","status-publish","format-standard","has-post-thumbnail","hentry","category-homepage-french","category-politique","category-toutes-les-actualites","tag-africa-press","tag-africa-press-benin","tag-benin"],"yoast_head":"<!-- This site is optimized with the Yoast SEO Premium plugin v26.1 (Yoast SEO v27.0) - https:\/\/yoast.com\/product\/yoast-seo-premium-wordpress\/ -->\n<title>Terrorisme: Wilfried Houngb\u00e9dji justifie la d\u00e9marche du gouvernement au Niger - B\u00e9nin<\/title>\n<meta name=\"description\" content=\"Dans le cadre de la lutte contre le terrorisme, le B\u00e9nin et le Niger ont sign\u00e9 un accord de coop\u00e9ration militaire en vue ...\" \/>\n<meta name=\"robots\" content=\"index, follow, max-snippet:-1, max-image-preview:large, max-video-preview:-1\" \/>\n<link rel=\"canonical\" href=\"https:\/\/www.africa-press.net\/benin\/politique\/terrorisme-wilfried-houngbedji-justifie-la-demarche-du-gouvernement-au-niger\" \/>\n<meta property=\"og:locale\" content=\"fr_FR\" \/>\n<meta property=\"og:type\" content=\"article\" \/>\n<meta property=\"og:title\" content=\"Terrorisme: Wilfried Houngb\u00e9dji justifie la d\u00e9marche du gouvernement au Niger\" \/>\n<meta property=\"og:description\" content=\"Dans le cadre de la lutte contre le terrorisme, le B\u00e9nin et le Niger ont sign\u00e9 un accord de coop\u00e9ration militaire en vue ...\" \/>\n<meta property=\"og:url\" content=\"https:\/\/www.africa-press.net\/benin\/politique\/terrorisme-wilfried-houngbedji-justifie-la-demarche-du-gouvernement-au-niger\" \/>\n<meta property=\"og:site_name\" content=\"B\u00e9nin\" \/>\n<meta property=\"article:published_time\" content=\"2022-07-16T17:34:30+00:00\" \/>\n<meta property=\"article:modified_time\" content=\"2022-07-16T17:41:30+00:00\" \/>\n<meta property=\"og:image\" content=\"https:\/\/static.africa-press.net\/benin\/sites\/46\/2022\/07\/postQueueImg_1-62d2f81ae73f1.jpg\" \/>\n\t<meta property=\"og:image:width\" content=\"1556\" \/>\n\t<meta property=\"og:image:height\" content=\"875\" \/>\n\t<meta property=\"og:image:type\" content=\"image\/jpeg\" \/>\n<meta name=\"author\" content=\"cfeditorfr\" \/>\n<meta name=\"twitter:card\" content=\"summary_large_image\" \/>\n<meta name=\"twitter:label1\" content=\"\u00c9crit par\" \/>\n\t<meta name=\"twitter:data1\" content=\"cfeditorfr\" \/>\n\t<meta name=\"twitter:label2\" content=\"Dur\u00e9e de lecture estim\u00e9e\" \/>\n\t<meta name=\"twitter:data2\" content=\"2 minutes\" \/>\n<script type=\"application\/ld+json\" class=\"yoast-schema-graph\">{\"@context\":\"https:\/\/schema.org\",\"@graph\":[{\"@type\":\"Article\",\"@id\":\"https:\/\/www.africa-press.net\/benin\/politique\/terrorisme-wilfried-houngbedji-justifie-la-demarche-du-gouvernement-au-niger#article\",\"isPartOf\":{\"@id\":\"https:\/\/www.africa-press.net\/benin\/politique\/terrorisme-wilfried-houngbedji-justifie-la-demarche-du-gouvernement-au-niger\"},\"author\":{\"name\":\"cfeditorfr\",\"@id\":\"https:\/\/www.africa-press.net\/benin\/#\/schema\/person\/2b1cf3cd81a31e3cd26889ca66d677f1\"},\"headline\":\"Terrorisme: Wilfried Houngb\u00e9dji justifie la d\u00e9marche du gouvernement au Niger\",\"datePublished\":\"2022-07-16T17:34:30+00:00\",\"dateModified\":\"2022-07-16T17:41:30+00:00\",\"mainEntityOfPage\":{\"@id\":\"https:\/\/www.africa-press.net\/benin\/politique\/terrorisme-wilfried-houngbedji-justifie-la-demarche-du-gouvernement-au-niger\"},\"wordCount\":492,\"commentCount\":0,\"image\":{\"@id\":\"https:\/\/www.africa-press.net\/benin\/politique\/terrorisme-wilfried-houngbedji-justifie-la-demarche-du-gouvernement-au-niger#primaryimage\"},\"thumbnailUrl\":\"https:\/\/static.africa-press.net\/benin\/sites\/46\/2022\/07\/postQueueImg_1-62d2f81ae73f1.jpg\",\"keywords\":[\"Africa Press\",\"Africa Press-Benin\",\"B\u00e9nin\"],\"articleSection\":[\"homepage-french\",\"Politique\",\"Toutes les actualit\u00e9s\"],\"inLanguage\":\"fr-FR\",\"potentialAction\":[{\"@type\":\"CommentAction\",\"name\":\"Comment\",\"target\":[\"https:\/\/www.africa-press.net\/benin\/politique\/terrorisme-wilfried-houngbedji-justifie-la-demarche-du-gouvernement-au-niger#respond\"]}]},{\"@type\":\"WebPage\",\"@id\":\"https:\/\/www.africa-press.net\/benin\/politique\/terrorisme-wilfried-houngbedji-justifie-la-demarche-du-gouvernement-au-niger\",\"url\":\"https:\/\/www.africa-press.net\/benin\/politique\/terrorisme-wilfried-houngbedji-justifie-la-demarche-du-gouvernement-au-niger\",\"name\":\"Terrorisme: Wilfried Houngb\u00e9dji justifie la d\u00e9marche du gouvernement au Niger - B\u00e9nin\",\"isPartOf\":{\"@id\":\"https:\/\/www.africa-press.net\/benin\/#website\"},\"primaryImageOfPage\":{\"@id\":\"https:\/\/www.africa-press.net\/benin\/politique\/terrorisme-wilfried-houngbedji-justifie-la-demarche-du-gouvernement-au-niger#primaryimage\"},\"image\":{\"@id\":\"https:\/\/www.africa-press.net\/benin\/politique\/terrorisme-wilfried-houngbedji-justifie-la-demarche-du-gouvernement-au-niger#primaryimage\"},\"thumbnailUrl\":\"https:\/\/static.africa-press.net\/benin\/sites\/46\/2022\/07\/postQueueImg_1-62d2f81ae73f1.jpg\",\"datePublished\":\"2022-07-16T17:34:30+00:00\",\"dateModified\":\"2022-07-16T17:41:30+00:00\",\"author\":{\"@id\":\"https:\/\/www.africa-press.net\/benin\/#\/schema\/person\/2b1cf3cd81a31e3cd26889ca66d677f1\"},\"description\":\"Dans le cadre de la lutte contre le terrorisme, le B\u00e9nin et le Niger ont sign\u00e9 un accord de coop\u00e9ration militaire en vue ...\",\"breadcrumb\":{\"@id\":\"https:\/\/www.africa-press.net\/benin\/politique\/terrorisme-wilfried-houngbedji-justifie-la-demarche-du-gouvernement-au-niger#breadcrumb\"},\"inLanguage\":\"fr-FR\",\"potentialAction\":[{\"@type\":\"ReadAction\",\"target\":[\"https:\/\/www.africa-press.net\/benin\/politique\/terrorisme-wilfried-houngbedji-justifie-la-demarche-du-gouvernement-au-niger\"]}]},{\"@type\":\"ImageObject\",\"inLanguage\":\"fr-FR\",\"@id\":\"https:\/\/www.africa-press.net\/benin\/politique\/terrorisme-wilfried-houngbedji-justifie-la-demarche-du-gouvernement-au-niger#primaryimage\",\"url\":\"https:\/\/static.africa-press.net\/benin\/sites\/46\/2022\/07\/postQueueImg_1-62d2f81ae73f1.jpg\",\"contentUrl\":\"https:\/\/static.africa-press.net\/benin\/sites\/46\/2022\/07\/postQueueImg_1-62d2f81ae73f1.jpg\",\"width\":1556,\"height\":875,\"caption\":\"Terrorisme: Wilfried Houngb\u00e9dji justifie la d\u00e9marche du gouvernement au Niger\"},{\"@type\":\"BreadcrumbList\",\"@id\":\"https:\/\/www.africa-press.net\/benin\/politique\/terrorisme-wilfried-houngbedji-justifie-la-demarche-du-gouvernement-au-niger#breadcrumb\",\"itemListElement\":[{\"@type\":\"ListItem\",\"position\":1,\"name\":\"Accueil\",\"item\":\"https:\/\/www.africa-press.net\/benin\/\"},{\"@type\":\"ListItem\",\"position\":2,\"name\":\"Terrorisme: Wilfried Houngb\u00e9dji justifie la d\u00e9marche du gouvernement au Niger\"}]},{\"@type\":\"WebSite\",\"@id\":\"https:\/\/www.africa-press.net\/benin\/#website\",\"url\":\"https:\/\/www.africa-press.net\/benin\/\",\"name\":\"B\u00e9nin\",\"description\":\"Just another Africa News Agency Sites site\",\"potentialAction\":[{\"@type\":\"SearchAction\",\"target\":{\"@type\":\"EntryPoint\",\"urlTemplate\":\"https:\/\/www.africa-press.net\/benin\/?s={search_term_string}\"},\"query-input\":{\"@type\":\"PropertyValueSpecification\",\"valueRequired\":true,\"valueName\":\"search_term_string\"}}],\"inLanguage\":\"fr-FR\"},{\"@type\":\"Person\",\"@id\":\"https:\/\/www.africa-press.net\/benin\/#\/schema\/person\/2b1cf3cd81a31e3cd26889ca66d677f1\",\"name\":\"cfeditorfr\"}]}<\/script>\n<!-- \/ Yoast SEO Premium plugin. -->","yoast_head_json":{"title":"Terrorisme: Wilfried Houngb\u00e9dji justifie la d\u00e9marche du gouvernement au Niger - B\u00e9nin","description":"Dans le cadre de la lutte contre le terrorisme, le B\u00e9nin et le Niger ont sign\u00e9 un accord de coop\u00e9ration militaire en vue ...","robots":{"index":"index","follow":"follow","max-snippet":"max-snippet:-1","max-image-preview":"max-image-preview:large","max-video-preview":"max-video-preview:-1"},"canonical":"https:\/\/www.africa-press.net\/benin\/politique\/terrorisme-wilfried-houngbedji-justifie-la-demarche-du-gouvernement-au-niger","og_locale":"fr_FR","og_type":"article","og_title":"Terrorisme: Wilfried Houngb\u00e9dji justifie la d\u00e9marche du gouvernement au Niger","og_description":"Dans le cadre de la lutte contre le terrorisme, le B\u00e9nin et le Niger ont sign\u00e9 un accord de coop\u00e9ration militaire en vue ...","og_url":"https:\/\/www.africa-press.net\/benin\/politique\/terrorisme-wilfried-houngbedji-justifie-la-demarche-du-gouvernement-au-niger","og_site_name":"B\u00e9nin","article_published_time":"2022-07-16T17:34:30+00:00","article_modified_time":"2022-07-16T17:41:30+00:00","og_image":[{"width":1556,"height":875,"url":"https:\/\/static.africa-press.net\/benin\/sites\/46\/2022\/07\/postQueueImg_1-62d2f81ae73f1.jpg","type":"image\/jpeg"}],"author":"cfeditorfr","twitter_card":"summary_large_image","twitter_misc":{"\u00c9crit par":"cfeditorfr","Dur\u00e9e de lecture estim\u00e9e":"2 minutes"},"schema":{"@context":"https:\/\/schema.org","@graph":[{"@type":"Article","@id":"https:\/\/www.africa-press.net\/benin\/politique\/terrorisme-wilfried-houngbedji-justifie-la-demarche-du-gouvernement-au-niger#article","isPartOf":{"@id":"https:\/\/www.africa-press.net\/benin\/politique\/terrorisme-wilfried-houngbedji-justifie-la-demarche-du-gouvernement-au-niger"},"author":{"name":"cfeditorfr","@id":"https:\/\/www.africa-press.net\/benin\/#\/schema\/person\/2b1cf3cd81a31e3cd26889ca66d677f1"},"headline":"Terrorisme: Wilfried Houngb\u00e9dji justifie la d\u00e9marche du gouvernement au Niger","datePublished":"2022-07-16T17:34:30+00:00","dateModified":"2022-07-16T17:41:30+00:00","mainEntityOfPage":{"@id":"https:\/\/www.africa-press.net\/benin\/politique\/terrorisme-wilfried-houngbedji-justifie-la-demarche-du-gouvernement-au-niger"},"wordCount":492,"commentCount":0,"image":{"@id":"https:\/\/www.africa-press.net\/benin\/politique\/terrorisme-wilfried-houngbedji-justifie-la-demarche-du-gouvernement-au-niger#primaryimage"},"thumbnailUrl":"https:\/\/static.africa-press.net\/benin\/sites\/46\/2022\/07\/postQueueImg_1-62d2f81ae73f1.jpg","keywords":["Africa Press","Africa Press-Benin","B\u00e9nin"],"articleSection":["homepage-french","Politique","Toutes les actualit\u00e9s"],"inLanguage":"fr-FR","potentialAction":[{"@type":"CommentAction","name":"Comment","target":["https:\/\/www.africa-press.net\/benin\/politique\/terrorisme-wilfried-houngbedji-justifie-la-demarche-du-gouvernement-au-niger#respond"]}]},{"@type":"WebPage","@id":"https:\/\/www.africa-press.net\/benin\/politique\/terrorisme-wilfried-houngbedji-justifie-la-demarche-du-gouvernement-au-niger","url":"https:\/\/www.africa-press.net\/benin\/politique\/terrorisme-wilfried-houngbedji-justifie-la-demarche-du-gouvernement-au-niger","name":"Terrorisme: Wilfried Houngb\u00e9dji justifie la d\u00e9marche du gouvernement au Niger - B\u00e9nin","isPartOf":{"@id":"https:\/\/www.africa-press.net\/benin\/#website"},"primaryImageOfPage":{"@id":"https:\/\/www.africa-press.net\/benin\/politique\/terrorisme-wilfried-houngbedji-justifie-la-demarche-du-gouvernement-au-niger#primaryimage"},"image":{"@id":"https:\/\/www.africa-press.net\/benin\/politique\/terrorisme-wilfried-houngbedji-justifie-la-demarche-du-gouvernement-au-niger#primaryimage"},"thumbnailUrl":"https:\/\/static.africa-press.net\/benin\/sites\/46\/2022\/07\/postQueueImg_1-62d2f81ae73f1.jpg","datePublished":"2022-07-16T17:34:30+00:00","dateModified":"2022-07-16T17:41:30+00:00","author":{"@id":"https:\/\/www.africa-press.net\/benin\/#\/schema\/person\/2b1cf3cd81a31e3cd26889ca66d677f1"},"description":"Dans le cadre de la lutte contre le terrorisme, le B\u00e9nin et le Niger ont sign\u00e9 un accord de coop\u00e9ration militaire en vue ...","breadcrumb":{"@id":"https:\/\/www.africa-press.net\/benin\/politique\/terrorisme-wilfried-houngbedji-justifie-la-demarche-du-gouvernement-au-niger#breadcrumb"},"inLanguage":"fr-FR","potentialAction":[{"@type":"ReadAction","target":["https:\/\/www.africa-press.net\/benin\/politique\/terrorisme-wilfried-houngbedji-justifie-la-demarche-du-gouvernement-au-niger"]}]},{"@type":"ImageObject","inLanguage":"fr-FR","@id":"https:\/\/www.africa-press.net\/benin\/politique\/terrorisme-wilfried-houngbedji-justifie-la-demarche-du-gouvernement-au-niger#primaryimage","url":"https:\/\/static.africa-press.net\/benin\/sites\/46\/2022\/07\/postQueueImg_1-62d2f81ae73f1.jpg","contentUrl":"https:\/\/static.africa-press.net\/benin\/sites\/46\/2022\/07\/postQueueImg_1-62d2f81ae73f1.jpg","width":1556,"height":875,"caption":"Terrorisme: Wilfried Houngb\u00e9dji justifie la d\u00e9marche du gouvernement au Niger"},{"@type":"BreadcrumbList","@id":"https:\/\/www.africa-press.net\/benin\/politique\/terrorisme-wilfried-houngbedji-justifie-la-demarche-du-gouvernement-au-niger#breadcrumb","itemListElement":[{"@type":"ListItem","position":1,"name":"Accueil","item":"https:\/\/www.africa-press.net\/benin\/"},{"@type":"ListItem","position":2,"name":"Terrorisme: Wilfried Houngb\u00e9dji justifie la d\u00e9marche du gouvernement au Niger"}]},{"@type":"WebSite","@id":"https:\/\/www.africa-press.net\/benin\/#website","url":"https:\/\/www.africa-press.net\/benin\/","name":"B\u00e9nin","description":"Just another Africa News Agency Sites site","potentialAction":[{"@type":"SearchAction","target":{"@type":"EntryPoint","urlTemplate":"https:\/\/www.africa-press.net\/benin\/?s={search_term_string}"},"query-input":{"@type":"PropertyValueSpecification","valueRequired":true,"valueName":"search_term_string"}}],"inLanguage":"fr-FR"},{"@type":"Person","@id":"https:\/\/www.africa-press.net\/benin\/#\/schema\/person\/2b1cf3cd81a31e3cd26889ca66d677f1","name":"cfeditorfr"}]}},"_links":{"self":[{"href":"https:\/\/www.africa-press.net\/benin\/wp-json\/wp\/v2\/posts\/6951","targetHints":{"allow":["GET"]}}],"collection":[{"href":"https:\/\/www.africa-press.net\/benin\/wp-json\/wp\/v2\/posts"}],"about":[{"href":"https:\/\/www.africa-press.net\/benin\/wp-json\/wp\/v2\/types\/post"}],"author":[{"embeddable":true,"href":"https:\/\/www.africa-press.net\/benin\/wp-json\/wp\/v2\/users\/82"}],"replies":[{"embeddable":true,"href":"https:\/\/www.africa-press.net\/benin\/wp-json\/wp\/v2\/comments?post=6951"}],"version-history":[{"count":0,"href":"https:\/\/www.africa-press.net\/benin\/wp-json\/wp\/v2\/posts\/6951\/revisions"}],"wp:featuredmedia":[{"embeddable":true,"href":"https:\/\/www.africa-press.net\/benin\/wp-json\/wp\/v2\/media\/6950"}],"wp:attachment":[{"href":"https:\/\/www.africa-press.net\/benin\/wp-json\/wp\/v2\/media?parent=6951"}],"wp:term":[{"taxonomy":"category","embeddable":true,"href":"https:\/\/www.africa-press.net\/benin\/wp-json\/wp\/v2\/categories?post=6951"},{"taxonomy":"post_tag","embeddable":true,"href":"https:\/\/www.africa-press.net\/benin\/wp-json\/wp\/v2\/tags?post=6951"}],"curies":[{"name":"wp","href":"https:\/\/api.w.org\/{rel}","templated":true}]}}