{"id":6954,"date":"2022-07-16T17:34:43","date_gmt":"2022-07-16T17:34:43","guid":{"rendered":"https:\/\/www.africa-press.net\/benin\/politique\/benin-en-prison-depuis-2021-lex-dg-anatt-thomas-agbeva-rend-lame"},"modified":"2022-07-16T17:42:01","modified_gmt":"2022-07-16T17:42:01","slug":"benin-en-prison-depuis-2021-lex-dg-anatt-thomas-agbeva-rend-lame","status":"publish","type":"post","link":"https:\/\/www.africa-press.net\/benin\/politique\/benin-en-prison-depuis-2021-lex-dg-anatt-thomas-agbeva-rend-lame","title":{"rendered":"B\u00e9nin: en prison depuis 2021, l\u2019ex DG ANaTT Thomas Agb\u00e9va rend l\u2019\u00e2me"},"content":{"rendered":"<p><span style=\"color: #ff6600\"><strong>Africa-Press &#8211; Benin. <\/strong><\/span>L\u2019ancien Directeur g\u00e9n\u00e9ral de l\u2019Agence Nationale des Transports Terrestres (ANaTT), Thomas Agb\u00e9va est d\u00e9c\u00e9d\u00e9 ce vendredi 15 juillet 2022. Le d\u00e9funt \u00e9tait d\u00e9tenu la prison civile d\u2019akpro-Miss\u00e9r\u00e9t\u00e9.<\/p>\n<p>En prison depuis le 14 juillet 2021, Thomas Agb\u00e9va est pass\u00e9 de vie \u00e0 tr\u00e9pas ce vendredi. De sources concordantes, l\u2019ancien patron de l\u2019ANaTT \u00e9pingl\u00e9 dans une affaire de d\u00e9tournement, est d\u00e9c\u00e9d\u00e9 au Centre Hospitalier D\u00e9partemental de l\u2019Ou\u00e9m\u00e9.<\/p>\n<p>Pour rappel, Thomas Agb\u00e9va avait \u00e9t\u00e9 interpell\u00e9, au m\u00eame titre que autres personnes. Ils avaient \u00e9t\u00e9 tous d\u00e9pos\u00e9s en prison suite \u00e0 leur audition devant le Procureur sp\u00e9cial de la Criet.<\/p>\n<p><b>Ce qui est reproch\u00e9 \u00e0 Thomas Agb\u00e9va et Cie<\/b><\/p>\n<p>L\u2019audit commandit\u00e9 par l\u2019Etat \u00e0 l\u2019Agence nationale des transports terrestres (ANaTT) a r\u00e9v\u00e9l\u00e9 des irr\u00e9gularit\u00e9s dans la gestion de certains cadres de la structure.<\/p>\n<p>Selon des pr\u00e9cisions apport\u00e9es par le compte-rendu du Conseil des ministres en sa session du mercredi 7 Juillet 2012, les d\u00e9faillances relev\u00e9es par l\u2019audit portent aussi bien sur l\u2019organisation g\u00e9n\u00e9rale de l\u2019Agence, caract\u00e9ris\u00e9e par un cadre r\u00e9glementaire inad\u00e9quat, l\u2019insuffisance du personnel technique, la pl\u00e9thore d\u2019agents d\u2019ex\u00e9cution, la pr\u00e9pond\u00e9rance des traitements manuels de donn\u00e9es, que le d\u00e9faut de protection de celles-ci ou de l\u2019int\u00e9grit\u00e9 du syst\u00e8me informatique.<\/p>\n<p>Un tel contexte, pr\u00e9cise le compte-rendu du Conseil des ministres, a favoris\u00e9, au cours de la p\u00e9riode sous revue, des manques \u00e0 gagner \u00e0 l\u2019Etat estim\u00e9s \u00e0 13,6 milliards de FCFA, dont 1,3 milliard de FCFA, concernant des d\u00e9caissements relatifs \u00e0 des march\u00e9s irr\u00e9guli\u00e8rement pass\u00e9s ; 191 millions de FCFA, s\u2019agissant de paiements pour des actes anormaux de gestion ; et 12,1 milliards de FCFA au titre de pr\u00e9somptions de fraude dans le cadre de la gestion des op\u00e9rations d\u2019immatriculation.<\/p>\n<p>Lesdites pr\u00e9somptions sont notamment relatives \u00e0 des cas de v\u00e9hicules non d\u00e9douan\u00e9s qui ont \u00e9t\u00e9 immatricul\u00e9s, soit 2646 v\u00e9hicules au total, repr\u00e9sentant un pr\u00e9judice financier d\u2019environ 7,9 milliards FCFA, ainsi qu\u2019\u00e0 des dossiers d\u2019immatriculation, dont les quittances de paiement n\u2019ont pu \u00eatre fournies.<\/p>\n<p>Y figurent aussi, des cas d\u2019usage non \u00e9lucid\u00e9 d\u2019intrants d\u2019immatriculation acquis par l\u2019Agence au cours de la m\u00eame p\u00e9riode. Le rapport r\u00e9v\u00e8le \u00e9galement l\u2019adoption irr\u00e9guli\u00e8re d\u2019une convention collective, accordant des avantages exorbitants au profit des agents.<\/p>\n<p><strong>Pour plus d&rsquo;informations et d&rsquo;analyses sur la <a href=\"https:\/\/www.africa-press.net\/benin\">Benin<\/a>, suivez <a href=\"https:\/\/www.africa-press.net\/\">Africa-Press<\/a><\/strong><\/p>\n","protected":false},"excerpt":{"rendered":"<p>Africa-Press &#8211; Benin. L\u2019ancien Directeur g\u00e9n\u00e9ral de l\u2019Agence Nationale des Transports Terrestres (ANaTT), Thomas Agb\u00e9va est d\u00e9c\u00e9d\u00e9 ce vendredi 15 juillet 2022. Le d\u00e9funt \u00e9tait d\u00e9tenu la prison civile d\u2019akpro-Miss\u00e9r\u00e9t\u00e9. En prison depuis le 14 juillet 2021, Thomas Agb\u00e9va est pass\u00e9 de vie \u00e0 tr\u00e9pas ce vendredi. De sources concordantes, l\u2019ancien patron de l\u2019ANaTT \u00e9pingl\u00e9 [&hellip;]<\/p>\n","protected":false},"author":82,"featured_media":6953,"comment_status":"open","ping_status":"closed","sticky":false,"template":"","format":"standard","meta":{"footnotes":""},"categories":[11,2,10],"tags":[36,50,45],"class_list":["post-6954","post","type-post","status-publish","format-standard","has-post-thumbnail","hentry","category-homepage-french","category-politique","category-toutes-les-actualites","tag-africa-press","tag-africa-press-benin","tag-benin"],"yoast_head":"<!-- This site is optimized with the Yoast SEO Premium plugin v26.1 (Yoast SEO v27.0) - https:\/\/yoast.com\/product\/yoast-seo-premium-wordpress\/ -->\n<title>B\u00e9nin: en prison depuis 2021, l\u2019ex DG ANaTT Thomas Agb\u00e9va rend l\u2019\u00e2me - B\u00e9nin<\/title>\n<meta name=\"description\" content=\"L\u2019ancien Directeur g\u00e9n\u00e9ral de l\u2019Agence Nationale des Transports Terrestres (ANaTT), Thomas Agb\u00e9va est d\u00e9c\u00e9d\u00e9 ce vendredi ...\" \/>\n<meta name=\"robots\" content=\"index, follow, max-snippet:-1, max-image-preview:large, max-video-preview:-1\" \/>\n<link rel=\"canonical\" href=\"https:\/\/www.africa-press.net\/benin\/politique\/benin-en-prison-depuis-2021-lex-dg-anatt-thomas-agbeva-rend-lame\" \/>\n<meta property=\"og:locale\" content=\"fr_FR\" \/>\n<meta property=\"og:type\" content=\"article\" \/>\n<meta property=\"og:title\" content=\"B\u00e9nin: en prison depuis 2021, l\u2019ex DG ANaTT Thomas Agb\u00e9va rend l\u2019\u00e2me\" \/>\n<meta property=\"og:description\" content=\"L\u2019ancien Directeur g\u00e9n\u00e9ral de l\u2019Agence Nationale des Transports Terrestres (ANaTT), Thomas Agb\u00e9va est d\u00e9c\u00e9d\u00e9 ce vendredi ...\" \/>\n<meta property=\"og:url\" content=\"https:\/\/www.africa-press.net\/benin\/politique\/benin-en-prison-depuis-2021-lex-dg-anatt-thomas-agbeva-rend-lame\" \/>\n<meta property=\"og:site_name\" content=\"B\u00e9nin\" \/>\n<meta property=\"article:published_time\" content=\"2022-07-16T17:34:43+00:00\" \/>\n<meta property=\"article:modified_time\" content=\"2022-07-16T17:42:01+00:00\" \/>\n<meta property=\"og:image\" content=\"https:\/\/static.africa-press.net\/benin\/sites\/46\/2022\/07\/postQueueImg_2-62d2f851a8620.jpg\" \/>\n\t<meta property=\"og:image:width\" content=\"1200\" \/>\n\t<meta property=\"og:image:height\" content=\"675\" \/>\n\t<meta property=\"og:image:type\" content=\"image\/jpeg\" \/>\n<meta name=\"author\" content=\"cfeditorfr\" \/>\n<meta name=\"twitter:card\" content=\"summary_large_image\" \/>\n<meta name=\"twitter:label1\" content=\"\u00c9crit par\" \/>\n\t<meta name=\"twitter:data1\" content=\"cfeditorfr\" \/>\n\t<meta name=\"twitter:label2\" content=\"Dur\u00e9e de lecture estim\u00e9e\" \/>\n\t<meta name=\"twitter:data2\" content=\"2 minutes\" \/>\n<script type=\"application\/ld+json\" class=\"yoast-schema-graph\">{\"@context\":\"https:\/\/schema.org\",\"@graph\":[{\"@type\":\"Article\",\"@id\":\"https:\/\/www.africa-press.net\/benin\/politique\/benin-en-prison-depuis-2021-lex-dg-anatt-thomas-agbeva-rend-lame#article\",\"isPartOf\":{\"@id\":\"https:\/\/www.africa-press.net\/benin\/politique\/benin-en-prison-depuis-2021-lex-dg-anatt-thomas-agbeva-rend-lame\"},\"author\":{\"name\":\"cfeditorfr\",\"@id\":\"https:\/\/www.africa-press.net\/benin\/#\/schema\/person\/2b1cf3cd81a31e3cd26889ca66d677f1\"},\"headline\":\"B\u00e9nin: en prison depuis 2021, l\u2019ex DG ANaTT Thomas Agb\u00e9va rend l\u2019\u00e2me\",\"datePublished\":\"2022-07-16T17:34:43+00:00\",\"dateModified\":\"2022-07-16T17:42:01+00:00\",\"mainEntityOfPage\":{\"@id\":\"https:\/\/www.africa-press.net\/benin\/politique\/benin-en-prison-depuis-2021-lex-dg-anatt-thomas-agbeva-rend-lame\"},\"wordCount\":457,\"commentCount\":0,\"image\":{\"@id\":\"https:\/\/www.africa-press.net\/benin\/politique\/benin-en-prison-depuis-2021-lex-dg-anatt-thomas-agbeva-rend-lame#primaryimage\"},\"thumbnailUrl\":\"https:\/\/static.africa-press.net\/benin\/sites\/46\/2022\/07\/postQueueImg_2-62d2f851a8620.jpg\",\"keywords\":[\"Africa Press\",\"Africa Press-Benin\",\"B\u00e9nin\"],\"articleSection\":[\"homepage-french\",\"Politique\",\"Toutes les actualit\u00e9s\"],\"inLanguage\":\"fr-FR\",\"potentialAction\":[{\"@type\":\"CommentAction\",\"name\":\"Comment\",\"target\":[\"https:\/\/www.africa-press.net\/benin\/politique\/benin-en-prison-depuis-2021-lex-dg-anatt-thomas-agbeva-rend-lame#respond\"]}]},{\"@type\":\"WebPage\",\"@id\":\"https:\/\/www.africa-press.net\/benin\/politique\/benin-en-prison-depuis-2021-lex-dg-anatt-thomas-agbeva-rend-lame\",\"url\":\"https:\/\/www.africa-press.net\/benin\/politique\/benin-en-prison-depuis-2021-lex-dg-anatt-thomas-agbeva-rend-lame\",\"name\":\"B\u00e9nin: en prison depuis 2021, l\u2019ex DG ANaTT Thomas Agb\u00e9va rend l\u2019\u00e2me - B\u00e9nin\",\"isPartOf\":{\"@id\":\"https:\/\/www.africa-press.net\/benin\/#website\"},\"primaryImageOfPage\":{\"@id\":\"https:\/\/www.africa-press.net\/benin\/politique\/benin-en-prison-depuis-2021-lex-dg-anatt-thomas-agbeva-rend-lame#primaryimage\"},\"image\":{\"@id\":\"https:\/\/www.africa-press.net\/benin\/politique\/benin-en-prison-depuis-2021-lex-dg-anatt-thomas-agbeva-rend-lame#primaryimage\"},\"thumbnailUrl\":\"https:\/\/static.africa-press.net\/benin\/sites\/46\/2022\/07\/postQueueImg_2-62d2f851a8620.jpg\",\"datePublished\":\"2022-07-16T17:34:43+00:00\",\"dateModified\":\"2022-07-16T17:42:01+00:00\",\"author\":{\"@id\":\"https:\/\/www.africa-press.net\/benin\/#\/schema\/person\/2b1cf3cd81a31e3cd26889ca66d677f1\"},\"description\":\"L\u2019ancien Directeur g\u00e9n\u00e9ral de l\u2019Agence Nationale des Transports Terrestres (ANaTT), Thomas Agb\u00e9va est d\u00e9c\u00e9d\u00e9 ce vendredi ...\",\"breadcrumb\":{\"@id\":\"https:\/\/www.africa-press.net\/benin\/politique\/benin-en-prison-depuis-2021-lex-dg-anatt-thomas-agbeva-rend-lame#breadcrumb\"},\"inLanguage\":\"fr-FR\",\"potentialAction\":[{\"@type\":\"ReadAction\",\"target\":[\"https:\/\/www.africa-press.net\/benin\/politique\/benin-en-prison-depuis-2021-lex-dg-anatt-thomas-agbeva-rend-lame\"]}]},{\"@type\":\"ImageObject\",\"inLanguage\":\"fr-FR\",\"@id\":\"https:\/\/www.africa-press.net\/benin\/politique\/benin-en-prison-depuis-2021-lex-dg-anatt-thomas-agbeva-rend-lame#primaryimage\",\"url\":\"https:\/\/static.africa-press.net\/benin\/sites\/46\/2022\/07\/postQueueImg_2-62d2f851a8620.jpg\",\"contentUrl\":\"https:\/\/static.africa-press.net\/benin\/sites\/46\/2022\/07\/postQueueImg_2-62d2f851a8620.jpg\",\"width\":1200,\"height\":675,\"caption\":\"B\u00e9nin: en prison depuis 2021, l\u2019ex DG ANaTT Thomas Agb\u00e9va rend l\u2019\u00e2me\"},{\"@type\":\"BreadcrumbList\",\"@id\":\"https:\/\/www.africa-press.net\/benin\/politique\/benin-en-prison-depuis-2021-lex-dg-anatt-thomas-agbeva-rend-lame#breadcrumb\",\"itemListElement\":[{\"@type\":\"ListItem\",\"position\":1,\"name\":\"Accueil\",\"item\":\"https:\/\/www.africa-press.net\/benin\/\"},{\"@type\":\"ListItem\",\"position\":2,\"name\":\"B\u00e9nin: en prison depuis 2021, l\u2019ex DG ANaTT Thomas Agb\u00e9va rend l\u2019\u00e2me\"}]},{\"@type\":\"WebSite\",\"@id\":\"https:\/\/www.africa-press.net\/benin\/#website\",\"url\":\"https:\/\/www.africa-press.net\/benin\/\",\"name\":\"B\u00e9nin\",\"description\":\"Just another Africa News Agency Sites site\",\"potentialAction\":[{\"@type\":\"SearchAction\",\"target\":{\"@type\":\"EntryPoint\",\"urlTemplate\":\"https:\/\/www.africa-press.net\/benin\/?s={search_term_string}\"},\"query-input\":{\"@type\":\"PropertyValueSpecification\",\"valueRequired\":true,\"valueName\":\"search_term_string\"}}],\"inLanguage\":\"fr-FR\"},{\"@type\":\"Person\",\"@id\":\"https:\/\/www.africa-press.net\/benin\/#\/schema\/person\/2b1cf3cd81a31e3cd26889ca66d677f1\",\"name\":\"cfeditorfr\"}]}<\/script>\n<!-- \/ Yoast SEO Premium plugin. -->","yoast_head_json":{"title":"B\u00e9nin: en prison depuis 2021, l\u2019ex DG ANaTT Thomas Agb\u00e9va rend l\u2019\u00e2me - B\u00e9nin","description":"L\u2019ancien Directeur g\u00e9n\u00e9ral de l\u2019Agence Nationale des Transports Terrestres (ANaTT), Thomas Agb\u00e9va est d\u00e9c\u00e9d\u00e9 ce vendredi ...","robots":{"index":"index","follow":"follow","max-snippet":"max-snippet:-1","max-image-preview":"max-image-preview:large","max-video-preview":"max-video-preview:-1"},"canonical":"https:\/\/www.africa-press.net\/benin\/politique\/benin-en-prison-depuis-2021-lex-dg-anatt-thomas-agbeva-rend-lame","og_locale":"fr_FR","og_type":"article","og_title":"B\u00e9nin: en prison depuis 2021, l\u2019ex DG ANaTT Thomas Agb\u00e9va rend l\u2019\u00e2me","og_description":"L\u2019ancien Directeur g\u00e9n\u00e9ral de l\u2019Agence Nationale des Transports Terrestres (ANaTT), Thomas Agb\u00e9va est d\u00e9c\u00e9d\u00e9 ce vendredi ...","og_url":"https:\/\/www.africa-press.net\/benin\/politique\/benin-en-prison-depuis-2021-lex-dg-anatt-thomas-agbeva-rend-lame","og_site_name":"B\u00e9nin","article_published_time":"2022-07-16T17:34:43+00:00","article_modified_time":"2022-07-16T17:42:01+00:00","og_image":[{"width":1200,"height":675,"url":"https:\/\/static.africa-press.net\/benin\/sites\/46\/2022\/07\/postQueueImg_2-62d2f851a8620.jpg","type":"image\/jpeg"}],"author":"cfeditorfr","twitter_card":"summary_large_image","twitter_misc":{"\u00c9crit par":"cfeditorfr","Dur\u00e9e de lecture estim\u00e9e":"2 minutes"},"schema":{"@context":"https:\/\/schema.org","@graph":[{"@type":"Article","@id":"https:\/\/www.africa-press.net\/benin\/politique\/benin-en-prison-depuis-2021-lex-dg-anatt-thomas-agbeva-rend-lame#article","isPartOf":{"@id":"https:\/\/www.africa-press.net\/benin\/politique\/benin-en-prison-depuis-2021-lex-dg-anatt-thomas-agbeva-rend-lame"},"author":{"name":"cfeditorfr","@id":"https:\/\/www.africa-press.net\/benin\/#\/schema\/person\/2b1cf3cd81a31e3cd26889ca66d677f1"},"headline":"B\u00e9nin: en prison depuis 2021, l\u2019ex DG ANaTT Thomas Agb\u00e9va rend l\u2019\u00e2me","datePublished":"2022-07-16T17:34:43+00:00","dateModified":"2022-07-16T17:42:01+00:00","mainEntityOfPage":{"@id":"https:\/\/www.africa-press.net\/benin\/politique\/benin-en-prison-depuis-2021-lex-dg-anatt-thomas-agbeva-rend-lame"},"wordCount":457,"commentCount":0,"image":{"@id":"https:\/\/www.africa-press.net\/benin\/politique\/benin-en-prison-depuis-2021-lex-dg-anatt-thomas-agbeva-rend-lame#primaryimage"},"thumbnailUrl":"https:\/\/static.africa-press.net\/benin\/sites\/46\/2022\/07\/postQueueImg_2-62d2f851a8620.jpg","keywords":["Africa Press","Africa Press-Benin","B\u00e9nin"],"articleSection":["homepage-french","Politique","Toutes les actualit\u00e9s"],"inLanguage":"fr-FR","potentialAction":[{"@type":"CommentAction","name":"Comment","target":["https:\/\/www.africa-press.net\/benin\/politique\/benin-en-prison-depuis-2021-lex-dg-anatt-thomas-agbeva-rend-lame#respond"]}]},{"@type":"WebPage","@id":"https:\/\/www.africa-press.net\/benin\/politique\/benin-en-prison-depuis-2021-lex-dg-anatt-thomas-agbeva-rend-lame","url":"https:\/\/www.africa-press.net\/benin\/politique\/benin-en-prison-depuis-2021-lex-dg-anatt-thomas-agbeva-rend-lame","name":"B\u00e9nin: en prison depuis 2021, l\u2019ex DG ANaTT Thomas Agb\u00e9va rend l\u2019\u00e2me - B\u00e9nin","isPartOf":{"@id":"https:\/\/www.africa-press.net\/benin\/#website"},"primaryImageOfPage":{"@id":"https:\/\/www.africa-press.net\/benin\/politique\/benin-en-prison-depuis-2021-lex-dg-anatt-thomas-agbeva-rend-lame#primaryimage"},"image":{"@id":"https:\/\/www.africa-press.net\/benin\/politique\/benin-en-prison-depuis-2021-lex-dg-anatt-thomas-agbeva-rend-lame#primaryimage"},"thumbnailUrl":"https:\/\/static.africa-press.net\/benin\/sites\/46\/2022\/07\/postQueueImg_2-62d2f851a8620.jpg","datePublished":"2022-07-16T17:34:43+00:00","dateModified":"2022-07-16T17:42:01+00:00","author":{"@id":"https:\/\/www.africa-press.net\/benin\/#\/schema\/person\/2b1cf3cd81a31e3cd26889ca66d677f1"},"description":"L\u2019ancien Directeur g\u00e9n\u00e9ral de l\u2019Agence Nationale des Transports Terrestres (ANaTT), Thomas Agb\u00e9va est d\u00e9c\u00e9d\u00e9 ce vendredi ...","breadcrumb":{"@id":"https:\/\/www.africa-press.net\/benin\/politique\/benin-en-prison-depuis-2021-lex-dg-anatt-thomas-agbeva-rend-lame#breadcrumb"},"inLanguage":"fr-FR","potentialAction":[{"@type":"ReadAction","target":["https:\/\/www.africa-press.net\/benin\/politique\/benin-en-prison-depuis-2021-lex-dg-anatt-thomas-agbeva-rend-lame"]}]},{"@type":"ImageObject","inLanguage":"fr-FR","@id":"https:\/\/www.africa-press.net\/benin\/politique\/benin-en-prison-depuis-2021-lex-dg-anatt-thomas-agbeva-rend-lame#primaryimage","url":"https:\/\/static.africa-press.net\/benin\/sites\/46\/2022\/07\/postQueueImg_2-62d2f851a8620.jpg","contentUrl":"https:\/\/static.africa-press.net\/benin\/sites\/46\/2022\/07\/postQueueImg_2-62d2f851a8620.jpg","width":1200,"height":675,"caption":"B\u00e9nin: en prison depuis 2021, l\u2019ex DG ANaTT Thomas Agb\u00e9va rend l\u2019\u00e2me"},{"@type":"BreadcrumbList","@id":"https:\/\/www.africa-press.net\/benin\/politique\/benin-en-prison-depuis-2021-lex-dg-anatt-thomas-agbeva-rend-lame#breadcrumb","itemListElement":[{"@type":"ListItem","position":1,"name":"Accueil","item":"https:\/\/www.africa-press.net\/benin\/"},{"@type":"ListItem","position":2,"name":"B\u00e9nin: en prison depuis 2021, l\u2019ex DG ANaTT Thomas Agb\u00e9va rend l\u2019\u00e2me"}]},{"@type":"WebSite","@id":"https:\/\/www.africa-press.net\/benin\/#website","url":"https:\/\/www.africa-press.net\/benin\/","name":"B\u00e9nin","description":"Just another Africa News Agency Sites site","potentialAction":[{"@type":"SearchAction","target":{"@type":"EntryPoint","urlTemplate":"https:\/\/www.africa-press.net\/benin\/?s={search_term_string}"},"query-input":{"@type":"PropertyValueSpecification","valueRequired":true,"valueName":"search_term_string"}}],"inLanguage":"fr-FR"},{"@type":"Person","@id":"https:\/\/www.africa-press.net\/benin\/#\/schema\/person\/2b1cf3cd81a31e3cd26889ca66d677f1","name":"cfeditorfr"}]}},"_links":{"self":[{"href":"https:\/\/www.africa-press.net\/benin\/wp-json\/wp\/v2\/posts\/6954","targetHints":{"allow":["GET"]}}],"collection":[{"href":"https:\/\/www.africa-press.net\/benin\/wp-json\/wp\/v2\/posts"}],"about":[{"href":"https:\/\/www.africa-press.net\/benin\/wp-json\/wp\/v2\/types\/post"}],"author":[{"embeddable":true,"href":"https:\/\/www.africa-press.net\/benin\/wp-json\/wp\/v2\/users\/82"}],"replies":[{"embeddable":true,"href":"https:\/\/www.africa-press.net\/benin\/wp-json\/wp\/v2\/comments?post=6954"}],"version-history":[{"count":0,"href":"https:\/\/www.africa-press.net\/benin\/wp-json\/wp\/v2\/posts\/6954\/revisions"}],"wp:featuredmedia":[{"embeddable":true,"href":"https:\/\/www.africa-press.net\/benin\/wp-json\/wp\/v2\/media\/6953"}],"wp:attachment":[{"href":"https:\/\/www.africa-press.net\/benin\/wp-json\/wp\/v2\/media?parent=6954"}],"wp:term":[{"taxonomy":"category","embeddable":true,"href":"https:\/\/www.africa-press.net\/benin\/wp-json\/wp\/v2\/categories?post=6954"},{"taxonomy":"post_tag","embeddable":true,"href":"https:\/\/www.africa-press.net\/benin\/wp-json\/wp\/v2\/tags?post=6954"}],"curies":[{"name":"wp","href":"https:\/\/api.w.org\/{rel}","templated":true}]}}