{"id":6960,"date":"2022-07-16T17:35:00","date_gmt":"2022-07-16T17:35:00","guid":{"rendered":"https:\/\/www.africa-press.net\/benin\/politique\/benin-joseph-djogbenou-remplace-bruno-amoussou-a-la-tete-de-lunion-progressiste"},"modified":"2022-07-16T17:42:56","modified_gmt":"2022-07-16T17:42:56","slug":"benin-joseph-djogbenou-remplace-bruno-amoussou-a-la-tete-de-lunion-progressiste","status":"publish","type":"post","link":"https:\/\/www.africa-press.net\/benin\/politique\/benin-joseph-djogbenou-remplace-bruno-amoussou-a-la-tete-de-lunion-progressiste","title":{"rendered":"B\u00e9nin: Joseph Djogb\u00e9nou remplace Bruno Amoussou \u00e0 la t\u00eate de l\u2019Union Progressiste"},"content":{"rendered":"<p><span style=\"color: #ff6600\"><strong>Africa-Press &#8211; Benin. <\/strong><\/span>Joseph Djogb\u00e9nou est le nouveau pr\u00e9sident de l\u2019Union Progressiste (UP) en remplacement de Bruno Amoussou. Il a \u00e9t\u00e9 d\u00e9sign\u00e9 ce samedi 16 juillet 2022 \u00e0 l\u2019issue d\u2019une rencontre du Bureau politique tenue \u00e0 Cotonou.<\/p>\n<p>Apr\u00e8s sa d\u00e9mission de la Cour constitutionnelle, Joseph Djogb\u00e9nou prend les r\u00eanes de l\u2019Union Progressiste (UP), l\u2019un des blocs de la mouvance pr\u00e9sentielle. Sa d\u00e9signation est intervenue suite \u00e0 la d\u00e9mission de Bruno Amoussou, qui dirigeait le parti depuis le congr\u00e8s constitutif.<\/p>\n<p>L\u2019ancien pr\u00e9sident de la Cour constitutionnelle sera aid\u00e9 dans sa mission par Mariam Chabi Talata et G\u00e9rard Gb\u00e9nonci, respectivement au poste de 1ere Vice-pr\u00e9sidente et de 2e Vive-pr\u00e9sident.<\/p>\n<p><b>De la pr\u00e9sidence de l\u2019UP \u00e0 la pr\u00e9sidence de l\u2019Assembl\u00e9e nationale ?<\/b><\/p>\n<p>Comme annonc\u00e9, Joseph Djogb\u00e9nou vient de prendre les r\u00eanes de l\u2019Union Progressiste (UP), mais ceci ne serait pas sa destination finale apr\u00e8s sa d\u00e9mission de la Cour constitutionnelle. La pr\u00e9sidence de l\u2019Union Progressiste serait juste une transition pour l\u2019ancien pr\u00e9sident d\u2019honneur du parti Alternative Citoyenne.<\/p>\n<p>En effet, Joseph Djogb\u00e9nou pourrait \u00eatre le prochain pr\u00e9sident de l\u2019Assembl\u00e9e nationale. Ce poste serait d\u2019ailleurs l\u2019objectif de sa d\u00e9mission, intervenue apr\u00e8s sa rencontre avec le Chef de l\u2019Etat et celle tenue avec l\u2019actuel pr\u00e9sident du parlement Louis Vlavonou.<\/p>\n<p><b>De la soci\u00e9t\u00e9 civile \u00e0 la politique<\/b><\/p>\n<p>Professeur Titulaire, agr\u00e9g\u00e9 des facult\u00e9s de droit, droit priv\u00e9 et sciences criminelles, de l\u2019universit\u00e9 d\u2019Abomey-Calavi, Joseph Djogb\u00e9nou est avocat au Barreau du B\u00e9nin. Ancien leader de la soci\u00e9t\u00e9 civile, il avait tr\u00e8s vite vir\u00e9 en politique en prenant la pr\u00e9sidence d\u2019honneur du parti Alternative citoyenne.<\/p>\n<p>Joseph Djogb\u00e9nou a \u00e9t\u00e9 \u00e9lu d\u00e9put\u00e9 de la septi\u00e8me l\u00e9gislature et avait dirig\u00e9 la Commission des lois. Apr\u00e8s son passage au parlement, il a \u00e9t\u00e9 nomm\u00e9 Garde des sceaux pour le compte du premier mandat de Patrice Talon.<\/p>\n<p><strong>Pour plus d&rsquo;informations et d&rsquo;analyses sur la <a href=\"https:\/\/www.africa-press.net\/benin\">Benin<\/a>, suivez <a href=\"https:\/\/www.africa-press.net\/\">Africa-Press<\/a><\/strong><\/p>\n","protected":false},"excerpt":{"rendered":"<p>Africa-Press &#8211; Benin. Joseph Djogb\u00e9nou est le nouveau pr\u00e9sident de l\u2019Union Progressiste (UP) en remplacement de Bruno Amoussou. Il a \u00e9t\u00e9 d\u00e9sign\u00e9 ce samedi 16 juillet 2022 \u00e0 l\u2019issue d\u2019une rencontre du Bureau politique tenue \u00e0 Cotonou. Apr\u00e8s sa d\u00e9mission de la Cour constitutionnelle, Joseph Djogb\u00e9nou prend les r\u00eanes de l\u2019Union Progressiste (UP), l\u2019un des [&hellip;]<\/p>\n","protected":false},"author":82,"featured_media":6959,"comment_status":"open","ping_status":"closed","sticky":false,"template":"","format":"standard","meta":{"footnotes":""},"categories":[11,2,10],"tags":[36,50,45],"class_list":["post-6960","post","type-post","status-publish","format-standard","has-post-thumbnail","hentry","category-homepage-french","category-politique","category-toutes-les-actualites","tag-africa-press","tag-africa-press-benin","tag-benin"],"yoast_head":"<!-- This site is optimized with the Yoast SEO Premium plugin v26.1 (Yoast SEO v27.0) - https:\/\/yoast.com\/product\/yoast-seo-premium-wordpress\/ -->\n<title>B\u00e9nin: Joseph Djogb\u00e9nou remplace Bruno Amoussou \u00e0 la t\u00eate de l\u2019Union Progressiste - B\u00e9nin<\/title>\n<meta name=\"description\" content=\"Joseph Djogb\u00e9nou est le nouveau pr\u00e9sident de l\u2019Union Progressiste (UP) en remplacement de Bruno Amoussou. Il a \u00e9t\u00e9 d\u00e9sig ...\" \/>\n<meta name=\"robots\" content=\"index, follow, max-snippet:-1, max-image-preview:large, max-video-preview:-1\" \/>\n<link rel=\"canonical\" href=\"https:\/\/www.africa-press.net\/benin\/politique\/benin-joseph-djogbenou-remplace-bruno-amoussou-a-la-tete-de-lunion-progressiste\" \/>\n<meta property=\"og:locale\" content=\"fr_FR\" \/>\n<meta property=\"og:type\" content=\"article\" \/>\n<meta property=\"og:title\" content=\"B\u00e9nin: Joseph Djogb\u00e9nou remplace Bruno Amoussou \u00e0 la t\u00eate de l\u2019Union Progressiste\" \/>\n<meta property=\"og:description\" content=\"Joseph Djogb\u00e9nou est le nouveau pr\u00e9sident de l\u2019Union Progressiste (UP) en remplacement de Bruno Amoussou. Il a \u00e9t\u00e9 d\u00e9sig ...\" \/>\n<meta property=\"og:url\" content=\"https:\/\/www.africa-press.net\/benin\/politique\/benin-joseph-djogbenou-remplace-bruno-amoussou-a-la-tete-de-lunion-progressiste\" \/>\n<meta property=\"og:site_name\" content=\"B\u00e9nin\" \/>\n<meta property=\"article:published_time\" content=\"2022-07-16T17:35:00+00:00\" \/>\n<meta property=\"article:modified_time\" content=\"2022-07-16T17:42:56+00:00\" \/>\n<meta property=\"og:image\" content=\"https:\/\/static.africa-press.net\/benin\/sites\/46\/2022\/07\/postQueueImg_4-62d2f88a18094.jpg\" \/>\n\t<meta property=\"og:image:width\" content=\"1500\" \/>\n\t<meta property=\"og:image:height\" content=\"1001\" \/>\n\t<meta property=\"og:image:type\" content=\"image\/jpeg\" \/>\n<meta name=\"author\" content=\"cfeditorfr\" \/>\n<meta name=\"twitter:card\" content=\"summary_large_image\" \/>\n<meta name=\"twitter:label1\" content=\"\u00c9crit par\" \/>\n\t<meta name=\"twitter:data1\" content=\"cfeditorfr\" \/>\n\t<meta name=\"twitter:label2\" content=\"Dur\u00e9e de lecture estim\u00e9e\" \/>\n\t<meta name=\"twitter:data2\" content=\"2 minutes\" \/>\n<script type=\"application\/ld+json\" class=\"yoast-schema-graph\">{\"@context\":\"https:\/\/schema.org\",\"@graph\":[{\"@type\":\"Article\",\"@id\":\"https:\/\/www.africa-press.net\/benin\/politique\/benin-joseph-djogbenou-remplace-bruno-amoussou-a-la-tete-de-lunion-progressiste#article\",\"isPartOf\":{\"@id\":\"https:\/\/www.africa-press.net\/benin\/politique\/benin-joseph-djogbenou-remplace-bruno-amoussou-a-la-tete-de-lunion-progressiste\"},\"author\":{\"name\":\"cfeditorfr\",\"@id\":\"https:\/\/www.africa-press.net\/benin\/#\/schema\/person\/2b1cf3cd81a31e3cd26889ca66d677f1\"},\"headline\":\"B\u00e9nin: Joseph Djogb\u00e9nou remplace Bruno Amoussou \u00e0 la t\u00eate de l\u2019Union Progressiste\",\"datePublished\":\"2022-07-16T17:35:00+00:00\",\"dateModified\":\"2022-07-16T17:42:56+00:00\",\"mainEntityOfPage\":{\"@id\":\"https:\/\/www.africa-press.net\/benin\/politique\/benin-joseph-djogbenou-remplace-bruno-amoussou-a-la-tete-de-lunion-progressiste\"},\"wordCount\":376,\"commentCount\":0,\"image\":{\"@id\":\"https:\/\/www.africa-press.net\/benin\/politique\/benin-joseph-djogbenou-remplace-bruno-amoussou-a-la-tete-de-lunion-progressiste#primaryimage\"},\"thumbnailUrl\":\"https:\/\/static.africa-press.net\/benin\/sites\/46\/2022\/07\/postQueueImg_4-62d2f88a18094.jpg\",\"keywords\":[\"Africa Press\",\"Africa Press-Benin\",\"B\u00e9nin\"],\"articleSection\":[\"homepage-french\",\"Politique\",\"Toutes les actualit\u00e9s\"],\"inLanguage\":\"fr-FR\",\"potentialAction\":[{\"@type\":\"CommentAction\",\"name\":\"Comment\",\"target\":[\"https:\/\/www.africa-press.net\/benin\/politique\/benin-joseph-djogbenou-remplace-bruno-amoussou-a-la-tete-de-lunion-progressiste#respond\"]}]},{\"@type\":\"WebPage\",\"@id\":\"https:\/\/www.africa-press.net\/benin\/politique\/benin-joseph-djogbenou-remplace-bruno-amoussou-a-la-tete-de-lunion-progressiste\",\"url\":\"https:\/\/www.africa-press.net\/benin\/politique\/benin-joseph-djogbenou-remplace-bruno-amoussou-a-la-tete-de-lunion-progressiste\",\"name\":\"B\u00e9nin: Joseph Djogb\u00e9nou remplace Bruno Amoussou \u00e0 la t\u00eate de l\u2019Union Progressiste - B\u00e9nin\",\"isPartOf\":{\"@id\":\"https:\/\/www.africa-press.net\/benin\/#website\"},\"primaryImageOfPage\":{\"@id\":\"https:\/\/www.africa-press.net\/benin\/politique\/benin-joseph-djogbenou-remplace-bruno-amoussou-a-la-tete-de-lunion-progressiste#primaryimage\"},\"image\":{\"@id\":\"https:\/\/www.africa-press.net\/benin\/politique\/benin-joseph-djogbenou-remplace-bruno-amoussou-a-la-tete-de-lunion-progressiste#primaryimage\"},\"thumbnailUrl\":\"https:\/\/static.africa-press.net\/benin\/sites\/46\/2022\/07\/postQueueImg_4-62d2f88a18094.jpg\",\"datePublished\":\"2022-07-16T17:35:00+00:00\",\"dateModified\":\"2022-07-16T17:42:56+00:00\",\"author\":{\"@id\":\"https:\/\/www.africa-press.net\/benin\/#\/schema\/person\/2b1cf3cd81a31e3cd26889ca66d677f1\"},\"description\":\"Joseph Djogb\u00e9nou est le nouveau pr\u00e9sident de l\u2019Union Progressiste (UP) en remplacement de Bruno Amoussou. Il a \u00e9t\u00e9 d\u00e9sig ...\",\"breadcrumb\":{\"@id\":\"https:\/\/www.africa-press.net\/benin\/politique\/benin-joseph-djogbenou-remplace-bruno-amoussou-a-la-tete-de-lunion-progressiste#breadcrumb\"},\"inLanguage\":\"fr-FR\",\"potentialAction\":[{\"@type\":\"ReadAction\",\"target\":[\"https:\/\/www.africa-press.net\/benin\/politique\/benin-joseph-djogbenou-remplace-bruno-amoussou-a-la-tete-de-lunion-progressiste\"]}]},{\"@type\":\"ImageObject\",\"inLanguage\":\"fr-FR\",\"@id\":\"https:\/\/www.africa-press.net\/benin\/politique\/benin-joseph-djogbenou-remplace-bruno-amoussou-a-la-tete-de-lunion-progressiste#primaryimage\",\"url\":\"https:\/\/static.africa-press.net\/benin\/sites\/46\/2022\/07\/postQueueImg_4-62d2f88a18094.jpg\",\"contentUrl\":\"https:\/\/static.africa-press.net\/benin\/sites\/46\/2022\/07\/postQueueImg_4-62d2f88a18094.jpg\",\"width\":1500,\"height\":1001,\"caption\":\"B\u00e9nin: Joseph Djogb\u00e9nou remplace Bruno Amoussou \u00e0 la t\u00eate de l\u2019Union Progressiste\"},{\"@type\":\"BreadcrumbList\",\"@id\":\"https:\/\/www.africa-press.net\/benin\/politique\/benin-joseph-djogbenou-remplace-bruno-amoussou-a-la-tete-de-lunion-progressiste#breadcrumb\",\"itemListElement\":[{\"@type\":\"ListItem\",\"position\":1,\"name\":\"Accueil\",\"item\":\"https:\/\/www.africa-press.net\/benin\/\"},{\"@type\":\"ListItem\",\"position\":2,\"name\":\"B\u00e9nin: Joseph Djogb\u00e9nou remplace Bruno Amoussou \u00e0 la t\u00eate de l\u2019Union Progressiste\"}]},{\"@type\":\"WebSite\",\"@id\":\"https:\/\/www.africa-press.net\/benin\/#website\",\"url\":\"https:\/\/www.africa-press.net\/benin\/\",\"name\":\"B\u00e9nin\",\"description\":\"Just another Africa News Agency Sites site\",\"potentialAction\":[{\"@type\":\"SearchAction\",\"target\":{\"@type\":\"EntryPoint\",\"urlTemplate\":\"https:\/\/www.africa-press.net\/benin\/?s={search_term_string}\"},\"query-input\":{\"@type\":\"PropertyValueSpecification\",\"valueRequired\":true,\"valueName\":\"search_term_string\"}}],\"inLanguage\":\"fr-FR\"},{\"@type\":\"Person\",\"@id\":\"https:\/\/www.africa-press.net\/benin\/#\/schema\/person\/2b1cf3cd81a31e3cd26889ca66d677f1\",\"name\":\"cfeditorfr\"}]}<\/script>\n<!-- \/ Yoast SEO Premium plugin. -->","yoast_head_json":{"title":"B\u00e9nin: Joseph Djogb\u00e9nou remplace Bruno Amoussou \u00e0 la t\u00eate de l\u2019Union Progressiste - B\u00e9nin","description":"Joseph Djogb\u00e9nou est le nouveau pr\u00e9sident de l\u2019Union Progressiste (UP) en remplacement de Bruno Amoussou. Il a \u00e9t\u00e9 d\u00e9sig ...","robots":{"index":"index","follow":"follow","max-snippet":"max-snippet:-1","max-image-preview":"max-image-preview:large","max-video-preview":"max-video-preview:-1"},"canonical":"https:\/\/www.africa-press.net\/benin\/politique\/benin-joseph-djogbenou-remplace-bruno-amoussou-a-la-tete-de-lunion-progressiste","og_locale":"fr_FR","og_type":"article","og_title":"B\u00e9nin: Joseph Djogb\u00e9nou remplace Bruno Amoussou \u00e0 la t\u00eate de l\u2019Union Progressiste","og_description":"Joseph Djogb\u00e9nou est le nouveau pr\u00e9sident de l\u2019Union Progressiste (UP) en remplacement de Bruno Amoussou. Il a \u00e9t\u00e9 d\u00e9sig ...","og_url":"https:\/\/www.africa-press.net\/benin\/politique\/benin-joseph-djogbenou-remplace-bruno-amoussou-a-la-tete-de-lunion-progressiste","og_site_name":"B\u00e9nin","article_published_time":"2022-07-16T17:35:00+00:00","article_modified_time":"2022-07-16T17:42:56+00:00","og_image":[{"width":1500,"height":1001,"url":"https:\/\/static.africa-press.net\/benin\/sites\/46\/2022\/07\/postQueueImg_4-62d2f88a18094.jpg","type":"image\/jpeg"}],"author":"cfeditorfr","twitter_card":"summary_large_image","twitter_misc":{"\u00c9crit par":"cfeditorfr","Dur\u00e9e de lecture estim\u00e9e":"2 minutes"},"schema":{"@context":"https:\/\/schema.org","@graph":[{"@type":"Article","@id":"https:\/\/www.africa-press.net\/benin\/politique\/benin-joseph-djogbenou-remplace-bruno-amoussou-a-la-tete-de-lunion-progressiste#article","isPartOf":{"@id":"https:\/\/www.africa-press.net\/benin\/politique\/benin-joseph-djogbenou-remplace-bruno-amoussou-a-la-tete-de-lunion-progressiste"},"author":{"name":"cfeditorfr","@id":"https:\/\/www.africa-press.net\/benin\/#\/schema\/person\/2b1cf3cd81a31e3cd26889ca66d677f1"},"headline":"B\u00e9nin: Joseph Djogb\u00e9nou remplace Bruno Amoussou \u00e0 la t\u00eate de l\u2019Union Progressiste","datePublished":"2022-07-16T17:35:00+00:00","dateModified":"2022-07-16T17:42:56+00:00","mainEntityOfPage":{"@id":"https:\/\/www.africa-press.net\/benin\/politique\/benin-joseph-djogbenou-remplace-bruno-amoussou-a-la-tete-de-lunion-progressiste"},"wordCount":376,"commentCount":0,"image":{"@id":"https:\/\/www.africa-press.net\/benin\/politique\/benin-joseph-djogbenou-remplace-bruno-amoussou-a-la-tete-de-lunion-progressiste#primaryimage"},"thumbnailUrl":"https:\/\/static.africa-press.net\/benin\/sites\/46\/2022\/07\/postQueueImg_4-62d2f88a18094.jpg","keywords":["Africa Press","Africa Press-Benin","B\u00e9nin"],"articleSection":["homepage-french","Politique","Toutes les actualit\u00e9s"],"inLanguage":"fr-FR","potentialAction":[{"@type":"CommentAction","name":"Comment","target":["https:\/\/www.africa-press.net\/benin\/politique\/benin-joseph-djogbenou-remplace-bruno-amoussou-a-la-tete-de-lunion-progressiste#respond"]}]},{"@type":"WebPage","@id":"https:\/\/www.africa-press.net\/benin\/politique\/benin-joseph-djogbenou-remplace-bruno-amoussou-a-la-tete-de-lunion-progressiste","url":"https:\/\/www.africa-press.net\/benin\/politique\/benin-joseph-djogbenou-remplace-bruno-amoussou-a-la-tete-de-lunion-progressiste","name":"B\u00e9nin: Joseph Djogb\u00e9nou remplace Bruno Amoussou \u00e0 la t\u00eate de l\u2019Union Progressiste - B\u00e9nin","isPartOf":{"@id":"https:\/\/www.africa-press.net\/benin\/#website"},"primaryImageOfPage":{"@id":"https:\/\/www.africa-press.net\/benin\/politique\/benin-joseph-djogbenou-remplace-bruno-amoussou-a-la-tete-de-lunion-progressiste#primaryimage"},"image":{"@id":"https:\/\/www.africa-press.net\/benin\/politique\/benin-joseph-djogbenou-remplace-bruno-amoussou-a-la-tete-de-lunion-progressiste#primaryimage"},"thumbnailUrl":"https:\/\/static.africa-press.net\/benin\/sites\/46\/2022\/07\/postQueueImg_4-62d2f88a18094.jpg","datePublished":"2022-07-16T17:35:00+00:00","dateModified":"2022-07-16T17:42:56+00:00","author":{"@id":"https:\/\/www.africa-press.net\/benin\/#\/schema\/person\/2b1cf3cd81a31e3cd26889ca66d677f1"},"description":"Joseph Djogb\u00e9nou est le nouveau pr\u00e9sident de l\u2019Union Progressiste (UP) en remplacement de Bruno Amoussou. Il a \u00e9t\u00e9 d\u00e9sig ...","breadcrumb":{"@id":"https:\/\/www.africa-press.net\/benin\/politique\/benin-joseph-djogbenou-remplace-bruno-amoussou-a-la-tete-de-lunion-progressiste#breadcrumb"},"inLanguage":"fr-FR","potentialAction":[{"@type":"ReadAction","target":["https:\/\/www.africa-press.net\/benin\/politique\/benin-joseph-djogbenou-remplace-bruno-amoussou-a-la-tete-de-lunion-progressiste"]}]},{"@type":"ImageObject","inLanguage":"fr-FR","@id":"https:\/\/www.africa-press.net\/benin\/politique\/benin-joseph-djogbenou-remplace-bruno-amoussou-a-la-tete-de-lunion-progressiste#primaryimage","url":"https:\/\/static.africa-press.net\/benin\/sites\/46\/2022\/07\/postQueueImg_4-62d2f88a18094.jpg","contentUrl":"https:\/\/static.africa-press.net\/benin\/sites\/46\/2022\/07\/postQueueImg_4-62d2f88a18094.jpg","width":1500,"height":1001,"caption":"B\u00e9nin: Joseph Djogb\u00e9nou remplace Bruno Amoussou \u00e0 la t\u00eate de l\u2019Union Progressiste"},{"@type":"BreadcrumbList","@id":"https:\/\/www.africa-press.net\/benin\/politique\/benin-joseph-djogbenou-remplace-bruno-amoussou-a-la-tete-de-lunion-progressiste#breadcrumb","itemListElement":[{"@type":"ListItem","position":1,"name":"Accueil","item":"https:\/\/www.africa-press.net\/benin\/"},{"@type":"ListItem","position":2,"name":"B\u00e9nin: Joseph Djogb\u00e9nou remplace Bruno Amoussou \u00e0 la t\u00eate de l\u2019Union Progressiste"}]},{"@type":"WebSite","@id":"https:\/\/www.africa-press.net\/benin\/#website","url":"https:\/\/www.africa-press.net\/benin\/","name":"B\u00e9nin","description":"Just another Africa News Agency Sites site","potentialAction":[{"@type":"SearchAction","target":{"@type":"EntryPoint","urlTemplate":"https:\/\/www.africa-press.net\/benin\/?s={search_term_string}"},"query-input":{"@type":"PropertyValueSpecification","valueRequired":true,"valueName":"search_term_string"}}],"inLanguage":"fr-FR"},{"@type":"Person","@id":"https:\/\/www.africa-press.net\/benin\/#\/schema\/person\/2b1cf3cd81a31e3cd26889ca66d677f1","name":"cfeditorfr"}]}},"_links":{"self":[{"href":"https:\/\/www.africa-press.net\/benin\/wp-json\/wp\/v2\/posts\/6960","targetHints":{"allow":["GET"]}}],"collection":[{"href":"https:\/\/www.africa-press.net\/benin\/wp-json\/wp\/v2\/posts"}],"about":[{"href":"https:\/\/www.africa-press.net\/benin\/wp-json\/wp\/v2\/types\/post"}],"author":[{"embeddable":true,"href":"https:\/\/www.africa-press.net\/benin\/wp-json\/wp\/v2\/users\/82"}],"replies":[{"embeddable":true,"href":"https:\/\/www.africa-press.net\/benin\/wp-json\/wp\/v2\/comments?post=6960"}],"version-history":[{"count":0,"href":"https:\/\/www.africa-press.net\/benin\/wp-json\/wp\/v2\/posts\/6960\/revisions"}],"wp:featuredmedia":[{"embeddable":true,"href":"https:\/\/www.africa-press.net\/benin\/wp-json\/wp\/v2\/media\/6959"}],"wp:attachment":[{"href":"https:\/\/www.africa-press.net\/benin\/wp-json\/wp\/v2\/media?parent=6960"}],"wp:term":[{"taxonomy":"category","embeddable":true,"href":"https:\/\/www.africa-press.net\/benin\/wp-json\/wp\/v2\/categories?post=6960"},{"taxonomy":"post_tag","embeddable":true,"href":"https:\/\/www.africa-press.net\/benin\/wp-json\/wp\/v2\/tags?post=6960"}],"curies":[{"name":"wp","href":"https:\/\/api.w.org\/{rel}","templated":true}]}}