{"id":6984,"date":"2022-07-17T13:16:54","date_gmt":"2022-07-17T13:16:54","guid":{"rendered":"https:\/\/www.africa-press.net\/benin\/politique\/benin-le-br-rassure-de-sa-disponibilite-a-collaborer-avec-lup"},"modified":"2022-07-17T13:26:21","modified_gmt":"2022-07-17T13:26:21","slug":"benin-le-br-rassure-de-sa-disponibilite-a-collaborer-avec-lup","status":"publish","type":"post","link":"https:\/\/www.africa-press.net\/benin\/toutes-les-actualites\/benin-le-br-rassure-de-sa-disponibilite-a-collaborer-avec-lup","title":{"rendered":"B\u00e9nin: le BR rassure de sa disponibilit\u00e9 \u00e0 collaborer avec l\u2019UP"},"content":{"rendered":"<p><span style=\"color: #ff6600\"><strong>Africa-Press &#8211; Benin. <\/strong><\/span>Inform\u00e9 de l\u2019\u00e9lection d\u2019un nouveau bureau politique \u00e0 la t\u00eate de l\u2019Union Progressiste (UP), le Bloc R\u00e9publicain (BR) n\u2019est pas rest\u00e9 sans r\u00e9action. A travers un communiqu\u00e9 en date du samedi 16 juillet 2022, le Secr\u00e9taire g\u00e9n\u00e9ral national du cheval cabr\u00e9, Abdoulaye Bio Tchan\u00e9, a f\u00e9licit\u00e9 les nouveaux dirigeants de l\u2019UP.<\/p>\n<p>Le nouveau bureau politique de l\u2019UP dirig\u00e9 par Joseph Djogb\u00e9nou peut compter sur le Bloc R\u00e9publicain, son alli\u00e9 au sein de la mouvance pr\u00e9sidentielle. \u00ab Confiant que le Bureau nouvellement \u00e9lu continuera d\u2019\u0153uvrer pour le succ\u00e8s de la r\u00e9forme du syst\u00e8me partisan et du renforcement de la d\u00e9mocratie dans notre pays, je tiens \u00e0 le rassurer de la disponibilit\u00e9 du Bureau politique et de l\u2019ensemble des militants du Bloc r\u00e9publicain \u00e0 poursuivre la collaboration avec l\u2019Union progressiste \u00bb, a assur\u00e9 Abdoulaye Bio Tchan\u00e9.<\/p>\n<p>Le Secr\u00e9taire g\u00e9n\u00e9ral national du BR a, au nom du bureau politique et de \u00ab l\u2019ensemble des militants du Bloc r\u00e9publicain, j\u2019adresse nos plus sinc\u00e8res f\u00e9licitations \u00e0 la nouvelle \u00e9quipe dirigeante de l\u2019Union progressiste et plus particuli\u00e8rement \u00e0 son pr\u00e9sident, le Professeur Joseph Djogb\u00e9nou \u00bb. \u00ab Je lui souhaite un mandat couronn\u00e9 de succ\u00e8s\u00ab , a ajout\u00e9 Abdoulaye Bio Tchan\u00e9.<\/p>\n<p><b>Hommage \u00e0 Bruno Amoussou<\/b><\/p>\n<p>Dans son message, le ministre Abdoulaye Bio Tchan\u00e9 n\u2019a pas manqu\u00e9 de faire un clin d\u2019\u0153il \u00e0 l\u2019endroit de Bruno Amoussou, d\u00e9sormais ex-pr\u00e9sident de l\u2019Union Progressiste. \u00ab Par la m\u00eame occasion, je rends un vibrant hommage au pr\u00e9sident sortant Monsieur Bruno Amoussou, dont le leadership et la vision ont permis \u00e0 l\u2019Up d\u2019\u00eatre un acteur important de la r\u00e9forme du syst\u00e8me partisan ; je lui souhaite plein succ\u00e8s dans ses activit\u00e9s futures \u00bb, a-t-il \u00e9crit.<\/p>\n<p><strong>Pour plus d&rsquo;informations et d&rsquo;analyses sur la <a href=\"https:\/\/www.africa-press.net\/benin\">Benin<\/a>, suivez <a href=\"https:\/\/www.africa-press.net\/\">Africa-Press<\/a><\/strong><\/p>\n","protected":false},"excerpt":{"rendered":"<p>Africa-Press &#8211; Benin. Inform\u00e9 de l\u2019\u00e9lection d\u2019un nouveau bureau politique \u00e0 la t\u00eate de l\u2019Union Progressiste (UP), le Bloc R\u00e9publicain (BR) n\u2019est pas rest\u00e9 sans r\u00e9action. A travers un communiqu\u00e9 en date du samedi 16 juillet 2022, le Secr\u00e9taire g\u00e9n\u00e9ral national du cheval cabr\u00e9, Abdoulaye Bio Tchan\u00e9, a f\u00e9licit\u00e9 les nouveaux dirigeants de l\u2019UP. Le [&hellip;]<\/p>\n","protected":false},"author":82,"featured_media":6983,"comment_status":"open","ping_status":"closed","sticky":false,"template":"","format":"standard","meta":{"footnotes":""},"categories":[21,11,10],"tags":[36,50,45],"class_list":["post-6984","post","type-post","status-publish","format-standard","has-post-thumbnail","hentry","category-communaute","category-homepage-french","category-toutes-les-actualites","tag-africa-press","tag-africa-press-benin","tag-benin"],"yoast_head":"<!-- This site is optimized with the Yoast SEO Premium plugin v26.1 (Yoast SEO v27.0) - https:\/\/yoast.com\/product\/yoast-seo-premium-wordpress\/ -->\n<title>B\u00e9nin: le BR rassure de sa disponibilit\u00e9 \u00e0 collaborer avec l\u2019UP - B\u00e9nin<\/title>\n<meta name=\"description\" content=\"Inform\u00e9 de l\u2019\u00e9lection d\u2019un nouveau bureau politique \u00e0 la t\u00eate de l\u2019Union Progressiste (UP), le Bloc R\u00e9publicain (BR) n\u2019e ...\" \/>\n<meta name=\"robots\" content=\"index, follow, max-snippet:-1, max-image-preview:large, max-video-preview:-1\" \/>\n<link rel=\"canonical\" href=\"https:\/\/www.africa-press.net\/benin\/toutes-les-actualites\/benin-le-br-rassure-de-sa-disponibilite-a-collaborer-avec-lup\" \/>\n<meta property=\"og:locale\" content=\"fr_FR\" \/>\n<meta property=\"og:type\" content=\"article\" \/>\n<meta property=\"og:title\" content=\"B\u00e9nin: le BR rassure de sa disponibilit\u00e9 \u00e0 collaborer avec l\u2019UP\" \/>\n<meta property=\"og:description\" content=\"Inform\u00e9 de l\u2019\u00e9lection d\u2019un nouveau bureau politique \u00e0 la t\u00eate de l\u2019Union Progressiste (UP), le Bloc R\u00e9publicain (BR) n\u2019e ...\" \/>\n<meta property=\"og:url\" content=\"https:\/\/www.africa-press.net\/benin\/toutes-les-actualites\/benin-le-br-rassure-de-sa-disponibilite-a-collaborer-avec-lup\" \/>\n<meta property=\"og:site_name\" content=\"B\u00e9nin\" \/>\n<meta property=\"article:published_time\" content=\"2022-07-17T13:16:54+00:00\" \/>\n<meta property=\"article:modified_time\" content=\"2022-07-17T13:26:21+00:00\" \/>\n<meta property=\"og:image\" content=\"https:\/\/static.africa-press.net\/benin\/sites\/46\/2022\/07\/postQueueImg_3-62d40dd9c7452.jpg\" \/>\n\t<meta property=\"og:image:width\" content=\"1300\" \/>\n\t<meta property=\"og:image:height\" content=\"700\" \/>\n\t<meta property=\"og:image:type\" content=\"image\/jpeg\" \/>\n<meta name=\"author\" content=\"cfeditorfr\" \/>\n<meta name=\"twitter:card\" content=\"summary_large_image\" \/>\n<meta name=\"twitter:label1\" content=\"\u00c9crit par\" \/>\n\t<meta name=\"twitter:data1\" content=\"cfeditorfr\" \/>\n\t<meta name=\"twitter:label2\" content=\"Dur\u00e9e de lecture estim\u00e9e\" \/>\n\t<meta name=\"twitter:data2\" content=\"2 minutes\" \/>\n<script type=\"application\/ld+json\" class=\"yoast-schema-graph\">{\"@context\":\"https:\/\/schema.org\",\"@graph\":[{\"@type\":\"Article\",\"@id\":\"https:\/\/www.africa-press.net\/benin\/toutes-les-actualites\/benin-le-br-rassure-de-sa-disponibilite-a-collaborer-avec-lup#article\",\"isPartOf\":{\"@id\":\"https:\/\/www.africa-press.net\/benin\/toutes-les-actualites\/benin-le-br-rassure-de-sa-disponibilite-a-collaborer-avec-lup\"},\"author\":{\"name\":\"cfeditorfr\",\"@id\":\"https:\/\/www.africa-press.net\/benin\/#\/schema\/person\/2b1cf3cd81a31e3cd26889ca66d677f1\"},\"headline\":\"B\u00e9nin: le BR rassure de sa disponibilit\u00e9 \u00e0 collaborer avec l\u2019UP\",\"datePublished\":\"2022-07-17T13:16:54+00:00\",\"dateModified\":\"2022-07-17T13:26:21+00:00\",\"mainEntityOfPage\":{\"@id\":\"https:\/\/www.africa-press.net\/benin\/toutes-les-actualites\/benin-le-br-rassure-de-sa-disponibilite-a-collaborer-avec-lup\"},\"wordCount\":332,\"commentCount\":0,\"image\":{\"@id\":\"https:\/\/www.africa-press.net\/benin\/toutes-les-actualites\/benin-le-br-rassure-de-sa-disponibilite-a-collaborer-avec-lup#primaryimage\"},\"thumbnailUrl\":\"https:\/\/static.africa-press.net\/benin\/sites\/46\/2022\/07\/postQueueImg_3-62d40dd9c7452.jpg\",\"keywords\":[\"Africa Press\",\"Africa Press-Benin\",\"B\u00e9nin\"],\"articleSection\":[\"Communaut\u00e9\",\"homepage-french\",\"Toutes les actualit\u00e9s\"],\"inLanguage\":\"fr-FR\",\"potentialAction\":[{\"@type\":\"CommentAction\",\"name\":\"Comment\",\"target\":[\"https:\/\/www.africa-press.net\/benin\/toutes-les-actualites\/benin-le-br-rassure-de-sa-disponibilite-a-collaborer-avec-lup#respond\"]}]},{\"@type\":\"WebPage\",\"@id\":\"https:\/\/www.africa-press.net\/benin\/toutes-les-actualites\/benin-le-br-rassure-de-sa-disponibilite-a-collaborer-avec-lup\",\"url\":\"https:\/\/www.africa-press.net\/benin\/toutes-les-actualites\/benin-le-br-rassure-de-sa-disponibilite-a-collaborer-avec-lup\",\"name\":\"B\u00e9nin: le BR rassure de sa disponibilit\u00e9 \u00e0 collaborer avec l\u2019UP - B\u00e9nin\",\"isPartOf\":{\"@id\":\"https:\/\/www.africa-press.net\/benin\/#website\"},\"primaryImageOfPage\":{\"@id\":\"https:\/\/www.africa-press.net\/benin\/toutes-les-actualites\/benin-le-br-rassure-de-sa-disponibilite-a-collaborer-avec-lup#primaryimage\"},\"image\":{\"@id\":\"https:\/\/www.africa-press.net\/benin\/toutes-les-actualites\/benin-le-br-rassure-de-sa-disponibilite-a-collaborer-avec-lup#primaryimage\"},\"thumbnailUrl\":\"https:\/\/static.africa-press.net\/benin\/sites\/46\/2022\/07\/postQueueImg_3-62d40dd9c7452.jpg\",\"datePublished\":\"2022-07-17T13:16:54+00:00\",\"dateModified\":\"2022-07-17T13:26:21+00:00\",\"author\":{\"@id\":\"https:\/\/www.africa-press.net\/benin\/#\/schema\/person\/2b1cf3cd81a31e3cd26889ca66d677f1\"},\"description\":\"Inform\u00e9 de l\u2019\u00e9lection d\u2019un nouveau bureau politique \u00e0 la t\u00eate de l\u2019Union Progressiste (UP), le Bloc R\u00e9publicain (BR) n\u2019e ...\",\"breadcrumb\":{\"@id\":\"https:\/\/www.africa-press.net\/benin\/toutes-les-actualites\/benin-le-br-rassure-de-sa-disponibilite-a-collaborer-avec-lup#breadcrumb\"},\"inLanguage\":\"fr-FR\",\"potentialAction\":[{\"@type\":\"ReadAction\",\"target\":[\"https:\/\/www.africa-press.net\/benin\/toutes-les-actualites\/benin-le-br-rassure-de-sa-disponibilite-a-collaborer-avec-lup\"]}]},{\"@type\":\"ImageObject\",\"inLanguage\":\"fr-FR\",\"@id\":\"https:\/\/www.africa-press.net\/benin\/toutes-les-actualites\/benin-le-br-rassure-de-sa-disponibilite-a-collaborer-avec-lup#primaryimage\",\"url\":\"https:\/\/static.africa-press.net\/benin\/sites\/46\/2022\/07\/postQueueImg_3-62d40dd9c7452.jpg\",\"contentUrl\":\"https:\/\/static.africa-press.net\/benin\/sites\/46\/2022\/07\/postQueueImg_3-62d40dd9c7452.jpg\",\"width\":1300,\"height\":700,\"caption\":\"B\u00e9nin: le BR rassure de sa disponibilit\u00e9 \u00e0 collaborer avec l\u2019UP\"},{\"@type\":\"BreadcrumbList\",\"@id\":\"https:\/\/www.africa-press.net\/benin\/toutes-les-actualites\/benin-le-br-rassure-de-sa-disponibilite-a-collaborer-avec-lup#breadcrumb\",\"itemListElement\":[{\"@type\":\"ListItem\",\"position\":1,\"name\":\"Accueil\",\"item\":\"https:\/\/www.africa-press.net\/benin\/\"},{\"@type\":\"ListItem\",\"position\":2,\"name\":\"B\u00e9nin: le BR rassure de sa disponibilit\u00e9 \u00e0 collaborer avec l\u2019UP\"}]},{\"@type\":\"WebSite\",\"@id\":\"https:\/\/www.africa-press.net\/benin\/#website\",\"url\":\"https:\/\/www.africa-press.net\/benin\/\",\"name\":\"B\u00e9nin\",\"description\":\"Just another Africa News Agency Sites site\",\"potentialAction\":[{\"@type\":\"SearchAction\",\"target\":{\"@type\":\"EntryPoint\",\"urlTemplate\":\"https:\/\/www.africa-press.net\/benin\/?s={search_term_string}\"},\"query-input\":{\"@type\":\"PropertyValueSpecification\",\"valueRequired\":true,\"valueName\":\"search_term_string\"}}],\"inLanguage\":\"fr-FR\"},{\"@type\":\"Person\",\"@id\":\"https:\/\/www.africa-press.net\/benin\/#\/schema\/person\/2b1cf3cd81a31e3cd26889ca66d677f1\",\"name\":\"cfeditorfr\"}]}<\/script>\n<!-- \/ Yoast SEO Premium plugin. -->","yoast_head_json":{"title":"B\u00e9nin: le BR rassure de sa disponibilit\u00e9 \u00e0 collaborer avec l\u2019UP - B\u00e9nin","description":"Inform\u00e9 de l\u2019\u00e9lection d\u2019un nouveau bureau politique \u00e0 la t\u00eate de l\u2019Union Progressiste (UP), le Bloc R\u00e9publicain (BR) n\u2019e ...","robots":{"index":"index","follow":"follow","max-snippet":"max-snippet:-1","max-image-preview":"max-image-preview:large","max-video-preview":"max-video-preview:-1"},"canonical":"https:\/\/www.africa-press.net\/benin\/toutes-les-actualites\/benin-le-br-rassure-de-sa-disponibilite-a-collaborer-avec-lup","og_locale":"fr_FR","og_type":"article","og_title":"B\u00e9nin: le BR rassure de sa disponibilit\u00e9 \u00e0 collaborer avec l\u2019UP","og_description":"Inform\u00e9 de l\u2019\u00e9lection d\u2019un nouveau bureau politique \u00e0 la t\u00eate de l\u2019Union Progressiste (UP), le Bloc R\u00e9publicain (BR) n\u2019e ...","og_url":"https:\/\/www.africa-press.net\/benin\/toutes-les-actualites\/benin-le-br-rassure-de-sa-disponibilite-a-collaborer-avec-lup","og_site_name":"B\u00e9nin","article_published_time":"2022-07-17T13:16:54+00:00","article_modified_time":"2022-07-17T13:26:21+00:00","og_image":[{"width":1300,"height":700,"url":"https:\/\/static.africa-press.net\/benin\/sites\/46\/2022\/07\/postQueueImg_3-62d40dd9c7452.jpg","type":"image\/jpeg"}],"author":"cfeditorfr","twitter_card":"summary_large_image","twitter_misc":{"\u00c9crit par":"cfeditorfr","Dur\u00e9e de lecture estim\u00e9e":"2 minutes"},"schema":{"@context":"https:\/\/schema.org","@graph":[{"@type":"Article","@id":"https:\/\/www.africa-press.net\/benin\/toutes-les-actualites\/benin-le-br-rassure-de-sa-disponibilite-a-collaborer-avec-lup#article","isPartOf":{"@id":"https:\/\/www.africa-press.net\/benin\/toutes-les-actualites\/benin-le-br-rassure-de-sa-disponibilite-a-collaborer-avec-lup"},"author":{"name":"cfeditorfr","@id":"https:\/\/www.africa-press.net\/benin\/#\/schema\/person\/2b1cf3cd81a31e3cd26889ca66d677f1"},"headline":"B\u00e9nin: le BR rassure de sa disponibilit\u00e9 \u00e0 collaborer avec l\u2019UP","datePublished":"2022-07-17T13:16:54+00:00","dateModified":"2022-07-17T13:26:21+00:00","mainEntityOfPage":{"@id":"https:\/\/www.africa-press.net\/benin\/toutes-les-actualites\/benin-le-br-rassure-de-sa-disponibilite-a-collaborer-avec-lup"},"wordCount":332,"commentCount":0,"image":{"@id":"https:\/\/www.africa-press.net\/benin\/toutes-les-actualites\/benin-le-br-rassure-de-sa-disponibilite-a-collaborer-avec-lup#primaryimage"},"thumbnailUrl":"https:\/\/static.africa-press.net\/benin\/sites\/46\/2022\/07\/postQueueImg_3-62d40dd9c7452.jpg","keywords":["Africa Press","Africa Press-Benin","B\u00e9nin"],"articleSection":["Communaut\u00e9","homepage-french","Toutes les actualit\u00e9s"],"inLanguage":"fr-FR","potentialAction":[{"@type":"CommentAction","name":"Comment","target":["https:\/\/www.africa-press.net\/benin\/toutes-les-actualites\/benin-le-br-rassure-de-sa-disponibilite-a-collaborer-avec-lup#respond"]}]},{"@type":"WebPage","@id":"https:\/\/www.africa-press.net\/benin\/toutes-les-actualites\/benin-le-br-rassure-de-sa-disponibilite-a-collaborer-avec-lup","url":"https:\/\/www.africa-press.net\/benin\/toutes-les-actualites\/benin-le-br-rassure-de-sa-disponibilite-a-collaborer-avec-lup","name":"B\u00e9nin: le BR rassure de sa disponibilit\u00e9 \u00e0 collaborer avec l\u2019UP - B\u00e9nin","isPartOf":{"@id":"https:\/\/www.africa-press.net\/benin\/#website"},"primaryImageOfPage":{"@id":"https:\/\/www.africa-press.net\/benin\/toutes-les-actualites\/benin-le-br-rassure-de-sa-disponibilite-a-collaborer-avec-lup#primaryimage"},"image":{"@id":"https:\/\/www.africa-press.net\/benin\/toutes-les-actualites\/benin-le-br-rassure-de-sa-disponibilite-a-collaborer-avec-lup#primaryimage"},"thumbnailUrl":"https:\/\/static.africa-press.net\/benin\/sites\/46\/2022\/07\/postQueueImg_3-62d40dd9c7452.jpg","datePublished":"2022-07-17T13:16:54+00:00","dateModified":"2022-07-17T13:26:21+00:00","author":{"@id":"https:\/\/www.africa-press.net\/benin\/#\/schema\/person\/2b1cf3cd81a31e3cd26889ca66d677f1"},"description":"Inform\u00e9 de l\u2019\u00e9lection d\u2019un nouveau bureau politique \u00e0 la t\u00eate de l\u2019Union Progressiste (UP), le Bloc R\u00e9publicain (BR) n\u2019e ...","breadcrumb":{"@id":"https:\/\/www.africa-press.net\/benin\/toutes-les-actualites\/benin-le-br-rassure-de-sa-disponibilite-a-collaborer-avec-lup#breadcrumb"},"inLanguage":"fr-FR","potentialAction":[{"@type":"ReadAction","target":["https:\/\/www.africa-press.net\/benin\/toutes-les-actualites\/benin-le-br-rassure-de-sa-disponibilite-a-collaborer-avec-lup"]}]},{"@type":"ImageObject","inLanguage":"fr-FR","@id":"https:\/\/www.africa-press.net\/benin\/toutes-les-actualites\/benin-le-br-rassure-de-sa-disponibilite-a-collaborer-avec-lup#primaryimage","url":"https:\/\/static.africa-press.net\/benin\/sites\/46\/2022\/07\/postQueueImg_3-62d40dd9c7452.jpg","contentUrl":"https:\/\/static.africa-press.net\/benin\/sites\/46\/2022\/07\/postQueueImg_3-62d40dd9c7452.jpg","width":1300,"height":700,"caption":"B\u00e9nin: le BR rassure de sa disponibilit\u00e9 \u00e0 collaborer avec l\u2019UP"},{"@type":"BreadcrumbList","@id":"https:\/\/www.africa-press.net\/benin\/toutes-les-actualites\/benin-le-br-rassure-de-sa-disponibilite-a-collaborer-avec-lup#breadcrumb","itemListElement":[{"@type":"ListItem","position":1,"name":"Accueil","item":"https:\/\/www.africa-press.net\/benin\/"},{"@type":"ListItem","position":2,"name":"B\u00e9nin: le BR rassure de sa disponibilit\u00e9 \u00e0 collaborer avec l\u2019UP"}]},{"@type":"WebSite","@id":"https:\/\/www.africa-press.net\/benin\/#website","url":"https:\/\/www.africa-press.net\/benin\/","name":"B\u00e9nin","description":"Just another Africa News Agency Sites site","potentialAction":[{"@type":"SearchAction","target":{"@type":"EntryPoint","urlTemplate":"https:\/\/www.africa-press.net\/benin\/?s={search_term_string}"},"query-input":{"@type":"PropertyValueSpecification","valueRequired":true,"valueName":"search_term_string"}}],"inLanguage":"fr-FR"},{"@type":"Person","@id":"https:\/\/www.africa-press.net\/benin\/#\/schema\/person\/2b1cf3cd81a31e3cd26889ca66d677f1","name":"cfeditorfr"}]}},"_links":{"self":[{"href":"https:\/\/www.africa-press.net\/benin\/wp-json\/wp\/v2\/posts\/6984","targetHints":{"allow":["GET"]}}],"collection":[{"href":"https:\/\/www.africa-press.net\/benin\/wp-json\/wp\/v2\/posts"}],"about":[{"href":"https:\/\/www.africa-press.net\/benin\/wp-json\/wp\/v2\/types\/post"}],"author":[{"embeddable":true,"href":"https:\/\/www.africa-press.net\/benin\/wp-json\/wp\/v2\/users\/82"}],"replies":[{"embeddable":true,"href":"https:\/\/www.africa-press.net\/benin\/wp-json\/wp\/v2\/comments?post=6984"}],"version-history":[{"count":0,"href":"https:\/\/www.africa-press.net\/benin\/wp-json\/wp\/v2\/posts\/6984\/revisions"}],"wp:featuredmedia":[{"embeddable":true,"href":"https:\/\/www.africa-press.net\/benin\/wp-json\/wp\/v2\/media\/6983"}],"wp:attachment":[{"href":"https:\/\/www.africa-press.net\/benin\/wp-json\/wp\/v2\/media?parent=6984"}],"wp:term":[{"taxonomy":"category","embeddable":true,"href":"https:\/\/www.africa-press.net\/benin\/wp-json\/wp\/v2\/categories?post=6984"},{"taxonomy":"post_tag","embeddable":true,"href":"https:\/\/www.africa-press.net\/benin\/wp-json\/wp\/v2\/tags?post=6984"}],"curies":[{"name":"wp","href":"https:\/\/api.w.org\/{rel}","templated":true}]}}