{"id":6987,"date":"2022-07-17T13:17:26","date_gmt":"2022-07-17T13:17:26","guid":{"rendered":"https:\/\/www.africa-press.net\/benin\/politique\/benin-que-les-gens-laissent-boni-yayi-tranquille-rachidi-gbadamassi"},"modified":"2022-07-17T13:27:09","modified_gmt":"2022-07-17T13:27:09","slug":"benin-que-les-gens-laissent-boni-yayi-tranquille-rachidi-gbadamassi","status":"publish","type":"post","link":"https:\/\/www.africa-press.net\/benin\/politique\/benin-que-les-gens-laissent-boni-yayi-tranquille-rachidi-gbadamassi","title":{"rendered":"B\u00e9nin: \u00ab\u00a0que les gens laissent Boni Yayi tranquille\u00a0\u00bb, Rachidi Gbadamassi"},"content":{"rendered":"<p><span style=\"color: #ff6600\"><strong>Africa-Press &#8211; Benin. <\/strong><\/span>Le retrait de la plaine de Boni Yayi contre l\u2019Etat b\u00e9ninois pour \u00ab violation des droits humains \u00bb, devant la Cour de justice de la Cedeao a suscit\u00e9 une vive pol\u00e9mique au sein de l\u2019opinion publique. Pour certains, l\u2019ancien pr\u00e9sident de la R\u00e9publique s\u2019est r\u00e9tract\u00e9 parce qu\u2019il aurait eu des promesses mirobolantes de la part de Patrice Talon. Mais selon Rachidi Gabdamassi, il n\u2019en est rien.<\/p>\n<p><b>\u00ab L\u2019ancien pr\u00e9sident Boni Yayi a agi pour int\u00e9r\u00eat g\u00e9n\u00e9ral \u00bb<\/b><\/p>\n<p>. C\u2019est ce que pense le d\u00e9put\u00e9 Rachidi Gbadamassi, qui salue d\u2019ailleurs la d\u00e9marche du pr\u00e9sident d\u2019honneur du parti \u00ab Les D\u00e9mocrates \u00bb. Selon le parlementaire, Boni Yayi, en retirant sa plainte contre l\u2019Etat b\u00e9ninois est dans une d\u00e9marche de pacification. Un acte, qui selon Gbadamassi, correspondant bien \u00e0 son r\u00f4le d\u2019ancien Chef d\u2019Etat.<\/p>\n<p>Rachidi Gbadamassi appelle les B\u00e9ninois \u00e0 mettre fin \u00e0 la pol\u00e9mique autour de cet acte pos\u00e9 par Boni Yayi. \u00ab Je pense en toute humilit\u00e9, que les gens laissent Boni Yayi tranquille. Il a droit \u00e0 une retraite paisible apr\u00e8s avoir tout donn\u00e9 \u00e0 ce pays l\u00e0 \u00bb, a-t-il d\u00e9clar\u00e9 au micro de Reporter B\u00e9nin Monde.<\/p>\n<p>Pour lui, il ne sert \u00e0 rien d\u2019entretenir les conflits entre l\u2019ancien pr\u00e9sident et son successeur Patrice Talon. \u00ab Ceux qui pensent qu\u2019ils vont trouver leur compte dans le conflit entre Boni Yayi et Patrice Talon sont pass\u00e9s \u00e0 c\u00f4t\u00e9. Nous demandons au pr\u00e9sident Boni Yayi de continuer d\u2019aller jusqu\u2019au bout au nom de l\u2019int\u00e9r\u00eat sup\u00e9rieur de la nation\u00ab , a d\u00e9clar\u00e9 Rachidi Gbadamassi.<\/p>\n<p><strong>Pour plus d&rsquo;informations et d&rsquo;analyses sur la <a href=\"https:\/\/www.africa-press.net\/benin\">Benin<\/a>, suivez <a href=\"https:\/\/www.africa-press.net\/\">Africa-Press<\/a><\/strong><\/p>\n","protected":false},"excerpt":{"rendered":"<p>Africa-Press &#8211; Benin. Le retrait de la plaine de Boni Yayi contre l\u2019Etat b\u00e9ninois pour \u00ab violation des droits humains \u00bb, devant la Cour de justice de la Cedeao a suscit\u00e9 une vive pol\u00e9mique au sein de l\u2019opinion publique. Pour certains, l\u2019ancien pr\u00e9sident de la R\u00e9publique s\u2019est r\u00e9tract\u00e9 parce qu\u2019il aurait eu des promesses mirobolantes [&hellip;]<\/p>\n","protected":false},"author":82,"featured_media":6986,"comment_status":"open","ping_status":"closed","sticky":false,"template":"","format":"standard","meta":{"footnotes":""},"categories":[11,2,10],"tags":[36,50,45],"class_list":["post-6987","post","type-post","status-publish","format-standard","has-post-thumbnail","hentry","category-homepage-french","category-politique","category-toutes-les-actualites","tag-africa-press","tag-africa-press-benin","tag-benin"],"yoast_head":"<!-- This site is optimized with the Yoast SEO Premium plugin v26.1 (Yoast SEO v27.0) - https:\/\/yoast.com\/product\/yoast-seo-premium-wordpress\/ -->\n<title>B\u00e9nin: \u00ab\u00a0que les gens laissent Boni Yayi tranquille\u00a0\u00bb, Rachidi Gbadamassi - B\u00e9nin<\/title>\n<meta name=\"description\" content=\"Le retrait de la plaine de Boni Yayi contre l\u2019Etat b\u00e9ninois pour \u00ab violation des droits humains \u00bb, devant la Cour de jus ...\" \/>\n<meta name=\"robots\" content=\"index, follow, max-snippet:-1, max-image-preview:large, max-video-preview:-1\" \/>\n<link rel=\"canonical\" href=\"https:\/\/www.africa-press.net\/benin\/politique\/benin-que-les-gens-laissent-boni-yayi-tranquille-rachidi-gbadamassi\" \/>\n<meta property=\"og:locale\" content=\"fr_FR\" \/>\n<meta property=\"og:type\" content=\"article\" \/>\n<meta property=\"og:title\" content=\"B\u00e9nin: \u00ab\u00a0que les gens laissent Boni Yayi tranquille\u00a0\u00bb, Rachidi Gbadamassi\" \/>\n<meta property=\"og:description\" content=\"Le retrait de la plaine de Boni Yayi contre l\u2019Etat b\u00e9ninois pour \u00ab violation des droits humains \u00bb, devant la Cour de jus ...\" \/>\n<meta property=\"og:url\" content=\"https:\/\/www.africa-press.net\/benin\/politique\/benin-que-les-gens-laissent-boni-yayi-tranquille-rachidi-gbadamassi\" \/>\n<meta property=\"og:site_name\" content=\"B\u00e9nin\" \/>\n<meta property=\"article:published_time\" content=\"2022-07-17T13:17:26+00:00\" \/>\n<meta property=\"article:modified_time\" content=\"2022-07-17T13:27:09+00:00\" \/>\n<meta property=\"og:image\" content=\"https:\/\/static.africa-press.net\/benin\/sites\/46\/2022\/07\/postQueueImg_4-62d40dffe21a7.jpg\" \/>\n\t<meta property=\"og:image:width\" content=\"1200\" \/>\n\t<meta property=\"og:image:height\" content=\"800\" \/>\n\t<meta property=\"og:image:type\" content=\"image\/jpeg\" \/>\n<meta name=\"author\" content=\"cfeditorfr\" \/>\n<meta name=\"twitter:card\" content=\"summary_large_image\" \/>\n<meta name=\"twitter:label1\" content=\"\u00c9crit par\" \/>\n\t<meta name=\"twitter:data1\" content=\"cfeditorfr\" \/>\n\t<meta name=\"twitter:label2\" content=\"Dur\u00e9e de lecture estim\u00e9e\" \/>\n\t<meta name=\"twitter:data2\" content=\"1 minute\" \/>\n<script type=\"application\/ld+json\" class=\"yoast-schema-graph\">{\"@context\":\"https:\/\/schema.org\",\"@graph\":[{\"@type\":\"Article\",\"@id\":\"https:\/\/www.africa-press.net\/benin\/politique\/benin-que-les-gens-laissent-boni-yayi-tranquille-rachidi-gbadamassi#article\",\"isPartOf\":{\"@id\":\"https:\/\/www.africa-press.net\/benin\/politique\/benin-que-les-gens-laissent-boni-yayi-tranquille-rachidi-gbadamassi\"},\"author\":{\"name\":\"cfeditorfr\",\"@id\":\"https:\/\/www.africa-press.net\/benin\/#\/schema\/person\/2b1cf3cd81a31e3cd26889ca66d677f1\"},\"headline\":\"B\u00e9nin: \u00ab\u00a0que les gens laissent Boni Yayi tranquille\u00a0\u00bb, Rachidi Gbadamassi\",\"datePublished\":\"2022-07-17T13:17:26+00:00\",\"dateModified\":\"2022-07-17T13:27:09+00:00\",\"mainEntityOfPage\":{\"@id\":\"https:\/\/www.africa-press.net\/benin\/politique\/benin-que-les-gens-laissent-boni-yayi-tranquille-rachidi-gbadamassi\"},\"wordCount\":308,\"commentCount\":0,\"image\":{\"@id\":\"https:\/\/www.africa-press.net\/benin\/politique\/benin-que-les-gens-laissent-boni-yayi-tranquille-rachidi-gbadamassi#primaryimage\"},\"thumbnailUrl\":\"https:\/\/static.africa-press.net\/benin\/sites\/46\/2022\/07\/postQueueImg_4-62d40dffe21a7.jpg\",\"keywords\":[\"Africa Press\",\"Africa Press-Benin\",\"B\u00e9nin\"],\"articleSection\":[\"homepage-french\",\"Politique\",\"Toutes les actualit\u00e9s\"],\"inLanguage\":\"fr-FR\",\"potentialAction\":[{\"@type\":\"CommentAction\",\"name\":\"Comment\",\"target\":[\"https:\/\/www.africa-press.net\/benin\/politique\/benin-que-les-gens-laissent-boni-yayi-tranquille-rachidi-gbadamassi#respond\"]}]},{\"@type\":\"WebPage\",\"@id\":\"https:\/\/www.africa-press.net\/benin\/politique\/benin-que-les-gens-laissent-boni-yayi-tranquille-rachidi-gbadamassi\",\"url\":\"https:\/\/www.africa-press.net\/benin\/politique\/benin-que-les-gens-laissent-boni-yayi-tranquille-rachidi-gbadamassi\",\"name\":\"B\u00e9nin: \u00ab\u00a0que les gens laissent Boni Yayi tranquille\u00a0\u00bb, Rachidi Gbadamassi - B\u00e9nin\",\"isPartOf\":{\"@id\":\"https:\/\/www.africa-press.net\/benin\/#website\"},\"primaryImageOfPage\":{\"@id\":\"https:\/\/www.africa-press.net\/benin\/politique\/benin-que-les-gens-laissent-boni-yayi-tranquille-rachidi-gbadamassi#primaryimage\"},\"image\":{\"@id\":\"https:\/\/www.africa-press.net\/benin\/politique\/benin-que-les-gens-laissent-boni-yayi-tranquille-rachidi-gbadamassi#primaryimage\"},\"thumbnailUrl\":\"https:\/\/static.africa-press.net\/benin\/sites\/46\/2022\/07\/postQueueImg_4-62d40dffe21a7.jpg\",\"datePublished\":\"2022-07-17T13:17:26+00:00\",\"dateModified\":\"2022-07-17T13:27:09+00:00\",\"author\":{\"@id\":\"https:\/\/www.africa-press.net\/benin\/#\/schema\/person\/2b1cf3cd81a31e3cd26889ca66d677f1\"},\"description\":\"Le retrait de la plaine de Boni Yayi contre l\u2019Etat b\u00e9ninois pour \u00ab violation des droits humains \u00bb, devant la Cour de jus ...\",\"breadcrumb\":{\"@id\":\"https:\/\/www.africa-press.net\/benin\/politique\/benin-que-les-gens-laissent-boni-yayi-tranquille-rachidi-gbadamassi#breadcrumb\"},\"inLanguage\":\"fr-FR\",\"potentialAction\":[{\"@type\":\"ReadAction\",\"target\":[\"https:\/\/www.africa-press.net\/benin\/politique\/benin-que-les-gens-laissent-boni-yayi-tranquille-rachidi-gbadamassi\"]}]},{\"@type\":\"ImageObject\",\"inLanguage\":\"fr-FR\",\"@id\":\"https:\/\/www.africa-press.net\/benin\/politique\/benin-que-les-gens-laissent-boni-yayi-tranquille-rachidi-gbadamassi#primaryimage\",\"url\":\"https:\/\/static.africa-press.net\/benin\/sites\/46\/2022\/07\/postQueueImg_4-62d40dffe21a7.jpg\",\"contentUrl\":\"https:\/\/static.africa-press.net\/benin\/sites\/46\/2022\/07\/postQueueImg_4-62d40dffe21a7.jpg\",\"width\":1200,\"height\":800,\"caption\":\"B\u00e9nin: \u00ab\u00a0que les gens laissent Boni Yayi tranquille\u00a0\u00bb, Rachidi Gbadamassi\"},{\"@type\":\"BreadcrumbList\",\"@id\":\"https:\/\/www.africa-press.net\/benin\/politique\/benin-que-les-gens-laissent-boni-yayi-tranquille-rachidi-gbadamassi#breadcrumb\",\"itemListElement\":[{\"@type\":\"ListItem\",\"position\":1,\"name\":\"Accueil\",\"item\":\"https:\/\/www.africa-press.net\/benin\/\"},{\"@type\":\"ListItem\",\"position\":2,\"name\":\"B\u00e9nin: \u00ab\u00a0que les gens laissent Boni Yayi tranquille\u00a0\u00bb, Rachidi Gbadamassi\"}]},{\"@type\":\"WebSite\",\"@id\":\"https:\/\/www.africa-press.net\/benin\/#website\",\"url\":\"https:\/\/www.africa-press.net\/benin\/\",\"name\":\"B\u00e9nin\",\"description\":\"Just another Africa News Agency Sites site\",\"potentialAction\":[{\"@type\":\"SearchAction\",\"target\":{\"@type\":\"EntryPoint\",\"urlTemplate\":\"https:\/\/www.africa-press.net\/benin\/?s={search_term_string}\"},\"query-input\":{\"@type\":\"PropertyValueSpecification\",\"valueRequired\":true,\"valueName\":\"search_term_string\"}}],\"inLanguage\":\"fr-FR\"},{\"@type\":\"Person\",\"@id\":\"https:\/\/www.africa-press.net\/benin\/#\/schema\/person\/2b1cf3cd81a31e3cd26889ca66d677f1\",\"name\":\"cfeditorfr\"}]}<\/script>\n<!-- \/ Yoast SEO Premium plugin. -->","yoast_head_json":{"title":"B\u00e9nin: \u00ab\u00a0que les gens laissent Boni Yayi tranquille\u00a0\u00bb, Rachidi Gbadamassi - B\u00e9nin","description":"Le retrait de la plaine de Boni Yayi contre l\u2019Etat b\u00e9ninois pour \u00ab violation des droits humains \u00bb, devant la Cour de jus ...","robots":{"index":"index","follow":"follow","max-snippet":"max-snippet:-1","max-image-preview":"max-image-preview:large","max-video-preview":"max-video-preview:-1"},"canonical":"https:\/\/www.africa-press.net\/benin\/politique\/benin-que-les-gens-laissent-boni-yayi-tranquille-rachidi-gbadamassi","og_locale":"fr_FR","og_type":"article","og_title":"B\u00e9nin: \u00ab\u00a0que les gens laissent Boni Yayi tranquille\u00a0\u00bb, Rachidi Gbadamassi","og_description":"Le retrait de la plaine de Boni Yayi contre l\u2019Etat b\u00e9ninois pour \u00ab violation des droits humains \u00bb, devant la Cour de jus ...","og_url":"https:\/\/www.africa-press.net\/benin\/politique\/benin-que-les-gens-laissent-boni-yayi-tranquille-rachidi-gbadamassi","og_site_name":"B\u00e9nin","article_published_time":"2022-07-17T13:17:26+00:00","article_modified_time":"2022-07-17T13:27:09+00:00","og_image":[{"width":1200,"height":800,"url":"https:\/\/static.africa-press.net\/benin\/sites\/46\/2022\/07\/postQueueImg_4-62d40dffe21a7.jpg","type":"image\/jpeg"}],"author":"cfeditorfr","twitter_card":"summary_large_image","twitter_misc":{"\u00c9crit par":"cfeditorfr","Dur\u00e9e de lecture estim\u00e9e":"1 minute"},"schema":{"@context":"https:\/\/schema.org","@graph":[{"@type":"Article","@id":"https:\/\/www.africa-press.net\/benin\/politique\/benin-que-les-gens-laissent-boni-yayi-tranquille-rachidi-gbadamassi#article","isPartOf":{"@id":"https:\/\/www.africa-press.net\/benin\/politique\/benin-que-les-gens-laissent-boni-yayi-tranquille-rachidi-gbadamassi"},"author":{"name":"cfeditorfr","@id":"https:\/\/www.africa-press.net\/benin\/#\/schema\/person\/2b1cf3cd81a31e3cd26889ca66d677f1"},"headline":"B\u00e9nin: \u00ab\u00a0que les gens laissent Boni Yayi tranquille\u00a0\u00bb, Rachidi Gbadamassi","datePublished":"2022-07-17T13:17:26+00:00","dateModified":"2022-07-17T13:27:09+00:00","mainEntityOfPage":{"@id":"https:\/\/www.africa-press.net\/benin\/politique\/benin-que-les-gens-laissent-boni-yayi-tranquille-rachidi-gbadamassi"},"wordCount":308,"commentCount":0,"image":{"@id":"https:\/\/www.africa-press.net\/benin\/politique\/benin-que-les-gens-laissent-boni-yayi-tranquille-rachidi-gbadamassi#primaryimage"},"thumbnailUrl":"https:\/\/static.africa-press.net\/benin\/sites\/46\/2022\/07\/postQueueImg_4-62d40dffe21a7.jpg","keywords":["Africa Press","Africa Press-Benin","B\u00e9nin"],"articleSection":["homepage-french","Politique","Toutes les actualit\u00e9s"],"inLanguage":"fr-FR","potentialAction":[{"@type":"CommentAction","name":"Comment","target":["https:\/\/www.africa-press.net\/benin\/politique\/benin-que-les-gens-laissent-boni-yayi-tranquille-rachidi-gbadamassi#respond"]}]},{"@type":"WebPage","@id":"https:\/\/www.africa-press.net\/benin\/politique\/benin-que-les-gens-laissent-boni-yayi-tranquille-rachidi-gbadamassi","url":"https:\/\/www.africa-press.net\/benin\/politique\/benin-que-les-gens-laissent-boni-yayi-tranquille-rachidi-gbadamassi","name":"B\u00e9nin: \u00ab\u00a0que les gens laissent Boni Yayi tranquille\u00a0\u00bb, Rachidi Gbadamassi - B\u00e9nin","isPartOf":{"@id":"https:\/\/www.africa-press.net\/benin\/#website"},"primaryImageOfPage":{"@id":"https:\/\/www.africa-press.net\/benin\/politique\/benin-que-les-gens-laissent-boni-yayi-tranquille-rachidi-gbadamassi#primaryimage"},"image":{"@id":"https:\/\/www.africa-press.net\/benin\/politique\/benin-que-les-gens-laissent-boni-yayi-tranquille-rachidi-gbadamassi#primaryimage"},"thumbnailUrl":"https:\/\/static.africa-press.net\/benin\/sites\/46\/2022\/07\/postQueueImg_4-62d40dffe21a7.jpg","datePublished":"2022-07-17T13:17:26+00:00","dateModified":"2022-07-17T13:27:09+00:00","author":{"@id":"https:\/\/www.africa-press.net\/benin\/#\/schema\/person\/2b1cf3cd81a31e3cd26889ca66d677f1"},"description":"Le retrait de la plaine de Boni Yayi contre l\u2019Etat b\u00e9ninois pour \u00ab violation des droits humains \u00bb, devant la Cour de jus ...","breadcrumb":{"@id":"https:\/\/www.africa-press.net\/benin\/politique\/benin-que-les-gens-laissent-boni-yayi-tranquille-rachidi-gbadamassi#breadcrumb"},"inLanguage":"fr-FR","potentialAction":[{"@type":"ReadAction","target":["https:\/\/www.africa-press.net\/benin\/politique\/benin-que-les-gens-laissent-boni-yayi-tranquille-rachidi-gbadamassi"]}]},{"@type":"ImageObject","inLanguage":"fr-FR","@id":"https:\/\/www.africa-press.net\/benin\/politique\/benin-que-les-gens-laissent-boni-yayi-tranquille-rachidi-gbadamassi#primaryimage","url":"https:\/\/static.africa-press.net\/benin\/sites\/46\/2022\/07\/postQueueImg_4-62d40dffe21a7.jpg","contentUrl":"https:\/\/static.africa-press.net\/benin\/sites\/46\/2022\/07\/postQueueImg_4-62d40dffe21a7.jpg","width":1200,"height":800,"caption":"B\u00e9nin: \u00ab\u00a0que les gens laissent Boni Yayi tranquille\u00a0\u00bb, Rachidi Gbadamassi"},{"@type":"BreadcrumbList","@id":"https:\/\/www.africa-press.net\/benin\/politique\/benin-que-les-gens-laissent-boni-yayi-tranquille-rachidi-gbadamassi#breadcrumb","itemListElement":[{"@type":"ListItem","position":1,"name":"Accueil","item":"https:\/\/www.africa-press.net\/benin\/"},{"@type":"ListItem","position":2,"name":"B\u00e9nin: \u00ab\u00a0que les gens laissent Boni Yayi tranquille\u00a0\u00bb, Rachidi Gbadamassi"}]},{"@type":"WebSite","@id":"https:\/\/www.africa-press.net\/benin\/#website","url":"https:\/\/www.africa-press.net\/benin\/","name":"B\u00e9nin","description":"Just another Africa News Agency Sites site","potentialAction":[{"@type":"SearchAction","target":{"@type":"EntryPoint","urlTemplate":"https:\/\/www.africa-press.net\/benin\/?s={search_term_string}"},"query-input":{"@type":"PropertyValueSpecification","valueRequired":true,"valueName":"search_term_string"}}],"inLanguage":"fr-FR"},{"@type":"Person","@id":"https:\/\/www.africa-press.net\/benin\/#\/schema\/person\/2b1cf3cd81a31e3cd26889ca66d677f1","name":"cfeditorfr"}]}},"_links":{"self":[{"href":"https:\/\/www.africa-press.net\/benin\/wp-json\/wp\/v2\/posts\/6987","targetHints":{"allow":["GET"]}}],"collection":[{"href":"https:\/\/www.africa-press.net\/benin\/wp-json\/wp\/v2\/posts"}],"about":[{"href":"https:\/\/www.africa-press.net\/benin\/wp-json\/wp\/v2\/types\/post"}],"author":[{"embeddable":true,"href":"https:\/\/www.africa-press.net\/benin\/wp-json\/wp\/v2\/users\/82"}],"replies":[{"embeddable":true,"href":"https:\/\/www.africa-press.net\/benin\/wp-json\/wp\/v2\/comments?post=6987"}],"version-history":[{"count":0,"href":"https:\/\/www.africa-press.net\/benin\/wp-json\/wp\/v2\/posts\/6987\/revisions"}],"wp:featuredmedia":[{"embeddable":true,"href":"https:\/\/www.africa-press.net\/benin\/wp-json\/wp\/v2\/media\/6986"}],"wp:attachment":[{"href":"https:\/\/www.africa-press.net\/benin\/wp-json\/wp\/v2\/media?parent=6987"}],"wp:term":[{"taxonomy":"category","embeddable":true,"href":"https:\/\/www.africa-press.net\/benin\/wp-json\/wp\/v2\/categories?post=6987"},{"taxonomy":"post_tag","embeddable":true,"href":"https:\/\/www.africa-press.net\/benin\/wp-json\/wp\/v2\/tags?post=6987"}],"curies":[{"name":"wp","href":"https:\/\/api.w.org\/{rel}","templated":true}]}}