{"id":6993,"date":"2022-07-18T15:40:55","date_gmt":"2022-07-18T15:40:55","guid":{"rendered":"https:\/\/www.africa-press.net\/benin\/politique\/djogbenou-a-la-tete-de-lup-nous-venons-de-lancer-le-turbo-orden-alladatin"},"modified":"2022-07-18T15:52:44","modified_gmt":"2022-07-18T15:52:44","slug":"djogbenou-a-la-tete-de-lup-nous-venons-de-lancer-le-turbo-orden-alladatin","status":"publish","type":"post","link":"https:\/\/www.africa-press.net\/benin\/politique\/djogbenou-a-la-tete-de-lup-nous-venons-de-lancer-le-turbo-orden-alladatin","title":{"rendered":"Djogb\u00e9nou \u00e0 la t\u00eate de l\u2019UP: \u00ab\u00a0nous venons de lancer le turbo\u00a0\u00bb, Orden Alladatin"},"content":{"rendered":"<p><span style=\"color: #ff6600\"><strong>Africa-Press &#8211; Benin. <\/strong><\/span>C\u2019est une nouvelle \u00e8re qui s\u2019ouvre \u00e0 l\u2019Union Progressiste \u00e0 la suite des r\u00e9am\u00e9nagements effectu\u00e9s \u00e0 la t\u00eate du parti. Re\u00e7u sur la t\u00e9l\u00e9vision nationale, Orden Alladatin a expliqu\u00e9 l\u2019opportunit\u00e9 de ces changements et le choix port\u00e9 sur Joseph Djogb\u00e9nou pour diriger le parti.<\/p>\n<p>Le conseil extraordinaire tenu par le bureau politique de l\u2019UP ce samedi a consacr\u00e9 la d\u00e9signation de Joseph Djogb\u00e9nou comme pr\u00e9sident du parti. Selon le d\u00e9put\u00e9 Orden Alladatin, l\u2019UP ne s\u2019est pas fait prier pour saisir la balle au bond lorsque l\u2019ancien pr\u00e9sident de la Cour disait qu\u2019il \u00e9tait pr\u00eat \u00e0 tout ce que son parti voudra.<\/p>\n<p>On ne s\u2019est pas fait prier. Il a dit qu\u2019il retourne \u00e0 ses amours, \u00e0 son parti. Il a dit qu\u2019il \u00e9tait pr\u00eat \u00e0 saisir toutes les missions que son parti voudra.<\/p>\n<p>Selon ses dires, l\u2019Union Progressiste \u00e9tant d\u00e9j\u00e0 dans un \u00e9lan de restructuration a saut\u00e9 sur l\u2019occasion. \u00ab Nous \u00e9tions dans cet \u00e9lan de restructuration, on en a profit\u00e9 pour mettre le turbo Joseph Djogb\u00e9nou avec de la sensibilit\u00e9 au genre, en tissant la nouvelle corde \u00e0 l\u2019ancienne \u00bb, a d\u00e9clar\u00e9 Orden Alladatin.<\/p>\n<p>Actuellement, le plus grand parti en termes de nombre d\u2019\u00e9lus, l\u2019Union Progressiste avait besoin d\u2019un grand r\u00e9am\u00e9nagement, a fait savoir le d\u00e9put\u00e9 Orden Alladatin. \u00ab Il y avait des r\u00e9ajustements techniques qu\u2019il fallait faire au niveau des instances centrales du parti \u00bb, a-t-il confi\u00e9.<\/p>\n<p>Il a expliqu\u00e9 que des membres du parti, devenus d\u00e9put\u00e9s et maires, participent aux activit\u00e9s du bureau politique sans un statut formel au sein dudit bureau. C\u2019\u00e9tait donc autant de choses que le conseil extraordinaire a vocation de corriger.<\/p>\n<p><strong>Pour plus d&rsquo;informations et d&rsquo;analyses sur la <a href=\"https:\/\/www.africa-press.net\/benin\">Benin<\/a>, suivez <a href=\"https:\/\/www.africa-press.net\/\">Africa-Press<\/a><\/strong><\/p>\n","protected":false},"excerpt":{"rendered":"<p>Africa-Press &#8211; Benin. C\u2019est une nouvelle \u00e8re qui s\u2019ouvre \u00e0 l\u2019Union Progressiste \u00e0 la suite des r\u00e9am\u00e9nagements effectu\u00e9s \u00e0 la t\u00eate du parti. Re\u00e7u sur la t\u00e9l\u00e9vision nationale, Orden Alladatin a expliqu\u00e9 l\u2019opportunit\u00e9 de ces changements et le choix port\u00e9 sur Joseph Djogb\u00e9nou pour diriger le parti. Le conseil extraordinaire tenu par le bureau politique [&hellip;]<\/p>\n","protected":false},"author":82,"featured_media":6992,"comment_status":"open","ping_status":"closed","sticky":false,"template":"","format":"standard","meta":{"footnotes":""},"categories":[11,2,10],"tags":[36,50,45],"class_list":["post-6993","post","type-post","status-publish","format-standard","has-post-thumbnail","hentry","category-homepage-french","category-politique","category-toutes-les-actualites","tag-africa-press","tag-africa-press-benin","tag-benin"],"yoast_head":"<!-- This site is optimized with the Yoast SEO Premium plugin v26.1 (Yoast SEO v27.0) - https:\/\/yoast.com\/product\/yoast-seo-premium-wordpress\/ -->\n<title>Djogb\u00e9nou \u00e0 la t\u00eate de l\u2019UP: \u00ab\u00a0nous venons de lancer le turbo\u00a0\u00bb, Orden Alladatin - B\u00e9nin<\/title>\n<meta name=\"description\" content=\"C\u2019est une nouvelle \u00e8re qui s\u2019ouvre \u00e0 l\u2019Union Progressiste \u00e0 la suite des r\u00e9am\u00e9nagements effectu\u00e9s \u00e0 la t\u00eate du parti. Re ...\" \/>\n<meta name=\"robots\" content=\"index, follow, max-snippet:-1, max-image-preview:large, max-video-preview:-1\" \/>\n<link rel=\"canonical\" href=\"https:\/\/www.africa-press.net\/benin\/politique\/djogbenou-a-la-tete-de-lup-nous-venons-de-lancer-le-turbo-orden-alladatin\" \/>\n<meta property=\"og:locale\" content=\"fr_FR\" \/>\n<meta property=\"og:type\" content=\"article\" \/>\n<meta property=\"og:title\" content=\"Djogb\u00e9nou \u00e0 la t\u00eate de l\u2019UP: \u00ab\u00a0nous venons de lancer le turbo\u00a0\u00bb, Orden Alladatin\" \/>\n<meta property=\"og:description\" content=\"C\u2019est une nouvelle \u00e8re qui s\u2019ouvre \u00e0 l\u2019Union Progressiste \u00e0 la suite des r\u00e9am\u00e9nagements effectu\u00e9s \u00e0 la t\u00eate du parti. Re ...\" \/>\n<meta property=\"og:url\" content=\"https:\/\/www.africa-press.net\/benin\/politique\/djogbenou-a-la-tete-de-lup-nous-venons-de-lancer-le-turbo-orden-alladatin\" \/>\n<meta property=\"og:site_name\" content=\"B\u00e9nin\" \/>\n<meta property=\"article:published_time\" content=\"2022-07-18T15:40:55+00:00\" \/>\n<meta property=\"article:modified_time\" content=\"2022-07-18T15:52:44+00:00\" \/>\n<meta property=\"og:image\" content=\"https:\/\/static.africa-press.net\/benin\/sites\/46\/2022\/07\/postQueueImg_18-62d581b443a82.jpg\" \/>\n\t<meta property=\"og:image:width\" content=\"1200\" \/>\n\t<meta property=\"og:image:height\" content=\"675\" \/>\n\t<meta property=\"og:image:type\" content=\"image\/jpeg\" \/>\n<meta name=\"author\" content=\"cfeditorfr\" \/>\n<meta name=\"twitter:card\" content=\"summary_large_image\" \/>\n<meta name=\"twitter:label1\" content=\"\u00c9crit par\" \/>\n\t<meta name=\"twitter:data1\" content=\"cfeditorfr\" \/>\n\t<meta name=\"twitter:label2\" content=\"Dur\u00e9e de lecture estim\u00e9e\" \/>\n\t<meta name=\"twitter:data2\" content=\"2 minutes\" \/>\n<script type=\"application\/ld+json\" class=\"yoast-schema-graph\">{\"@context\":\"https:\/\/schema.org\",\"@graph\":[{\"@type\":\"Article\",\"@id\":\"https:\/\/www.africa-press.net\/benin\/politique\/djogbenou-a-la-tete-de-lup-nous-venons-de-lancer-le-turbo-orden-alladatin#article\",\"isPartOf\":{\"@id\":\"https:\/\/www.africa-press.net\/benin\/politique\/djogbenou-a-la-tete-de-lup-nous-venons-de-lancer-le-turbo-orden-alladatin\"},\"author\":{\"name\":\"cfeditorfr\",\"@id\":\"https:\/\/www.africa-press.net\/benin\/#\/schema\/person\/2b1cf3cd81a31e3cd26889ca66d677f1\"},\"headline\":\"Djogb\u00e9nou \u00e0 la t\u00eate de l\u2019UP: \u00ab\u00a0nous venons de lancer le turbo\u00a0\u00bb, Orden Alladatin\",\"datePublished\":\"2022-07-18T15:40:55+00:00\",\"dateModified\":\"2022-07-18T15:52:44+00:00\",\"mainEntityOfPage\":{\"@id\":\"https:\/\/www.africa-press.net\/benin\/politique\/djogbenou-a-la-tete-de-lup-nous-venons-de-lancer-le-turbo-orden-alladatin\"},\"wordCount\":332,\"commentCount\":0,\"image\":{\"@id\":\"https:\/\/www.africa-press.net\/benin\/politique\/djogbenou-a-la-tete-de-lup-nous-venons-de-lancer-le-turbo-orden-alladatin#primaryimage\"},\"thumbnailUrl\":\"https:\/\/static.africa-press.net\/benin\/sites\/46\/2022\/07\/postQueueImg_18-62d581b443a82.jpg\",\"keywords\":[\"Africa Press\",\"Africa Press-Benin\",\"B\u00e9nin\"],\"articleSection\":[\"homepage-french\",\"Politique\",\"Toutes les actualit\u00e9s\"],\"inLanguage\":\"fr-FR\",\"potentialAction\":[{\"@type\":\"CommentAction\",\"name\":\"Comment\",\"target\":[\"https:\/\/www.africa-press.net\/benin\/politique\/djogbenou-a-la-tete-de-lup-nous-venons-de-lancer-le-turbo-orden-alladatin#respond\"]}]},{\"@type\":\"WebPage\",\"@id\":\"https:\/\/www.africa-press.net\/benin\/politique\/djogbenou-a-la-tete-de-lup-nous-venons-de-lancer-le-turbo-orden-alladatin\",\"url\":\"https:\/\/www.africa-press.net\/benin\/politique\/djogbenou-a-la-tete-de-lup-nous-venons-de-lancer-le-turbo-orden-alladatin\",\"name\":\"Djogb\u00e9nou \u00e0 la t\u00eate de l\u2019UP: \u00ab\u00a0nous venons de lancer le turbo\u00a0\u00bb, Orden Alladatin - B\u00e9nin\",\"isPartOf\":{\"@id\":\"https:\/\/www.africa-press.net\/benin\/#website\"},\"primaryImageOfPage\":{\"@id\":\"https:\/\/www.africa-press.net\/benin\/politique\/djogbenou-a-la-tete-de-lup-nous-venons-de-lancer-le-turbo-orden-alladatin#primaryimage\"},\"image\":{\"@id\":\"https:\/\/www.africa-press.net\/benin\/politique\/djogbenou-a-la-tete-de-lup-nous-venons-de-lancer-le-turbo-orden-alladatin#primaryimage\"},\"thumbnailUrl\":\"https:\/\/static.africa-press.net\/benin\/sites\/46\/2022\/07\/postQueueImg_18-62d581b443a82.jpg\",\"datePublished\":\"2022-07-18T15:40:55+00:00\",\"dateModified\":\"2022-07-18T15:52:44+00:00\",\"author\":{\"@id\":\"https:\/\/www.africa-press.net\/benin\/#\/schema\/person\/2b1cf3cd81a31e3cd26889ca66d677f1\"},\"description\":\"C\u2019est une nouvelle \u00e8re qui s\u2019ouvre \u00e0 l\u2019Union Progressiste \u00e0 la suite des r\u00e9am\u00e9nagements effectu\u00e9s \u00e0 la t\u00eate du parti. Re ...\",\"breadcrumb\":{\"@id\":\"https:\/\/www.africa-press.net\/benin\/politique\/djogbenou-a-la-tete-de-lup-nous-venons-de-lancer-le-turbo-orden-alladatin#breadcrumb\"},\"inLanguage\":\"fr-FR\",\"potentialAction\":[{\"@type\":\"ReadAction\",\"target\":[\"https:\/\/www.africa-press.net\/benin\/politique\/djogbenou-a-la-tete-de-lup-nous-venons-de-lancer-le-turbo-orden-alladatin\"]}]},{\"@type\":\"ImageObject\",\"inLanguage\":\"fr-FR\",\"@id\":\"https:\/\/www.africa-press.net\/benin\/politique\/djogbenou-a-la-tete-de-lup-nous-venons-de-lancer-le-turbo-orden-alladatin#primaryimage\",\"url\":\"https:\/\/static.africa-press.net\/benin\/sites\/46\/2022\/07\/postQueueImg_18-62d581b443a82.jpg\",\"contentUrl\":\"https:\/\/static.africa-press.net\/benin\/sites\/46\/2022\/07\/postQueueImg_18-62d581b443a82.jpg\",\"width\":1200,\"height\":675,\"caption\":\"Djogb\u00e9nou \u00e0 la t\u00eate de l\u2019UP: \u00ab\u00a0nous venons de lancer le turbo\u00a0\u00bb, Orden Alladatin\"},{\"@type\":\"BreadcrumbList\",\"@id\":\"https:\/\/www.africa-press.net\/benin\/politique\/djogbenou-a-la-tete-de-lup-nous-venons-de-lancer-le-turbo-orden-alladatin#breadcrumb\",\"itemListElement\":[{\"@type\":\"ListItem\",\"position\":1,\"name\":\"Accueil\",\"item\":\"https:\/\/www.africa-press.net\/benin\/\"},{\"@type\":\"ListItem\",\"position\":2,\"name\":\"Djogb\u00e9nou \u00e0 la t\u00eate de l\u2019UP: \u00ab\u00a0nous venons de lancer le turbo\u00a0\u00bb, Orden Alladatin\"}]},{\"@type\":\"WebSite\",\"@id\":\"https:\/\/www.africa-press.net\/benin\/#website\",\"url\":\"https:\/\/www.africa-press.net\/benin\/\",\"name\":\"B\u00e9nin\",\"description\":\"Just another Africa News Agency Sites site\",\"potentialAction\":[{\"@type\":\"SearchAction\",\"target\":{\"@type\":\"EntryPoint\",\"urlTemplate\":\"https:\/\/www.africa-press.net\/benin\/?s={search_term_string}\"},\"query-input\":{\"@type\":\"PropertyValueSpecification\",\"valueRequired\":true,\"valueName\":\"search_term_string\"}}],\"inLanguage\":\"fr-FR\"},{\"@type\":\"Person\",\"@id\":\"https:\/\/www.africa-press.net\/benin\/#\/schema\/person\/2b1cf3cd81a31e3cd26889ca66d677f1\",\"name\":\"cfeditorfr\"}]}<\/script>\n<!-- \/ Yoast SEO Premium plugin. -->","yoast_head_json":{"title":"Djogb\u00e9nou \u00e0 la t\u00eate de l\u2019UP: \u00ab\u00a0nous venons de lancer le turbo\u00a0\u00bb, Orden Alladatin - B\u00e9nin","description":"C\u2019est une nouvelle \u00e8re qui s\u2019ouvre \u00e0 l\u2019Union Progressiste \u00e0 la suite des r\u00e9am\u00e9nagements effectu\u00e9s \u00e0 la t\u00eate du parti. Re ...","robots":{"index":"index","follow":"follow","max-snippet":"max-snippet:-1","max-image-preview":"max-image-preview:large","max-video-preview":"max-video-preview:-1"},"canonical":"https:\/\/www.africa-press.net\/benin\/politique\/djogbenou-a-la-tete-de-lup-nous-venons-de-lancer-le-turbo-orden-alladatin","og_locale":"fr_FR","og_type":"article","og_title":"Djogb\u00e9nou \u00e0 la t\u00eate de l\u2019UP: \u00ab\u00a0nous venons de lancer le turbo\u00a0\u00bb, Orden Alladatin","og_description":"C\u2019est une nouvelle \u00e8re qui s\u2019ouvre \u00e0 l\u2019Union Progressiste \u00e0 la suite des r\u00e9am\u00e9nagements effectu\u00e9s \u00e0 la t\u00eate du parti. Re ...","og_url":"https:\/\/www.africa-press.net\/benin\/politique\/djogbenou-a-la-tete-de-lup-nous-venons-de-lancer-le-turbo-orden-alladatin","og_site_name":"B\u00e9nin","article_published_time":"2022-07-18T15:40:55+00:00","article_modified_time":"2022-07-18T15:52:44+00:00","og_image":[{"width":1200,"height":675,"url":"https:\/\/static.africa-press.net\/benin\/sites\/46\/2022\/07\/postQueueImg_18-62d581b443a82.jpg","type":"image\/jpeg"}],"author":"cfeditorfr","twitter_card":"summary_large_image","twitter_misc":{"\u00c9crit par":"cfeditorfr","Dur\u00e9e de lecture estim\u00e9e":"2 minutes"},"schema":{"@context":"https:\/\/schema.org","@graph":[{"@type":"Article","@id":"https:\/\/www.africa-press.net\/benin\/politique\/djogbenou-a-la-tete-de-lup-nous-venons-de-lancer-le-turbo-orden-alladatin#article","isPartOf":{"@id":"https:\/\/www.africa-press.net\/benin\/politique\/djogbenou-a-la-tete-de-lup-nous-venons-de-lancer-le-turbo-orden-alladatin"},"author":{"name":"cfeditorfr","@id":"https:\/\/www.africa-press.net\/benin\/#\/schema\/person\/2b1cf3cd81a31e3cd26889ca66d677f1"},"headline":"Djogb\u00e9nou \u00e0 la t\u00eate de l\u2019UP: \u00ab\u00a0nous venons de lancer le turbo\u00a0\u00bb, Orden Alladatin","datePublished":"2022-07-18T15:40:55+00:00","dateModified":"2022-07-18T15:52:44+00:00","mainEntityOfPage":{"@id":"https:\/\/www.africa-press.net\/benin\/politique\/djogbenou-a-la-tete-de-lup-nous-venons-de-lancer-le-turbo-orden-alladatin"},"wordCount":332,"commentCount":0,"image":{"@id":"https:\/\/www.africa-press.net\/benin\/politique\/djogbenou-a-la-tete-de-lup-nous-venons-de-lancer-le-turbo-orden-alladatin#primaryimage"},"thumbnailUrl":"https:\/\/static.africa-press.net\/benin\/sites\/46\/2022\/07\/postQueueImg_18-62d581b443a82.jpg","keywords":["Africa Press","Africa Press-Benin","B\u00e9nin"],"articleSection":["homepage-french","Politique","Toutes les actualit\u00e9s"],"inLanguage":"fr-FR","potentialAction":[{"@type":"CommentAction","name":"Comment","target":["https:\/\/www.africa-press.net\/benin\/politique\/djogbenou-a-la-tete-de-lup-nous-venons-de-lancer-le-turbo-orden-alladatin#respond"]}]},{"@type":"WebPage","@id":"https:\/\/www.africa-press.net\/benin\/politique\/djogbenou-a-la-tete-de-lup-nous-venons-de-lancer-le-turbo-orden-alladatin","url":"https:\/\/www.africa-press.net\/benin\/politique\/djogbenou-a-la-tete-de-lup-nous-venons-de-lancer-le-turbo-orden-alladatin","name":"Djogb\u00e9nou \u00e0 la t\u00eate de l\u2019UP: \u00ab\u00a0nous venons de lancer le turbo\u00a0\u00bb, Orden Alladatin - B\u00e9nin","isPartOf":{"@id":"https:\/\/www.africa-press.net\/benin\/#website"},"primaryImageOfPage":{"@id":"https:\/\/www.africa-press.net\/benin\/politique\/djogbenou-a-la-tete-de-lup-nous-venons-de-lancer-le-turbo-orden-alladatin#primaryimage"},"image":{"@id":"https:\/\/www.africa-press.net\/benin\/politique\/djogbenou-a-la-tete-de-lup-nous-venons-de-lancer-le-turbo-orden-alladatin#primaryimage"},"thumbnailUrl":"https:\/\/static.africa-press.net\/benin\/sites\/46\/2022\/07\/postQueueImg_18-62d581b443a82.jpg","datePublished":"2022-07-18T15:40:55+00:00","dateModified":"2022-07-18T15:52:44+00:00","author":{"@id":"https:\/\/www.africa-press.net\/benin\/#\/schema\/person\/2b1cf3cd81a31e3cd26889ca66d677f1"},"description":"C\u2019est une nouvelle \u00e8re qui s\u2019ouvre \u00e0 l\u2019Union Progressiste \u00e0 la suite des r\u00e9am\u00e9nagements effectu\u00e9s \u00e0 la t\u00eate du parti. Re ...","breadcrumb":{"@id":"https:\/\/www.africa-press.net\/benin\/politique\/djogbenou-a-la-tete-de-lup-nous-venons-de-lancer-le-turbo-orden-alladatin#breadcrumb"},"inLanguage":"fr-FR","potentialAction":[{"@type":"ReadAction","target":["https:\/\/www.africa-press.net\/benin\/politique\/djogbenou-a-la-tete-de-lup-nous-venons-de-lancer-le-turbo-orden-alladatin"]}]},{"@type":"ImageObject","inLanguage":"fr-FR","@id":"https:\/\/www.africa-press.net\/benin\/politique\/djogbenou-a-la-tete-de-lup-nous-venons-de-lancer-le-turbo-orden-alladatin#primaryimage","url":"https:\/\/static.africa-press.net\/benin\/sites\/46\/2022\/07\/postQueueImg_18-62d581b443a82.jpg","contentUrl":"https:\/\/static.africa-press.net\/benin\/sites\/46\/2022\/07\/postQueueImg_18-62d581b443a82.jpg","width":1200,"height":675,"caption":"Djogb\u00e9nou \u00e0 la t\u00eate de l\u2019UP: \u00ab\u00a0nous venons de lancer le turbo\u00a0\u00bb, Orden Alladatin"},{"@type":"BreadcrumbList","@id":"https:\/\/www.africa-press.net\/benin\/politique\/djogbenou-a-la-tete-de-lup-nous-venons-de-lancer-le-turbo-orden-alladatin#breadcrumb","itemListElement":[{"@type":"ListItem","position":1,"name":"Accueil","item":"https:\/\/www.africa-press.net\/benin\/"},{"@type":"ListItem","position":2,"name":"Djogb\u00e9nou \u00e0 la t\u00eate de l\u2019UP: \u00ab\u00a0nous venons de lancer le turbo\u00a0\u00bb, Orden Alladatin"}]},{"@type":"WebSite","@id":"https:\/\/www.africa-press.net\/benin\/#website","url":"https:\/\/www.africa-press.net\/benin\/","name":"B\u00e9nin","description":"Just another Africa News Agency Sites site","potentialAction":[{"@type":"SearchAction","target":{"@type":"EntryPoint","urlTemplate":"https:\/\/www.africa-press.net\/benin\/?s={search_term_string}"},"query-input":{"@type":"PropertyValueSpecification","valueRequired":true,"valueName":"search_term_string"}}],"inLanguage":"fr-FR"},{"@type":"Person","@id":"https:\/\/www.africa-press.net\/benin\/#\/schema\/person\/2b1cf3cd81a31e3cd26889ca66d677f1","name":"cfeditorfr"}]}},"_links":{"self":[{"href":"https:\/\/www.africa-press.net\/benin\/wp-json\/wp\/v2\/posts\/6993","targetHints":{"allow":["GET"]}}],"collection":[{"href":"https:\/\/www.africa-press.net\/benin\/wp-json\/wp\/v2\/posts"}],"about":[{"href":"https:\/\/www.africa-press.net\/benin\/wp-json\/wp\/v2\/types\/post"}],"author":[{"embeddable":true,"href":"https:\/\/www.africa-press.net\/benin\/wp-json\/wp\/v2\/users\/82"}],"replies":[{"embeddable":true,"href":"https:\/\/www.africa-press.net\/benin\/wp-json\/wp\/v2\/comments?post=6993"}],"version-history":[{"count":0,"href":"https:\/\/www.africa-press.net\/benin\/wp-json\/wp\/v2\/posts\/6993\/revisions"}],"wp:featuredmedia":[{"embeddable":true,"href":"https:\/\/www.africa-press.net\/benin\/wp-json\/wp\/v2\/media\/6992"}],"wp:attachment":[{"href":"https:\/\/www.africa-press.net\/benin\/wp-json\/wp\/v2\/media?parent=6993"}],"wp:term":[{"taxonomy":"category","embeddable":true,"href":"https:\/\/www.africa-press.net\/benin\/wp-json\/wp\/v2\/categories?post=6993"},{"taxonomy":"post_tag","embeddable":true,"href":"https:\/\/www.africa-press.net\/benin\/wp-json\/wp\/v2\/tags?post=6993"}],"curies":[{"name":"wp","href":"https:\/\/api.w.org\/{rel}","templated":true}]}}