{"id":6999,"date":"2022-07-18T15:41:15","date_gmt":"2022-07-18T15:41:15","guid":{"rendered":"https:\/\/www.africa-press.net\/benin\/politique\/dossier-vol-a-la-bef-la-principale-accusee-condamnee-a-7-ans-de-prison"},"modified":"2022-07-18T15:53:50","modified_gmt":"2022-07-18T15:53:50","slug":"dossier-vol-a-la-bef-la-principale-accusee-condamnee-a-7-ans-de-prison","status":"publish","type":"post","link":"https:\/\/www.africa-press.net\/benin\/toutes-les-actualites\/dossier-vol-a-la-bef-la-principale-accusee-condamnee-a-7-ans-de-prison","title":{"rendered":"Dossier vol \u00e0 la BEF: la principale accus\u00e9e condamn\u00e9e \u00e0 7 ans de prison"},"content":{"rendered":"<p><span style=\"color: #ff6600\"><strong>Africa-Press &#8211; Benin. <\/strong><\/span>La cour de r\u00e9pression des infractions \u00e9conomiques et du terrorisme (CRIET) a rendu son verdict dans le dossier de \u00ab vol de plusieurs millions de francs cfa \u00e0 la brigade \u00e9conomique et financi\u00e8re \u00bb. La principale accus\u00e9e dame Bissalou\u00e9 Dalila est condamn\u00e9e \u00e0 7ans de prison ferme.<\/p>\n<p>Au cours de l\u2019audience du lundi 20 Juin 2022 \u00e0 la cour de r\u00e9pression des infractions \u00e9conomiques et du terrorisme, le minist\u00e8re public dans son r\u00e9quisitoire, a retenu 10 ans de prison ferme et 5 millions de francs cfa d\u2019amende contre dame Bissalou\u00e9 Dalila, ex comptable de la BEF. Mais au cours de l\u2019audience de ce lundi 18 Juillet, la cour dans sa d\u00e9cision l\u2019a condamn\u00e9 \u00e0 7 ans de prison ferme et au payement de 50 Millions de francs cfa d\u2019amende.<\/p>\n<p>Son compagnon Moumouni Alahassa \u00e9cope quant \u00e0 lui, une peine de 5 ans de prison ferme et le payement de 50 Millions de francs cfa. Le couple est accus\u00e9 de vol et blanchiment de capitaux.<\/p>\n<p><b>Quid du dossier de vol \u00e0 la BEF<\/b><\/p>\n<p>Interpell\u00e9s pour vol de 17 Millions et complicit\u00e9 de vol, une fonctionnaire de la brigade \u00e9conomique et son \u00e9poux ont \u00e9t\u00e9 d\u00e9pos\u00e9s en prison. A l\u2019audience du 16 mai 2022, la principale accus\u00e9e a fait savoir qu\u2019elle avait d\u00e9rob\u00e9 14 millions de francs CFA et non 17 millions comme indiqu\u00e9 dans les premi\u00e8res informations de l\u2019enqu\u00eate. A la barre, elle a d\u00e9crit le mode op\u00e9ratoire qui lui a permis de parvenir \u00e0 ses fins.<\/p>\n<p><b>R\u00e9cup\u00e9rer la cl\u00e9 du coffre, premi\u00e8re \u00e9tape\u2026<\/b><\/p>\n<p>Selon les dires de la polici\u00e8re Bissalou\u00e9 E. Dalila, relay\u00e9s par le quotidien Fraternit\u00e9, la premi\u00e8re \u00e9tape du plan, a \u00e9t\u00e9 de d\u00e9rober la cl\u00e9 du coffre contenant les sous. Cette fameuse cl\u00e9 \u00e9tait gard\u00e9e dans un tiroir dont la cl\u00e9 d\u2019acc\u00e8s est accroch\u00e9e au trousseau d\u2019un agent du m\u00eame service.<\/p>\n<p>Elle a surveill\u00e9 de pr\u00e8s, son coll\u00e8gue qui a fini par oublier son trousseau sur sa table. Occasion r\u00eav\u00e9e pour la mise en cause de mettre la main sur la cl\u00e9 du coffre. Cette premi\u00e8re phase du modus operandi a \u00e9t\u00e9 un succ\u00e8s.<\/p>\n<p>En possession de la cl\u00e9 du coffre, l\u2019accus\u00e9e avait la facilit\u00e9 d\u2019y retirer frauduleusement de l\u2019argent. A plusieurs reprises, elle a retir\u00e9 de l\u2019argent dans le coffre de la Brigade Economique et Financi\u00e8re (BEF) sans inqui\u00e9tude. La comptable \u00e9pingl\u00e9e a confi\u00e9 que chaque fois qu\u2019elle retirait de l\u2019argent dans le coffre, elle y mettait des coupures de papier pour ne pas \u00e9veiller les soup\u00e7ons.<\/p>\n<p>Selon le sup\u00e9rieur hi\u00e9rarchique de l\u2019accus\u00e9e, le pot aux roses a \u00e9t\u00e9 d\u00e9couvert lors d\u2019un contr\u00f4le de routine, gr\u00e2ce \u00e0 la vigilance d\u2019un agent.<\/p>\n<p><b>A la barre, Moumouni Alahassa se d\u00e9solidarise de l\u2019acte de sa conjointe<\/b><\/p>\n<p>Moumouni Alahassa, le mari de la principale accus\u00e9e et agent dans une Organisation Non Gouvernementale (ONG) s\u2019est d\u00e9fendu \u00e0 la barre. Selon ses dires, il n\u2019\u00e9tait pas associ\u00e9 \u00e0 l\u2019acte de sa femme. Par contre, il reconna\u00eet qu\u2019il recevait de l\u2019argent de la part de cette derni\u00e8re sous forme de pr\u00eat. Il a ajout\u00e9 qu\u2019il ignorait la provenance des sous que lui pr\u00eatait sa compagne.<\/p>\n<p>Au total, l\u2019homme a confi\u00e9 avoir re\u00e7u de la part de la polici\u00e8re une somme de 7 500 000 FCFA. Une somme qu\u2019il remboursait avec des subventions n\u00e9goci\u00e9es en, faveur de l\u2019ONG.<\/p>\n<p>Il faut rappeler que le couple a \u00e9t\u00e9 d\u00e9pos\u00e9 en prison le 05 mai 2022, apr\u00e8s une garde \u00e0 vue \u00e0 la BEF.<\/p>\n<p><strong>Pour plus d&rsquo;informations et d&rsquo;analyses sur la <a href=\"https:\/\/www.africa-press.net\/benin\">Benin<\/a>, suivez <a href=\"https:\/\/www.africa-press.net\/\">Africa-Press<\/a><\/strong><\/p>\n","protected":false},"excerpt":{"rendered":"<p>Africa-Press &#8211; Benin. La cour de r\u00e9pression des infractions \u00e9conomiques et du terrorisme (CRIET) a rendu son verdict dans le dossier de \u00ab vol de plusieurs millions de francs cfa \u00e0 la brigade \u00e9conomique et financi\u00e8re \u00bb. La principale accus\u00e9e dame Bissalou\u00e9 Dalila est condamn\u00e9e \u00e0 7ans de prison ferme. Au cours de l\u2019audience du [&hellip;]<\/p>\n","protected":false},"author":82,"featured_media":6998,"comment_status":"open","ping_status":"closed","sticky":false,"template":"","format":"standard","meta":{"footnotes":""},"categories":[21,11,10],"tags":[36,50,45],"class_list":["post-6999","post","type-post","status-publish","format-standard","has-post-thumbnail","hentry","category-communaute","category-homepage-french","category-toutes-les-actualites","tag-africa-press","tag-africa-press-benin","tag-benin"],"yoast_head":"<!-- This site is optimized with the Yoast SEO Premium plugin v26.1 (Yoast SEO v27.0) - https:\/\/yoast.com\/product\/yoast-seo-premium-wordpress\/ -->\n<title>Dossier vol \u00e0 la BEF: la principale accus\u00e9e condamn\u00e9e \u00e0 7 ans de prison - B\u00e9nin<\/title>\n<meta name=\"description\" content=\"La cour de r\u00e9pression des infractions \u00e9conomiques et du terrorisme (CRIET) a rendu son verdict dans le dossier de \u00ab vol ...\" \/>\n<meta name=\"robots\" content=\"index, follow, max-snippet:-1, max-image-preview:large, max-video-preview:-1\" \/>\n<link rel=\"canonical\" href=\"https:\/\/www.africa-press.net\/benin\/toutes-les-actualites\/dossier-vol-a-la-bef-la-principale-accusee-condamnee-a-7-ans-de-prison\" \/>\n<meta property=\"og:locale\" content=\"fr_FR\" \/>\n<meta property=\"og:type\" content=\"article\" \/>\n<meta property=\"og:title\" content=\"Dossier vol \u00e0 la BEF: la principale accus\u00e9e condamn\u00e9e \u00e0 7 ans de prison\" \/>\n<meta property=\"og:description\" content=\"La cour de r\u00e9pression des infractions \u00e9conomiques et du terrorisme (CRIET) a rendu son verdict dans le dossier de \u00ab vol ...\" \/>\n<meta property=\"og:url\" content=\"https:\/\/www.africa-press.net\/benin\/toutes-les-actualites\/dossier-vol-a-la-bef-la-principale-accusee-condamnee-a-7-ans-de-prison\" \/>\n<meta property=\"og:site_name\" content=\"B\u00e9nin\" \/>\n<meta property=\"article:published_time\" content=\"2022-07-18T15:41:15+00:00\" \/>\n<meta property=\"article:modified_time\" content=\"2022-07-18T15:53:50+00:00\" \/>\n<meta property=\"og:image\" content=\"https:\/\/static.africa-press.net\/benin\/sites\/46\/2022\/07\/postQueueImg_20-62d581f3a9052.jpg\" \/>\n\t<meta property=\"og:image:width\" content=\"1200\" \/>\n\t<meta property=\"og:image:height\" content=\"675\" \/>\n\t<meta property=\"og:image:type\" content=\"image\/jpeg\" \/>\n<meta name=\"author\" content=\"cfeditorfr\" \/>\n<meta name=\"twitter:card\" content=\"summary_large_image\" \/>\n<meta name=\"twitter:label1\" content=\"\u00c9crit par\" \/>\n\t<meta name=\"twitter:data1\" content=\"cfeditorfr\" \/>\n\t<meta name=\"twitter:label2\" content=\"Dur\u00e9e de lecture estim\u00e9e\" \/>\n\t<meta name=\"twitter:data2\" content=\"3 minutes\" \/>\n<script type=\"application\/ld+json\" class=\"yoast-schema-graph\">{\"@context\":\"https:\/\/schema.org\",\"@graph\":[{\"@type\":\"Article\",\"@id\":\"https:\/\/www.africa-press.net\/benin\/toutes-les-actualites\/dossier-vol-a-la-bef-la-principale-accusee-condamnee-a-7-ans-de-prison#article\",\"isPartOf\":{\"@id\":\"https:\/\/www.africa-press.net\/benin\/toutes-les-actualites\/dossier-vol-a-la-bef-la-principale-accusee-condamnee-a-7-ans-de-prison\"},\"author\":{\"name\":\"cfeditorfr\",\"@id\":\"https:\/\/www.africa-press.net\/benin\/#\/schema\/person\/2b1cf3cd81a31e3cd26889ca66d677f1\"},\"headline\":\"Dossier vol \u00e0 la BEF: la principale accus\u00e9e condamn\u00e9e \u00e0 7 ans de prison\",\"datePublished\":\"2022-07-18T15:41:15+00:00\",\"dateModified\":\"2022-07-18T15:53:50+00:00\",\"mainEntityOfPage\":{\"@id\":\"https:\/\/www.africa-press.net\/benin\/toutes-les-actualites\/dossier-vol-a-la-bef-la-principale-accusee-condamnee-a-7-ans-de-prison\"},\"wordCount\":649,\"commentCount\":0,\"image\":{\"@id\":\"https:\/\/www.africa-press.net\/benin\/toutes-les-actualites\/dossier-vol-a-la-bef-la-principale-accusee-condamnee-a-7-ans-de-prison#primaryimage\"},\"thumbnailUrl\":\"https:\/\/static.africa-press.net\/benin\/sites\/46\/2022\/07\/postQueueImg_20-62d581f3a9052.jpg\",\"keywords\":[\"Africa Press\",\"Africa Press-Benin\",\"B\u00e9nin\"],\"articleSection\":[\"Communaut\u00e9\",\"homepage-french\",\"Toutes les actualit\u00e9s\"],\"inLanguage\":\"fr-FR\",\"potentialAction\":[{\"@type\":\"CommentAction\",\"name\":\"Comment\",\"target\":[\"https:\/\/www.africa-press.net\/benin\/toutes-les-actualites\/dossier-vol-a-la-bef-la-principale-accusee-condamnee-a-7-ans-de-prison#respond\"]}]},{\"@type\":\"WebPage\",\"@id\":\"https:\/\/www.africa-press.net\/benin\/toutes-les-actualites\/dossier-vol-a-la-bef-la-principale-accusee-condamnee-a-7-ans-de-prison\",\"url\":\"https:\/\/www.africa-press.net\/benin\/toutes-les-actualites\/dossier-vol-a-la-bef-la-principale-accusee-condamnee-a-7-ans-de-prison\",\"name\":\"Dossier vol \u00e0 la BEF: la principale accus\u00e9e condamn\u00e9e \u00e0 7 ans de prison - B\u00e9nin\",\"isPartOf\":{\"@id\":\"https:\/\/www.africa-press.net\/benin\/#website\"},\"primaryImageOfPage\":{\"@id\":\"https:\/\/www.africa-press.net\/benin\/toutes-les-actualites\/dossier-vol-a-la-bef-la-principale-accusee-condamnee-a-7-ans-de-prison#primaryimage\"},\"image\":{\"@id\":\"https:\/\/www.africa-press.net\/benin\/toutes-les-actualites\/dossier-vol-a-la-bef-la-principale-accusee-condamnee-a-7-ans-de-prison#primaryimage\"},\"thumbnailUrl\":\"https:\/\/static.africa-press.net\/benin\/sites\/46\/2022\/07\/postQueueImg_20-62d581f3a9052.jpg\",\"datePublished\":\"2022-07-18T15:41:15+00:00\",\"dateModified\":\"2022-07-18T15:53:50+00:00\",\"author\":{\"@id\":\"https:\/\/www.africa-press.net\/benin\/#\/schema\/person\/2b1cf3cd81a31e3cd26889ca66d677f1\"},\"description\":\"La cour de r\u00e9pression des infractions \u00e9conomiques et du terrorisme (CRIET) a rendu son verdict dans le dossier de \u00ab vol ...\",\"breadcrumb\":{\"@id\":\"https:\/\/www.africa-press.net\/benin\/toutes-les-actualites\/dossier-vol-a-la-bef-la-principale-accusee-condamnee-a-7-ans-de-prison#breadcrumb\"},\"inLanguage\":\"fr-FR\",\"potentialAction\":[{\"@type\":\"ReadAction\",\"target\":[\"https:\/\/www.africa-press.net\/benin\/toutes-les-actualites\/dossier-vol-a-la-bef-la-principale-accusee-condamnee-a-7-ans-de-prison\"]}]},{\"@type\":\"ImageObject\",\"inLanguage\":\"fr-FR\",\"@id\":\"https:\/\/www.africa-press.net\/benin\/toutes-les-actualites\/dossier-vol-a-la-bef-la-principale-accusee-condamnee-a-7-ans-de-prison#primaryimage\",\"url\":\"https:\/\/static.africa-press.net\/benin\/sites\/46\/2022\/07\/postQueueImg_20-62d581f3a9052.jpg\",\"contentUrl\":\"https:\/\/static.africa-press.net\/benin\/sites\/46\/2022\/07\/postQueueImg_20-62d581f3a9052.jpg\",\"width\":1200,\"height\":675,\"caption\":\"Dossier vol \u00e0 la BEF: la principale accus\u00e9e condamn\u00e9e \u00e0 7 ans de prison\"},{\"@type\":\"BreadcrumbList\",\"@id\":\"https:\/\/www.africa-press.net\/benin\/toutes-les-actualites\/dossier-vol-a-la-bef-la-principale-accusee-condamnee-a-7-ans-de-prison#breadcrumb\",\"itemListElement\":[{\"@type\":\"ListItem\",\"position\":1,\"name\":\"Accueil\",\"item\":\"https:\/\/www.africa-press.net\/benin\/\"},{\"@type\":\"ListItem\",\"position\":2,\"name\":\"Dossier vol \u00e0 la BEF: la principale accus\u00e9e condamn\u00e9e \u00e0 7 ans de prison\"}]},{\"@type\":\"WebSite\",\"@id\":\"https:\/\/www.africa-press.net\/benin\/#website\",\"url\":\"https:\/\/www.africa-press.net\/benin\/\",\"name\":\"B\u00e9nin\",\"description\":\"Just another Africa News Agency Sites site\",\"potentialAction\":[{\"@type\":\"SearchAction\",\"target\":{\"@type\":\"EntryPoint\",\"urlTemplate\":\"https:\/\/www.africa-press.net\/benin\/?s={search_term_string}\"},\"query-input\":{\"@type\":\"PropertyValueSpecification\",\"valueRequired\":true,\"valueName\":\"search_term_string\"}}],\"inLanguage\":\"fr-FR\"},{\"@type\":\"Person\",\"@id\":\"https:\/\/www.africa-press.net\/benin\/#\/schema\/person\/2b1cf3cd81a31e3cd26889ca66d677f1\",\"name\":\"cfeditorfr\"}]}<\/script>\n<!-- \/ Yoast SEO Premium plugin. -->","yoast_head_json":{"title":"Dossier vol \u00e0 la BEF: la principale accus\u00e9e condamn\u00e9e \u00e0 7 ans de prison - B\u00e9nin","description":"La cour de r\u00e9pression des infractions \u00e9conomiques et du terrorisme (CRIET) a rendu son verdict dans le dossier de \u00ab vol ...","robots":{"index":"index","follow":"follow","max-snippet":"max-snippet:-1","max-image-preview":"max-image-preview:large","max-video-preview":"max-video-preview:-1"},"canonical":"https:\/\/www.africa-press.net\/benin\/toutes-les-actualites\/dossier-vol-a-la-bef-la-principale-accusee-condamnee-a-7-ans-de-prison","og_locale":"fr_FR","og_type":"article","og_title":"Dossier vol \u00e0 la BEF: la principale accus\u00e9e condamn\u00e9e \u00e0 7 ans de prison","og_description":"La cour de r\u00e9pression des infractions \u00e9conomiques et du terrorisme (CRIET) a rendu son verdict dans le dossier de \u00ab vol ...","og_url":"https:\/\/www.africa-press.net\/benin\/toutes-les-actualites\/dossier-vol-a-la-bef-la-principale-accusee-condamnee-a-7-ans-de-prison","og_site_name":"B\u00e9nin","article_published_time":"2022-07-18T15:41:15+00:00","article_modified_time":"2022-07-18T15:53:50+00:00","og_image":[{"width":1200,"height":675,"url":"https:\/\/static.africa-press.net\/benin\/sites\/46\/2022\/07\/postQueueImg_20-62d581f3a9052.jpg","type":"image\/jpeg"}],"author":"cfeditorfr","twitter_card":"summary_large_image","twitter_misc":{"\u00c9crit par":"cfeditorfr","Dur\u00e9e de lecture estim\u00e9e":"3 minutes"},"schema":{"@context":"https:\/\/schema.org","@graph":[{"@type":"Article","@id":"https:\/\/www.africa-press.net\/benin\/toutes-les-actualites\/dossier-vol-a-la-bef-la-principale-accusee-condamnee-a-7-ans-de-prison#article","isPartOf":{"@id":"https:\/\/www.africa-press.net\/benin\/toutes-les-actualites\/dossier-vol-a-la-bef-la-principale-accusee-condamnee-a-7-ans-de-prison"},"author":{"name":"cfeditorfr","@id":"https:\/\/www.africa-press.net\/benin\/#\/schema\/person\/2b1cf3cd81a31e3cd26889ca66d677f1"},"headline":"Dossier vol \u00e0 la BEF: la principale accus\u00e9e condamn\u00e9e \u00e0 7 ans de prison","datePublished":"2022-07-18T15:41:15+00:00","dateModified":"2022-07-18T15:53:50+00:00","mainEntityOfPage":{"@id":"https:\/\/www.africa-press.net\/benin\/toutes-les-actualites\/dossier-vol-a-la-bef-la-principale-accusee-condamnee-a-7-ans-de-prison"},"wordCount":649,"commentCount":0,"image":{"@id":"https:\/\/www.africa-press.net\/benin\/toutes-les-actualites\/dossier-vol-a-la-bef-la-principale-accusee-condamnee-a-7-ans-de-prison#primaryimage"},"thumbnailUrl":"https:\/\/static.africa-press.net\/benin\/sites\/46\/2022\/07\/postQueueImg_20-62d581f3a9052.jpg","keywords":["Africa Press","Africa Press-Benin","B\u00e9nin"],"articleSection":["Communaut\u00e9","homepage-french","Toutes les actualit\u00e9s"],"inLanguage":"fr-FR","potentialAction":[{"@type":"CommentAction","name":"Comment","target":["https:\/\/www.africa-press.net\/benin\/toutes-les-actualites\/dossier-vol-a-la-bef-la-principale-accusee-condamnee-a-7-ans-de-prison#respond"]}]},{"@type":"WebPage","@id":"https:\/\/www.africa-press.net\/benin\/toutes-les-actualites\/dossier-vol-a-la-bef-la-principale-accusee-condamnee-a-7-ans-de-prison","url":"https:\/\/www.africa-press.net\/benin\/toutes-les-actualites\/dossier-vol-a-la-bef-la-principale-accusee-condamnee-a-7-ans-de-prison","name":"Dossier vol \u00e0 la BEF: la principale accus\u00e9e condamn\u00e9e \u00e0 7 ans de prison - B\u00e9nin","isPartOf":{"@id":"https:\/\/www.africa-press.net\/benin\/#website"},"primaryImageOfPage":{"@id":"https:\/\/www.africa-press.net\/benin\/toutes-les-actualites\/dossier-vol-a-la-bef-la-principale-accusee-condamnee-a-7-ans-de-prison#primaryimage"},"image":{"@id":"https:\/\/www.africa-press.net\/benin\/toutes-les-actualites\/dossier-vol-a-la-bef-la-principale-accusee-condamnee-a-7-ans-de-prison#primaryimage"},"thumbnailUrl":"https:\/\/static.africa-press.net\/benin\/sites\/46\/2022\/07\/postQueueImg_20-62d581f3a9052.jpg","datePublished":"2022-07-18T15:41:15+00:00","dateModified":"2022-07-18T15:53:50+00:00","author":{"@id":"https:\/\/www.africa-press.net\/benin\/#\/schema\/person\/2b1cf3cd81a31e3cd26889ca66d677f1"},"description":"La cour de r\u00e9pression des infractions \u00e9conomiques et du terrorisme (CRIET) a rendu son verdict dans le dossier de \u00ab vol ...","breadcrumb":{"@id":"https:\/\/www.africa-press.net\/benin\/toutes-les-actualites\/dossier-vol-a-la-bef-la-principale-accusee-condamnee-a-7-ans-de-prison#breadcrumb"},"inLanguage":"fr-FR","potentialAction":[{"@type":"ReadAction","target":["https:\/\/www.africa-press.net\/benin\/toutes-les-actualites\/dossier-vol-a-la-bef-la-principale-accusee-condamnee-a-7-ans-de-prison"]}]},{"@type":"ImageObject","inLanguage":"fr-FR","@id":"https:\/\/www.africa-press.net\/benin\/toutes-les-actualites\/dossier-vol-a-la-bef-la-principale-accusee-condamnee-a-7-ans-de-prison#primaryimage","url":"https:\/\/static.africa-press.net\/benin\/sites\/46\/2022\/07\/postQueueImg_20-62d581f3a9052.jpg","contentUrl":"https:\/\/static.africa-press.net\/benin\/sites\/46\/2022\/07\/postQueueImg_20-62d581f3a9052.jpg","width":1200,"height":675,"caption":"Dossier vol \u00e0 la BEF: la principale accus\u00e9e condamn\u00e9e \u00e0 7 ans de prison"},{"@type":"BreadcrumbList","@id":"https:\/\/www.africa-press.net\/benin\/toutes-les-actualites\/dossier-vol-a-la-bef-la-principale-accusee-condamnee-a-7-ans-de-prison#breadcrumb","itemListElement":[{"@type":"ListItem","position":1,"name":"Accueil","item":"https:\/\/www.africa-press.net\/benin\/"},{"@type":"ListItem","position":2,"name":"Dossier vol \u00e0 la BEF: la principale accus\u00e9e condamn\u00e9e \u00e0 7 ans de prison"}]},{"@type":"WebSite","@id":"https:\/\/www.africa-press.net\/benin\/#website","url":"https:\/\/www.africa-press.net\/benin\/","name":"B\u00e9nin","description":"Just another Africa News Agency Sites site","potentialAction":[{"@type":"SearchAction","target":{"@type":"EntryPoint","urlTemplate":"https:\/\/www.africa-press.net\/benin\/?s={search_term_string}"},"query-input":{"@type":"PropertyValueSpecification","valueRequired":true,"valueName":"search_term_string"}}],"inLanguage":"fr-FR"},{"@type":"Person","@id":"https:\/\/www.africa-press.net\/benin\/#\/schema\/person\/2b1cf3cd81a31e3cd26889ca66d677f1","name":"cfeditorfr"}]}},"_links":{"self":[{"href":"https:\/\/www.africa-press.net\/benin\/wp-json\/wp\/v2\/posts\/6999","targetHints":{"allow":["GET"]}}],"collection":[{"href":"https:\/\/www.africa-press.net\/benin\/wp-json\/wp\/v2\/posts"}],"about":[{"href":"https:\/\/www.africa-press.net\/benin\/wp-json\/wp\/v2\/types\/post"}],"author":[{"embeddable":true,"href":"https:\/\/www.africa-press.net\/benin\/wp-json\/wp\/v2\/users\/82"}],"replies":[{"embeddable":true,"href":"https:\/\/www.africa-press.net\/benin\/wp-json\/wp\/v2\/comments?post=6999"}],"version-history":[{"count":0,"href":"https:\/\/www.africa-press.net\/benin\/wp-json\/wp\/v2\/posts\/6999\/revisions"}],"wp:featuredmedia":[{"embeddable":true,"href":"https:\/\/www.africa-press.net\/benin\/wp-json\/wp\/v2\/media\/6998"}],"wp:attachment":[{"href":"https:\/\/www.africa-press.net\/benin\/wp-json\/wp\/v2\/media?parent=6999"}],"wp:term":[{"taxonomy":"category","embeddable":true,"href":"https:\/\/www.africa-press.net\/benin\/wp-json\/wp\/v2\/categories?post=6999"},{"taxonomy":"post_tag","embeddable":true,"href":"https:\/\/www.africa-press.net\/benin\/wp-json\/wp\/v2\/tags?post=6999"}],"curies":[{"name":"wp","href":"https:\/\/api.w.org\/{rel}","templated":true}]}}