{"id":7005,"date":"2022-07-18T15:41:22","date_gmt":"2022-07-18T15:41:22","guid":{"rendered":"https:\/\/www.africa-press.net\/benin\/politique\/legislatives-2023-la-cena-rend-disponible-la-liste-des-pieces-constitutives-de-candidature"},"modified":"2022-07-18T15:54:59","modified_gmt":"2022-07-18T15:54:59","slug":"legislatives-2023-la-cena-rend-disponible-la-liste-des-pieces-constitutives-de-candidature","status":"publish","type":"post","link":"https:\/\/www.africa-press.net\/benin\/politique\/legislatives-2023-la-cena-rend-disponible-la-liste-des-pieces-constitutives-de-candidature","title":{"rendered":"L\u00e9gislatives 2023: la cena rend disponible la liste des pi\u00e8ces constitutives de candidature"},"content":{"rendered":"<p><span style=\"color: #ff6600\"><strong>Africa-Press &#8211; Benin. <\/strong><\/span>Les partis politiques et potentiels candidats aux \u00e9lections l\u00e9gislatives de 2023 savent d\u00e9sormais \u00e0 quoi s\u2019en tenir dans la constitution de leur dossier de candidature. La commission \u00e9lectorale nationale autonome (CENA) a rendu public les pi\u00e8ces constitutives du dossier de candidature.<\/p>\n<p>Par une d\u00e9cision en date du vendredi 15 Juillet 2022, la commission \u00e9lectorale nationale autonome (CENA) a rendu public les pi\u00e8ces constitutives du dossier de d\u00e9claration de candidature aux \u00e9lections des membres de l\u2019assembl\u00e9e nationale, neuvi\u00e8me l\u00e9gislature.<\/p>\n<p>Dans sa d\u00e9cision, la commission \u00e9lectorale nationale autonome (CENA) a sp\u00e9cifi\u00e9 les dossiers \u00e0 fournir aussi bien par les partis politiques en lice pour ces \u00e9lections mais aussi les dossiers par candidat.<\/p>\n<p>La liste des pi\u00e8ces \u00e0 constituer dans le cadre de la constitution de dossier de candidature pour les l\u00e9gislatives de 2023 se pr\u00e9sente comme suit:<\/p>\n\r\n                <style type=\"text\/css\">\r\n                    \r\n                    #td_uid_1_69eee11d23d1e  .td-doubleSlider-2 .td-item1 {\r\n                        background: url(https:\/\/static.africa-press.net\/benin\/sites\/46\/2022\/07\/postMediaimg_21_1-80x60.jpg) 0 0 no-repeat;\r\n                    }\r\n                    #td_uid_1_69eee11d23d1e  .td-doubleSlider-2 .td-item2 {\r\n                        background: url(https:\/\/static.africa-press.net\/benin\/sites\/46\/2022\/07\/postMediaimg_21_2-80x60.jpg) 0 0 no-repeat;\r\n                    }\r\n                    #td_uid_1_69eee11d23d1e  .td-doubleSlider-2 .td-item3 {\r\n                        background: url(https:\/\/static.africa-press.net\/benin\/sites\/46\/2022\/07\/postMediaimg_21_3-80x60.jpg) 0 0 no-repeat;\r\n                    }\r\n                <\/style>\r\n\r\n                <div id=\"td_uid_1_69eee11d23d1e\" class=\"td-gallery td-slide-on-2-columns\">\r\n                    <div class=\"post_td_gallery\">\r\n                        <div class=\"td-gallery-slide-top\">\r\n                           <div class=\"td-gallery-title\"><\/div>\r\n\r\n                            <div class=\"td-gallery-controls-wrapper\">\r\n                                <div class=\"td-gallery-slide-count\"><span class=\"td-gallery-slide-item-focus\">1<\/span> de 3<\/div>\r\n                                <div class=\"td-gallery-slide-prev-next-but\">\r\n                                    <i class = \"td-icon-left doubleSliderPrevButton\"><\/i>\r\n                                    <i class = \"td-icon-right doubleSliderNextButton\"><\/i>\r\n                                <\/div>\r\n                            <\/div>\r\n                        <\/div>\r\n\r\n                        <div class = \"td-doubleSlider-1 \">\r\n                            <div class = \"td-slider\">\r\n                                \r\n                    <div class = \"td-slide-item td-item1\">\r\n                        <figure class=\"td-slide-galery-figure td-slide-popup-gallery\">\r\n                            <a class=\"slide-gallery-image-link\" href=\"https:\/\/static.africa-press.net\/benin\/sites\/46\/2022\/07\/postMediaimg_21_1.jpg\" title=\"postMediaimg_21_1\"  data-caption=\"\"  data-description=\"\">\r\n                                <img decoding=\"async\" src=\"https:\/\/static.africa-press.net\/benin\/sites\/46\/2022\/07\/postMediaimg_21_1.jpg\" srcset=\"https:\/\/static.africa-press.net\/benin\/sites\/46\/2022\/07\/postMediaimg_21_1.jpg 698w, https:\/\/static.africa-press.net\/benin\/sites\/46\/2022\/07\/postMediaimg_21_1-218x300.jpg 218w\" sizes=\"(max-width: 698px) 100vw, 698px\" alt=\"\">\r\n                            <\/a>\r\n                            \r\n                        <\/figure>\r\n                    <\/div>\r\n                    <div class = \"td-slide-item td-item2\">\r\n                        <figure class=\"td-slide-galery-figure td-slide-popup-gallery\">\r\n                            <a class=\"slide-gallery-image-link\" href=\"https:\/\/static.africa-press.net\/benin\/sites\/46\/2022\/07\/postMediaimg_21_2.jpg\" title=\"postMediaimg_21_2\"  data-caption=\"\"  data-description=\"\">\r\n                                <img decoding=\"async\" src=\"https:\/\/static.africa-press.net\/benin\/sites\/46\/2022\/07\/postMediaimg_21_2.jpg\" srcset=\"https:\/\/static.africa-press.net\/benin\/sites\/46\/2022\/07\/postMediaimg_21_2.jpg 703w, https:\/\/static.africa-press.net\/benin\/sites\/46\/2022\/07\/postMediaimg_21_2-220x300.jpg 220w\" sizes=\"(max-width: 703px) 100vw, 703px\" alt=\"\">\r\n                            <\/a>\r\n                            \r\n                        <\/figure>\r\n                    <\/div>\r\n                    <div class = \"td-slide-item td-item3\">\r\n                        <figure class=\"td-slide-galery-figure td-slide-popup-gallery\">\r\n                            <a class=\"slide-gallery-image-link\" href=\"https:\/\/static.africa-press.net\/benin\/sites\/46\/2022\/07\/postMediaimg_21_3.jpg\" title=\"postMediaimg_21_3\"  data-caption=\"\"  data-description=\"\">\r\n                                <img decoding=\"async\" src=\"https:\/\/static.africa-press.net\/benin\/sites\/46\/2022\/07\/postMediaimg_21_3.jpg\" srcset=\"https:\/\/static.africa-press.net\/benin\/sites\/46\/2022\/07\/postMediaimg_21_3.jpg 745w, https:\/\/static.africa-press.net\/benin\/sites\/46\/2022\/07\/postMediaimg_21_3-218x300.jpg 218w\" sizes=\"(max-width: 745px) 100vw, 745px\" alt=\"\">\r\n                            <\/a>\r\n                            \r\n                        <\/figure>\r\n                    <\/div>\r\n                            <\/div>\r\n                        <\/div>\r\n\r\n                        <div class = \"td-doubleSlider-2\">\r\n                            <div class = \"td-slider\">\r\n                                \r\n                    <div class = \"td-button td-item1\">\r\n                        <div class = \"td-border\"><\/div>\r\n                    <\/div>\r\n                    <div class = \"td-button td-item2\">\r\n                        <div class = \"td-border\"><\/div>\r\n                    <\/div>\r\n                    <div class = \"td-button td-item3\">\r\n                        <div class = \"td-border\"><\/div>\r\n                    <\/div>\r\n                            <\/div>\r\n                        <\/div>\r\n\r\n                    <\/div>\r\n\r\n                <\/div>\r\n                \n<p><strong>Pour plus d&rsquo;informations et d&rsquo;analyses sur la <a href=\"https:\/\/www.africa-press.net\/benin\">Benin<\/a>, suivez <a href=\"https:\/\/www.africa-press.net\/\">Africa-Press<\/a><\/strong><\/p>\n","protected":false},"excerpt":{"rendered":"<p>Africa-Press &#8211; Benin. Les partis politiques et potentiels candidats aux \u00e9lections l\u00e9gislatives de 2023 savent d\u00e9sormais \u00e0 quoi s\u2019en tenir dans la constitution de leur dossier de candidature. La commission \u00e9lectorale nationale autonome (CENA) a rendu public les pi\u00e8ces constitutives du dossier de candidature. Par une d\u00e9cision en date du vendredi 15 Juillet 2022, la [&hellip;]<\/p>\n","protected":false},"author":82,"featured_media":7004,"comment_status":"open","ping_status":"closed","sticky":false,"template":"","format":"standard","meta":{"footnotes":""},"categories":[11,2,10],"tags":[36,50,45],"class_list":["post-7005","post","type-post","status-publish","format-standard","has-post-thumbnail","hentry","category-homepage-french","category-politique","category-toutes-les-actualites","tag-africa-press","tag-africa-press-benin","tag-benin"],"yoast_head":"<!-- This site is optimized with the Yoast SEO Premium plugin v26.1 (Yoast SEO v27.0) - https:\/\/yoast.com\/product\/yoast-seo-premium-wordpress\/ -->\n<title>L\u00e9gislatives 2023: la cena rend disponible la liste des pi\u00e8ces constitutives de candidature - B\u00e9nin<\/title>\n<meta name=\"description\" content=\"Les partis politiques et potentiels candidats aux \u00e9lections l\u00e9gislatives de 2023 savent d\u00e9sormais \u00e0 quoi s\u2019en tenir dans ...\" \/>\n<meta name=\"robots\" content=\"index, follow, max-snippet:-1, max-image-preview:large, max-video-preview:-1\" \/>\n<link rel=\"canonical\" href=\"https:\/\/www.africa-press.net\/benin\/politique\/legislatives-2023-la-cena-rend-disponible-la-liste-des-pieces-constitutives-de-candidature\" \/>\n<meta property=\"og:locale\" content=\"fr_FR\" \/>\n<meta property=\"og:type\" content=\"article\" \/>\n<meta property=\"og:title\" content=\"L\u00e9gislatives 2023: la cena rend disponible la liste des pi\u00e8ces constitutives de candidature\" \/>\n<meta property=\"og:description\" content=\"Les partis politiques et potentiels candidats aux \u00e9lections l\u00e9gislatives de 2023 savent d\u00e9sormais \u00e0 quoi s\u2019en tenir dans ...\" \/>\n<meta property=\"og:url\" content=\"https:\/\/www.africa-press.net\/benin\/politique\/legislatives-2023-la-cena-rend-disponible-la-liste-des-pieces-constitutives-de-candidature\" \/>\n<meta property=\"og:site_name\" content=\"B\u00e9nin\" \/>\n<meta property=\"article:published_time\" content=\"2022-07-18T15:41:22+00:00\" \/>\n<meta property=\"article:modified_time\" content=\"2022-07-18T15:54:59+00:00\" \/>\n<meta property=\"og:image\" content=\"https:\/\/static.africa-press.net\/benin\/sites\/46\/2022\/07\/postQueueImg_21-62d582321af0c.jpg\" \/>\n\t<meta property=\"og:image:width\" content=\"1200\" \/>\n\t<meta property=\"og:image:height\" content=\"800\" \/>\n\t<meta property=\"og:image:type\" content=\"image\/jpeg\" \/>\n<meta name=\"author\" content=\"cfeditorfr\" \/>\n<meta name=\"twitter:card\" content=\"summary_large_image\" \/>\n<meta name=\"twitter:label1\" content=\"\u00c9crit par\" \/>\n\t<meta name=\"twitter:data1\" content=\"cfeditorfr\" \/>\n\t<meta name=\"twitter:label2\" content=\"Dur\u00e9e de lecture estim\u00e9e\" \/>\n\t<meta name=\"twitter:data2\" content=\"1 minute\" \/>\n<script type=\"application\/ld+json\" class=\"yoast-schema-graph\">{\"@context\":\"https:\/\/schema.org\",\"@graph\":[{\"@type\":\"Article\",\"@id\":\"https:\/\/www.africa-press.net\/benin\/politique\/legislatives-2023-la-cena-rend-disponible-la-liste-des-pieces-constitutives-de-candidature#article\",\"isPartOf\":{\"@id\":\"https:\/\/www.africa-press.net\/benin\/politique\/legislatives-2023-la-cena-rend-disponible-la-liste-des-pieces-constitutives-de-candidature\"},\"author\":{\"name\":\"cfeditorfr\",\"@id\":\"https:\/\/www.africa-press.net\/benin\/#\/schema\/person\/2b1cf3cd81a31e3cd26889ca66d677f1\"},\"headline\":\"L\u00e9gislatives 2023: la cena rend disponible la liste des pi\u00e8ces constitutives de candidature\",\"datePublished\":\"2022-07-18T15:41:22+00:00\",\"dateModified\":\"2022-07-18T15:54:59+00:00\",\"mainEntityOfPage\":{\"@id\":\"https:\/\/www.africa-press.net\/benin\/politique\/legislatives-2023-la-cena-rend-disponible-la-liste-des-pieces-constitutives-de-candidature\"},\"wordCount\":183,\"commentCount\":0,\"image\":{\"@id\":\"https:\/\/www.africa-press.net\/benin\/politique\/legislatives-2023-la-cena-rend-disponible-la-liste-des-pieces-constitutives-de-candidature#primaryimage\"},\"thumbnailUrl\":\"https:\/\/static.africa-press.net\/benin\/sites\/46\/2022\/07\/postQueueImg_21-62d582321af0c.jpg\",\"keywords\":[\"Africa Press\",\"Africa Press-Benin\",\"B\u00e9nin\"],\"articleSection\":[\"homepage-french\",\"Politique\",\"Toutes les actualit\u00e9s\"],\"inLanguage\":\"fr-FR\",\"potentialAction\":[{\"@type\":\"CommentAction\",\"name\":\"Comment\",\"target\":[\"https:\/\/www.africa-press.net\/benin\/politique\/legislatives-2023-la-cena-rend-disponible-la-liste-des-pieces-constitutives-de-candidature#respond\"]}]},{\"@type\":\"WebPage\",\"@id\":\"https:\/\/www.africa-press.net\/benin\/politique\/legislatives-2023-la-cena-rend-disponible-la-liste-des-pieces-constitutives-de-candidature\",\"url\":\"https:\/\/www.africa-press.net\/benin\/politique\/legislatives-2023-la-cena-rend-disponible-la-liste-des-pieces-constitutives-de-candidature\",\"name\":\"L\u00e9gislatives 2023: la cena rend disponible la liste des pi\u00e8ces constitutives de candidature - B\u00e9nin\",\"isPartOf\":{\"@id\":\"https:\/\/www.africa-press.net\/benin\/#website\"},\"primaryImageOfPage\":{\"@id\":\"https:\/\/www.africa-press.net\/benin\/politique\/legislatives-2023-la-cena-rend-disponible-la-liste-des-pieces-constitutives-de-candidature#primaryimage\"},\"image\":{\"@id\":\"https:\/\/www.africa-press.net\/benin\/politique\/legislatives-2023-la-cena-rend-disponible-la-liste-des-pieces-constitutives-de-candidature#primaryimage\"},\"thumbnailUrl\":\"https:\/\/static.africa-press.net\/benin\/sites\/46\/2022\/07\/postQueueImg_21-62d582321af0c.jpg\",\"datePublished\":\"2022-07-18T15:41:22+00:00\",\"dateModified\":\"2022-07-18T15:54:59+00:00\",\"author\":{\"@id\":\"https:\/\/www.africa-press.net\/benin\/#\/schema\/person\/2b1cf3cd81a31e3cd26889ca66d677f1\"},\"description\":\"Les partis politiques et potentiels candidats aux \u00e9lections l\u00e9gislatives de 2023 savent d\u00e9sormais \u00e0 quoi s\u2019en tenir dans ...\",\"breadcrumb\":{\"@id\":\"https:\/\/www.africa-press.net\/benin\/politique\/legislatives-2023-la-cena-rend-disponible-la-liste-des-pieces-constitutives-de-candidature#breadcrumb\"},\"inLanguage\":\"fr-FR\",\"potentialAction\":[{\"@type\":\"ReadAction\",\"target\":[\"https:\/\/www.africa-press.net\/benin\/politique\/legislatives-2023-la-cena-rend-disponible-la-liste-des-pieces-constitutives-de-candidature\"]}]},{\"@type\":\"ImageObject\",\"inLanguage\":\"fr-FR\",\"@id\":\"https:\/\/www.africa-press.net\/benin\/politique\/legislatives-2023-la-cena-rend-disponible-la-liste-des-pieces-constitutives-de-candidature#primaryimage\",\"url\":\"https:\/\/static.africa-press.net\/benin\/sites\/46\/2022\/07\/postQueueImg_21-62d582321af0c.jpg\",\"contentUrl\":\"https:\/\/static.africa-press.net\/benin\/sites\/46\/2022\/07\/postQueueImg_21-62d582321af0c.jpg\",\"width\":1200,\"height\":800,\"caption\":\"L\u00e9gislatives 2023: la cena rend disponible la liste des pi\u00e8ces constitutives de candidature\"},{\"@type\":\"BreadcrumbList\",\"@id\":\"https:\/\/www.africa-press.net\/benin\/politique\/legislatives-2023-la-cena-rend-disponible-la-liste-des-pieces-constitutives-de-candidature#breadcrumb\",\"itemListElement\":[{\"@type\":\"ListItem\",\"position\":1,\"name\":\"Accueil\",\"item\":\"https:\/\/www.africa-press.net\/benin\/\"},{\"@type\":\"ListItem\",\"position\":2,\"name\":\"L\u00e9gislatives 2023: la cena rend disponible la liste des pi\u00e8ces constitutives de candidature\"}]},{\"@type\":\"WebSite\",\"@id\":\"https:\/\/www.africa-press.net\/benin\/#website\",\"url\":\"https:\/\/www.africa-press.net\/benin\/\",\"name\":\"B\u00e9nin\",\"description\":\"Just another Africa News Agency Sites site\",\"potentialAction\":[{\"@type\":\"SearchAction\",\"target\":{\"@type\":\"EntryPoint\",\"urlTemplate\":\"https:\/\/www.africa-press.net\/benin\/?s={search_term_string}\"},\"query-input\":{\"@type\":\"PropertyValueSpecification\",\"valueRequired\":true,\"valueName\":\"search_term_string\"}}],\"inLanguage\":\"fr-FR\"},{\"@type\":\"Person\",\"@id\":\"https:\/\/www.africa-press.net\/benin\/#\/schema\/person\/2b1cf3cd81a31e3cd26889ca66d677f1\",\"name\":\"cfeditorfr\"}]}<\/script>\n<!-- \/ Yoast SEO Premium plugin. -->","yoast_head_json":{"title":"L\u00e9gislatives 2023: la cena rend disponible la liste des pi\u00e8ces constitutives de candidature - B\u00e9nin","description":"Les partis politiques et potentiels candidats aux \u00e9lections l\u00e9gislatives de 2023 savent d\u00e9sormais \u00e0 quoi s\u2019en tenir dans ...","robots":{"index":"index","follow":"follow","max-snippet":"max-snippet:-1","max-image-preview":"max-image-preview:large","max-video-preview":"max-video-preview:-1"},"canonical":"https:\/\/www.africa-press.net\/benin\/politique\/legislatives-2023-la-cena-rend-disponible-la-liste-des-pieces-constitutives-de-candidature","og_locale":"fr_FR","og_type":"article","og_title":"L\u00e9gislatives 2023: la cena rend disponible la liste des pi\u00e8ces constitutives de candidature","og_description":"Les partis politiques et potentiels candidats aux \u00e9lections l\u00e9gislatives de 2023 savent d\u00e9sormais \u00e0 quoi s\u2019en tenir dans ...","og_url":"https:\/\/www.africa-press.net\/benin\/politique\/legislatives-2023-la-cena-rend-disponible-la-liste-des-pieces-constitutives-de-candidature","og_site_name":"B\u00e9nin","article_published_time":"2022-07-18T15:41:22+00:00","article_modified_time":"2022-07-18T15:54:59+00:00","og_image":[{"width":1200,"height":800,"url":"https:\/\/static.africa-press.net\/benin\/sites\/46\/2022\/07\/postQueueImg_21-62d582321af0c.jpg","type":"image\/jpeg"}],"author":"cfeditorfr","twitter_card":"summary_large_image","twitter_misc":{"\u00c9crit par":"cfeditorfr","Dur\u00e9e de lecture estim\u00e9e":"1 minute"},"schema":{"@context":"https:\/\/schema.org","@graph":[{"@type":"Article","@id":"https:\/\/www.africa-press.net\/benin\/politique\/legislatives-2023-la-cena-rend-disponible-la-liste-des-pieces-constitutives-de-candidature#article","isPartOf":{"@id":"https:\/\/www.africa-press.net\/benin\/politique\/legislatives-2023-la-cena-rend-disponible-la-liste-des-pieces-constitutives-de-candidature"},"author":{"name":"cfeditorfr","@id":"https:\/\/www.africa-press.net\/benin\/#\/schema\/person\/2b1cf3cd81a31e3cd26889ca66d677f1"},"headline":"L\u00e9gislatives 2023: la cena rend disponible la liste des pi\u00e8ces constitutives de candidature","datePublished":"2022-07-18T15:41:22+00:00","dateModified":"2022-07-18T15:54:59+00:00","mainEntityOfPage":{"@id":"https:\/\/www.africa-press.net\/benin\/politique\/legislatives-2023-la-cena-rend-disponible-la-liste-des-pieces-constitutives-de-candidature"},"wordCount":183,"commentCount":0,"image":{"@id":"https:\/\/www.africa-press.net\/benin\/politique\/legislatives-2023-la-cena-rend-disponible-la-liste-des-pieces-constitutives-de-candidature#primaryimage"},"thumbnailUrl":"https:\/\/static.africa-press.net\/benin\/sites\/46\/2022\/07\/postQueueImg_21-62d582321af0c.jpg","keywords":["Africa Press","Africa Press-Benin","B\u00e9nin"],"articleSection":["homepage-french","Politique","Toutes les actualit\u00e9s"],"inLanguage":"fr-FR","potentialAction":[{"@type":"CommentAction","name":"Comment","target":["https:\/\/www.africa-press.net\/benin\/politique\/legislatives-2023-la-cena-rend-disponible-la-liste-des-pieces-constitutives-de-candidature#respond"]}]},{"@type":"WebPage","@id":"https:\/\/www.africa-press.net\/benin\/politique\/legislatives-2023-la-cena-rend-disponible-la-liste-des-pieces-constitutives-de-candidature","url":"https:\/\/www.africa-press.net\/benin\/politique\/legislatives-2023-la-cena-rend-disponible-la-liste-des-pieces-constitutives-de-candidature","name":"L\u00e9gislatives 2023: la cena rend disponible la liste des pi\u00e8ces constitutives de candidature - B\u00e9nin","isPartOf":{"@id":"https:\/\/www.africa-press.net\/benin\/#website"},"primaryImageOfPage":{"@id":"https:\/\/www.africa-press.net\/benin\/politique\/legislatives-2023-la-cena-rend-disponible-la-liste-des-pieces-constitutives-de-candidature#primaryimage"},"image":{"@id":"https:\/\/www.africa-press.net\/benin\/politique\/legislatives-2023-la-cena-rend-disponible-la-liste-des-pieces-constitutives-de-candidature#primaryimage"},"thumbnailUrl":"https:\/\/static.africa-press.net\/benin\/sites\/46\/2022\/07\/postQueueImg_21-62d582321af0c.jpg","datePublished":"2022-07-18T15:41:22+00:00","dateModified":"2022-07-18T15:54:59+00:00","author":{"@id":"https:\/\/www.africa-press.net\/benin\/#\/schema\/person\/2b1cf3cd81a31e3cd26889ca66d677f1"},"description":"Les partis politiques et potentiels candidats aux \u00e9lections l\u00e9gislatives de 2023 savent d\u00e9sormais \u00e0 quoi s\u2019en tenir dans ...","breadcrumb":{"@id":"https:\/\/www.africa-press.net\/benin\/politique\/legislatives-2023-la-cena-rend-disponible-la-liste-des-pieces-constitutives-de-candidature#breadcrumb"},"inLanguage":"fr-FR","potentialAction":[{"@type":"ReadAction","target":["https:\/\/www.africa-press.net\/benin\/politique\/legislatives-2023-la-cena-rend-disponible-la-liste-des-pieces-constitutives-de-candidature"]}]},{"@type":"ImageObject","inLanguage":"fr-FR","@id":"https:\/\/www.africa-press.net\/benin\/politique\/legislatives-2023-la-cena-rend-disponible-la-liste-des-pieces-constitutives-de-candidature#primaryimage","url":"https:\/\/static.africa-press.net\/benin\/sites\/46\/2022\/07\/postQueueImg_21-62d582321af0c.jpg","contentUrl":"https:\/\/static.africa-press.net\/benin\/sites\/46\/2022\/07\/postQueueImg_21-62d582321af0c.jpg","width":1200,"height":800,"caption":"L\u00e9gislatives 2023: la cena rend disponible la liste des pi\u00e8ces constitutives de candidature"},{"@type":"BreadcrumbList","@id":"https:\/\/www.africa-press.net\/benin\/politique\/legislatives-2023-la-cena-rend-disponible-la-liste-des-pieces-constitutives-de-candidature#breadcrumb","itemListElement":[{"@type":"ListItem","position":1,"name":"Accueil","item":"https:\/\/www.africa-press.net\/benin\/"},{"@type":"ListItem","position":2,"name":"L\u00e9gislatives 2023: la cena rend disponible la liste des pi\u00e8ces constitutives de candidature"}]},{"@type":"WebSite","@id":"https:\/\/www.africa-press.net\/benin\/#website","url":"https:\/\/www.africa-press.net\/benin\/","name":"B\u00e9nin","description":"Just another Africa News Agency Sites site","potentialAction":[{"@type":"SearchAction","target":{"@type":"EntryPoint","urlTemplate":"https:\/\/www.africa-press.net\/benin\/?s={search_term_string}"},"query-input":{"@type":"PropertyValueSpecification","valueRequired":true,"valueName":"search_term_string"}}],"inLanguage":"fr-FR"},{"@type":"Person","@id":"https:\/\/www.africa-press.net\/benin\/#\/schema\/person\/2b1cf3cd81a31e3cd26889ca66d677f1","name":"cfeditorfr"}]}},"_links":{"self":[{"href":"https:\/\/www.africa-press.net\/benin\/wp-json\/wp\/v2\/posts\/7005","targetHints":{"allow":["GET"]}}],"collection":[{"href":"https:\/\/www.africa-press.net\/benin\/wp-json\/wp\/v2\/posts"}],"about":[{"href":"https:\/\/www.africa-press.net\/benin\/wp-json\/wp\/v2\/types\/post"}],"author":[{"embeddable":true,"href":"https:\/\/www.africa-press.net\/benin\/wp-json\/wp\/v2\/users\/82"}],"replies":[{"embeddable":true,"href":"https:\/\/www.africa-press.net\/benin\/wp-json\/wp\/v2\/comments?post=7005"}],"version-history":[{"count":0,"href":"https:\/\/www.africa-press.net\/benin\/wp-json\/wp\/v2\/posts\/7005\/revisions"}],"wp:featuredmedia":[{"embeddable":true,"href":"https:\/\/www.africa-press.net\/benin\/wp-json\/wp\/v2\/media\/7004"}],"wp:attachment":[{"href":"https:\/\/www.africa-press.net\/benin\/wp-json\/wp\/v2\/media?parent=7005"}],"wp:term":[{"taxonomy":"category","embeddable":true,"href":"https:\/\/www.africa-press.net\/benin\/wp-json\/wp\/v2\/categories?post=7005"},{"taxonomy":"post_tag","embeddable":true,"href":"https:\/\/www.africa-press.net\/benin\/wp-json\/wp\/v2\/tags?post=7005"}],"curies":[{"name":"wp","href":"https:\/\/api.w.org\/{rel}","templated":true}]}}