{"id":7013,"date":"2022-07-19T16:25:35","date_gmt":"2022-07-19T16:25:35","guid":{"rendered":"https:\/\/www.africa-press.net\/benin\/politique\/benin-les-mots-de-gbadamassi-sur-yayi-apres-le-retrait-de-sa-plainte"},"modified":"2022-07-19T16:38:38","modified_gmt":"2022-07-19T16:38:38","slug":"benin-les-mots-de-gbadamassi-sur-yayi-apres-le-retrait-de-sa-plainte","status":"publish","type":"post","link":"https:\/\/www.africa-press.net\/benin\/politique\/benin-les-mots-de-gbadamassi-sur-yayi-apres-le-retrait-de-sa-plainte","title":{"rendered":"B\u00e9nin: les mots de Gbadamassi sur Yayi apr\u00e8s le retrait de sa plainte"},"content":{"rendered":"<p><span style=\"color: #ff6600\"><strong>Africa-Press &#8211; Benin. <\/strong><\/span>Au nom de la paix, l\u2019ancien pr\u00e9sident Boni Yayi a retir\u00e9 la plainte qu\u2019il a d\u00e9pos\u00e9 devant la cour de justice de la CEDEAO contre l\u2019Etat b\u00e9ninois. Pour le d\u00e9put\u00e9 Rachidi Gbadamassi, \u00e0 travers cet acte, l\u2019ancien chef d\u2019Etat a fait preuve de sagesse et de patriotisme.<\/p>\n<p>L\u2019ancien pr\u00e9sident b\u00e9ninois, Dr Thomas Boni Yayi assi\u00e9g\u00e9 \u00e0 domicile en 2019 par le r\u00e9gime de son successeur, n\u2019est pas all\u00e9 jusqu\u2019au bout de la plainte d\u00e9pos\u00e9e devant la cour de justice de la CEDEAO contre l\u2019Etat b\u00e9ninois. Alors que le dossier est inscrit au r\u00f4le de l\u2019audience du mercredi 13 Juillet 2023, l\u2019ancien chef d\u2019Etat se retracte et retire sa plainte.<\/p>\n<p>Une d\u00e9marche qualifi\u00e9e par l\u2019\u00e9lu du parti Bloc R\u00e9publicain, Rachidi Gbadamassi comme une bonne le\u00e7on de sagesse. En effet, dans un entretien accord\u00e9 \u00e0 un quotidien de la place, Rachidi Gbadamassi affirme que l\u2019ancien chef d\u2019Etat a fait montre d\u2019une bonne le\u00e7on de sagesse et d\u2019amour pour la patrie.<\/p>\n<p>\u00ab En tant que citoyen b\u00e9ninois, en tant qu\u2019animateur de la vie politique, je pense humblement que l\u2019ancien pr\u00e9sident de la R\u00e9publique, a donn\u00e9 un sens \u00e0 ce que l\u2019on appelle en gouvernance d\u00e9mocratique, la primaut\u00e9 de l\u2019int\u00e9r\u00eat g\u00e9n\u00e9ral; et l\u2019int\u00e9r\u00eat g\u00e9n\u00e9ral ici c\u2019est la paix\u00ab , a indiqu\u00e9 le parlementaire.<\/p>\n<p>Pour le pr\u00e9sident de la commission des relations ext\u00e9rieures, de la coop\u00e9ration au d\u00e9veloppement, de la d\u00e9fense et de la s\u00e9curit\u00e9 de l\u2019Assembl\u00e9e nationale, 8\u00e8 l\u00e9gislature, \u00ab c\u2019est une bonne le\u00e7on de sagesse et d\u2019amour pour la patrie que Boni Yayi donne \u00e0 toute la classe politique b\u00e9ninoise\u00ab .<\/p>\n<p>A croire Rachidi Gbadamassi, l\u2019ancien pr\u00e9sident Boni Yayi aurait d\u00e9sacralis\u00e9 la fonction pr\u00e9sidentielle qu\u2019il a occup\u00e9 pendant deux mandats successifs s\u2019il avait attaqu\u00e9 son propre pays devant une cour communautaire. Mieux, indique le parlementaire, Boni Yayi perdrait m\u00eame son statut d\u2019homme d\u2019Etat s\u2019il \u00e9tait all\u00e9 \u00e0 bout de sa plainte.<\/p>\n<p><b>Retour sur l\u2019objet de la plainte \u2026<\/b><\/p>\n<p>L\u2019ancien pr\u00e9sident b\u00e9ninois avait port\u00e9 plainte courant 2019 pour torture morale, violation des droits humains, apr\u00e8s avoir \u00e9t\u00e9 assign\u00e9 \u00e0 domicile pendant pr\u00e8s de deux mois.<\/p>\n<p>En effet, dans la p\u00e9riode \u00e9lectorale d\u2019avril 2019, l\u2019ex-Chef d\u2019Etat a \u00e9t\u00e9 contraint de rester dans les quatre murs de son domicile. Sa maison avait \u00e9t\u00e9 mise sur surveillance polici\u00e8re pendant 52 jours. Ses partisans avaient d\u00e9nonc\u00e9 une assignation en r\u00e9sidence surveill\u00e9e de leur leader charismatique sans une d\u00e9cision de justice.<\/p>\n<p><b>Soup\u00e7on d\u2019implication dans les violences \u00e9lectorales<\/b><\/p>\n<p>La d\u00e9cision d\u2019assigner en r\u00e9sidence surveill\u00e9e l\u2019ancien chef d\u2019Etat a \u00e9t\u00e9 prise par le pouvoir en place, suite aux violences qui ont caract\u00e9ris\u00e9 les \u00e9lections l\u00e9gislatives de 2019, notamment les violences qui ont eu lieu au quartier Cadjehoun o\u00f9 r\u00e9sidait l\u2019ancien pr\u00e9sident de la R\u00e9publique.<\/p>\n<p>Yayi Boni avait \u00e9t\u00e9 soup\u00e7onn\u00e9 comme l\u2019un des commanditaires de ces violences. Dans le cadre des enqu\u00eates judiciaires autour de ces \u00e9v\u00e9nements sanglants, l\u2019ex-dirigeant avait m\u00eame \u00e9t\u00e9 auditionn\u00e9 par un juge.<\/p>\n<p>Se sentant l\u00e9s\u00e9 dans ses droits, il a alors d\u00e9pos\u00e9 une plainte devant la cour de justice de la CEDEAO. Mais au dernier moment, il se r\u00e9tracte de la proc\u00e9dure. L\u2019effort de d\u00e9crispation politique actuellement en cours justifie certainement l\u2019acte de l\u2019ancien pr\u00e9sident de la R\u00e9publique.<\/p>\n<p><b>Une d\u00e9marche de paix \u2026<\/b><\/p>\n<p>En retirant la plainte d\u00e9pos\u00e9e devant la cour de justice de la CEDEAO, l\u2019ancien pr\u00e9sident Thomas Boni Yayi s\u2019est inscrit dans une d\u00e9marche d\u2019apaisement du climat politique du pays.<\/p>\n<p>Qu\u2019il vous souvienne que l\u2019ancien pr\u00e9sident de la r\u00e9publique avait \u00e9t\u00e9 r\u00e9cemment re\u00e7u en audience par son successeur au fauteuil pr\u00e9sidentiel. Si le contenu des \u00e9changes n\u2019a pas \u00e9t\u00e9 rendu public, il va sans dire que la rencontre entre les deux acteurs politiques entrait dans une d\u00e9marche de recherche de paix.<\/p>\n<p>Que cet engagement de l\u2019ancien pr\u00e9sident de la R\u00e9publique \u00e0 \u0153uvrer pour la paix trouve son r\u00e9pondant dans le cas en face, afin que la paix tant recherch\u00e9e par les B\u00e9ninois soit effective, car aucun d\u00e9veloppement n\u2019est possible dans un climat de tension politique.<\/p>\n<p><strong>Pour plus d&rsquo;informations et d&rsquo;analyses sur la <a href=\"https:\/\/www.africa-press.net\/benin\">Benin<\/a>, suivez <a href=\"https:\/\/www.africa-press.net\/\">Africa-Press<\/a><\/strong><\/p>\n","protected":false},"excerpt":{"rendered":"<p>Africa-Press &#8211; Benin. Au nom de la paix, l\u2019ancien pr\u00e9sident Boni Yayi a retir\u00e9 la plainte qu\u2019il a d\u00e9pos\u00e9 devant la cour de justice de la CEDEAO contre l\u2019Etat b\u00e9ninois. Pour le d\u00e9put\u00e9 Rachidi Gbadamassi, \u00e0 travers cet acte, l\u2019ancien chef d\u2019Etat a fait preuve de sagesse et de patriotisme. L\u2019ancien pr\u00e9sident b\u00e9ninois, Dr Thomas [&hellip;]<\/p>\n","protected":false},"author":82,"featured_media":7011,"comment_status":"open","ping_status":"closed","sticky":false,"template":"","format":"standard","meta":{"footnotes":""},"categories":[11,2,10],"tags":[36,50,45],"class_list":["post-7013","post","type-post","status-publish","format-standard","has-post-thumbnail","hentry","category-homepage-french","category-politique","category-toutes-les-actualites","tag-africa-press","tag-africa-press-benin","tag-benin"],"yoast_head":"<!-- This site is optimized with the Yoast SEO Premium plugin v26.1 (Yoast SEO v27.0) - https:\/\/yoast.com\/product\/yoast-seo-premium-wordpress\/ -->\n<title>B\u00e9nin: les mots de Gbadamassi sur Yayi apr\u00e8s le retrait de sa plainte - B\u00e9nin<\/title>\n<meta name=\"description\" content=\"Au nom de la paix, l\u2019ancien pr\u00e9sident Boni Yayi a retir\u00e9 la plainte qu\u2019il a d\u00e9pos\u00e9 devant la cour de justice de la CEDEA ...\" \/>\n<meta name=\"robots\" content=\"index, follow, max-snippet:-1, max-image-preview:large, max-video-preview:-1\" \/>\n<link rel=\"canonical\" href=\"https:\/\/www.africa-press.net\/benin\/politique\/benin-les-mots-de-gbadamassi-sur-yayi-apres-le-retrait-de-sa-plainte\" \/>\n<meta property=\"og:locale\" content=\"fr_FR\" \/>\n<meta property=\"og:type\" content=\"article\" \/>\n<meta property=\"og:title\" content=\"B\u00e9nin: les mots de Gbadamassi sur Yayi apr\u00e8s le retrait de sa plainte\" \/>\n<meta property=\"og:description\" content=\"Au nom de la paix, l\u2019ancien pr\u00e9sident Boni Yayi a retir\u00e9 la plainte qu\u2019il a d\u00e9pos\u00e9 devant la cour de justice de la CEDEA ...\" \/>\n<meta property=\"og:url\" content=\"https:\/\/www.africa-press.net\/benin\/politique\/benin-les-mots-de-gbadamassi-sur-yayi-apres-le-retrait-de-sa-plainte\" \/>\n<meta property=\"og:site_name\" content=\"B\u00e9nin\" \/>\n<meta property=\"article:published_time\" content=\"2022-07-19T16:25:35+00:00\" \/>\n<meta property=\"article:modified_time\" content=\"2022-07-19T16:38:38+00:00\" \/>\n<meta property=\"og:image\" content=\"https:\/\/static.africa-press.net\/benin\/sites\/46\/2022\/07\/postQueueImg_18-62d6ddf09080b.jpg\" \/>\n\t<meta property=\"og:image:width\" content=\"1242\" \/>\n\t<meta property=\"og:image:height\" content=\"708\" \/>\n\t<meta property=\"og:image:type\" content=\"image\/jpeg\" \/>\n<meta name=\"author\" content=\"cfeditorfr\" \/>\n<meta name=\"twitter:card\" content=\"summary_large_image\" \/>\n<meta name=\"twitter:label1\" content=\"\u00c9crit par\" \/>\n\t<meta name=\"twitter:data1\" content=\"cfeditorfr\" \/>\n\t<meta name=\"twitter:label2\" content=\"Dur\u00e9e de lecture estim\u00e9e\" \/>\n\t<meta name=\"twitter:data2\" content=\"4 minutes\" \/>\n<script type=\"application\/ld+json\" class=\"yoast-schema-graph\">{\"@context\":\"https:\/\/schema.org\",\"@graph\":[{\"@type\":\"Article\",\"@id\":\"https:\/\/www.africa-press.net\/benin\/politique\/benin-les-mots-de-gbadamassi-sur-yayi-apres-le-retrait-de-sa-plainte#article\",\"isPartOf\":{\"@id\":\"https:\/\/www.africa-press.net\/benin\/politique\/benin-les-mots-de-gbadamassi-sur-yayi-apres-le-retrait-de-sa-plainte\"},\"author\":{\"name\":\"cfeditorfr\",\"@id\":\"https:\/\/www.africa-press.net\/benin\/#\/schema\/person\/2b1cf3cd81a31e3cd26889ca66d677f1\"},\"headline\":\"B\u00e9nin: les mots de Gbadamassi sur Yayi apr\u00e8s le retrait de sa plainte\",\"datePublished\":\"2022-07-19T16:25:35+00:00\",\"dateModified\":\"2022-07-19T16:38:38+00:00\",\"mainEntityOfPage\":{\"@id\":\"https:\/\/www.africa-press.net\/benin\/politique\/benin-les-mots-de-gbadamassi-sur-yayi-apres-le-retrait-de-sa-plainte\"},\"wordCount\":802,\"commentCount\":0,\"image\":{\"@id\":\"https:\/\/www.africa-press.net\/benin\/politique\/benin-les-mots-de-gbadamassi-sur-yayi-apres-le-retrait-de-sa-plainte#primaryimage\"},\"thumbnailUrl\":\"https:\/\/static.africa-press.net\/benin\/sites\/46\/2022\/07\/postQueueImg_18-62d6ddf09080b.jpg\",\"keywords\":[\"Africa Press\",\"Africa Press-Benin\",\"B\u00e9nin\"],\"articleSection\":[\"homepage-french\",\"Politique\",\"Toutes les actualit\u00e9s\"],\"inLanguage\":\"fr-FR\",\"potentialAction\":[{\"@type\":\"CommentAction\",\"name\":\"Comment\",\"target\":[\"https:\/\/www.africa-press.net\/benin\/politique\/benin-les-mots-de-gbadamassi-sur-yayi-apres-le-retrait-de-sa-plainte#respond\"]}]},{\"@type\":\"WebPage\",\"@id\":\"https:\/\/www.africa-press.net\/benin\/politique\/benin-les-mots-de-gbadamassi-sur-yayi-apres-le-retrait-de-sa-plainte\",\"url\":\"https:\/\/www.africa-press.net\/benin\/politique\/benin-les-mots-de-gbadamassi-sur-yayi-apres-le-retrait-de-sa-plainte\",\"name\":\"B\u00e9nin: les mots de Gbadamassi sur Yayi apr\u00e8s le retrait de sa plainte - B\u00e9nin\",\"isPartOf\":{\"@id\":\"https:\/\/www.africa-press.net\/benin\/#website\"},\"primaryImageOfPage\":{\"@id\":\"https:\/\/www.africa-press.net\/benin\/politique\/benin-les-mots-de-gbadamassi-sur-yayi-apres-le-retrait-de-sa-plainte#primaryimage\"},\"image\":{\"@id\":\"https:\/\/www.africa-press.net\/benin\/politique\/benin-les-mots-de-gbadamassi-sur-yayi-apres-le-retrait-de-sa-plainte#primaryimage\"},\"thumbnailUrl\":\"https:\/\/static.africa-press.net\/benin\/sites\/46\/2022\/07\/postQueueImg_18-62d6ddf09080b.jpg\",\"datePublished\":\"2022-07-19T16:25:35+00:00\",\"dateModified\":\"2022-07-19T16:38:38+00:00\",\"author\":{\"@id\":\"https:\/\/www.africa-press.net\/benin\/#\/schema\/person\/2b1cf3cd81a31e3cd26889ca66d677f1\"},\"description\":\"Au nom de la paix, l\u2019ancien pr\u00e9sident Boni Yayi a retir\u00e9 la plainte qu\u2019il a d\u00e9pos\u00e9 devant la cour de justice de la CEDEA ...\",\"breadcrumb\":{\"@id\":\"https:\/\/www.africa-press.net\/benin\/politique\/benin-les-mots-de-gbadamassi-sur-yayi-apres-le-retrait-de-sa-plainte#breadcrumb\"},\"inLanguage\":\"fr-FR\",\"potentialAction\":[{\"@type\":\"ReadAction\",\"target\":[\"https:\/\/www.africa-press.net\/benin\/politique\/benin-les-mots-de-gbadamassi-sur-yayi-apres-le-retrait-de-sa-plainte\"]}]},{\"@type\":\"ImageObject\",\"inLanguage\":\"fr-FR\",\"@id\":\"https:\/\/www.africa-press.net\/benin\/politique\/benin-les-mots-de-gbadamassi-sur-yayi-apres-le-retrait-de-sa-plainte#primaryimage\",\"url\":\"https:\/\/static.africa-press.net\/benin\/sites\/46\/2022\/07\/postQueueImg_18-62d6ddf09080b.jpg\",\"contentUrl\":\"https:\/\/static.africa-press.net\/benin\/sites\/46\/2022\/07\/postQueueImg_18-62d6ddf09080b.jpg\",\"width\":1242,\"height\":708,\"caption\":\"B\u00e9nin: les mots de Gbadamassi sur Yayi apr\u00e8s le retrait de sa plainte\"},{\"@type\":\"BreadcrumbList\",\"@id\":\"https:\/\/www.africa-press.net\/benin\/politique\/benin-les-mots-de-gbadamassi-sur-yayi-apres-le-retrait-de-sa-plainte#breadcrumb\",\"itemListElement\":[{\"@type\":\"ListItem\",\"position\":1,\"name\":\"Accueil\",\"item\":\"https:\/\/www.africa-press.net\/benin\/\"},{\"@type\":\"ListItem\",\"position\":2,\"name\":\"B\u00e9nin: les mots de Gbadamassi sur Yayi apr\u00e8s le retrait de sa plainte\"}]},{\"@type\":\"WebSite\",\"@id\":\"https:\/\/www.africa-press.net\/benin\/#website\",\"url\":\"https:\/\/www.africa-press.net\/benin\/\",\"name\":\"B\u00e9nin\",\"description\":\"Just another Africa News Agency Sites site\",\"potentialAction\":[{\"@type\":\"SearchAction\",\"target\":{\"@type\":\"EntryPoint\",\"urlTemplate\":\"https:\/\/www.africa-press.net\/benin\/?s={search_term_string}\"},\"query-input\":{\"@type\":\"PropertyValueSpecification\",\"valueRequired\":true,\"valueName\":\"search_term_string\"}}],\"inLanguage\":\"fr-FR\"},{\"@type\":\"Person\",\"@id\":\"https:\/\/www.africa-press.net\/benin\/#\/schema\/person\/2b1cf3cd81a31e3cd26889ca66d677f1\",\"name\":\"cfeditorfr\"}]}<\/script>\n<!-- \/ Yoast SEO Premium plugin. -->","yoast_head_json":{"title":"B\u00e9nin: les mots de Gbadamassi sur Yayi apr\u00e8s le retrait de sa plainte - B\u00e9nin","description":"Au nom de la paix, l\u2019ancien pr\u00e9sident Boni Yayi a retir\u00e9 la plainte qu\u2019il a d\u00e9pos\u00e9 devant la cour de justice de la CEDEA ...","robots":{"index":"index","follow":"follow","max-snippet":"max-snippet:-1","max-image-preview":"max-image-preview:large","max-video-preview":"max-video-preview:-1"},"canonical":"https:\/\/www.africa-press.net\/benin\/politique\/benin-les-mots-de-gbadamassi-sur-yayi-apres-le-retrait-de-sa-plainte","og_locale":"fr_FR","og_type":"article","og_title":"B\u00e9nin: les mots de Gbadamassi sur Yayi apr\u00e8s le retrait de sa plainte","og_description":"Au nom de la paix, l\u2019ancien pr\u00e9sident Boni Yayi a retir\u00e9 la plainte qu\u2019il a d\u00e9pos\u00e9 devant la cour de justice de la CEDEA ...","og_url":"https:\/\/www.africa-press.net\/benin\/politique\/benin-les-mots-de-gbadamassi-sur-yayi-apres-le-retrait-de-sa-plainte","og_site_name":"B\u00e9nin","article_published_time":"2022-07-19T16:25:35+00:00","article_modified_time":"2022-07-19T16:38:38+00:00","og_image":[{"width":1242,"height":708,"url":"https:\/\/static.africa-press.net\/benin\/sites\/46\/2022\/07\/postQueueImg_18-62d6ddf09080b.jpg","type":"image\/jpeg"}],"author":"cfeditorfr","twitter_card":"summary_large_image","twitter_misc":{"\u00c9crit par":"cfeditorfr","Dur\u00e9e de lecture estim\u00e9e":"4 minutes"},"schema":{"@context":"https:\/\/schema.org","@graph":[{"@type":"Article","@id":"https:\/\/www.africa-press.net\/benin\/politique\/benin-les-mots-de-gbadamassi-sur-yayi-apres-le-retrait-de-sa-plainte#article","isPartOf":{"@id":"https:\/\/www.africa-press.net\/benin\/politique\/benin-les-mots-de-gbadamassi-sur-yayi-apres-le-retrait-de-sa-plainte"},"author":{"name":"cfeditorfr","@id":"https:\/\/www.africa-press.net\/benin\/#\/schema\/person\/2b1cf3cd81a31e3cd26889ca66d677f1"},"headline":"B\u00e9nin: les mots de Gbadamassi sur Yayi apr\u00e8s le retrait de sa plainte","datePublished":"2022-07-19T16:25:35+00:00","dateModified":"2022-07-19T16:38:38+00:00","mainEntityOfPage":{"@id":"https:\/\/www.africa-press.net\/benin\/politique\/benin-les-mots-de-gbadamassi-sur-yayi-apres-le-retrait-de-sa-plainte"},"wordCount":802,"commentCount":0,"image":{"@id":"https:\/\/www.africa-press.net\/benin\/politique\/benin-les-mots-de-gbadamassi-sur-yayi-apres-le-retrait-de-sa-plainte#primaryimage"},"thumbnailUrl":"https:\/\/static.africa-press.net\/benin\/sites\/46\/2022\/07\/postQueueImg_18-62d6ddf09080b.jpg","keywords":["Africa Press","Africa Press-Benin","B\u00e9nin"],"articleSection":["homepage-french","Politique","Toutes les actualit\u00e9s"],"inLanguage":"fr-FR","potentialAction":[{"@type":"CommentAction","name":"Comment","target":["https:\/\/www.africa-press.net\/benin\/politique\/benin-les-mots-de-gbadamassi-sur-yayi-apres-le-retrait-de-sa-plainte#respond"]}]},{"@type":"WebPage","@id":"https:\/\/www.africa-press.net\/benin\/politique\/benin-les-mots-de-gbadamassi-sur-yayi-apres-le-retrait-de-sa-plainte","url":"https:\/\/www.africa-press.net\/benin\/politique\/benin-les-mots-de-gbadamassi-sur-yayi-apres-le-retrait-de-sa-plainte","name":"B\u00e9nin: les mots de Gbadamassi sur Yayi apr\u00e8s le retrait de sa plainte - B\u00e9nin","isPartOf":{"@id":"https:\/\/www.africa-press.net\/benin\/#website"},"primaryImageOfPage":{"@id":"https:\/\/www.africa-press.net\/benin\/politique\/benin-les-mots-de-gbadamassi-sur-yayi-apres-le-retrait-de-sa-plainte#primaryimage"},"image":{"@id":"https:\/\/www.africa-press.net\/benin\/politique\/benin-les-mots-de-gbadamassi-sur-yayi-apres-le-retrait-de-sa-plainte#primaryimage"},"thumbnailUrl":"https:\/\/static.africa-press.net\/benin\/sites\/46\/2022\/07\/postQueueImg_18-62d6ddf09080b.jpg","datePublished":"2022-07-19T16:25:35+00:00","dateModified":"2022-07-19T16:38:38+00:00","author":{"@id":"https:\/\/www.africa-press.net\/benin\/#\/schema\/person\/2b1cf3cd81a31e3cd26889ca66d677f1"},"description":"Au nom de la paix, l\u2019ancien pr\u00e9sident Boni Yayi a retir\u00e9 la plainte qu\u2019il a d\u00e9pos\u00e9 devant la cour de justice de la CEDEA ...","breadcrumb":{"@id":"https:\/\/www.africa-press.net\/benin\/politique\/benin-les-mots-de-gbadamassi-sur-yayi-apres-le-retrait-de-sa-plainte#breadcrumb"},"inLanguage":"fr-FR","potentialAction":[{"@type":"ReadAction","target":["https:\/\/www.africa-press.net\/benin\/politique\/benin-les-mots-de-gbadamassi-sur-yayi-apres-le-retrait-de-sa-plainte"]}]},{"@type":"ImageObject","inLanguage":"fr-FR","@id":"https:\/\/www.africa-press.net\/benin\/politique\/benin-les-mots-de-gbadamassi-sur-yayi-apres-le-retrait-de-sa-plainte#primaryimage","url":"https:\/\/static.africa-press.net\/benin\/sites\/46\/2022\/07\/postQueueImg_18-62d6ddf09080b.jpg","contentUrl":"https:\/\/static.africa-press.net\/benin\/sites\/46\/2022\/07\/postQueueImg_18-62d6ddf09080b.jpg","width":1242,"height":708,"caption":"B\u00e9nin: les mots de Gbadamassi sur Yayi apr\u00e8s le retrait de sa plainte"},{"@type":"BreadcrumbList","@id":"https:\/\/www.africa-press.net\/benin\/politique\/benin-les-mots-de-gbadamassi-sur-yayi-apres-le-retrait-de-sa-plainte#breadcrumb","itemListElement":[{"@type":"ListItem","position":1,"name":"Accueil","item":"https:\/\/www.africa-press.net\/benin\/"},{"@type":"ListItem","position":2,"name":"B\u00e9nin: les mots de Gbadamassi sur Yayi apr\u00e8s le retrait de sa plainte"}]},{"@type":"WebSite","@id":"https:\/\/www.africa-press.net\/benin\/#website","url":"https:\/\/www.africa-press.net\/benin\/","name":"B\u00e9nin","description":"Just another Africa News Agency Sites site","potentialAction":[{"@type":"SearchAction","target":{"@type":"EntryPoint","urlTemplate":"https:\/\/www.africa-press.net\/benin\/?s={search_term_string}"},"query-input":{"@type":"PropertyValueSpecification","valueRequired":true,"valueName":"search_term_string"}}],"inLanguage":"fr-FR"},{"@type":"Person","@id":"https:\/\/www.africa-press.net\/benin\/#\/schema\/person\/2b1cf3cd81a31e3cd26889ca66d677f1","name":"cfeditorfr"}]}},"_links":{"self":[{"href":"https:\/\/www.africa-press.net\/benin\/wp-json\/wp\/v2\/posts\/7013","targetHints":{"allow":["GET"]}}],"collection":[{"href":"https:\/\/www.africa-press.net\/benin\/wp-json\/wp\/v2\/posts"}],"about":[{"href":"https:\/\/www.africa-press.net\/benin\/wp-json\/wp\/v2\/types\/post"}],"author":[{"embeddable":true,"href":"https:\/\/www.africa-press.net\/benin\/wp-json\/wp\/v2\/users\/82"}],"replies":[{"embeddable":true,"href":"https:\/\/www.africa-press.net\/benin\/wp-json\/wp\/v2\/comments?post=7013"}],"version-history":[{"count":0,"href":"https:\/\/www.africa-press.net\/benin\/wp-json\/wp\/v2\/posts\/7013\/revisions"}],"wp:featuredmedia":[{"embeddable":true,"href":"https:\/\/www.africa-press.net\/benin\/wp-json\/wp\/v2\/media\/7011"}],"wp:attachment":[{"href":"https:\/\/www.africa-press.net\/benin\/wp-json\/wp\/v2\/media?parent=7013"}],"wp:term":[{"taxonomy":"category","embeddable":true,"href":"https:\/\/www.africa-press.net\/benin\/wp-json\/wp\/v2\/categories?post=7013"},{"taxonomy":"post_tag","embeddable":true,"href":"https:\/\/www.africa-press.net\/benin\/wp-json\/wp\/v2\/tags?post=7013"}],"curies":[{"name":"wp","href":"https:\/\/api.w.org\/{rel}","templated":true}]}}