{"id":7018,"date":"2022-07-19T16:25:47","date_gmt":"2022-07-19T16:25:47","guid":{"rendered":"https:\/\/www.africa-press.net\/benin\/politique\/benin-ce-que-pense-azannai-des-audiences-de-talon-aux-anciens-presidents-de-lan"},"modified":"2022-07-19T16:39:07","modified_gmt":"2022-07-19T16:39:07","slug":"benin-ce-que-pense-azannai-des-audiences-de-talon-aux-anciens-presidents-de-lan","status":"publish","type":"post","link":"https:\/\/www.africa-press.net\/benin\/politique\/benin-ce-que-pense-azannai-des-audiences-de-talon-aux-anciens-presidents-de-lan","title":{"rendered":"B\u00e9nin: ce que pense Azanna\u00ef des audiences de Talon aux anciens pr\u00e9sidents de l\u2019AN"},"content":{"rendered":"<p><span style=\"color: #ff6600\"><strong>Africa-Press &#8211; Benin. <\/strong><\/span>Le chef de l\u2019Etat, le pr\u00e9sident Patrice Talon a initi\u00e9 il y a quelques semaines, une s\u00e9rie d\u2019audiences \u00e0 l\u2019endroit de certaines personnalit\u00e9s politiques. C\u2019est l\u2019ancien pr\u00e9sident Nic\u00e9phore Soglo qui a ouvert le bal suivi des anciens pr\u00e9sidents de l\u2019assembl\u00e9e nationale. Qualifiant ces rencontres de supercherie, Candide Azanna\u00ef \u00e9voque les conditions dans lesquelles son ombre serait aper\u00e7ue au palais de la pr\u00e9sidence de la R\u00e9publique.<\/p>\n<p>Le d\u00e9fil\u00e9 de leader politique au palais de la Marina sous le pr\u00e9texte de d\u00e9crispation de la crise sociopolitique est mal per\u00e7u par le pr\u00e9sident du parti Restaurer l\u2019Espoir. Dans un entretien accord\u00e9 \u00e0 un m\u00e9dia de la place, l\u2019ancien ministre d\u00e9l\u00e9gu\u00e9 en charge de la d\u00e9fense de Patrice Talon qualifie de th\u00e9\u00e2trale le ballet de certains leaders politiques (comme les anciens pr\u00e9sidents de l\u2019assembl\u00e9e nationale) au palais de la Marina.<\/p>\n<p>Pour le partisan devenu opposant, toutes ces personnalit\u00e9s politiques qui se sont pr\u00e9cipit\u00e9es au palais de la R\u00e9publique \u00e0 la convocation du chef de l\u2019Etat, sont toutes des personnes qui profitent actuellement de la situation de crise et du pouvoir en place.<\/p>\n<p>A le croire, une personne s\u00e9rieuse et respectueuse de la cause qu\u2019il d\u00e9fend ne se pr\u00e9cipite pas \u00e0 la pr\u00e9sidence de la R\u00e9publique parce que le pr\u00e9sident de la R\u00e9publique a \u00e9tabli un calendrier pour discuter. Selon lui, les \u00e9changes qu\u2019il y a eu entre ces personnalit\u00e9s ne sont pas dans l\u2019int\u00e9r\u00eat de la nation, mais pour r\u00e9gler des probl\u00e8mes priv\u00e9s.<\/p>\n<p><b>Les seuls sujets que Azanna\u00ef acceptera d\u2019aborder avec Patrice Talon\u2026<\/b><\/p>\n<p>Pour que l\u2019ancien Candide Azanna\u00ef puisse un jour r\u00e9pondre \u00e0 l\u2019invitation du pr\u00e9sident Patrice Talon, il faut un objet et le cadre. \u00ab C\u2019est en fonction de l\u2019objet, du cadre que je d\u00e9ciderai pour ne pas servir de faire valoir ou d\u2019objet de cirque aux man\u00e8ges d\u2019une mauvaise foi \u00bb, a fait savoir le pr\u00e9sident du parti Restaurer l\u2019espoir.<\/p>\n<p>Pour Candide Azanna\u00ef, il n\u2019a aucun sujet priv\u00e9 et personnel en contentieux avec le pr\u00e9sident Patrice Talon. Pour lui, le probl\u00e8me avec le pouvoir en place est entre le peuple et Patrice Talon; entre le chef de l\u2019Etat et la d\u00e9mocratie ou l\u2019\u00e9tat de droit.<\/p>\n<p>\u00ab Sachez que au cas o\u00f9, j\u2019aurai accept\u00e9 de r\u00e9pondre \u00e0 son \u00e9ventuelle invitation, nous parlerons seulement que des probl\u00e8mes de l\u2019\u00c9tat et pas de la moindre revendication personnelle. Parce que c\u2019est ind\u00e9cent d\u2019aller r\u00e9gler ses probl\u00e8mes personnels en troc de l\u2019int\u00e9r\u00eat g\u00e9n\u00e9ral et des questions de valeurs et de principe. Vous rentrez dans ce qu\u2019on appelle des compromissions. Vous \u00eates \u00e0 cette \u00e9tape, bien au fond, \u00ab dans la sauce \u00bb, d\u00e9sormais vous ne parlerez plus\u00ab , a martel\u00e9 l\u2019acteur politique.<\/p>\n<p>Pour illustrer son argumentaire, Candide Azanna\u00ef \u00e9voque l\u2019exemple du colonel Pascal Tawes. Voil\u00e0 quelqu\u2019un qui \u00e9tait parmi ceux qui se disaient \u00eatre dans la lutte pour le r\u00e9tablissement de la d\u00e9mocratie, a rappel\u00e9 l\u2019ancien ministre de la D\u00e9fense.<\/p>\n<p>On lui a m\u00eame attribu\u00e9 la fomentation d\u2019un coup d\u2019Etat, a poursuivi Candide Azanna\u00ef. \u00ab Puis vlan ! Ce TAWES est vu sur les \u00e9crans de l\u2019ORTB, la t\u00e9l\u00e9vision nationale sous contr\u00f4le, claquer des talons, fesses serr\u00e9es en r\u00e9flexe militaire devant TALON, d\u00e9clarer que c\u2019\u00e9tait pour le r\u00e8glement de ses probl\u00e8mes administratifs \u00bb rappelle-t-il.<\/p>\n<p>Tout sourire, mentionne Candide Azanna\u00ef, lui et le pr\u00e9sident Talon qu\u2019il combattait se sont serr\u00e9s les mains. \u00ab Apr\u00e8s ce spectacle, avez-vous encore entendu ce TAWES parler ? Est-ce que le r\u00e8glement des probl\u00e8mes administratifs de TAWES signifie le r\u00e8glement de probl\u00e8mes des valeurs, des principes offens\u00e9s et transgress\u00e9s par Patrice Talon \u00bb ?, s\u2019est demand\u00e9 Candide Azanna\u00ef.<\/p>\n<p><strong>Pour plus d&rsquo;informations et d&rsquo;analyses sur la <a href=\"https:\/\/www.africa-press.net\/benin\">Benin<\/a>, suivez <a href=\"https:\/\/www.africa-press.net\/\">Africa-Press<\/a><\/strong><\/p>\n","protected":false},"excerpt":{"rendered":"<p>Africa-Press &#8211; Benin. Le chef de l\u2019Etat, le pr\u00e9sident Patrice Talon a initi\u00e9 il y a quelques semaines, une s\u00e9rie d\u2019audiences \u00e0 l\u2019endroit de certaines personnalit\u00e9s politiques. C\u2019est l\u2019ancien pr\u00e9sident Nic\u00e9phore Soglo qui a ouvert le bal suivi des anciens pr\u00e9sidents de l\u2019assembl\u00e9e nationale. Qualifiant ces rencontres de supercherie, Candide Azanna\u00ef \u00e9voque les conditions dans [&hellip;]<\/p>\n","protected":false},"author":82,"featured_media":7017,"comment_status":"open","ping_status":"closed","sticky":false,"template":"","format":"standard","meta":{"footnotes":""},"categories":[11,2,10],"tags":[36,50,45],"class_list":["post-7018","post","type-post","status-publish","format-standard","has-post-thumbnail","hentry","category-homepage-french","category-politique","category-toutes-les-actualites","tag-africa-press","tag-africa-press-benin","tag-benin"],"yoast_head":"<!-- This site is optimized with the Yoast SEO Premium plugin v26.1 (Yoast SEO v27.0) - https:\/\/yoast.com\/product\/yoast-seo-premium-wordpress\/ -->\n<title>B\u00e9nin: ce que pense Azanna\u00ef des audiences de Talon aux anciens pr\u00e9sidents de l\u2019AN - B\u00e9nin<\/title>\n<meta name=\"description\" content=\"Le chef de l\u2019Etat, le pr\u00e9sident Patrice Talon a initi\u00e9 il y a quelques semaines, une s\u00e9rie d\u2019audiences \u00e0 l\u2019endroit de ce ...\" \/>\n<meta name=\"robots\" content=\"index, follow, max-snippet:-1, max-image-preview:large, max-video-preview:-1\" \/>\n<link rel=\"canonical\" href=\"https:\/\/www.africa-press.net\/benin\/politique\/benin-ce-que-pense-azannai-des-audiences-de-talon-aux-anciens-presidents-de-lan\" \/>\n<meta property=\"og:locale\" content=\"fr_FR\" \/>\n<meta property=\"og:type\" content=\"article\" \/>\n<meta property=\"og:title\" content=\"B\u00e9nin: ce que pense Azanna\u00ef des audiences de Talon aux anciens pr\u00e9sidents de l\u2019AN\" \/>\n<meta property=\"og:description\" content=\"Le chef de l\u2019Etat, le pr\u00e9sident Patrice Talon a initi\u00e9 il y a quelques semaines, une s\u00e9rie d\u2019audiences \u00e0 l\u2019endroit de ce ...\" \/>\n<meta property=\"og:url\" content=\"https:\/\/www.africa-press.net\/benin\/politique\/benin-ce-que-pense-azannai-des-audiences-de-talon-aux-anciens-presidents-de-lan\" \/>\n<meta property=\"og:site_name\" content=\"B\u00e9nin\" \/>\n<meta property=\"article:published_time\" content=\"2022-07-19T16:25:47+00:00\" \/>\n<meta property=\"article:modified_time\" content=\"2022-07-19T16:39:07+00:00\" \/>\n<meta property=\"og:image\" content=\"https:\/\/static.africa-press.net\/benin\/sites\/46\/2022\/07\/postQueueImg_19-62d6de1443662.jpg\" \/>\n\t<meta property=\"og:image:width\" content=\"1600\" \/>\n\t<meta property=\"og:image:height\" content=\"970\" \/>\n\t<meta property=\"og:image:type\" content=\"image\/jpeg\" \/>\n<meta name=\"author\" content=\"cfeditorfr\" \/>\n<meta name=\"twitter:card\" content=\"summary_large_image\" \/>\n<meta name=\"twitter:label1\" content=\"\u00c9crit par\" \/>\n\t<meta name=\"twitter:data1\" content=\"cfeditorfr\" \/>\n\t<meta name=\"twitter:label2\" content=\"Dur\u00e9e de lecture estim\u00e9e\" \/>\n\t<meta name=\"twitter:data2\" content=\"3 minutes\" \/>\n<script type=\"application\/ld+json\" class=\"yoast-schema-graph\">{\"@context\":\"https:\/\/schema.org\",\"@graph\":[{\"@type\":\"Article\",\"@id\":\"https:\/\/www.africa-press.net\/benin\/politique\/benin-ce-que-pense-azannai-des-audiences-de-talon-aux-anciens-presidents-de-lan#article\",\"isPartOf\":{\"@id\":\"https:\/\/www.africa-press.net\/benin\/politique\/benin-ce-que-pense-azannai-des-audiences-de-talon-aux-anciens-presidents-de-lan\"},\"author\":{\"name\":\"cfeditorfr\",\"@id\":\"https:\/\/www.africa-press.net\/benin\/#\/schema\/person\/2b1cf3cd81a31e3cd26889ca66d677f1\"},\"headline\":\"B\u00e9nin: ce que pense Azanna\u00ef des audiences de Talon aux anciens pr\u00e9sidents de l\u2019AN\",\"datePublished\":\"2022-07-19T16:25:47+00:00\",\"dateModified\":\"2022-07-19T16:39:07+00:00\",\"mainEntityOfPage\":{\"@id\":\"https:\/\/www.africa-press.net\/benin\/politique\/benin-ce-que-pense-azannai-des-audiences-de-talon-aux-anciens-presidents-de-lan\"},\"wordCount\":715,\"commentCount\":0,\"image\":{\"@id\":\"https:\/\/www.africa-press.net\/benin\/politique\/benin-ce-que-pense-azannai-des-audiences-de-talon-aux-anciens-presidents-de-lan#primaryimage\"},\"thumbnailUrl\":\"https:\/\/static.africa-press.net\/benin\/sites\/46\/2022\/07\/postQueueImg_19-62d6de1443662.jpg\",\"keywords\":[\"Africa Press\",\"Africa Press-Benin\",\"B\u00e9nin\"],\"articleSection\":[\"homepage-french\",\"Politique\",\"Toutes les actualit\u00e9s\"],\"inLanguage\":\"fr-FR\",\"potentialAction\":[{\"@type\":\"CommentAction\",\"name\":\"Comment\",\"target\":[\"https:\/\/www.africa-press.net\/benin\/politique\/benin-ce-que-pense-azannai-des-audiences-de-talon-aux-anciens-presidents-de-lan#respond\"]}]},{\"@type\":\"WebPage\",\"@id\":\"https:\/\/www.africa-press.net\/benin\/politique\/benin-ce-que-pense-azannai-des-audiences-de-talon-aux-anciens-presidents-de-lan\",\"url\":\"https:\/\/www.africa-press.net\/benin\/politique\/benin-ce-que-pense-azannai-des-audiences-de-talon-aux-anciens-presidents-de-lan\",\"name\":\"B\u00e9nin: ce que pense Azanna\u00ef des audiences de Talon aux anciens pr\u00e9sidents de l\u2019AN - B\u00e9nin\",\"isPartOf\":{\"@id\":\"https:\/\/www.africa-press.net\/benin\/#website\"},\"primaryImageOfPage\":{\"@id\":\"https:\/\/www.africa-press.net\/benin\/politique\/benin-ce-que-pense-azannai-des-audiences-de-talon-aux-anciens-presidents-de-lan#primaryimage\"},\"image\":{\"@id\":\"https:\/\/www.africa-press.net\/benin\/politique\/benin-ce-que-pense-azannai-des-audiences-de-talon-aux-anciens-presidents-de-lan#primaryimage\"},\"thumbnailUrl\":\"https:\/\/static.africa-press.net\/benin\/sites\/46\/2022\/07\/postQueueImg_19-62d6de1443662.jpg\",\"datePublished\":\"2022-07-19T16:25:47+00:00\",\"dateModified\":\"2022-07-19T16:39:07+00:00\",\"author\":{\"@id\":\"https:\/\/www.africa-press.net\/benin\/#\/schema\/person\/2b1cf3cd81a31e3cd26889ca66d677f1\"},\"description\":\"Le chef de l\u2019Etat, le pr\u00e9sident Patrice Talon a initi\u00e9 il y a quelques semaines, une s\u00e9rie d\u2019audiences \u00e0 l\u2019endroit de ce ...\",\"breadcrumb\":{\"@id\":\"https:\/\/www.africa-press.net\/benin\/politique\/benin-ce-que-pense-azannai-des-audiences-de-talon-aux-anciens-presidents-de-lan#breadcrumb\"},\"inLanguage\":\"fr-FR\",\"potentialAction\":[{\"@type\":\"ReadAction\",\"target\":[\"https:\/\/www.africa-press.net\/benin\/politique\/benin-ce-que-pense-azannai-des-audiences-de-talon-aux-anciens-presidents-de-lan\"]}]},{\"@type\":\"ImageObject\",\"inLanguage\":\"fr-FR\",\"@id\":\"https:\/\/www.africa-press.net\/benin\/politique\/benin-ce-que-pense-azannai-des-audiences-de-talon-aux-anciens-presidents-de-lan#primaryimage\",\"url\":\"https:\/\/static.africa-press.net\/benin\/sites\/46\/2022\/07\/postQueueImg_19-62d6de1443662.jpg\",\"contentUrl\":\"https:\/\/static.africa-press.net\/benin\/sites\/46\/2022\/07\/postQueueImg_19-62d6de1443662.jpg\",\"width\":1600,\"height\":970,\"caption\":\"B\u00e9nin: ce que pense Azanna\u00ef des audiences de Talon aux anciens pr\u00e9sidents de l\u2019AN\"},{\"@type\":\"BreadcrumbList\",\"@id\":\"https:\/\/www.africa-press.net\/benin\/politique\/benin-ce-que-pense-azannai-des-audiences-de-talon-aux-anciens-presidents-de-lan#breadcrumb\",\"itemListElement\":[{\"@type\":\"ListItem\",\"position\":1,\"name\":\"Accueil\",\"item\":\"https:\/\/www.africa-press.net\/benin\/\"},{\"@type\":\"ListItem\",\"position\":2,\"name\":\"B\u00e9nin: ce que pense Azanna\u00ef des audiences de Talon aux anciens pr\u00e9sidents de l\u2019AN\"}]},{\"@type\":\"WebSite\",\"@id\":\"https:\/\/www.africa-press.net\/benin\/#website\",\"url\":\"https:\/\/www.africa-press.net\/benin\/\",\"name\":\"B\u00e9nin\",\"description\":\"Just another Africa News Agency Sites site\",\"potentialAction\":[{\"@type\":\"SearchAction\",\"target\":{\"@type\":\"EntryPoint\",\"urlTemplate\":\"https:\/\/www.africa-press.net\/benin\/?s={search_term_string}\"},\"query-input\":{\"@type\":\"PropertyValueSpecification\",\"valueRequired\":true,\"valueName\":\"search_term_string\"}}],\"inLanguage\":\"fr-FR\"},{\"@type\":\"Person\",\"@id\":\"https:\/\/www.africa-press.net\/benin\/#\/schema\/person\/2b1cf3cd81a31e3cd26889ca66d677f1\",\"name\":\"cfeditorfr\"}]}<\/script>\n<!-- \/ Yoast SEO Premium plugin. -->","yoast_head_json":{"title":"B\u00e9nin: ce que pense Azanna\u00ef des audiences de Talon aux anciens pr\u00e9sidents de l\u2019AN - B\u00e9nin","description":"Le chef de l\u2019Etat, le pr\u00e9sident Patrice Talon a initi\u00e9 il y a quelques semaines, une s\u00e9rie d\u2019audiences \u00e0 l\u2019endroit de ce ...","robots":{"index":"index","follow":"follow","max-snippet":"max-snippet:-1","max-image-preview":"max-image-preview:large","max-video-preview":"max-video-preview:-1"},"canonical":"https:\/\/www.africa-press.net\/benin\/politique\/benin-ce-que-pense-azannai-des-audiences-de-talon-aux-anciens-presidents-de-lan","og_locale":"fr_FR","og_type":"article","og_title":"B\u00e9nin: ce que pense Azanna\u00ef des audiences de Talon aux anciens pr\u00e9sidents de l\u2019AN","og_description":"Le chef de l\u2019Etat, le pr\u00e9sident Patrice Talon a initi\u00e9 il y a quelques semaines, une s\u00e9rie d\u2019audiences \u00e0 l\u2019endroit de ce ...","og_url":"https:\/\/www.africa-press.net\/benin\/politique\/benin-ce-que-pense-azannai-des-audiences-de-talon-aux-anciens-presidents-de-lan","og_site_name":"B\u00e9nin","article_published_time":"2022-07-19T16:25:47+00:00","article_modified_time":"2022-07-19T16:39:07+00:00","og_image":[{"width":1600,"height":970,"url":"https:\/\/static.africa-press.net\/benin\/sites\/46\/2022\/07\/postQueueImg_19-62d6de1443662.jpg","type":"image\/jpeg"}],"author":"cfeditorfr","twitter_card":"summary_large_image","twitter_misc":{"\u00c9crit par":"cfeditorfr","Dur\u00e9e de lecture estim\u00e9e":"3 minutes"},"schema":{"@context":"https:\/\/schema.org","@graph":[{"@type":"Article","@id":"https:\/\/www.africa-press.net\/benin\/politique\/benin-ce-que-pense-azannai-des-audiences-de-talon-aux-anciens-presidents-de-lan#article","isPartOf":{"@id":"https:\/\/www.africa-press.net\/benin\/politique\/benin-ce-que-pense-azannai-des-audiences-de-talon-aux-anciens-presidents-de-lan"},"author":{"name":"cfeditorfr","@id":"https:\/\/www.africa-press.net\/benin\/#\/schema\/person\/2b1cf3cd81a31e3cd26889ca66d677f1"},"headline":"B\u00e9nin: ce que pense Azanna\u00ef des audiences de Talon aux anciens pr\u00e9sidents de l\u2019AN","datePublished":"2022-07-19T16:25:47+00:00","dateModified":"2022-07-19T16:39:07+00:00","mainEntityOfPage":{"@id":"https:\/\/www.africa-press.net\/benin\/politique\/benin-ce-que-pense-azannai-des-audiences-de-talon-aux-anciens-presidents-de-lan"},"wordCount":715,"commentCount":0,"image":{"@id":"https:\/\/www.africa-press.net\/benin\/politique\/benin-ce-que-pense-azannai-des-audiences-de-talon-aux-anciens-presidents-de-lan#primaryimage"},"thumbnailUrl":"https:\/\/static.africa-press.net\/benin\/sites\/46\/2022\/07\/postQueueImg_19-62d6de1443662.jpg","keywords":["Africa Press","Africa Press-Benin","B\u00e9nin"],"articleSection":["homepage-french","Politique","Toutes les actualit\u00e9s"],"inLanguage":"fr-FR","potentialAction":[{"@type":"CommentAction","name":"Comment","target":["https:\/\/www.africa-press.net\/benin\/politique\/benin-ce-que-pense-azannai-des-audiences-de-talon-aux-anciens-presidents-de-lan#respond"]}]},{"@type":"WebPage","@id":"https:\/\/www.africa-press.net\/benin\/politique\/benin-ce-que-pense-azannai-des-audiences-de-talon-aux-anciens-presidents-de-lan","url":"https:\/\/www.africa-press.net\/benin\/politique\/benin-ce-que-pense-azannai-des-audiences-de-talon-aux-anciens-presidents-de-lan","name":"B\u00e9nin: ce que pense Azanna\u00ef des audiences de Talon aux anciens pr\u00e9sidents de l\u2019AN - B\u00e9nin","isPartOf":{"@id":"https:\/\/www.africa-press.net\/benin\/#website"},"primaryImageOfPage":{"@id":"https:\/\/www.africa-press.net\/benin\/politique\/benin-ce-que-pense-azannai-des-audiences-de-talon-aux-anciens-presidents-de-lan#primaryimage"},"image":{"@id":"https:\/\/www.africa-press.net\/benin\/politique\/benin-ce-que-pense-azannai-des-audiences-de-talon-aux-anciens-presidents-de-lan#primaryimage"},"thumbnailUrl":"https:\/\/static.africa-press.net\/benin\/sites\/46\/2022\/07\/postQueueImg_19-62d6de1443662.jpg","datePublished":"2022-07-19T16:25:47+00:00","dateModified":"2022-07-19T16:39:07+00:00","author":{"@id":"https:\/\/www.africa-press.net\/benin\/#\/schema\/person\/2b1cf3cd81a31e3cd26889ca66d677f1"},"description":"Le chef de l\u2019Etat, le pr\u00e9sident Patrice Talon a initi\u00e9 il y a quelques semaines, une s\u00e9rie d\u2019audiences \u00e0 l\u2019endroit de ce ...","breadcrumb":{"@id":"https:\/\/www.africa-press.net\/benin\/politique\/benin-ce-que-pense-azannai-des-audiences-de-talon-aux-anciens-presidents-de-lan#breadcrumb"},"inLanguage":"fr-FR","potentialAction":[{"@type":"ReadAction","target":["https:\/\/www.africa-press.net\/benin\/politique\/benin-ce-que-pense-azannai-des-audiences-de-talon-aux-anciens-presidents-de-lan"]}]},{"@type":"ImageObject","inLanguage":"fr-FR","@id":"https:\/\/www.africa-press.net\/benin\/politique\/benin-ce-que-pense-azannai-des-audiences-de-talon-aux-anciens-presidents-de-lan#primaryimage","url":"https:\/\/static.africa-press.net\/benin\/sites\/46\/2022\/07\/postQueueImg_19-62d6de1443662.jpg","contentUrl":"https:\/\/static.africa-press.net\/benin\/sites\/46\/2022\/07\/postQueueImg_19-62d6de1443662.jpg","width":1600,"height":970,"caption":"B\u00e9nin: ce que pense Azanna\u00ef des audiences de Talon aux anciens pr\u00e9sidents de l\u2019AN"},{"@type":"BreadcrumbList","@id":"https:\/\/www.africa-press.net\/benin\/politique\/benin-ce-que-pense-azannai-des-audiences-de-talon-aux-anciens-presidents-de-lan#breadcrumb","itemListElement":[{"@type":"ListItem","position":1,"name":"Accueil","item":"https:\/\/www.africa-press.net\/benin\/"},{"@type":"ListItem","position":2,"name":"B\u00e9nin: ce que pense Azanna\u00ef des audiences de Talon aux anciens pr\u00e9sidents de l\u2019AN"}]},{"@type":"WebSite","@id":"https:\/\/www.africa-press.net\/benin\/#website","url":"https:\/\/www.africa-press.net\/benin\/","name":"B\u00e9nin","description":"Just another Africa News Agency Sites site","potentialAction":[{"@type":"SearchAction","target":{"@type":"EntryPoint","urlTemplate":"https:\/\/www.africa-press.net\/benin\/?s={search_term_string}"},"query-input":{"@type":"PropertyValueSpecification","valueRequired":true,"valueName":"search_term_string"}}],"inLanguage":"fr-FR"},{"@type":"Person","@id":"https:\/\/www.africa-press.net\/benin\/#\/schema\/person\/2b1cf3cd81a31e3cd26889ca66d677f1","name":"cfeditorfr"}]}},"_links":{"self":[{"href":"https:\/\/www.africa-press.net\/benin\/wp-json\/wp\/v2\/posts\/7018","targetHints":{"allow":["GET"]}}],"collection":[{"href":"https:\/\/www.africa-press.net\/benin\/wp-json\/wp\/v2\/posts"}],"about":[{"href":"https:\/\/www.africa-press.net\/benin\/wp-json\/wp\/v2\/types\/post"}],"author":[{"embeddable":true,"href":"https:\/\/www.africa-press.net\/benin\/wp-json\/wp\/v2\/users\/82"}],"replies":[{"embeddable":true,"href":"https:\/\/www.africa-press.net\/benin\/wp-json\/wp\/v2\/comments?post=7018"}],"version-history":[{"count":0,"href":"https:\/\/www.africa-press.net\/benin\/wp-json\/wp\/v2\/posts\/7018\/revisions"}],"wp:featuredmedia":[{"embeddable":true,"href":"https:\/\/www.africa-press.net\/benin\/wp-json\/wp\/v2\/media\/7017"}],"wp:attachment":[{"href":"https:\/\/www.africa-press.net\/benin\/wp-json\/wp\/v2\/media?parent=7018"}],"wp:term":[{"taxonomy":"category","embeddable":true,"href":"https:\/\/www.africa-press.net\/benin\/wp-json\/wp\/v2\/categories?post=7018"},{"taxonomy":"post_tag","embeddable":true,"href":"https:\/\/www.africa-press.net\/benin\/wp-json\/wp\/v2\/tags?post=7018"}],"curies":[{"name":"wp","href":"https:\/\/api.w.org\/{rel}","templated":true}]}}