{"id":7021,"date":"2022-07-19T16:25:56","date_gmt":"2022-07-19T16:25:56","guid":{"rendered":"https:\/\/www.africa-press.net\/benin\/politique\/passation-de-charge-au-fnm-abdou-rafiou-bello-sen-va-louis-biao-sinstalle"},"modified":"2022-07-19T16:39:33","modified_gmt":"2022-07-19T16:39:33","slug":"passation-de-charge-au-fnm-abdou-rafiou-bello-sen-va-louis-biao-sinstalle","status":"publish","type":"post","link":"https:\/\/www.africa-press.net\/benin\/toutes-les-actualites\/passation-de-charge-au-fnm-abdou-rafiou-bello-sen-va-louis-biao-sinstalle","title":{"rendered":"Passation de charge au FNM: Abdou Rafiou Bello s\u2019en va, Louis Biao s\u2019installe"},"content":{"rendered":"<p><span style=\"color: #ff6600\"><strong>Africa-Press &#8211; Benin. <\/strong><\/span>Nomm\u00e9 en conseil des ministres le mercredi 13 Juillet 2022, Louis Biao a pris officiellement la commande du Fonds National de la Microfinance (FNM) ce lundi 18 juillet 2022.<\/p>\n<p>La direction g\u00e9n\u00e9rale du Fonds National de la Microfinance (FNM) a chang\u00e9 de main. Louis Biao a pris officiellement la r\u00eane de la structure. La c\u00e9r\u00e9monie de passation de charge a eu lieu ce lundi 18 Juillet 2022 au si\u00e8ge de l\u2019institution \u00e0 Cotonou en en pr\u00e9sence des membres du personnel et autres acteurs et partenaires du Fonds National de la Microfinance.<\/p>\n<p>Le directeur sortant, Abdou Rafiou Bello nomm\u00e9 le 04 Octobre 2019 a pass\u00e9 2 ans 10 mois et quelques jours \u00e0 la t\u00eate de l\u2019institution qui accompagne les promoteurs d\u2019activit\u00e9s g\u00e9n\u00e9ratrices de revenus. Il passe le t\u00e9moin au nouveau directeur qui en homme averti s\u2019engage \u00e0 relever de nouveaux d\u00e9fis.<\/p>\n<p>Le Fonds National de la Microfinance (FNM) est un \u00e9tablissement public \u00e0 caract\u00e8re social, culturel et scientifique cr\u00e9\u00e9 par d\u00e9cret N\u00b02006-301 du 27 juin 2006 et dont les statuts ont \u00e9t\u00e9 approuv\u00e9s par d\u00e9cret N\u00b02006-1742 du 05 d\u00e9cembre 2006. Il est dot\u00e9 d\u2019une personnalit\u00e9 juridique et d\u2019une autonomie de gestion administrative et financi\u00e8re. Il est r\u00e9gi par les dispositions de ses statuts et de la loi n\u00b094-009 du 28 juillet 1994 portant cr\u00e9ation, organisation et fonctionnement des Offices \u00e0 caract\u00e8re social, culturel et scientifique.<\/p>\n<p>A cet effet, le Fonds National de la Microfinance a pour mission de contribuer au renforcement des capacit\u00e9s financi\u00e8res et techniques des acteurs du secteur de la microfinance, en particulier des Services Financiers D\u00e9centralis\u00e9s (SFD), pour satisfaire les besoins de services financiers et non financiers exprim\u00e9s par les populations \u00e0 faible revenu. Dans le cadre de sa mission, le FNM met en place des cr\u00e9dits de petits montants \u00e0 la couche vuln\u00e9rable de la population par le biais des Syst\u00e8mes Financiers D\u00e9centralis\u00e9s.<\/p>\n<p>Nomm\u00e9 le 4 Octobre 2019 Comme Directeur G\u00e9n\u00e9ral du FNM, Abdou Rafiou Bello passe ce jour, lundi 18 Juillet 2022, le t\u00e9moin \u00e0 un autre apr\u00e8s avoir pass\u00e9 2 ans 10 mois et quelques jours \u00e0 la t\u00eate de l\u2019institution qui fait le bonheur des promoteurs d\u2019activit\u00e9s g\u00e9n\u00e9ratrices de revenus.<\/p>\n<p>Pour compter de ce lundi 18 Juillet 2022, c\u2019est Louis Biao qui prend d\u00e9sormais les commandes du Fonds National de la Microfinance (FNM) et poursuivra l\u2019\u0153uvre inlassable de lutte contre la pauvret\u00e9 que m\u00e8nent ces pr\u00e9d\u00e9cesseurs \u00e0 la t\u00eate du Fonds.<\/p>\n<p><strong>Pour plus d&rsquo;informations et d&rsquo;analyses sur la <a href=\"https:\/\/www.africa-press.net\/benin\">Benin<\/a>, suivez <a href=\"https:\/\/www.africa-press.net\/\">Africa-Press<\/a><\/strong><\/p>\n","protected":false},"excerpt":{"rendered":"<p>Africa-Press &#8211; Benin. Nomm\u00e9 en conseil des ministres le mercredi 13 Juillet 2022, Louis Biao a pris officiellement la commande du Fonds National de la Microfinance (FNM) ce lundi 18 juillet 2022. La direction g\u00e9n\u00e9rale du Fonds National de la Microfinance (FNM) a chang\u00e9 de main. Louis Biao a pris officiellement la r\u00eane de la [&hellip;]<\/p>\n","protected":false},"author":82,"featured_media":7020,"comment_status":"open","ping_status":"closed","sticky":false,"template":"","format":"standard","meta":{"footnotes":""},"categories":[21,11,10],"tags":[36,50,45],"class_list":["post-7021","post","type-post","status-publish","format-standard","has-post-thumbnail","hentry","category-communaute","category-homepage-french","category-toutes-les-actualites","tag-africa-press","tag-africa-press-benin","tag-benin"],"yoast_head":"<!-- This site is optimized with the Yoast SEO Premium plugin v26.1 (Yoast SEO v27.0) - https:\/\/yoast.com\/product\/yoast-seo-premium-wordpress\/ -->\n<title>Passation de charge au FNM: Abdou Rafiou Bello s\u2019en va, Louis Biao s\u2019installe - B\u00e9nin<\/title>\n<meta name=\"description\" content=\"Nomm\u00e9 en conseil des ministres le mercredi 13 Juillet 2022, Louis Biao a pris officiellement la commande du Fonds Nation ...\" \/>\n<meta name=\"robots\" content=\"index, follow, max-snippet:-1, max-image-preview:large, max-video-preview:-1\" \/>\n<link rel=\"canonical\" href=\"https:\/\/www.africa-press.net\/benin\/toutes-les-actualites\/passation-de-charge-au-fnm-abdou-rafiou-bello-sen-va-louis-biao-sinstalle\" \/>\n<meta property=\"og:locale\" content=\"fr_FR\" \/>\n<meta property=\"og:type\" content=\"article\" \/>\n<meta property=\"og:title\" content=\"Passation de charge au FNM: Abdou Rafiou Bello s\u2019en va, Louis Biao s\u2019installe\" \/>\n<meta property=\"og:description\" content=\"Nomm\u00e9 en conseil des ministres le mercredi 13 Juillet 2022, Louis Biao a pris officiellement la commande du Fonds Nation ...\" \/>\n<meta property=\"og:url\" content=\"https:\/\/www.africa-press.net\/benin\/toutes-les-actualites\/passation-de-charge-au-fnm-abdou-rafiou-bello-sen-va-louis-biao-sinstalle\" \/>\n<meta property=\"og:site_name\" content=\"B\u00e9nin\" \/>\n<meta property=\"article:published_time\" content=\"2022-07-19T16:25:56+00:00\" \/>\n<meta property=\"article:modified_time\" content=\"2022-07-19T16:39:33+00:00\" \/>\n<meta property=\"og:image\" content=\"https:\/\/static.africa-press.net\/benin\/sites\/46\/2022\/07\/postQueueImg_20-62d6de30f25c3.jpg\" \/>\n\t<meta property=\"og:image:width\" content=\"1024\" \/>\n\t<meta property=\"og:image:height\" content=\"678\" \/>\n\t<meta property=\"og:image:type\" content=\"image\/jpeg\" \/>\n<meta name=\"author\" content=\"cfeditorfr\" \/>\n<meta name=\"twitter:card\" content=\"summary_large_image\" \/>\n<meta name=\"twitter:label1\" content=\"\u00c9crit par\" \/>\n\t<meta name=\"twitter:data1\" content=\"cfeditorfr\" \/>\n\t<meta name=\"twitter:label2\" content=\"Dur\u00e9e de lecture estim\u00e9e\" \/>\n\t<meta name=\"twitter:data2\" content=\"2 minutes\" \/>\n<script type=\"application\/ld+json\" class=\"yoast-schema-graph\">{\"@context\":\"https:\/\/schema.org\",\"@graph\":[{\"@type\":\"Article\",\"@id\":\"https:\/\/www.africa-press.net\/benin\/toutes-les-actualites\/passation-de-charge-au-fnm-abdou-rafiou-bello-sen-va-louis-biao-sinstalle#article\",\"isPartOf\":{\"@id\":\"https:\/\/www.africa-press.net\/benin\/toutes-les-actualites\/passation-de-charge-au-fnm-abdou-rafiou-bello-sen-va-louis-biao-sinstalle\"},\"author\":{\"name\":\"cfeditorfr\",\"@id\":\"https:\/\/www.africa-press.net\/benin\/#\/schema\/person\/2b1cf3cd81a31e3cd26889ca66d677f1\"},\"headline\":\"Passation de charge au FNM: Abdou Rafiou Bello s\u2019en va, Louis Biao s\u2019installe\",\"datePublished\":\"2022-07-19T16:25:56+00:00\",\"dateModified\":\"2022-07-19T16:39:33+00:00\",\"mainEntityOfPage\":{\"@id\":\"https:\/\/www.africa-press.net\/benin\/toutes-les-actualites\/passation-de-charge-au-fnm-abdou-rafiou-bello-sen-va-louis-biao-sinstalle\"},\"wordCount\":452,\"commentCount\":0,\"image\":{\"@id\":\"https:\/\/www.africa-press.net\/benin\/toutes-les-actualites\/passation-de-charge-au-fnm-abdou-rafiou-bello-sen-va-louis-biao-sinstalle#primaryimage\"},\"thumbnailUrl\":\"https:\/\/static.africa-press.net\/benin\/sites\/46\/2022\/07\/postQueueImg_20-62d6de30f25c3.jpg\",\"keywords\":[\"Africa Press\",\"Africa Press-Benin\",\"B\u00e9nin\"],\"articleSection\":[\"Communaut\u00e9\",\"homepage-french\",\"Toutes les actualit\u00e9s\"],\"inLanguage\":\"fr-FR\",\"potentialAction\":[{\"@type\":\"CommentAction\",\"name\":\"Comment\",\"target\":[\"https:\/\/www.africa-press.net\/benin\/toutes-les-actualites\/passation-de-charge-au-fnm-abdou-rafiou-bello-sen-va-louis-biao-sinstalle#respond\"]}]},{\"@type\":\"WebPage\",\"@id\":\"https:\/\/www.africa-press.net\/benin\/toutes-les-actualites\/passation-de-charge-au-fnm-abdou-rafiou-bello-sen-va-louis-biao-sinstalle\",\"url\":\"https:\/\/www.africa-press.net\/benin\/toutes-les-actualites\/passation-de-charge-au-fnm-abdou-rafiou-bello-sen-va-louis-biao-sinstalle\",\"name\":\"Passation de charge au FNM: Abdou Rafiou Bello s\u2019en va, Louis Biao s\u2019installe - B\u00e9nin\",\"isPartOf\":{\"@id\":\"https:\/\/www.africa-press.net\/benin\/#website\"},\"primaryImageOfPage\":{\"@id\":\"https:\/\/www.africa-press.net\/benin\/toutes-les-actualites\/passation-de-charge-au-fnm-abdou-rafiou-bello-sen-va-louis-biao-sinstalle#primaryimage\"},\"image\":{\"@id\":\"https:\/\/www.africa-press.net\/benin\/toutes-les-actualites\/passation-de-charge-au-fnm-abdou-rafiou-bello-sen-va-louis-biao-sinstalle#primaryimage\"},\"thumbnailUrl\":\"https:\/\/static.africa-press.net\/benin\/sites\/46\/2022\/07\/postQueueImg_20-62d6de30f25c3.jpg\",\"datePublished\":\"2022-07-19T16:25:56+00:00\",\"dateModified\":\"2022-07-19T16:39:33+00:00\",\"author\":{\"@id\":\"https:\/\/www.africa-press.net\/benin\/#\/schema\/person\/2b1cf3cd81a31e3cd26889ca66d677f1\"},\"description\":\"Nomm\u00e9 en conseil des ministres le mercredi 13 Juillet 2022, Louis Biao a pris officiellement la commande du Fonds Nation ...\",\"breadcrumb\":{\"@id\":\"https:\/\/www.africa-press.net\/benin\/toutes-les-actualites\/passation-de-charge-au-fnm-abdou-rafiou-bello-sen-va-louis-biao-sinstalle#breadcrumb\"},\"inLanguage\":\"fr-FR\",\"potentialAction\":[{\"@type\":\"ReadAction\",\"target\":[\"https:\/\/www.africa-press.net\/benin\/toutes-les-actualites\/passation-de-charge-au-fnm-abdou-rafiou-bello-sen-va-louis-biao-sinstalle\"]}]},{\"@type\":\"ImageObject\",\"inLanguage\":\"fr-FR\",\"@id\":\"https:\/\/www.africa-press.net\/benin\/toutes-les-actualites\/passation-de-charge-au-fnm-abdou-rafiou-bello-sen-va-louis-biao-sinstalle#primaryimage\",\"url\":\"https:\/\/static.africa-press.net\/benin\/sites\/46\/2022\/07\/postQueueImg_20-62d6de30f25c3.jpg\",\"contentUrl\":\"https:\/\/static.africa-press.net\/benin\/sites\/46\/2022\/07\/postQueueImg_20-62d6de30f25c3.jpg\",\"width\":1024,\"height\":678,\"caption\":\"Passation de charge au FNM: Abdou Rafiou Bello s\u2019en va, Louis Biao s\u2019installe\"},{\"@type\":\"BreadcrumbList\",\"@id\":\"https:\/\/www.africa-press.net\/benin\/toutes-les-actualites\/passation-de-charge-au-fnm-abdou-rafiou-bello-sen-va-louis-biao-sinstalle#breadcrumb\",\"itemListElement\":[{\"@type\":\"ListItem\",\"position\":1,\"name\":\"Accueil\",\"item\":\"https:\/\/www.africa-press.net\/benin\/\"},{\"@type\":\"ListItem\",\"position\":2,\"name\":\"Passation de charge au FNM: Abdou Rafiou Bello s\u2019en va, Louis Biao s\u2019installe\"}]},{\"@type\":\"WebSite\",\"@id\":\"https:\/\/www.africa-press.net\/benin\/#website\",\"url\":\"https:\/\/www.africa-press.net\/benin\/\",\"name\":\"B\u00e9nin\",\"description\":\"Just another Africa News Agency Sites site\",\"potentialAction\":[{\"@type\":\"SearchAction\",\"target\":{\"@type\":\"EntryPoint\",\"urlTemplate\":\"https:\/\/www.africa-press.net\/benin\/?s={search_term_string}\"},\"query-input\":{\"@type\":\"PropertyValueSpecification\",\"valueRequired\":true,\"valueName\":\"search_term_string\"}}],\"inLanguage\":\"fr-FR\"},{\"@type\":\"Person\",\"@id\":\"https:\/\/www.africa-press.net\/benin\/#\/schema\/person\/2b1cf3cd81a31e3cd26889ca66d677f1\",\"name\":\"cfeditorfr\"}]}<\/script>\n<!-- \/ Yoast SEO Premium plugin. -->","yoast_head_json":{"title":"Passation de charge au FNM: Abdou Rafiou Bello s\u2019en va, Louis Biao s\u2019installe - B\u00e9nin","description":"Nomm\u00e9 en conseil des ministres le mercredi 13 Juillet 2022, Louis Biao a pris officiellement la commande du Fonds Nation ...","robots":{"index":"index","follow":"follow","max-snippet":"max-snippet:-1","max-image-preview":"max-image-preview:large","max-video-preview":"max-video-preview:-1"},"canonical":"https:\/\/www.africa-press.net\/benin\/toutes-les-actualites\/passation-de-charge-au-fnm-abdou-rafiou-bello-sen-va-louis-biao-sinstalle","og_locale":"fr_FR","og_type":"article","og_title":"Passation de charge au FNM: Abdou Rafiou Bello s\u2019en va, Louis Biao s\u2019installe","og_description":"Nomm\u00e9 en conseil des ministres le mercredi 13 Juillet 2022, Louis Biao a pris officiellement la commande du Fonds Nation ...","og_url":"https:\/\/www.africa-press.net\/benin\/toutes-les-actualites\/passation-de-charge-au-fnm-abdou-rafiou-bello-sen-va-louis-biao-sinstalle","og_site_name":"B\u00e9nin","article_published_time":"2022-07-19T16:25:56+00:00","article_modified_time":"2022-07-19T16:39:33+00:00","og_image":[{"width":1024,"height":678,"url":"https:\/\/static.africa-press.net\/benin\/sites\/46\/2022\/07\/postQueueImg_20-62d6de30f25c3.jpg","type":"image\/jpeg"}],"author":"cfeditorfr","twitter_card":"summary_large_image","twitter_misc":{"\u00c9crit par":"cfeditorfr","Dur\u00e9e de lecture estim\u00e9e":"2 minutes"},"schema":{"@context":"https:\/\/schema.org","@graph":[{"@type":"Article","@id":"https:\/\/www.africa-press.net\/benin\/toutes-les-actualites\/passation-de-charge-au-fnm-abdou-rafiou-bello-sen-va-louis-biao-sinstalle#article","isPartOf":{"@id":"https:\/\/www.africa-press.net\/benin\/toutes-les-actualites\/passation-de-charge-au-fnm-abdou-rafiou-bello-sen-va-louis-biao-sinstalle"},"author":{"name":"cfeditorfr","@id":"https:\/\/www.africa-press.net\/benin\/#\/schema\/person\/2b1cf3cd81a31e3cd26889ca66d677f1"},"headline":"Passation de charge au FNM: Abdou Rafiou Bello s\u2019en va, Louis Biao s\u2019installe","datePublished":"2022-07-19T16:25:56+00:00","dateModified":"2022-07-19T16:39:33+00:00","mainEntityOfPage":{"@id":"https:\/\/www.africa-press.net\/benin\/toutes-les-actualites\/passation-de-charge-au-fnm-abdou-rafiou-bello-sen-va-louis-biao-sinstalle"},"wordCount":452,"commentCount":0,"image":{"@id":"https:\/\/www.africa-press.net\/benin\/toutes-les-actualites\/passation-de-charge-au-fnm-abdou-rafiou-bello-sen-va-louis-biao-sinstalle#primaryimage"},"thumbnailUrl":"https:\/\/static.africa-press.net\/benin\/sites\/46\/2022\/07\/postQueueImg_20-62d6de30f25c3.jpg","keywords":["Africa Press","Africa Press-Benin","B\u00e9nin"],"articleSection":["Communaut\u00e9","homepage-french","Toutes les actualit\u00e9s"],"inLanguage":"fr-FR","potentialAction":[{"@type":"CommentAction","name":"Comment","target":["https:\/\/www.africa-press.net\/benin\/toutes-les-actualites\/passation-de-charge-au-fnm-abdou-rafiou-bello-sen-va-louis-biao-sinstalle#respond"]}]},{"@type":"WebPage","@id":"https:\/\/www.africa-press.net\/benin\/toutes-les-actualites\/passation-de-charge-au-fnm-abdou-rafiou-bello-sen-va-louis-biao-sinstalle","url":"https:\/\/www.africa-press.net\/benin\/toutes-les-actualites\/passation-de-charge-au-fnm-abdou-rafiou-bello-sen-va-louis-biao-sinstalle","name":"Passation de charge au FNM: Abdou Rafiou Bello s\u2019en va, Louis Biao s\u2019installe - B\u00e9nin","isPartOf":{"@id":"https:\/\/www.africa-press.net\/benin\/#website"},"primaryImageOfPage":{"@id":"https:\/\/www.africa-press.net\/benin\/toutes-les-actualites\/passation-de-charge-au-fnm-abdou-rafiou-bello-sen-va-louis-biao-sinstalle#primaryimage"},"image":{"@id":"https:\/\/www.africa-press.net\/benin\/toutes-les-actualites\/passation-de-charge-au-fnm-abdou-rafiou-bello-sen-va-louis-biao-sinstalle#primaryimage"},"thumbnailUrl":"https:\/\/static.africa-press.net\/benin\/sites\/46\/2022\/07\/postQueueImg_20-62d6de30f25c3.jpg","datePublished":"2022-07-19T16:25:56+00:00","dateModified":"2022-07-19T16:39:33+00:00","author":{"@id":"https:\/\/www.africa-press.net\/benin\/#\/schema\/person\/2b1cf3cd81a31e3cd26889ca66d677f1"},"description":"Nomm\u00e9 en conseil des ministres le mercredi 13 Juillet 2022, Louis Biao a pris officiellement la commande du Fonds Nation ...","breadcrumb":{"@id":"https:\/\/www.africa-press.net\/benin\/toutes-les-actualites\/passation-de-charge-au-fnm-abdou-rafiou-bello-sen-va-louis-biao-sinstalle#breadcrumb"},"inLanguage":"fr-FR","potentialAction":[{"@type":"ReadAction","target":["https:\/\/www.africa-press.net\/benin\/toutes-les-actualites\/passation-de-charge-au-fnm-abdou-rafiou-bello-sen-va-louis-biao-sinstalle"]}]},{"@type":"ImageObject","inLanguage":"fr-FR","@id":"https:\/\/www.africa-press.net\/benin\/toutes-les-actualites\/passation-de-charge-au-fnm-abdou-rafiou-bello-sen-va-louis-biao-sinstalle#primaryimage","url":"https:\/\/static.africa-press.net\/benin\/sites\/46\/2022\/07\/postQueueImg_20-62d6de30f25c3.jpg","contentUrl":"https:\/\/static.africa-press.net\/benin\/sites\/46\/2022\/07\/postQueueImg_20-62d6de30f25c3.jpg","width":1024,"height":678,"caption":"Passation de charge au FNM: Abdou Rafiou Bello s\u2019en va, Louis Biao s\u2019installe"},{"@type":"BreadcrumbList","@id":"https:\/\/www.africa-press.net\/benin\/toutes-les-actualites\/passation-de-charge-au-fnm-abdou-rafiou-bello-sen-va-louis-biao-sinstalle#breadcrumb","itemListElement":[{"@type":"ListItem","position":1,"name":"Accueil","item":"https:\/\/www.africa-press.net\/benin\/"},{"@type":"ListItem","position":2,"name":"Passation de charge au FNM: Abdou Rafiou Bello s\u2019en va, Louis Biao s\u2019installe"}]},{"@type":"WebSite","@id":"https:\/\/www.africa-press.net\/benin\/#website","url":"https:\/\/www.africa-press.net\/benin\/","name":"B\u00e9nin","description":"Just another Africa News Agency Sites site","potentialAction":[{"@type":"SearchAction","target":{"@type":"EntryPoint","urlTemplate":"https:\/\/www.africa-press.net\/benin\/?s={search_term_string}"},"query-input":{"@type":"PropertyValueSpecification","valueRequired":true,"valueName":"search_term_string"}}],"inLanguage":"fr-FR"},{"@type":"Person","@id":"https:\/\/www.africa-press.net\/benin\/#\/schema\/person\/2b1cf3cd81a31e3cd26889ca66d677f1","name":"cfeditorfr"}]}},"_links":{"self":[{"href":"https:\/\/www.africa-press.net\/benin\/wp-json\/wp\/v2\/posts\/7021","targetHints":{"allow":["GET"]}}],"collection":[{"href":"https:\/\/www.africa-press.net\/benin\/wp-json\/wp\/v2\/posts"}],"about":[{"href":"https:\/\/www.africa-press.net\/benin\/wp-json\/wp\/v2\/types\/post"}],"author":[{"embeddable":true,"href":"https:\/\/www.africa-press.net\/benin\/wp-json\/wp\/v2\/users\/82"}],"replies":[{"embeddable":true,"href":"https:\/\/www.africa-press.net\/benin\/wp-json\/wp\/v2\/comments?post=7021"}],"version-history":[{"count":0,"href":"https:\/\/www.africa-press.net\/benin\/wp-json\/wp\/v2\/posts\/7021\/revisions"}],"wp:featuredmedia":[{"embeddable":true,"href":"https:\/\/www.africa-press.net\/benin\/wp-json\/wp\/v2\/media\/7020"}],"wp:attachment":[{"href":"https:\/\/www.africa-press.net\/benin\/wp-json\/wp\/v2\/media?parent=7021"}],"wp:term":[{"taxonomy":"category","embeddable":true,"href":"https:\/\/www.africa-press.net\/benin\/wp-json\/wp\/v2\/categories?post=7021"},{"taxonomy":"post_tag","embeddable":true,"href":"https:\/\/www.africa-press.net\/benin\/wp-json\/wp\/v2\/tags?post=7021"}],"curies":[{"name":"wp","href":"https:\/\/api.w.org\/{rel}","templated":true}]}}