{"id":7024,"date":"2022-07-19T16:26:02","date_gmt":"2022-07-19T16:26:02","guid":{"rendered":"https:\/\/www.africa-press.net\/benin\/politique\/rajeunissement-de-lespace-politique-lup-met-la-vieille-classe-en-arriere-plan"},"modified":"2022-07-19T16:39:59","modified_gmt":"2022-07-19T16:39:59","slug":"rajeunissement-de-lespace-politique-lup-met-la-vieille-classe-en-arriere-plan","status":"publish","type":"post","link":"https:\/\/www.africa-press.net\/benin\/politique\/rajeunissement-de-lespace-politique-lup-met-la-vieille-classe-en-arriere-plan","title":{"rendered":"Rajeunissement de l\u2019espace politique: l\u2019UP met la vieille classe en arri\u00e8re plan"},"content":{"rendered":"<p><span style=\"color: #ff6600\"><strong>Africa-Press &#8211; Benin. <\/strong><\/span>Le parti Union Progressiste (UP) a entam\u00e9 sa mue avec le d\u00e9part du pr\u00e9sident Bruno Amoussou remplac\u00e9 par un jeune acteur politique en la personne du professeur Joseph Djogb\u00e9nou. Ce rajeunissement du parti baobab ne s\u2019est pas arr\u00eat\u00e9 au patriarche. Les anciens pr\u00e9sident Mathurin Coffi Nago et Antoine Idji Kolawol\u00e9 ont \u00e9t\u00e9 aussi mut\u00e9s \u00e0 des postes consultatifs et remplac\u00e9s par du sang frais.<\/p>\n<p>Le nouveau pr\u00e9sident du parti Union Progressiste, le professeur Joseph Djogb\u00e9nou a entam\u00e9 un rajeunissement progressif du parti dont il tient d\u00e9sormais les r\u00eanes. Ainsi, au cours du conclave du samedi dernier qui s\u2019est sold\u00e9 par le d\u00e9part \u00e0 la retraite politique du pr\u00e9sident Bruno Amoussou, deux autres v\u00e9t\u00e9rans ont \u00e9t\u00e9 remplac\u00e9s aussi \u00e0 la t\u00eate de leur coordination.<\/p>\n<p>Il s\u2019agit des anciens pr\u00e9sidents de l\u2019assembl\u00e9e nationale, Antoine Idji Kolawol\u00e9 qui a c\u00e9d\u00e9 sa place de coordonnateur d\u00e9partemental du plateau. Il a \u00e9t\u00e9 remplac\u00e9 par le d\u00e9put\u00e9 Louis Dossou.<\/p>\n<p>Au niveau de la coordination d\u00e9partementale du Mono, l\u2019ancien Pr\u00e9sident de l\u2019Assembl\u00e9e nationale Mathurin Coffi Nago a \u00e9t\u00e9 remplac\u00e9 par un autre jeune militant du parti UP.<\/p>\n<p>De m\u00eame, l\u2019ancien ministre et ancien pr\u00e9sident de la cour supr\u00eame, Abraham Zinzindohou\u00e9 n\u2019est plus le 2e vice-pr\u00e9sident charg\u00e9 de la formation du parti Union Progressiste. Il a \u00e9t\u00e9 aussi remplac\u00e9 par le d\u00e9put\u00e9 G\u00e9rard Gb\u00e9nonchi.<\/p>\n<p>A travers ces mutations, il transparait clairement que le nouveau pr\u00e9sident du parti veut travailler avec la nouvelle g\u00e9n\u00e9ration d\u2019acteurs politiques qui sont encore impr\u00e9gn\u00e9s des r\u00e9alit\u00e9s du moment et non avec des vieux qui ont fait leur temps et n\u2019ont plus rien \u00e0 prouver sur le terrain.<\/p>\n<p>Ces anciens politiciens sont d\u2019ailleurs affect\u00e9s dans des instances o\u00f9 il pourront \u00eatre consult\u00e9s au besoin pour faire profiter de leurs exp\u00e9riences \u00e0 la nouvelle g\u00e9n\u00e9ration d\u2019acteurs politiques.<\/p>\n<p><strong>Pour plus d&rsquo;informations et d&rsquo;analyses sur la <a href=\"https:\/\/www.africa-press.net\/benin\">Benin<\/a>, suivez <a href=\"https:\/\/www.africa-press.net\/\">Africa-Press<\/a><\/strong><\/p>\n","protected":false},"excerpt":{"rendered":"<p>Africa-Press &#8211; Benin. Le parti Union Progressiste (UP) a entam\u00e9 sa mue avec le d\u00e9part du pr\u00e9sident Bruno Amoussou remplac\u00e9 par un jeune acteur politique en la personne du professeur Joseph Djogb\u00e9nou. Ce rajeunissement du parti baobab ne s\u2019est pas arr\u00eat\u00e9 au patriarche. Les anciens pr\u00e9sident Mathurin Coffi Nago et Antoine Idji Kolawol\u00e9 ont \u00e9t\u00e9 [&hellip;]<\/p>\n","protected":false},"author":82,"featured_media":7023,"comment_status":"open","ping_status":"closed","sticky":false,"template":"","format":"standard","meta":{"footnotes":""},"categories":[11,2,10],"tags":[36,50,45],"class_list":["post-7024","post","type-post","status-publish","format-standard","has-post-thumbnail","hentry","category-homepage-french","category-politique","category-toutes-les-actualites","tag-africa-press","tag-africa-press-benin","tag-benin"],"yoast_head":"<!-- This site is optimized with the Yoast SEO Premium plugin v26.1 (Yoast SEO v27.0) - https:\/\/yoast.com\/product\/yoast-seo-premium-wordpress\/ -->\n<title>Rajeunissement de l\u2019espace politique: l\u2019UP met la vieille classe en arri\u00e8re plan - B\u00e9nin<\/title>\n<meta name=\"description\" content=\"Le parti Union Progressiste (UP) a entam\u00e9 sa mue avec le d\u00e9part du pr\u00e9sident Bruno Amoussou remplac\u00e9 par un jeune acteur ...\" \/>\n<meta name=\"robots\" content=\"index, follow, max-snippet:-1, max-image-preview:large, max-video-preview:-1\" \/>\n<link rel=\"canonical\" href=\"https:\/\/www.africa-press.net\/benin\/politique\/rajeunissement-de-lespace-politique-lup-met-la-vieille-classe-en-arriere-plan\" \/>\n<meta property=\"og:locale\" content=\"fr_FR\" \/>\n<meta property=\"og:type\" content=\"article\" \/>\n<meta property=\"og:title\" content=\"Rajeunissement de l\u2019espace politique: l\u2019UP met la vieille classe en arri\u00e8re plan\" \/>\n<meta property=\"og:description\" content=\"Le parti Union Progressiste (UP) a entam\u00e9 sa mue avec le d\u00e9part du pr\u00e9sident Bruno Amoussou remplac\u00e9 par un jeune acteur ...\" \/>\n<meta property=\"og:url\" content=\"https:\/\/www.africa-press.net\/benin\/politique\/rajeunissement-de-lespace-politique-lup-met-la-vieille-classe-en-arriere-plan\" \/>\n<meta property=\"og:site_name\" content=\"B\u00e9nin\" \/>\n<meta property=\"article:published_time\" content=\"2022-07-19T16:26:02+00:00\" \/>\n<meta property=\"article:modified_time\" content=\"2022-07-19T16:39:59+00:00\" \/>\n<meta property=\"og:image\" content=\"https:\/\/static.africa-press.net\/benin\/sites\/46\/2022\/07\/postQueueImg_21-62d6de4aca0ea.jpg\" \/>\n\t<meta property=\"og:image:width\" content=\"1200\" \/>\n\t<meta property=\"og:image:height\" content=\"675\" \/>\n\t<meta property=\"og:image:type\" content=\"image\/jpeg\" \/>\n<meta name=\"author\" content=\"cfeditorfr\" \/>\n<meta name=\"twitter:card\" content=\"summary_large_image\" \/>\n<meta name=\"twitter:label1\" content=\"\u00c9crit par\" \/>\n\t<meta name=\"twitter:data1\" content=\"cfeditorfr\" \/>\n\t<meta name=\"twitter:label2\" content=\"Dur\u00e9e de lecture estim\u00e9e\" \/>\n\t<meta name=\"twitter:data2\" content=\"2 minutes\" \/>\n<script type=\"application\/ld+json\" class=\"yoast-schema-graph\">{\"@context\":\"https:\/\/schema.org\",\"@graph\":[{\"@type\":\"Article\",\"@id\":\"https:\/\/www.africa-press.net\/benin\/politique\/rajeunissement-de-lespace-politique-lup-met-la-vieille-classe-en-arriere-plan#article\",\"isPartOf\":{\"@id\":\"https:\/\/www.africa-press.net\/benin\/politique\/rajeunissement-de-lespace-politique-lup-met-la-vieille-classe-en-arriere-plan\"},\"author\":{\"name\":\"cfeditorfr\",\"@id\":\"https:\/\/www.africa-press.net\/benin\/#\/schema\/person\/2b1cf3cd81a31e3cd26889ca66d677f1\"},\"headline\":\"Rajeunissement de l\u2019espace politique: l\u2019UP met la vieille classe en arri\u00e8re plan\",\"datePublished\":\"2022-07-19T16:26:02+00:00\",\"dateModified\":\"2022-07-19T16:39:59+00:00\",\"mainEntityOfPage\":{\"@id\":\"https:\/\/www.africa-press.net\/benin\/politique\/rajeunissement-de-lespace-politique-lup-met-la-vieille-classe-en-arriere-plan\"},\"wordCount\":373,\"commentCount\":0,\"image\":{\"@id\":\"https:\/\/www.africa-press.net\/benin\/politique\/rajeunissement-de-lespace-politique-lup-met-la-vieille-classe-en-arriere-plan#primaryimage\"},\"thumbnailUrl\":\"https:\/\/static.africa-press.net\/benin\/sites\/46\/2022\/07\/postQueueImg_21-62d6de4aca0ea.jpg\",\"keywords\":[\"Africa Press\",\"Africa Press-Benin\",\"B\u00e9nin\"],\"articleSection\":[\"homepage-french\",\"Politique\",\"Toutes les actualit\u00e9s\"],\"inLanguage\":\"fr-FR\",\"potentialAction\":[{\"@type\":\"CommentAction\",\"name\":\"Comment\",\"target\":[\"https:\/\/www.africa-press.net\/benin\/politique\/rajeunissement-de-lespace-politique-lup-met-la-vieille-classe-en-arriere-plan#respond\"]}]},{\"@type\":\"WebPage\",\"@id\":\"https:\/\/www.africa-press.net\/benin\/politique\/rajeunissement-de-lespace-politique-lup-met-la-vieille-classe-en-arriere-plan\",\"url\":\"https:\/\/www.africa-press.net\/benin\/politique\/rajeunissement-de-lespace-politique-lup-met-la-vieille-classe-en-arriere-plan\",\"name\":\"Rajeunissement de l\u2019espace politique: l\u2019UP met la vieille classe en arri\u00e8re plan - B\u00e9nin\",\"isPartOf\":{\"@id\":\"https:\/\/www.africa-press.net\/benin\/#website\"},\"primaryImageOfPage\":{\"@id\":\"https:\/\/www.africa-press.net\/benin\/politique\/rajeunissement-de-lespace-politique-lup-met-la-vieille-classe-en-arriere-plan#primaryimage\"},\"image\":{\"@id\":\"https:\/\/www.africa-press.net\/benin\/politique\/rajeunissement-de-lespace-politique-lup-met-la-vieille-classe-en-arriere-plan#primaryimage\"},\"thumbnailUrl\":\"https:\/\/static.africa-press.net\/benin\/sites\/46\/2022\/07\/postQueueImg_21-62d6de4aca0ea.jpg\",\"datePublished\":\"2022-07-19T16:26:02+00:00\",\"dateModified\":\"2022-07-19T16:39:59+00:00\",\"author\":{\"@id\":\"https:\/\/www.africa-press.net\/benin\/#\/schema\/person\/2b1cf3cd81a31e3cd26889ca66d677f1\"},\"description\":\"Le parti Union Progressiste (UP) a entam\u00e9 sa mue avec le d\u00e9part du pr\u00e9sident Bruno Amoussou remplac\u00e9 par un jeune acteur ...\",\"breadcrumb\":{\"@id\":\"https:\/\/www.africa-press.net\/benin\/politique\/rajeunissement-de-lespace-politique-lup-met-la-vieille-classe-en-arriere-plan#breadcrumb\"},\"inLanguage\":\"fr-FR\",\"potentialAction\":[{\"@type\":\"ReadAction\",\"target\":[\"https:\/\/www.africa-press.net\/benin\/politique\/rajeunissement-de-lespace-politique-lup-met-la-vieille-classe-en-arriere-plan\"]}]},{\"@type\":\"ImageObject\",\"inLanguage\":\"fr-FR\",\"@id\":\"https:\/\/www.africa-press.net\/benin\/politique\/rajeunissement-de-lespace-politique-lup-met-la-vieille-classe-en-arriere-plan#primaryimage\",\"url\":\"https:\/\/static.africa-press.net\/benin\/sites\/46\/2022\/07\/postQueueImg_21-62d6de4aca0ea.jpg\",\"contentUrl\":\"https:\/\/static.africa-press.net\/benin\/sites\/46\/2022\/07\/postQueueImg_21-62d6de4aca0ea.jpg\",\"width\":1200,\"height\":675,\"caption\":\"Rajeunissement de l\u2019espace politique: l\u2019UP met la vieille classe en arri\u00e8re plan\"},{\"@type\":\"BreadcrumbList\",\"@id\":\"https:\/\/www.africa-press.net\/benin\/politique\/rajeunissement-de-lespace-politique-lup-met-la-vieille-classe-en-arriere-plan#breadcrumb\",\"itemListElement\":[{\"@type\":\"ListItem\",\"position\":1,\"name\":\"Accueil\",\"item\":\"https:\/\/www.africa-press.net\/benin\/\"},{\"@type\":\"ListItem\",\"position\":2,\"name\":\"Rajeunissement de l\u2019espace politique: l\u2019UP met la vieille classe en arri\u00e8re plan\"}]},{\"@type\":\"WebSite\",\"@id\":\"https:\/\/www.africa-press.net\/benin\/#website\",\"url\":\"https:\/\/www.africa-press.net\/benin\/\",\"name\":\"B\u00e9nin\",\"description\":\"Just another Africa News Agency Sites site\",\"potentialAction\":[{\"@type\":\"SearchAction\",\"target\":{\"@type\":\"EntryPoint\",\"urlTemplate\":\"https:\/\/www.africa-press.net\/benin\/?s={search_term_string}\"},\"query-input\":{\"@type\":\"PropertyValueSpecification\",\"valueRequired\":true,\"valueName\":\"search_term_string\"}}],\"inLanguage\":\"fr-FR\"},{\"@type\":\"Person\",\"@id\":\"https:\/\/www.africa-press.net\/benin\/#\/schema\/person\/2b1cf3cd81a31e3cd26889ca66d677f1\",\"name\":\"cfeditorfr\"}]}<\/script>\n<!-- \/ Yoast SEO Premium plugin. -->","yoast_head_json":{"title":"Rajeunissement de l\u2019espace politique: l\u2019UP met la vieille classe en arri\u00e8re plan - B\u00e9nin","description":"Le parti Union Progressiste (UP) a entam\u00e9 sa mue avec le d\u00e9part du pr\u00e9sident Bruno Amoussou remplac\u00e9 par un jeune acteur ...","robots":{"index":"index","follow":"follow","max-snippet":"max-snippet:-1","max-image-preview":"max-image-preview:large","max-video-preview":"max-video-preview:-1"},"canonical":"https:\/\/www.africa-press.net\/benin\/politique\/rajeunissement-de-lespace-politique-lup-met-la-vieille-classe-en-arriere-plan","og_locale":"fr_FR","og_type":"article","og_title":"Rajeunissement de l\u2019espace politique: l\u2019UP met la vieille classe en arri\u00e8re plan","og_description":"Le parti Union Progressiste (UP) a entam\u00e9 sa mue avec le d\u00e9part du pr\u00e9sident Bruno Amoussou remplac\u00e9 par un jeune acteur ...","og_url":"https:\/\/www.africa-press.net\/benin\/politique\/rajeunissement-de-lespace-politique-lup-met-la-vieille-classe-en-arriere-plan","og_site_name":"B\u00e9nin","article_published_time":"2022-07-19T16:26:02+00:00","article_modified_time":"2022-07-19T16:39:59+00:00","og_image":[{"width":1200,"height":675,"url":"https:\/\/static.africa-press.net\/benin\/sites\/46\/2022\/07\/postQueueImg_21-62d6de4aca0ea.jpg","type":"image\/jpeg"}],"author":"cfeditorfr","twitter_card":"summary_large_image","twitter_misc":{"\u00c9crit par":"cfeditorfr","Dur\u00e9e de lecture estim\u00e9e":"2 minutes"},"schema":{"@context":"https:\/\/schema.org","@graph":[{"@type":"Article","@id":"https:\/\/www.africa-press.net\/benin\/politique\/rajeunissement-de-lespace-politique-lup-met-la-vieille-classe-en-arriere-plan#article","isPartOf":{"@id":"https:\/\/www.africa-press.net\/benin\/politique\/rajeunissement-de-lespace-politique-lup-met-la-vieille-classe-en-arriere-plan"},"author":{"name":"cfeditorfr","@id":"https:\/\/www.africa-press.net\/benin\/#\/schema\/person\/2b1cf3cd81a31e3cd26889ca66d677f1"},"headline":"Rajeunissement de l\u2019espace politique: l\u2019UP met la vieille classe en arri\u00e8re plan","datePublished":"2022-07-19T16:26:02+00:00","dateModified":"2022-07-19T16:39:59+00:00","mainEntityOfPage":{"@id":"https:\/\/www.africa-press.net\/benin\/politique\/rajeunissement-de-lespace-politique-lup-met-la-vieille-classe-en-arriere-plan"},"wordCount":373,"commentCount":0,"image":{"@id":"https:\/\/www.africa-press.net\/benin\/politique\/rajeunissement-de-lespace-politique-lup-met-la-vieille-classe-en-arriere-plan#primaryimage"},"thumbnailUrl":"https:\/\/static.africa-press.net\/benin\/sites\/46\/2022\/07\/postQueueImg_21-62d6de4aca0ea.jpg","keywords":["Africa Press","Africa Press-Benin","B\u00e9nin"],"articleSection":["homepage-french","Politique","Toutes les actualit\u00e9s"],"inLanguage":"fr-FR","potentialAction":[{"@type":"CommentAction","name":"Comment","target":["https:\/\/www.africa-press.net\/benin\/politique\/rajeunissement-de-lespace-politique-lup-met-la-vieille-classe-en-arriere-plan#respond"]}]},{"@type":"WebPage","@id":"https:\/\/www.africa-press.net\/benin\/politique\/rajeunissement-de-lespace-politique-lup-met-la-vieille-classe-en-arriere-plan","url":"https:\/\/www.africa-press.net\/benin\/politique\/rajeunissement-de-lespace-politique-lup-met-la-vieille-classe-en-arriere-plan","name":"Rajeunissement de l\u2019espace politique: l\u2019UP met la vieille classe en arri\u00e8re plan - B\u00e9nin","isPartOf":{"@id":"https:\/\/www.africa-press.net\/benin\/#website"},"primaryImageOfPage":{"@id":"https:\/\/www.africa-press.net\/benin\/politique\/rajeunissement-de-lespace-politique-lup-met-la-vieille-classe-en-arriere-plan#primaryimage"},"image":{"@id":"https:\/\/www.africa-press.net\/benin\/politique\/rajeunissement-de-lespace-politique-lup-met-la-vieille-classe-en-arriere-plan#primaryimage"},"thumbnailUrl":"https:\/\/static.africa-press.net\/benin\/sites\/46\/2022\/07\/postQueueImg_21-62d6de4aca0ea.jpg","datePublished":"2022-07-19T16:26:02+00:00","dateModified":"2022-07-19T16:39:59+00:00","author":{"@id":"https:\/\/www.africa-press.net\/benin\/#\/schema\/person\/2b1cf3cd81a31e3cd26889ca66d677f1"},"description":"Le parti Union Progressiste (UP) a entam\u00e9 sa mue avec le d\u00e9part du pr\u00e9sident Bruno Amoussou remplac\u00e9 par un jeune acteur ...","breadcrumb":{"@id":"https:\/\/www.africa-press.net\/benin\/politique\/rajeunissement-de-lespace-politique-lup-met-la-vieille-classe-en-arriere-plan#breadcrumb"},"inLanguage":"fr-FR","potentialAction":[{"@type":"ReadAction","target":["https:\/\/www.africa-press.net\/benin\/politique\/rajeunissement-de-lespace-politique-lup-met-la-vieille-classe-en-arriere-plan"]}]},{"@type":"ImageObject","inLanguage":"fr-FR","@id":"https:\/\/www.africa-press.net\/benin\/politique\/rajeunissement-de-lespace-politique-lup-met-la-vieille-classe-en-arriere-plan#primaryimage","url":"https:\/\/static.africa-press.net\/benin\/sites\/46\/2022\/07\/postQueueImg_21-62d6de4aca0ea.jpg","contentUrl":"https:\/\/static.africa-press.net\/benin\/sites\/46\/2022\/07\/postQueueImg_21-62d6de4aca0ea.jpg","width":1200,"height":675,"caption":"Rajeunissement de l\u2019espace politique: l\u2019UP met la vieille classe en arri\u00e8re plan"},{"@type":"BreadcrumbList","@id":"https:\/\/www.africa-press.net\/benin\/politique\/rajeunissement-de-lespace-politique-lup-met-la-vieille-classe-en-arriere-plan#breadcrumb","itemListElement":[{"@type":"ListItem","position":1,"name":"Accueil","item":"https:\/\/www.africa-press.net\/benin\/"},{"@type":"ListItem","position":2,"name":"Rajeunissement de l\u2019espace politique: l\u2019UP met la vieille classe en arri\u00e8re plan"}]},{"@type":"WebSite","@id":"https:\/\/www.africa-press.net\/benin\/#website","url":"https:\/\/www.africa-press.net\/benin\/","name":"B\u00e9nin","description":"Just another Africa News Agency Sites site","potentialAction":[{"@type":"SearchAction","target":{"@type":"EntryPoint","urlTemplate":"https:\/\/www.africa-press.net\/benin\/?s={search_term_string}"},"query-input":{"@type":"PropertyValueSpecification","valueRequired":true,"valueName":"search_term_string"}}],"inLanguage":"fr-FR"},{"@type":"Person","@id":"https:\/\/www.africa-press.net\/benin\/#\/schema\/person\/2b1cf3cd81a31e3cd26889ca66d677f1","name":"cfeditorfr"}]}},"_links":{"self":[{"href":"https:\/\/www.africa-press.net\/benin\/wp-json\/wp\/v2\/posts\/7024","targetHints":{"allow":["GET"]}}],"collection":[{"href":"https:\/\/www.africa-press.net\/benin\/wp-json\/wp\/v2\/posts"}],"about":[{"href":"https:\/\/www.africa-press.net\/benin\/wp-json\/wp\/v2\/types\/post"}],"author":[{"embeddable":true,"href":"https:\/\/www.africa-press.net\/benin\/wp-json\/wp\/v2\/users\/82"}],"replies":[{"embeddable":true,"href":"https:\/\/www.africa-press.net\/benin\/wp-json\/wp\/v2\/comments?post=7024"}],"version-history":[{"count":0,"href":"https:\/\/www.africa-press.net\/benin\/wp-json\/wp\/v2\/posts\/7024\/revisions"}],"wp:featuredmedia":[{"embeddable":true,"href":"https:\/\/www.africa-press.net\/benin\/wp-json\/wp\/v2\/media\/7023"}],"wp:attachment":[{"href":"https:\/\/www.africa-press.net\/benin\/wp-json\/wp\/v2\/media?parent=7024"}],"wp:term":[{"taxonomy":"category","embeddable":true,"href":"https:\/\/www.africa-press.net\/benin\/wp-json\/wp\/v2\/categories?post=7024"},{"taxonomy":"post_tag","embeddable":true,"href":"https:\/\/www.africa-press.net\/benin\/wp-json\/wp\/v2\/tags?post=7024"}],"curies":[{"name":"wp","href":"https:\/\/api.w.org\/{rel}","templated":true}]}}