{"id":7030,"date":"2022-07-19T16:26:22","date_gmt":"2022-07-19T16:26:22","guid":{"rendered":"https:\/\/www.africa-press.net\/benin\/politique\/mission-corymbe-164-la-marine-beninoise-a-lecole-de-la-marine-royale"},"modified":"2022-07-19T16:40:54","modified_gmt":"2022-07-19T16:40:54","slug":"mission-corymbe-164-la-marine-beninoise-a-lecole-de-la-marine-royale","status":"publish","type":"post","link":"https:\/\/www.africa-press.net\/benin\/politique\/mission-corymbe-164-la-marine-beninoise-a-lecole-de-la-marine-royale","title":{"rendered":"Mission \u00ab\u00a0Corymbe 164\u00a0\u00bb: la marine b\u00e9ninoise \u00e0 l\u2019\u00e9cole de la marine Royale"},"content":{"rendered":"<p><span style=\"color: #ff6600\"><strong>Africa-Press &#8211; Benin. <\/strong><\/span>Plusieurs marins B\u00e9ninois ont re\u00e7u des formations pratiques de la marine fran\u00e7aise dans le cadre de la mission \u00ab Corymbe 164 \u00bb.<\/p>\n<p>Le B\u00e2timent de Commandement et de Ravitaillement (BCR) \u00ab Somme \u00bb fait escale \u00e0 Cotonou du 13 au 19 juillet. Bas\u00e9 \u00e0 Brest, ce b\u00e2timent est d\u00e9ploy\u00e9 dans le Golfe de Guin\u00e9e dans le cadre de la mission \u00ab Corymbe 164 \u00bb.<\/p>\n<p>Cette escale permet aux deux marines des \u00e9changes dans tous les domaines : surveillance maritime, participation \u00e0 la s\u00e9curit\u00e9 maritime, assistances et expertises techniques, actions de formation.<\/p>\n<p>Huit marins b\u00e9ninois de toutes sp\u00e9cialit\u00e9s ont embarqu\u00e9 pour effectuer une formation pratique. Pendant cet embarquement de 18 jours, ils ont eu la chance de passer \u00ab la ligne \u00bb et par la volont\u00e9 de Neptune, de devenir \u00ab chevaliers des mers \u00bb. Lors de l\u2019escale, 50 marins et 06 douaniers recevront une instruction op\u00e9rationnelle dans toutes les sp\u00e9cialit\u00e9s.<\/p>\n<p>En pr\u00e9sence de monsieur Marc Vizy ambassadeur de France \u00e0 Cotonou, le lieutenant-colonel Alain Magdelin, attach\u00e9 de d\u00e9fense a remis au chef d\u2019Etat-major, le capitaine de vaisseau Olatoundj du mat\u00e9riel de plong\u00e9 destin\u00e9 aux plongeurs de la Marine Nationale.<\/p>\n<p>Cette cession de l\u2019\u00e9tat-major francais des arm\u00e9es a \u00e9t\u00e9 initi\u00e9e par l\u2019amiral, commandant en chef pour l\u2019Atlantique, au vu d\u2019un besoin identifi\u00e9 lors des diff\u00e9rentes formations effectu\u00e9es dans le domaine de la plong\u00e9e, par les bateaux de la marine fran\u00e7aise de passage \u00e0 Cotonou. Elle intervient dans le cadre du projet appui \u00e0 l\u2019action de l\u2019Etat en mer, men\u00e9 par le CF Laurent DESCAT, coop\u00e9rant \u00e0 Cotonou.<\/p>\n<p>La Mission Corymbe est un dispositif naval mis en place en 1990 par la Marine nationale fran\u00e7aise, visant \u00e0 assurer la pr\u00e9sence permanente d\u2019un b\u00e2timent, au moins, dans le Golfe de Guin\u00e9e et au large des c\u00f4tes d\u2019Afrique de l\u2019Ouest.<\/p>\n<p><strong>Pour plus d&rsquo;informations et d&rsquo;analyses sur la <a href=\"https:\/\/www.africa-press.net\/benin\">Benin<\/a>, suivez <a href=\"https:\/\/www.africa-press.net\/\">Africa-Press<\/a><\/strong><\/p>\n","protected":false},"excerpt":{"rendered":"<p>Africa-Press &#8211; Benin. Plusieurs marins B\u00e9ninois ont re\u00e7u des formations pratiques de la marine fran\u00e7aise dans le cadre de la mission \u00ab Corymbe 164 \u00bb. Le B\u00e2timent de Commandement et de Ravitaillement (BCR) \u00ab Somme \u00bb fait escale \u00e0 Cotonou du 13 au 19 juillet. Bas\u00e9 \u00e0 Brest, ce b\u00e2timent est d\u00e9ploy\u00e9 dans le Golfe [&hellip;]<\/p>\n","protected":false},"author":82,"featured_media":7029,"comment_status":"open","ping_status":"closed","sticky":false,"template":"","format":"standard","meta":{"footnotes":""},"categories":[11,2,20,10],"tags":[36,50,45],"class_list":["post-7030","post","type-post","status-publish","format-standard","has-post-thumbnail","hentry","category-homepage-french","category-politique","category-top-nouvelles","category-toutes-les-actualites","tag-africa-press","tag-africa-press-benin","tag-benin"],"yoast_head":"<!-- This site is optimized with the Yoast SEO Premium plugin v26.1 (Yoast SEO v27.0) - https:\/\/yoast.com\/product\/yoast-seo-premium-wordpress\/ -->\n<title>Mission \u00ab\u00a0Corymbe 164\u00a0\u00bb: la marine b\u00e9ninoise \u00e0 l\u2019\u00e9cole de la marine Royale - B\u00e9nin<\/title>\n<meta name=\"description\" content=\"Plusieurs marins B\u00e9ninois ont re\u00e7u des formations pratiques de la marine fran\u00e7aise dans le cadre de la mission \u00ab Corymbe ...\" \/>\n<meta name=\"robots\" content=\"index, follow, max-snippet:-1, max-image-preview:large, max-video-preview:-1\" \/>\n<link rel=\"canonical\" href=\"https:\/\/www.africa-press.net\/benin\/politique\/mission-corymbe-164-la-marine-beninoise-a-lecole-de-la-marine-royale\" \/>\n<meta property=\"og:locale\" content=\"fr_FR\" \/>\n<meta property=\"og:type\" content=\"article\" \/>\n<meta property=\"og:title\" content=\"Mission \u00ab\u00a0Corymbe 164\u00a0\u00bb: la marine b\u00e9ninoise \u00e0 l\u2019\u00e9cole de la marine Royale\" \/>\n<meta property=\"og:description\" content=\"Plusieurs marins B\u00e9ninois ont re\u00e7u des formations pratiques de la marine fran\u00e7aise dans le cadre de la mission \u00ab Corymbe ...\" \/>\n<meta property=\"og:url\" content=\"https:\/\/www.africa-press.net\/benin\/politique\/mission-corymbe-164-la-marine-beninoise-a-lecole-de-la-marine-royale\" \/>\n<meta property=\"og:site_name\" content=\"B\u00e9nin\" \/>\n<meta property=\"article:published_time\" content=\"2022-07-19T16:26:22+00:00\" \/>\n<meta property=\"article:modified_time\" content=\"2022-07-19T16:40:54+00:00\" \/>\n<meta property=\"og:image\" content=\"https:\/\/static.africa-press.net\/benin\/sites\/46\/2022\/07\/postQueueImg_23-62d6de810e930.jpg\" \/>\n\t<meta property=\"og:image:width\" content=\"1556\" \/>\n\t<meta property=\"og:image:height\" content=\"1036\" \/>\n\t<meta property=\"og:image:type\" content=\"image\/jpeg\" \/>\n<meta name=\"author\" content=\"cfeditorfr\" \/>\n<meta name=\"twitter:card\" content=\"summary_large_image\" \/>\n<meta name=\"twitter:label1\" content=\"\u00c9crit par\" \/>\n\t<meta name=\"twitter:data1\" content=\"cfeditorfr\" \/>\n\t<meta name=\"twitter:label2\" content=\"Dur\u00e9e de lecture estim\u00e9e\" \/>\n\t<meta name=\"twitter:data2\" content=\"2 minutes\" \/>\n<script type=\"application\/ld+json\" class=\"yoast-schema-graph\">{\"@context\":\"https:\/\/schema.org\",\"@graph\":[{\"@type\":\"Article\",\"@id\":\"https:\/\/www.africa-press.net\/benin\/politique\/mission-corymbe-164-la-marine-beninoise-a-lecole-de-la-marine-royale#article\",\"isPartOf\":{\"@id\":\"https:\/\/www.africa-press.net\/benin\/politique\/mission-corymbe-164-la-marine-beninoise-a-lecole-de-la-marine-royale\"},\"author\":{\"name\":\"cfeditorfr\",\"@id\":\"https:\/\/www.africa-press.net\/benin\/#\/schema\/person\/2b1cf3cd81a31e3cd26889ca66d677f1\"},\"headline\":\"Mission \u00ab\u00a0Corymbe 164\u00a0\u00bb: la marine b\u00e9ninoise \u00e0 l\u2019\u00e9cole de la marine Royale\",\"datePublished\":\"2022-07-19T16:26:22+00:00\",\"dateModified\":\"2022-07-19T16:40:54+00:00\",\"mainEntityOfPage\":{\"@id\":\"https:\/\/www.africa-press.net\/benin\/politique\/mission-corymbe-164-la-marine-beninoise-a-lecole-de-la-marine-royale\"},\"wordCount\":336,\"commentCount\":0,\"image\":{\"@id\":\"https:\/\/www.africa-press.net\/benin\/politique\/mission-corymbe-164-la-marine-beninoise-a-lecole-de-la-marine-royale#primaryimage\"},\"thumbnailUrl\":\"https:\/\/static.africa-press.net\/benin\/sites\/46\/2022\/07\/postQueueImg_23-62d6de810e930.jpg\",\"keywords\":[\"Africa Press\",\"Africa Press-Benin\",\"B\u00e9nin\"],\"articleSection\":[\"homepage-french\",\"Politique\",\"Top Nouvelles\",\"Toutes les actualit\u00e9s\"],\"inLanguage\":\"fr-FR\",\"potentialAction\":[{\"@type\":\"CommentAction\",\"name\":\"Comment\",\"target\":[\"https:\/\/www.africa-press.net\/benin\/politique\/mission-corymbe-164-la-marine-beninoise-a-lecole-de-la-marine-royale#respond\"]}]},{\"@type\":\"WebPage\",\"@id\":\"https:\/\/www.africa-press.net\/benin\/politique\/mission-corymbe-164-la-marine-beninoise-a-lecole-de-la-marine-royale\",\"url\":\"https:\/\/www.africa-press.net\/benin\/politique\/mission-corymbe-164-la-marine-beninoise-a-lecole-de-la-marine-royale\",\"name\":\"Mission \u00ab\u00a0Corymbe 164\u00a0\u00bb: la marine b\u00e9ninoise \u00e0 l\u2019\u00e9cole de la marine Royale - B\u00e9nin\",\"isPartOf\":{\"@id\":\"https:\/\/www.africa-press.net\/benin\/#website\"},\"primaryImageOfPage\":{\"@id\":\"https:\/\/www.africa-press.net\/benin\/politique\/mission-corymbe-164-la-marine-beninoise-a-lecole-de-la-marine-royale#primaryimage\"},\"image\":{\"@id\":\"https:\/\/www.africa-press.net\/benin\/politique\/mission-corymbe-164-la-marine-beninoise-a-lecole-de-la-marine-royale#primaryimage\"},\"thumbnailUrl\":\"https:\/\/static.africa-press.net\/benin\/sites\/46\/2022\/07\/postQueueImg_23-62d6de810e930.jpg\",\"datePublished\":\"2022-07-19T16:26:22+00:00\",\"dateModified\":\"2022-07-19T16:40:54+00:00\",\"author\":{\"@id\":\"https:\/\/www.africa-press.net\/benin\/#\/schema\/person\/2b1cf3cd81a31e3cd26889ca66d677f1\"},\"description\":\"Plusieurs marins B\u00e9ninois ont re\u00e7u des formations pratiques de la marine fran\u00e7aise dans le cadre de la mission \u00ab Corymbe ...\",\"breadcrumb\":{\"@id\":\"https:\/\/www.africa-press.net\/benin\/politique\/mission-corymbe-164-la-marine-beninoise-a-lecole-de-la-marine-royale#breadcrumb\"},\"inLanguage\":\"fr-FR\",\"potentialAction\":[{\"@type\":\"ReadAction\",\"target\":[\"https:\/\/www.africa-press.net\/benin\/politique\/mission-corymbe-164-la-marine-beninoise-a-lecole-de-la-marine-royale\"]}]},{\"@type\":\"ImageObject\",\"inLanguage\":\"fr-FR\",\"@id\":\"https:\/\/www.africa-press.net\/benin\/politique\/mission-corymbe-164-la-marine-beninoise-a-lecole-de-la-marine-royale#primaryimage\",\"url\":\"https:\/\/static.africa-press.net\/benin\/sites\/46\/2022\/07\/postQueueImg_23-62d6de810e930.jpg\",\"contentUrl\":\"https:\/\/static.africa-press.net\/benin\/sites\/46\/2022\/07\/postQueueImg_23-62d6de810e930.jpg\",\"width\":1556,\"height\":1036,\"caption\":\"Mission \u00ab\u00a0Corymbe 164\u00a0\u00bb: la marine b\u00e9ninoise \u00e0 l\u2019\u00e9cole de la marine Royale\"},{\"@type\":\"BreadcrumbList\",\"@id\":\"https:\/\/www.africa-press.net\/benin\/politique\/mission-corymbe-164-la-marine-beninoise-a-lecole-de-la-marine-royale#breadcrumb\",\"itemListElement\":[{\"@type\":\"ListItem\",\"position\":1,\"name\":\"Accueil\",\"item\":\"https:\/\/www.africa-press.net\/benin\/\"},{\"@type\":\"ListItem\",\"position\":2,\"name\":\"Mission \u00ab\u00a0Corymbe 164\u00a0\u00bb: la marine b\u00e9ninoise \u00e0 l\u2019\u00e9cole de la marine Royale\"}]},{\"@type\":\"WebSite\",\"@id\":\"https:\/\/www.africa-press.net\/benin\/#website\",\"url\":\"https:\/\/www.africa-press.net\/benin\/\",\"name\":\"B\u00e9nin\",\"description\":\"Just another Africa News Agency Sites site\",\"potentialAction\":[{\"@type\":\"SearchAction\",\"target\":{\"@type\":\"EntryPoint\",\"urlTemplate\":\"https:\/\/www.africa-press.net\/benin\/?s={search_term_string}\"},\"query-input\":{\"@type\":\"PropertyValueSpecification\",\"valueRequired\":true,\"valueName\":\"search_term_string\"}}],\"inLanguage\":\"fr-FR\"},{\"@type\":\"Person\",\"@id\":\"https:\/\/www.africa-press.net\/benin\/#\/schema\/person\/2b1cf3cd81a31e3cd26889ca66d677f1\",\"name\":\"cfeditorfr\"}]}<\/script>\n<!-- \/ Yoast SEO Premium plugin. -->","yoast_head_json":{"title":"Mission \u00ab\u00a0Corymbe 164\u00a0\u00bb: la marine b\u00e9ninoise \u00e0 l\u2019\u00e9cole de la marine Royale - B\u00e9nin","description":"Plusieurs marins B\u00e9ninois ont re\u00e7u des formations pratiques de la marine fran\u00e7aise dans le cadre de la mission \u00ab Corymbe ...","robots":{"index":"index","follow":"follow","max-snippet":"max-snippet:-1","max-image-preview":"max-image-preview:large","max-video-preview":"max-video-preview:-1"},"canonical":"https:\/\/www.africa-press.net\/benin\/politique\/mission-corymbe-164-la-marine-beninoise-a-lecole-de-la-marine-royale","og_locale":"fr_FR","og_type":"article","og_title":"Mission \u00ab\u00a0Corymbe 164\u00a0\u00bb: la marine b\u00e9ninoise \u00e0 l\u2019\u00e9cole de la marine Royale","og_description":"Plusieurs marins B\u00e9ninois ont re\u00e7u des formations pratiques de la marine fran\u00e7aise dans le cadre de la mission \u00ab Corymbe ...","og_url":"https:\/\/www.africa-press.net\/benin\/politique\/mission-corymbe-164-la-marine-beninoise-a-lecole-de-la-marine-royale","og_site_name":"B\u00e9nin","article_published_time":"2022-07-19T16:26:22+00:00","article_modified_time":"2022-07-19T16:40:54+00:00","og_image":[{"width":1556,"height":1036,"url":"https:\/\/static.africa-press.net\/benin\/sites\/46\/2022\/07\/postQueueImg_23-62d6de810e930.jpg","type":"image\/jpeg"}],"author":"cfeditorfr","twitter_card":"summary_large_image","twitter_misc":{"\u00c9crit par":"cfeditorfr","Dur\u00e9e de lecture estim\u00e9e":"2 minutes"},"schema":{"@context":"https:\/\/schema.org","@graph":[{"@type":"Article","@id":"https:\/\/www.africa-press.net\/benin\/politique\/mission-corymbe-164-la-marine-beninoise-a-lecole-de-la-marine-royale#article","isPartOf":{"@id":"https:\/\/www.africa-press.net\/benin\/politique\/mission-corymbe-164-la-marine-beninoise-a-lecole-de-la-marine-royale"},"author":{"name":"cfeditorfr","@id":"https:\/\/www.africa-press.net\/benin\/#\/schema\/person\/2b1cf3cd81a31e3cd26889ca66d677f1"},"headline":"Mission \u00ab\u00a0Corymbe 164\u00a0\u00bb: la marine b\u00e9ninoise \u00e0 l\u2019\u00e9cole de la marine Royale","datePublished":"2022-07-19T16:26:22+00:00","dateModified":"2022-07-19T16:40:54+00:00","mainEntityOfPage":{"@id":"https:\/\/www.africa-press.net\/benin\/politique\/mission-corymbe-164-la-marine-beninoise-a-lecole-de-la-marine-royale"},"wordCount":336,"commentCount":0,"image":{"@id":"https:\/\/www.africa-press.net\/benin\/politique\/mission-corymbe-164-la-marine-beninoise-a-lecole-de-la-marine-royale#primaryimage"},"thumbnailUrl":"https:\/\/static.africa-press.net\/benin\/sites\/46\/2022\/07\/postQueueImg_23-62d6de810e930.jpg","keywords":["Africa Press","Africa Press-Benin","B\u00e9nin"],"articleSection":["homepage-french","Politique","Top Nouvelles","Toutes les actualit\u00e9s"],"inLanguage":"fr-FR","potentialAction":[{"@type":"CommentAction","name":"Comment","target":["https:\/\/www.africa-press.net\/benin\/politique\/mission-corymbe-164-la-marine-beninoise-a-lecole-de-la-marine-royale#respond"]}]},{"@type":"WebPage","@id":"https:\/\/www.africa-press.net\/benin\/politique\/mission-corymbe-164-la-marine-beninoise-a-lecole-de-la-marine-royale","url":"https:\/\/www.africa-press.net\/benin\/politique\/mission-corymbe-164-la-marine-beninoise-a-lecole-de-la-marine-royale","name":"Mission \u00ab\u00a0Corymbe 164\u00a0\u00bb: la marine b\u00e9ninoise \u00e0 l\u2019\u00e9cole de la marine Royale - B\u00e9nin","isPartOf":{"@id":"https:\/\/www.africa-press.net\/benin\/#website"},"primaryImageOfPage":{"@id":"https:\/\/www.africa-press.net\/benin\/politique\/mission-corymbe-164-la-marine-beninoise-a-lecole-de-la-marine-royale#primaryimage"},"image":{"@id":"https:\/\/www.africa-press.net\/benin\/politique\/mission-corymbe-164-la-marine-beninoise-a-lecole-de-la-marine-royale#primaryimage"},"thumbnailUrl":"https:\/\/static.africa-press.net\/benin\/sites\/46\/2022\/07\/postQueueImg_23-62d6de810e930.jpg","datePublished":"2022-07-19T16:26:22+00:00","dateModified":"2022-07-19T16:40:54+00:00","author":{"@id":"https:\/\/www.africa-press.net\/benin\/#\/schema\/person\/2b1cf3cd81a31e3cd26889ca66d677f1"},"description":"Plusieurs marins B\u00e9ninois ont re\u00e7u des formations pratiques de la marine fran\u00e7aise dans le cadre de la mission \u00ab Corymbe ...","breadcrumb":{"@id":"https:\/\/www.africa-press.net\/benin\/politique\/mission-corymbe-164-la-marine-beninoise-a-lecole-de-la-marine-royale#breadcrumb"},"inLanguage":"fr-FR","potentialAction":[{"@type":"ReadAction","target":["https:\/\/www.africa-press.net\/benin\/politique\/mission-corymbe-164-la-marine-beninoise-a-lecole-de-la-marine-royale"]}]},{"@type":"ImageObject","inLanguage":"fr-FR","@id":"https:\/\/www.africa-press.net\/benin\/politique\/mission-corymbe-164-la-marine-beninoise-a-lecole-de-la-marine-royale#primaryimage","url":"https:\/\/static.africa-press.net\/benin\/sites\/46\/2022\/07\/postQueueImg_23-62d6de810e930.jpg","contentUrl":"https:\/\/static.africa-press.net\/benin\/sites\/46\/2022\/07\/postQueueImg_23-62d6de810e930.jpg","width":1556,"height":1036,"caption":"Mission \u00ab\u00a0Corymbe 164\u00a0\u00bb: la marine b\u00e9ninoise \u00e0 l\u2019\u00e9cole de la marine Royale"},{"@type":"BreadcrumbList","@id":"https:\/\/www.africa-press.net\/benin\/politique\/mission-corymbe-164-la-marine-beninoise-a-lecole-de-la-marine-royale#breadcrumb","itemListElement":[{"@type":"ListItem","position":1,"name":"Accueil","item":"https:\/\/www.africa-press.net\/benin\/"},{"@type":"ListItem","position":2,"name":"Mission \u00ab\u00a0Corymbe 164\u00a0\u00bb: la marine b\u00e9ninoise \u00e0 l\u2019\u00e9cole de la marine Royale"}]},{"@type":"WebSite","@id":"https:\/\/www.africa-press.net\/benin\/#website","url":"https:\/\/www.africa-press.net\/benin\/","name":"B\u00e9nin","description":"Just another Africa News Agency Sites site","potentialAction":[{"@type":"SearchAction","target":{"@type":"EntryPoint","urlTemplate":"https:\/\/www.africa-press.net\/benin\/?s={search_term_string}"},"query-input":{"@type":"PropertyValueSpecification","valueRequired":true,"valueName":"search_term_string"}}],"inLanguage":"fr-FR"},{"@type":"Person","@id":"https:\/\/www.africa-press.net\/benin\/#\/schema\/person\/2b1cf3cd81a31e3cd26889ca66d677f1","name":"cfeditorfr"}]}},"_links":{"self":[{"href":"https:\/\/www.africa-press.net\/benin\/wp-json\/wp\/v2\/posts\/7030","targetHints":{"allow":["GET"]}}],"collection":[{"href":"https:\/\/www.africa-press.net\/benin\/wp-json\/wp\/v2\/posts"}],"about":[{"href":"https:\/\/www.africa-press.net\/benin\/wp-json\/wp\/v2\/types\/post"}],"author":[{"embeddable":true,"href":"https:\/\/www.africa-press.net\/benin\/wp-json\/wp\/v2\/users\/82"}],"replies":[{"embeddable":true,"href":"https:\/\/www.africa-press.net\/benin\/wp-json\/wp\/v2\/comments?post=7030"}],"version-history":[{"count":0,"href":"https:\/\/www.africa-press.net\/benin\/wp-json\/wp\/v2\/posts\/7030\/revisions"}],"wp:featuredmedia":[{"embeddable":true,"href":"https:\/\/www.africa-press.net\/benin\/wp-json\/wp\/v2\/media\/7029"}],"wp:attachment":[{"href":"https:\/\/www.africa-press.net\/benin\/wp-json\/wp\/v2\/media?parent=7030"}],"wp:term":[{"taxonomy":"category","embeddable":true,"href":"https:\/\/www.africa-press.net\/benin\/wp-json\/wp\/v2\/categories?post=7030"},{"taxonomy":"post_tag","embeddable":true,"href":"https:\/\/www.africa-press.net\/benin\/wp-json\/wp\/v2\/tags?post=7030"}],"curies":[{"name":"wp","href":"https:\/\/api.w.org\/{rel}","templated":true}]}}