{"id":7033,"date":"2022-07-19T16:26:32","date_gmt":"2022-07-19T16:26:32","guid":{"rendered":"https:\/\/www.africa-press.net\/benin\/politique\/benin-la-ville-de-cotonou-abritera-bientot-un-quartier-culturel-et-creatif"},"modified":"2022-07-19T16:41:20","modified_gmt":"2022-07-19T16:41:20","slug":"benin-la-ville-de-cotonou-abritera-bientot-un-quartier-culturel-et-creatif","status":"publish","type":"post","link":"https:\/\/www.africa-press.net\/benin\/toutes-les-actualites\/benin-la-ville-de-cotonou-abritera-bientot-un-quartier-culturel-et-creatif","title":{"rendered":"B\u00e9nin: la ville de Cotonou abritera bient\u00f4t un quartier culturel et cr\u00e9atif"},"content":{"rendered":"<p><span style=\"color: #ff6600\"><strong>Africa-Press &#8211; Benin. <\/strong><\/span>Dans la d\u00e9termination du r\u00e9gime de la rupture de faire du B\u00e9nin et principalement de Cotonou une ville d\u2019attraction, il est pr\u00e9vu les mois \u00e0 venir, la cr\u00e9ation dans la ville capitale \u00e9conomique, d\u2019un quartier culturel et cr\u00e9atif.<\/p>\n<p>La ville vitrine du B\u00e9nin, Cotonou la belle sera bient\u00f4t pourvue d\u2019un quartier culturel et cr\u00e9atif. L\u2019annonce a \u00e9t\u00e9 faite le vendredi 15 Juillet dernier par le ministre de la culture, Jean-Michel Abimbola lors de la c\u00e9r\u00e9monie officielle de r\u00e9ouverture de l\u2019exposition \u00ab Art du B\u00e9nin \u00bb.<\/p>\n<p>\u00ab L\u2019autre champ majeur que nous explorons est celui d\u2019une v\u00e9ritable cit\u00e9 artistique, le quartier culturel et cr\u00e9atif de Cotonou (QCC). Un lieu de concentration de l\u2019activit\u00e9 artistique et culturelle qui g\u00e9n\u00e8rera une densit\u00e9 d\u2019espace et d\u2019expression des cr\u00e9ateurs plasticiens, avec tous les services qui leur seront rattach\u00e9s\u00ab , a confi\u00e9 l\u2019autorit\u00e9.<\/p>\n<p>Selon les pr\u00e9cisions apport\u00e9es par le ministre Jean-Michel Abimbola, le quartier culturel et cr\u00e9atif de Cotonou sera install\u00e9 dans les ateliers et les anciennes forges de la compagnie ferroviaire \u00ab organisation commune B\u00e9nin-Niger \u00bb (OCBN).<\/p>\n<p>A proximit\u00e9 de ce quartier culturel et cr\u00e9atif, seront \u00e9galement install\u00e9s d\u2019autres synergies artistiques comme les ateliers d\u2019art, les r\u00e9sidences de cr\u00e9ation, les espaces de performance, les galeries et studios photos, les agences d\u2019artistes, les ateliers d\u2019art num\u00e9rique et autres cabinets d\u2019architecture ainsi que des caf\u00e9t\u00e9rias , restaurants, les Snack bars \u2026etc.<\/p>\n<p><strong>Pour plus d&rsquo;informations et d&rsquo;analyses sur la <a href=\"https:\/\/www.africa-press.net\/benin\">Benin<\/a>, suivez <a href=\"https:\/\/www.africa-press.net\/\">Africa-Press<\/a><\/strong><\/p>\n","protected":false},"excerpt":{"rendered":"<p>Africa-Press &#8211; Benin. Dans la d\u00e9termination du r\u00e9gime de la rupture de faire du B\u00e9nin et principalement de Cotonou une ville d\u2019attraction, il est pr\u00e9vu les mois \u00e0 venir, la cr\u00e9ation dans la ville capitale \u00e9conomique, d\u2019un quartier culturel et cr\u00e9atif. La ville vitrine du B\u00e9nin, Cotonou la belle sera bient\u00f4t pourvue d\u2019un quartier culturel [&hellip;]<\/p>\n","protected":false},"author":82,"featured_media":7032,"comment_status":"open","ping_status":"closed","sticky":false,"template":"","format":"standard","meta":{"footnotes":""},"categories":[21,11,10],"tags":[36,50,45],"class_list":["post-7033","post","type-post","status-publish","format-standard","has-post-thumbnail","hentry","category-communaute","category-homepage-french","category-toutes-les-actualites","tag-africa-press","tag-africa-press-benin","tag-benin"],"yoast_head":"<!-- This site is optimized with the Yoast SEO Premium plugin v26.1 (Yoast SEO v27.0) - https:\/\/yoast.com\/product\/yoast-seo-premium-wordpress\/ -->\n<title>B\u00e9nin: la ville de Cotonou abritera bient\u00f4t un quartier culturel et cr\u00e9atif - B\u00e9nin<\/title>\n<meta name=\"description\" content=\"Dans la d\u00e9termination du r\u00e9gime de la rupture de faire du B\u00e9nin et principalement de Cotonou une ville d\u2019attraction, il ...\" \/>\n<meta name=\"robots\" content=\"index, follow, max-snippet:-1, max-image-preview:large, max-video-preview:-1\" \/>\n<link rel=\"canonical\" href=\"https:\/\/www.africa-press.net\/benin\/toutes-les-actualites\/benin-la-ville-de-cotonou-abritera-bientot-un-quartier-culturel-et-creatif\" \/>\n<meta property=\"og:locale\" content=\"fr_FR\" \/>\n<meta property=\"og:type\" content=\"article\" \/>\n<meta property=\"og:title\" content=\"B\u00e9nin: la ville de Cotonou abritera bient\u00f4t un quartier culturel et cr\u00e9atif\" \/>\n<meta property=\"og:description\" content=\"Dans la d\u00e9termination du r\u00e9gime de la rupture de faire du B\u00e9nin et principalement de Cotonou une ville d\u2019attraction, il ...\" \/>\n<meta property=\"og:url\" content=\"https:\/\/www.africa-press.net\/benin\/toutes-les-actualites\/benin-la-ville-de-cotonou-abritera-bientot-un-quartier-culturel-et-creatif\" \/>\n<meta property=\"og:site_name\" content=\"B\u00e9nin\" \/>\n<meta property=\"article:published_time\" content=\"2022-07-19T16:26:32+00:00\" \/>\n<meta property=\"article:modified_time\" content=\"2022-07-19T16:41:20+00:00\" \/>\n<meta property=\"og:image\" content=\"https:\/\/static.africa-press.net\/benin\/sites\/46\/2022\/07\/postQueueImg_24-62d6de9bb39eb.jpg\" \/>\n\t<meta property=\"og:image:width\" content=\"1280\" \/>\n\t<meta property=\"og:image:height\" content=\"900\" \/>\n\t<meta property=\"og:image:type\" content=\"image\/jpeg\" \/>\n<meta name=\"author\" content=\"cfeditorfr\" \/>\n<meta name=\"twitter:card\" content=\"summary_large_image\" \/>\n<meta name=\"twitter:label1\" content=\"\u00c9crit par\" \/>\n\t<meta name=\"twitter:data1\" content=\"cfeditorfr\" \/>\n\t<meta name=\"twitter:label2\" content=\"Dur\u00e9e de lecture estim\u00e9e\" \/>\n\t<meta name=\"twitter:data2\" content=\"1 minute\" \/>\n<script type=\"application\/ld+json\" class=\"yoast-schema-graph\">{\"@context\":\"https:\/\/schema.org\",\"@graph\":[{\"@type\":\"Article\",\"@id\":\"https:\/\/www.africa-press.net\/benin\/toutes-les-actualites\/benin-la-ville-de-cotonou-abritera-bientot-un-quartier-culturel-et-creatif#article\",\"isPartOf\":{\"@id\":\"https:\/\/www.africa-press.net\/benin\/toutes-les-actualites\/benin-la-ville-de-cotonou-abritera-bientot-un-quartier-culturel-et-creatif\"},\"author\":{\"name\":\"cfeditorfr\",\"@id\":\"https:\/\/www.africa-press.net\/benin\/#\/schema\/person\/2b1cf3cd81a31e3cd26889ca66d677f1\"},\"headline\":\"B\u00e9nin: la ville de Cotonou abritera bient\u00f4t un quartier culturel et cr\u00e9atif\",\"datePublished\":\"2022-07-19T16:26:32+00:00\",\"dateModified\":\"2022-07-19T16:41:20+00:00\",\"mainEntityOfPage\":{\"@id\":\"https:\/\/www.africa-press.net\/benin\/toutes-les-actualites\/benin-la-ville-de-cotonou-abritera-bientot-un-quartier-culturel-et-creatif\"},\"wordCount\":291,\"commentCount\":0,\"image\":{\"@id\":\"https:\/\/www.africa-press.net\/benin\/toutes-les-actualites\/benin-la-ville-de-cotonou-abritera-bientot-un-quartier-culturel-et-creatif#primaryimage\"},\"thumbnailUrl\":\"https:\/\/static.africa-press.net\/benin\/sites\/46\/2022\/07\/postQueueImg_24-62d6de9bb39eb.jpg\",\"keywords\":[\"Africa Press\",\"Africa Press-Benin\",\"B\u00e9nin\"],\"articleSection\":[\"Communaut\u00e9\",\"homepage-french\",\"Toutes les actualit\u00e9s\"],\"inLanguage\":\"fr-FR\",\"potentialAction\":[{\"@type\":\"CommentAction\",\"name\":\"Comment\",\"target\":[\"https:\/\/www.africa-press.net\/benin\/toutes-les-actualites\/benin-la-ville-de-cotonou-abritera-bientot-un-quartier-culturel-et-creatif#respond\"]}]},{\"@type\":\"WebPage\",\"@id\":\"https:\/\/www.africa-press.net\/benin\/toutes-les-actualites\/benin-la-ville-de-cotonou-abritera-bientot-un-quartier-culturel-et-creatif\",\"url\":\"https:\/\/www.africa-press.net\/benin\/toutes-les-actualites\/benin-la-ville-de-cotonou-abritera-bientot-un-quartier-culturel-et-creatif\",\"name\":\"B\u00e9nin: la ville de Cotonou abritera bient\u00f4t un quartier culturel et cr\u00e9atif - B\u00e9nin\",\"isPartOf\":{\"@id\":\"https:\/\/www.africa-press.net\/benin\/#website\"},\"primaryImageOfPage\":{\"@id\":\"https:\/\/www.africa-press.net\/benin\/toutes-les-actualites\/benin-la-ville-de-cotonou-abritera-bientot-un-quartier-culturel-et-creatif#primaryimage\"},\"image\":{\"@id\":\"https:\/\/www.africa-press.net\/benin\/toutes-les-actualites\/benin-la-ville-de-cotonou-abritera-bientot-un-quartier-culturel-et-creatif#primaryimage\"},\"thumbnailUrl\":\"https:\/\/static.africa-press.net\/benin\/sites\/46\/2022\/07\/postQueueImg_24-62d6de9bb39eb.jpg\",\"datePublished\":\"2022-07-19T16:26:32+00:00\",\"dateModified\":\"2022-07-19T16:41:20+00:00\",\"author\":{\"@id\":\"https:\/\/www.africa-press.net\/benin\/#\/schema\/person\/2b1cf3cd81a31e3cd26889ca66d677f1\"},\"description\":\"Dans la d\u00e9termination du r\u00e9gime de la rupture de faire du B\u00e9nin et principalement de Cotonou une ville d\u2019attraction, il ...\",\"breadcrumb\":{\"@id\":\"https:\/\/www.africa-press.net\/benin\/toutes-les-actualites\/benin-la-ville-de-cotonou-abritera-bientot-un-quartier-culturel-et-creatif#breadcrumb\"},\"inLanguage\":\"fr-FR\",\"potentialAction\":[{\"@type\":\"ReadAction\",\"target\":[\"https:\/\/www.africa-press.net\/benin\/toutes-les-actualites\/benin-la-ville-de-cotonou-abritera-bientot-un-quartier-culturel-et-creatif\"]}]},{\"@type\":\"ImageObject\",\"inLanguage\":\"fr-FR\",\"@id\":\"https:\/\/www.africa-press.net\/benin\/toutes-les-actualites\/benin-la-ville-de-cotonou-abritera-bientot-un-quartier-culturel-et-creatif#primaryimage\",\"url\":\"https:\/\/static.africa-press.net\/benin\/sites\/46\/2022\/07\/postQueueImg_24-62d6de9bb39eb.jpg\",\"contentUrl\":\"https:\/\/static.africa-press.net\/benin\/sites\/46\/2022\/07\/postQueueImg_24-62d6de9bb39eb.jpg\",\"width\":1280,\"height\":900,\"caption\":\"B\u00e9nin: la ville de Cotonou abritera bient\u00f4t un quartier culturel et cr\u00e9atif\"},{\"@type\":\"BreadcrumbList\",\"@id\":\"https:\/\/www.africa-press.net\/benin\/toutes-les-actualites\/benin-la-ville-de-cotonou-abritera-bientot-un-quartier-culturel-et-creatif#breadcrumb\",\"itemListElement\":[{\"@type\":\"ListItem\",\"position\":1,\"name\":\"Accueil\",\"item\":\"https:\/\/www.africa-press.net\/benin\/\"},{\"@type\":\"ListItem\",\"position\":2,\"name\":\"B\u00e9nin: la ville de Cotonou abritera bient\u00f4t un quartier culturel et cr\u00e9atif\"}]},{\"@type\":\"WebSite\",\"@id\":\"https:\/\/www.africa-press.net\/benin\/#website\",\"url\":\"https:\/\/www.africa-press.net\/benin\/\",\"name\":\"B\u00e9nin\",\"description\":\"Just another Africa News Agency Sites site\",\"potentialAction\":[{\"@type\":\"SearchAction\",\"target\":{\"@type\":\"EntryPoint\",\"urlTemplate\":\"https:\/\/www.africa-press.net\/benin\/?s={search_term_string}\"},\"query-input\":{\"@type\":\"PropertyValueSpecification\",\"valueRequired\":true,\"valueName\":\"search_term_string\"}}],\"inLanguage\":\"fr-FR\"},{\"@type\":\"Person\",\"@id\":\"https:\/\/www.africa-press.net\/benin\/#\/schema\/person\/2b1cf3cd81a31e3cd26889ca66d677f1\",\"name\":\"cfeditorfr\"}]}<\/script>\n<!-- \/ Yoast SEO Premium plugin. -->","yoast_head_json":{"title":"B\u00e9nin: la ville de Cotonou abritera bient\u00f4t un quartier culturel et cr\u00e9atif - B\u00e9nin","description":"Dans la d\u00e9termination du r\u00e9gime de la rupture de faire du B\u00e9nin et principalement de Cotonou une ville d\u2019attraction, il ...","robots":{"index":"index","follow":"follow","max-snippet":"max-snippet:-1","max-image-preview":"max-image-preview:large","max-video-preview":"max-video-preview:-1"},"canonical":"https:\/\/www.africa-press.net\/benin\/toutes-les-actualites\/benin-la-ville-de-cotonou-abritera-bientot-un-quartier-culturel-et-creatif","og_locale":"fr_FR","og_type":"article","og_title":"B\u00e9nin: la ville de Cotonou abritera bient\u00f4t un quartier culturel et cr\u00e9atif","og_description":"Dans la d\u00e9termination du r\u00e9gime de la rupture de faire du B\u00e9nin et principalement de Cotonou une ville d\u2019attraction, il ...","og_url":"https:\/\/www.africa-press.net\/benin\/toutes-les-actualites\/benin-la-ville-de-cotonou-abritera-bientot-un-quartier-culturel-et-creatif","og_site_name":"B\u00e9nin","article_published_time":"2022-07-19T16:26:32+00:00","article_modified_time":"2022-07-19T16:41:20+00:00","og_image":[{"width":1280,"height":900,"url":"https:\/\/static.africa-press.net\/benin\/sites\/46\/2022\/07\/postQueueImg_24-62d6de9bb39eb.jpg","type":"image\/jpeg"}],"author":"cfeditorfr","twitter_card":"summary_large_image","twitter_misc":{"\u00c9crit par":"cfeditorfr","Dur\u00e9e de lecture estim\u00e9e":"1 minute"},"schema":{"@context":"https:\/\/schema.org","@graph":[{"@type":"Article","@id":"https:\/\/www.africa-press.net\/benin\/toutes-les-actualites\/benin-la-ville-de-cotonou-abritera-bientot-un-quartier-culturel-et-creatif#article","isPartOf":{"@id":"https:\/\/www.africa-press.net\/benin\/toutes-les-actualites\/benin-la-ville-de-cotonou-abritera-bientot-un-quartier-culturel-et-creatif"},"author":{"name":"cfeditorfr","@id":"https:\/\/www.africa-press.net\/benin\/#\/schema\/person\/2b1cf3cd81a31e3cd26889ca66d677f1"},"headline":"B\u00e9nin: la ville de Cotonou abritera bient\u00f4t un quartier culturel et cr\u00e9atif","datePublished":"2022-07-19T16:26:32+00:00","dateModified":"2022-07-19T16:41:20+00:00","mainEntityOfPage":{"@id":"https:\/\/www.africa-press.net\/benin\/toutes-les-actualites\/benin-la-ville-de-cotonou-abritera-bientot-un-quartier-culturel-et-creatif"},"wordCount":291,"commentCount":0,"image":{"@id":"https:\/\/www.africa-press.net\/benin\/toutes-les-actualites\/benin-la-ville-de-cotonou-abritera-bientot-un-quartier-culturel-et-creatif#primaryimage"},"thumbnailUrl":"https:\/\/static.africa-press.net\/benin\/sites\/46\/2022\/07\/postQueueImg_24-62d6de9bb39eb.jpg","keywords":["Africa Press","Africa Press-Benin","B\u00e9nin"],"articleSection":["Communaut\u00e9","homepage-french","Toutes les actualit\u00e9s"],"inLanguage":"fr-FR","potentialAction":[{"@type":"CommentAction","name":"Comment","target":["https:\/\/www.africa-press.net\/benin\/toutes-les-actualites\/benin-la-ville-de-cotonou-abritera-bientot-un-quartier-culturel-et-creatif#respond"]}]},{"@type":"WebPage","@id":"https:\/\/www.africa-press.net\/benin\/toutes-les-actualites\/benin-la-ville-de-cotonou-abritera-bientot-un-quartier-culturel-et-creatif","url":"https:\/\/www.africa-press.net\/benin\/toutes-les-actualites\/benin-la-ville-de-cotonou-abritera-bientot-un-quartier-culturel-et-creatif","name":"B\u00e9nin: la ville de Cotonou abritera bient\u00f4t un quartier culturel et cr\u00e9atif - B\u00e9nin","isPartOf":{"@id":"https:\/\/www.africa-press.net\/benin\/#website"},"primaryImageOfPage":{"@id":"https:\/\/www.africa-press.net\/benin\/toutes-les-actualites\/benin-la-ville-de-cotonou-abritera-bientot-un-quartier-culturel-et-creatif#primaryimage"},"image":{"@id":"https:\/\/www.africa-press.net\/benin\/toutes-les-actualites\/benin-la-ville-de-cotonou-abritera-bientot-un-quartier-culturel-et-creatif#primaryimage"},"thumbnailUrl":"https:\/\/static.africa-press.net\/benin\/sites\/46\/2022\/07\/postQueueImg_24-62d6de9bb39eb.jpg","datePublished":"2022-07-19T16:26:32+00:00","dateModified":"2022-07-19T16:41:20+00:00","author":{"@id":"https:\/\/www.africa-press.net\/benin\/#\/schema\/person\/2b1cf3cd81a31e3cd26889ca66d677f1"},"description":"Dans la d\u00e9termination du r\u00e9gime de la rupture de faire du B\u00e9nin et principalement de Cotonou une ville d\u2019attraction, il ...","breadcrumb":{"@id":"https:\/\/www.africa-press.net\/benin\/toutes-les-actualites\/benin-la-ville-de-cotonou-abritera-bientot-un-quartier-culturel-et-creatif#breadcrumb"},"inLanguage":"fr-FR","potentialAction":[{"@type":"ReadAction","target":["https:\/\/www.africa-press.net\/benin\/toutes-les-actualites\/benin-la-ville-de-cotonou-abritera-bientot-un-quartier-culturel-et-creatif"]}]},{"@type":"ImageObject","inLanguage":"fr-FR","@id":"https:\/\/www.africa-press.net\/benin\/toutes-les-actualites\/benin-la-ville-de-cotonou-abritera-bientot-un-quartier-culturel-et-creatif#primaryimage","url":"https:\/\/static.africa-press.net\/benin\/sites\/46\/2022\/07\/postQueueImg_24-62d6de9bb39eb.jpg","contentUrl":"https:\/\/static.africa-press.net\/benin\/sites\/46\/2022\/07\/postQueueImg_24-62d6de9bb39eb.jpg","width":1280,"height":900,"caption":"B\u00e9nin: la ville de Cotonou abritera bient\u00f4t un quartier culturel et cr\u00e9atif"},{"@type":"BreadcrumbList","@id":"https:\/\/www.africa-press.net\/benin\/toutes-les-actualites\/benin-la-ville-de-cotonou-abritera-bientot-un-quartier-culturel-et-creatif#breadcrumb","itemListElement":[{"@type":"ListItem","position":1,"name":"Accueil","item":"https:\/\/www.africa-press.net\/benin\/"},{"@type":"ListItem","position":2,"name":"B\u00e9nin: la ville de Cotonou abritera bient\u00f4t un quartier culturel et cr\u00e9atif"}]},{"@type":"WebSite","@id":"https:\/\/www.africa-press.net\/benin\/#website","url":"https:\/\/www.africa-press.net\/benin\/","name":"B\u00e9nin","description":"Just another Africa News Agency Sites site","potentialAction":[{"@type":"SearchAction","target":{"@type":"EntryPoint","urlTemplate":"https:\/\/www.africa-press.net\/benin\/?s={search_term_string}"},"query-input":{"@type":"PropertyValueSpecification","valueRequired":true,"valueName":"search_term_string"}}],"inLanguage":"fr-FR"},{"@type":"Person","@id":"https:\/\/www.africa-press.net\/benin\/#\/schema\/person\/2b1cf3cd81a31e3cd26889ca66d677f1","name":"cfeditorfr"}]}},"_links":{"self":[{"href":"https:\/\/www.africa-press.net\/benin\/wp-json\/wp\/v2\/posts\/7033","targetHints":{"allow":["GET"]}}],"collection":[{"href":"https:\/\/www.africa-press.net\/benin\/wp-json\/wp\/v2\/posts"}],"about":[{"href":"https:\/\/www.africa-press.net\/benin\/wp-json\/wp\/v2\/types\/post"}],"author":[{"embeddable":true,"href":"https:\/\/www.africa-press.net\/benin\/wp-json\/wp\/v2\/users\/82"}],"replies":[{"embeddable":true,"href":"https:\/\/www.africa-press.net\/benin\/wp-json\/wp\/v2\/comments?post=7033"}],"version-history":[{"count":0,"href":"https:\/\/www.africa-press.net\/benin\/wp-json\/wp\/v2\/posts\/7033\/revisions"}],"wp:featuredmedia":[{"embeddable":true,"href":"https:\/\/www.africa-press.net\/benin\/wp-json\/wp\/v2\/media\/7032"}],"wp:attachment":[{"href":"https:\/\/www.africa-press.net\/benin\/wp-json\/wp\/v2\/media?parent=7033"}],"wp:term":[{"taxonomy":"category","embeddable":true,"href":"https:\/\/www.africa-press.net\/benin\/wp-json\/wp\/v2\/categories?post=7033"},{"taxonomy":"post_tag","embeddable":true,"href":"https:\/\/www.africa-press.net\/benin\/wp-json\/wp\/v2\/tags?post=7033"}],"curies":[{"name":"wp","href":"https:\/\/api.w.org\/{rel}","templated":true}]}}