{"id":7036,"date":"2022-07-19T16:26:43","date_gmt":"2022-07-19T16:26:43","guid":{"rendered":"https:\/\/www.africa-press.net\/benin\/politique\/benin-le-corps-sans-vie-dun-homme-decouvert-dans-les-marais-a-lokossa"},"modified":"2022-07-19T16:41:46","modified_gmt":"2022-07-19T16:41:46","slug":"benin-le-corps-sans-vie-dun-homme-decouvert-dans-les-marais-a-lokossa","status":"publish","type":"post","link":"https:\/\/www.africa-press.net\/benin\/toutes-les-actualites\/benin-le-corps-sans-vie-dun-homme-decouvert-dans-les-marais-a-lokossa","title":{"rendered":"B\u00e9nin: le corps sans vie d\u2019un homme d\u00e9couvert dans les marais \u00e0 Lokossa"},"content":{"rendered":"<p><span style=\"color: #ff6600\"><strong>Africa-Press &#8211; Benin. <\/strong><\/span>Dans la journ\u00e9e du dimanche 17 Juillet dernier, les populations de la localit\u00e9 de Atinkp\u00e9ta dans la Commune de Lokossa, ont d\u00e9couvert dans les marais, le corps sans vie d\u2019un homme de 35 ans environ.<\/p>\n<p>Le corps sans vie d\u2019un homme certainement mort par noyade a \u00e9t\u00e9 d\u00e9couvert le dimanche dernier dans la localit\u00e9 de Atinkp\u00e9ta, dans la Commune de Lokossa. Selon les informations, la d\u00e9couverte a \u00e9t\u00e9 faite dans les marais de la localit\u00e9.<\/p>\n<p>Selon les proches de la victime, il \u00e9tait parti v\u00e9rifier si les nasses qu\u2019il avait pos\u00e9 la veille dans les marais ont captur\u00e9 de poissons. C\u2019est au cours de cette v\u00e9rification que le drame est certainement survenu. En tout cas, c\u2019est seulement le corps sans vie de cet homme qui est d\u00e9couvert par la suite.<\/p>\n<p>Selon l\u2019agent de sant\u00e9 sollicit\u00e9 pour examiner le corps, la victime aurait \u00e9t\u00e9 d\u2019abord mordu par un serpent avant de mourir par noyade. Il faut pr\u00e9ciser que cet homme \u00e2g\u00e9 de 35 ans est cultivateur de profession.<\/p>\n<p><strong>Pour plus d&rsquo;informations et d&rsquo;analyses sur la <a href=\"https:\/\/www.africa-press.net\/benin\">Benin<\/a>, suivez <a href=\"https:\/\/www.africa-press.net\/\">Africa-Press<\/a><\/strong><\/p>\n","protected":false},"excerpt":{"rendered":"<p>Africa-Press &#8211; Benin. Dans la journ\u00e9e du dimanche 17 Juillet dernier, les populations de la localit\u00e9 de Atinkp\u00e9ta dans la Commune de Lokossa, ont d\u00e9couvert dans les marais, le corps sans vie d\u2019un homme de 35 ans environ. Le corps sans vie d\u2019un homme certainement mort par noyade a \u00e9t\u00e9 d\u00e9couvert le dimanche dernier dans [&hellip;]<\/p>\n","protected":false},"author":82,"featured_media":7035,"comment_status":"open","ping_status":"closed","sticky":false,"template":"","format":"standard","meta":{"footnotes":""},"categories":[21,11,10],"tags":[36,50,45],"class_list":["post-7036","post","type-post","status-publish","format-standard","has-post-thumbnail","hentry","category-communaute","category-homepage-french","category-toutes-les-actualites","tag-africa-press","tag-africa-press-benin","tag-benin"],"yoast_head":"<!-- This site is optimized with the Yoast SEO Premium plugin v26.1 (Yoast SEO v27.0) - https:\/\/yoast.com\/product\/yoast-seo-premium-wordpress\/ -->\n<title>B\u00e9nin: le corps sans vie d\u2019un homme d\u00e9couvert dans les marais \u00e0 Lokossa - B\u00e9nin<\/title>\n<meta name=\"description\" content=\"Dans la journ\u00e9e du dimanche 17 Juillet dernier, les populations de la localit\u00e9 de Atinkp\u00e9ta dans la Commune de Lokossa, ...\" \/>\n<meta name=\"robots\" content=\"index, follow, max-snippet:-1, max-image-preview:large, max-video-preview:-1\" \/>\n<link rel=\"canonical\" href=\"https:\/\/www.africa-press.net\/benin\/toutes-les-actualites\/benin-le-corps-sans-vie-dun-homme-decouvert-dans-les-marais-a-lokossa\" \/>\n<meta property=\"og:locale\" content=\"fr_FR\" \/>\n<meta property=\"og:type\" content=\"article\" \/>\n<meta property=\"og:title\" content=\"B\u00e9nin: le corps sans vie d\u2019un homme d\u00e9couvert dans les marais \u00e0 Lokossa\" \/>\n<meta property=\"og:description\" content=\"Dans la journ\u00e9e du dimanche 17 Juillet dernier, les populations de la localit\u00e9 de Atinkp\u00e9ta dans la Commune de Lokossa, ...\" \/>\n<meta property=\"og:url\" content=\"https:\/\/www.africa-press.net\/benin\/toutes-les-actualites\/benin-le-corps-sans-vie-dun-homme-decouvert-dans-les-marais-a-lokossa\" \/>\n<meta property=\"og:site_name\" content=\"B\u00e9nin\" \/>\n<meta property=\"article:published_time\" content=\"2022-07-19T16:26:43+00:00\" \/>\n<meta property=\"article:modified_time\" content=\"2022-07-19T16:41:46+00:00\" \/>\n<meta property=\"og:image\" content=\"https:\/\/static.africa-press.net\/benin\/sites\/46\/2022\/07\/postQueueImg_25-62d6deb5351b0.jpg\" \/>\n\t<meta property=\"og:image:width\" content=\"800\" \/>\n\t<meta property=\"og:image:height\" content=\"447\" \/>\n\t<meta property=\"og:image:type\" content=\"image\/jpeg\" \/>\n<meta name=\"author\" content=\"cfeditorfr\" \/>\n<meta name=\"twitter:card\" content=\"summary_large_image\" \/>\n<meta name=\"twitter:label1\" content=\"\u00c9crit par\" \/>\n\t<meta name=\"twitter:data1\" content=\"cfeditorfr\" \/>\n\t<meta name=\"twitter:label2\" content=\"Dur\u00e9e de lecture estim\u00e9e\" \/>\n\t<meta name=\"twitter:data2\" content=\"1 minute\" \/>\n<script type=\"application\/ld+json\" class=\"yoast-schema-graph\">{\"@context\":\"https:\/\/schema.org\",\"@graph\":[{\"@type\":\"Article\",\"@id\":\"https:\/\/www.africa-press.net\/benin\/toutes-les-actualites\/benin-le-corps-sans-vie-dun-homme-decouvert-dans-les-marais-a-lokossa#article\",\"isPartOf\":{\"@id\":\"https:\/\/www.africa-press.net\/benin\/toutes-les-actualites\/benin-le-corps-sans-vie-dun-homme-decouvert-dans-les-marais-a-lokossa\"},\"author\":{\"name\":\"cfeditorfr\",\"@id\":\"https:\/\/www.africa-press.net\/benin\/#\/schema\/person\/2b1cf3cd81a31e3cd26889ca66d677f1\"},\"headline\":\"B\u00e9nin: le corps sans vie d\u2019un homme d\u00e9couvert dans les marais \u00e0 Lokossa\",\"datePublished\":\"2022-07-19T16:26:43+00:00\",\"dateModified\":\"2022-07-19T16:41:46+00:00\",\"mainEntityOfPage\":{\"@id\":\"https:\/\/www.africa-press.net\/benin\/toutes-les-actualites\/benin-le-corps-sans-vie-dun-homme-decouvert-dans-les-marais-a-lokossa\"},\"wordCount\":211,\"commentCount\":0,\"image\":{\"@id\":\"https:\/\/www.africa-press.net\/benin\/toutes-les-actualites\/benin-le-corps-sans-vie-dun-homme-decouvert-dans-les-marais-a-lokossa#primaryimage\"},\"thumbnailUrl\":\"https:\/\/static.africa-press.net\/benin\/sites\/46\/2022\/07\/postQueueImg_25-62d6deb5351b0.jpg\",\"keywords\":[\"Africa Press\",\"Africa Press-Benin\",\"B\u00e9nin\"],\"articleSection\":[\"Communaut\u00e9\",\"homepage-french\",\"Toutes les actualit\u00e9s\"],\"inLanguage\":\"fr-FR\",\"potentialAction\":[{\"@type\":\"CommentAction\",\"name\":\"Comment\",\"target\":[\"https:\/\/www.africa-press.net\/benin\/toutes-les-actualites\/benin-le-corps-sans-vie-dun-homme-decouvert-dans-les-marais-a-lokossa#respond\"]}]},{\"@type\":\"WebPage\",\"@id\":\"https:\/\/www.africa-press.net\/benin\/toutes-les-actualites\/benin-le-corps-sans-vie-dun-homme-decouvert-dans-les-marais-a-lokossa\",\"url\":\"https:\/\/www.africa-press.net\/benin\/toutes-les-actualites\/benin-le-corps-sans-vie-dun-homme-decouvert-dans-les-marais-a-lokossa\",\"name\":\"B\u00e9nin: le corps sans vie d\u2019un homme d\u00e9couvert dans les marais \u00e0 Lokossa - B\u00e9nin\",\"isPartOf\":{\"@id\":\"https:\/\/www.africa-press.net\/benin\/#website\"},\"primaryImageOfPage\":{\"@id\":\"https:\/\/www.africa-press.net\/benin\/toutes-les-actualites\/benin-le-corps-sans-vie-dun-homme-decouvert-dans-les-marais-a-lokossa#primaryimage\"},\"image\":{\"@id\":\"https:\/\/www.africa-press.net\/benin\/toutes-les-actualites\/benin-le-corps-sans-vie-dun-homme-decouvert-dans-les-marais-a-lokossa#primaryimage\"},\"thumbnailUrl\":\"https:\/\/static.africa-press.net\/benin\/sites\/46\/2022\/07\/postQueueImg_25-62d6deb5351b0.jpg\",\"datePublished\":\"2022-07-19T16:26:43+00:00\",\"dateModified\":\"2022-07-19T16:41:46+00:00\",\"author\":{\"@id\":\"https:\/\/www.africa-press.net\/benin\/#\/schema\/person\/2b1cf3cd81a31e3cd26889ca66d677f1\"},\"description\":\"Dans la journ\u00e9e du dimanche 17 Juillet dernier, les populations de la localit\u00e9 de Atinkp\u00e9ta dans la Commune de Lokossa, ...\",\"breadcrumb\":{\"@id\":\"https:\/\/www.africa-press.net\/benin\/toutes-les-actualites\/benin-le-corps-sans-vie-dun-homme-decouvert-dans-les-marais-a-lokossa#breadcrumb\"},\"inLanguage\":\"fr-FR\",\"potentialAction\":[{\"@type\":\"ReadAction\",\"target\":[\"https:\/\/www.africa-press.net\/benin\/toutes-les-actualites\/benin-le-corps-sans-vie-dun-homme-decouvert-dans-les-marais-a-lokossa\"]}]},{\"@type\":\"ImageObject\",\"inLanguage\":\"fr-FR\",\"@id\":\"https:\/\/www.africa-press.net\/benin\/toutes-les-actualites\/benin-le-corps-sans-vie-dun-homme-decouvert-dans-les-marais-a-lokossa#primaryimage\",\"url\":\"https:\/\/static.africa-press.net\/benin\/sites\/46\/2022\/07\/postQueueImg_25-62d6deb5351b0.jpg\",\"contentUrl\":\"https:\/\/static.africa-press.net\/benin\/sites\/46\/2022\/07\/postQueueImg_25-62d6deb5351b0.jpg\",\"width\":800,\"height\":447,\"caption\":\"B\u00e9nin: le corps sans vie d\u2019un homme d\u00e9couvert dans les marais \u00e0 Lokossa\"},{\"@type\":\"BreadcrumbList\",\"@id\":\"https:\/\/www.africa-press.net\/benin\/toutes-les-actualites\/benin-le-corps-sans-vie-dun-homme-decouvert-dans-les-marais-a-lokossa#breadcrumb\",\"itemListElement\":[{\"@type\":\"ListItem\",\"position\":1,\"name\":\"Accueil\",\"item\":\"https:\/\/www.africa-press.net\/benin\/\"},{\"@type\":\"ListItem\",\"position\":2,\"name\":\"B\u00e9nin: le corps sans vie d\u2019un homme d\u00e9couvert dans les marais \u00e0 Lokossa\"}]},{\"@type\":\"WebSite\",\"@id\":\"https:\/\/www.africa-press.net\/benin\/#website\",\"url\":\"https:\/\/www.africa-press.net\/benin\/\",\"name\":\"B\u00e9nin\",\"description\":\"Just another Africa News Agency Sites site\",\"potentialAction\":[{\"@type\":\"SearchAction\",\"target\":{\"@type\":\"EntryPoint\",\"urlTemplate\":\"https:\/\/www.africa-press.net\/benin\/?s={search_term_string}\"},\"query-input\":{\"@type\":\"PropertyValueSpecification\",\"valueRequired\":true,\"valueName\":\"search_term_string\"}}],\"inLanguage\":\"fr-FR\"},{\"@type\":\"Person\",\"@id\":\"https:\/\/www.africa-press.net\/benin\/#\/schema\/person\/2b1cf3cd81a31e3cd26889ca66d677f1\",\"name\":\"cfeditorfr\"}]}<\/script>\n<!-- \/ Yoast SEO Premium plugin. -->","yoast_head_json":{"title":"B\u00e9nin: le corps sans vie d\u2019un homme d\u00e9couvert dans les marais \u00e0 Lokossa - B\u00e9nin","description":"Dans la journ\u00e9e du dimanche 17 Juillet dernier, les populations de la localit\u00e9 de Atinkp\u00e9ta dans la Commune de Lokossa, ...","robots":{"index":"index","follow":"follow","max-snippet":"max-snippet:-1","max-image-preview":"max-image-preview:large","max-video-preview":"max-video-preview:-1"},"canonical":"https:\/\/www.africa-press.net\/benin\/toutes-les-actualites\/benin-le-corps-sans-vie-dun-homme-decouvert-dans-les-marais-a-lokossa","og_locale":"fr_FR","og_type":"article","og_title":"B\u00e9nin: le corps sans vie d\u2019un homme d\u00e9couvert dans les marais \u00e0 Lokossa","og_description":"Dans la journ\u00e9e du dimanche 17 Juillet dernier, les populations de la localit\u00e9 de Atinkp\u00e9ta dans la Commune de Lokossa, ...","og_url":"https:\/\/www.africa-press.net\/benin\/toutes-les-actualites\/benin-le-corps-sans-vie-dun-homme-decouvert-dans-les-marais-a-lokossa","og_site_name":"B\u00e9nin","article_published_time":"2022-07-19T16:26:43+00:00","article_modified_time":"2022-07-19T16:41:46+00:00","og_image":[{"width":800,"height":447,"url":"https:\/\/static.africa-press.net\/benin\/sites\/46\/2022\/07\/postQueueImg_25-62d6deb5351b0.jpg","type":"image\/jpeg"}],"author":"cfeditorfr","twitter_card":"summary_large_image","twitter_misc":{"\u00c9crit par":"cfeditorfr","Dur\u00e9e de lecture estim\u00e9e":"1 minute"},"schema":{"@context":"https:\/\/schema.org","@graph":[{"@type":"Article","@id":"https:\/\/www.africa-press.net\/benin\/toutes-les-actualites\/benin-le-corps-sans-vie-dun-homme-decouvert-dans-les-marais-a-lokossa#article","isPartOf":{"@id":"https:\/\/www.africa-press.net\/benin\/toutes-les-actualites\/benin-le-corps-sans-vie-dun-homme-decouvert-dans-les-marais-a-lokossa"},"author":{"name":"cfeditorfr","@id":"https:\/\/www.africa-press.net\/benin\/#\/schema\/person\/2b1cf3cd81a31e3cd26889ca66d677f1"},"headline":"B\u00e9nin: le corps sans vie d\u2019un homme d\u00e9couvert dans les marais \u00e0 Lokossa","datePublished":"2022-07-19T16:26:43+00:00","dateModified":"2022-07-19T16:41:46+00:00","mainEntityOfPage":{"@id":"https:\/\/www.africa-press.net\/benin\/toutes-les-actualites\/benin-le-corps-sans-vie-dun-homme-decouvert-dans-les-marais-a-lokossa"},"wordCount":211,"commentCount":0,"image":{"@id":"https:\/\/www.africa-press.net\/benin\/toutes-les-actualites\/benin-le-corps-sans-vie-dun-homme-decouvert-dans-les-marais-a-lokossa#primaryimage"},"thumbnailUrl":"https:\/\/static.africa-press.net\/benin\/sites\/46\/2022\/07\/postQueueImg_25-62d6deb5351b0.jpg","keywords":["Africa Press","Africa Press-Benin","B\u00e9nin"],"articleSection":["Communaut\u00e9","homepage-french","Toutes les actualit\u00e9s"],"inLanguage":"fr-FR","potentialAction":[{"@type":"CommentAction","name":"Comment","target":["https:\/\/www.africa-press.net\/benin\/toutes-les-actualites\/benin-le-corps-sans-vie-dun-homme-decouvert-dans-les-marais-a-lokossa#respond"]}]},{"@type":"WebPage","@id":"https:\/\/www.africa-press.net\/benin\/toutes-les-actualites\/benin-le-corps-sans-vie-dun-homme-decouvert-dans-les-marais-a-lokossa","url":"https:\/\/www.africa-press.net\/benin\/toutes-les-actualites\/benin-le-corps-sans-vie-dun-homme-decouvert-dans-les-marais-a-lokossa","name":"B\u00e9nin: le corps sans vie d\u2019un homme d\u00e9couvert dans les marais \u00e0 Lokossa - B\u00e9nin","isPartOf":{"@id":"https:\/\/www.africa-press.net\/benin\/#website"},"primaryImageOfPage":{"@id":"https:\/\/www.africa-press.net\/benin\/toutes-les-actualites\/benin-le-corps-sans-vie-dun-homme-decouvert-dans-les-marais-a-lokossa#primaryimage"},"image":{"@id":"https:\/\/www.africa-press.net\/benin\/toutes-les-actualites\/benin-le-corps-sans-vie-dun-homme-decouvert-dans-les-marais-a-lokossa#primaryimage"},"thumbnailUrl":"https:\/\/static.africa-press.net\/benin\/sites\/46\/2022\/07\/postQueueImg_25-62d6deb5351b0.jpg","datePublished":"2022-07-19T16:26:43+00:00","dateModified":"2022-07-19T16:41:46+00:00","author":{"@id":"https:\/\/www.africa-press.net\/benin\/#\/schema\/person\/2b1cf3cd81a31e3cd26889ca66d677f1"},"description":"Dans la journ\u00e9e du dimanche 17 Juillet dernier, les populations de la localit\u00e9 de Atinkp\u00e9ta dans la Commune de Lokossa, ...","breadcrumb":{"@id":"https:\/\/www.africa-press.net\/benin\/toutes-les-actualites\/benin-le-corps-sans-vie-dun-homme-decouvert-dans-les-marais-a-lokossa#breadcrumb"},"inLanguage":"fr-FR","potentialAction":[{"@type":"ReadAction","target":["https:\/\/www.africa-press.net\/benin\/toutes-les-actualites\/benin-le-corps-sans-vie-dun-homme-decouvert-dans-les-marais-a-lokossa"]}]},{"@type":"ImageObject","inLanguage":"fr-FR","@id":"https:\/\/www.africa-press.net\/benin\/toutes-les-actualites\/benin-le-corps-sans-vie-dun-homme-decouvert-dans-les-marais-a-lokossa#primaryimage","url":"https:\/\/static.africa-press.net\/benin\/sites\/46\/2022\/07\/postQueueImg_25-62d6deb5351b0.jpg","contentUrl":"https:\/\/static.africa-press.net\/benin\/sites\/46\/2022\/07\/postQueueImg_25-62d6deb5351b0.jpg","width":800,"height":447,"caption":"B\u00e9nin: le corps sans vie d\u2019un homme d\u00e9couvert dans les marais \u00e0 Lokossa"},{"@type":"BreadcrumbList","@id":"https:\/\/www.africa-press.net\/benin\/toutes-les-actualites\/benin-le-corps-sans-vie-dun-homme-decouvert-dans-les-marais-a-lokossa#breadcrumb","itemListElement":[{"@type":"ListItem","position":1,"name":"Accueil","item":"https:\/\/www.africa-press.net\/benin\/"},{"@type":"ListItem","position":2,"name":"B\u00e9nin: le corps sans vie d\u2019un homme d\u00e9couvert dans les marais \u00e0 Lokossa"}]},{"@type":"WebSite","@id":"https:\/\/www.africa-press.net\/benin\/#website","url":"https:\/\/www.africa-press.net\/benin\/","name":"B\u00e9nin","description":"Just another Africa News Agency Sites site","potentialAction":[{"@type":"SearchAction","target":{"@type":"EntryPoint","urlTemplate":"https:\/\/www.africa-press.net\/benin\/?s={search_term_string}"},"query-input":{"@type":"PropertyValueSpecification","valueRequired":true,"valueName":"search_term_string"}}],"inLanguage":"fr-FR"},{"@type":"Person","@id":"https:\/\/www.africa-press.net\/benin\/#\/schema\/person\/2b1cf3cd81a31e3cd26889ca66d677f1","name":"cfeditorfr"}]}},"_links":{"self":[{"href":"https:\/\/www.africa-press.net\/benin\/wp-json\/wp\/v2\/posts\/7036","targetHints":{"allow":["GET"]}}],"collection":[{"href":"https:\/\/www.africa-press.net\/benin\/wp-json\/wp\/v2\/posts"}],"about":[{"href":"https:\/\/www.africa-press.net\/benin\/wp-json\/wp\/v2\/types\/post"}],"author":[{"embeddable":true,"href":"https:\/\/www.africa-press.net\/benin\/wp-json\/wp\/v2\/users\/82"}],"replies":[{"embeddable":true,"href":"https:\/\/www.africa-press.net\/benin\/wp-json\/wp\/v2\/comments?post=7036"}],"version-history":[{"count":0,"href":"https:\/\/www.africa-press.net\/benin\/wp-json\/wp\/v2\/posts\/7036\/revisions"}],"wp:featuredmedia":[{"embeddable":true,"href":"https:\/\/www.africa-press.net\/benin\/wp-json\/wp\/v2\/media\/7035"}],"wp:attachment":[{"href":"https:\/\/www.africa-press.net\/benin\/wp-json\/wp\/v2\/media?parent=7036"}],"wp:term":[{"taxonomy":"category","embeddable":true,"href":"https:\/\/www.africa-press.net\/benin\/wp-json\/wp\/v2\/categories?post=7036"},{"taxonomy":"post_tag","embeddable":true,"href":"https:\/\/www.africa-press.net\/benin\/wp-json\/wp\/v2\/tags?post=7036"}],"curies":[{"name":"wp","href":"https:\/\/api.w.org\/{rel}","templated":true}]}}