{"id":7063,"date":"2022-07-20T21:48:12","date_gmt":"2022-07-20T21:48:12","guid":{"rendered":"https:\/\/www.africa-press.net\/benin\/politique\/vente-aux-encheres-des-biens-de-sebastien-ajavon-des-doutes-sur-le-degel-de-la-crise"},"modified":"2022-07-20T22:12:23","modified_gmt":"2022-07-20T22:12:23","slug":"vente-aux-encheres-des-biens-de-sebastien-ajavon-des-doutes-sur-le-degel-de-la-crise","status":"publish","type":"post","link":"https:\/\/www.africa-press.net\/benin\/politique\/vente-aux-encheres-des-biens-de-sebastien-ajavon-des-doutes-sur-le-degel-de-la-crise","title":{"rendered":"Vente aux ench\u00e8res des biens de S\u00e9bastien Ajavon: des doutes sur le d\u00e9gel de la crise"},"content":{"rendered":"<p><span style=\"color: #ff6600\"><strong>Africa-Press &#8211; Benin. <\/strong><\/span>Mis sous scell\u00e9 suite \u00e0 une d\u00e9cision de justice, le domicile de l\u2019homme d\u2019affaire S\u00e9bastien Ajavon a \u00e9t\u00e9 vid\u00e9 le 1er Juillet dernier. Une proc\u00e9dure de saisie men\u00e9e par l\u2019agence judicaire du tr\u00e9sor (AJT). Les biens ainsi saisis sont soumis \u00e0 une vente aux ench\u00e8res dans un contexte o\u00f9 les r\u00e9centes audiences au palais de la pr\u00e9sidence de la R\u00e9publique pr\u00e9sageaient d\u2019un \u00e9ventuel d\u00e9gel de la crise politique.<\/p>\n<p>Les biens de l\u2019homme d\u2019affaire S\u00e9bastien Ajavon objet d\u2019une saisie judiciaire sont depuis le 18 Juillet dernier mis en vente aux ench\u00e8res. Au total, 140 biens meubles Louis XIV et un v\u00e9hicule automobile de marque ROLLS ROYCE sont mis en vente aux ench\u00e8res \u00e0 Akpakpa, selon un avis rendu public.<\/p>\n<p>La vente aux ench\u00e8res demand\u00e9e par l\u2019agent judiciaire du Tr\u00e9sor se fera par propositions de prix sous plis ferm\u00e9s. Les biens mis en vente aux ench\u00e8res sont regroup\u00e9s en 24 lots. La liste de tous les biens saisis mis en vente aux ench\u00e8res publiques sont disponibles depuis lundi 18 juillet 2022. Les biens peuvent \u00eatre visit\u00e9s jusqu\u2019au vendredi 22 Juillet de 09h \u00e0 17h sur le lieu de vente \u00e0 Akpakpa. Selon les informations, les propositions de prix doivent \u00eatre d\u00e9pos\u00e9es au plus tard le 08 ao\u00fbt prochain.<\/p>\n<p><b>Travaille-t-on vraiment pour la r\u00e9conciliation et la paix ?<\/b><\/p>\n<p>Depuis la crise sociopolitique qui secoue le B\u00e9nin depuis 2019, les appels au dialogue et \u00e0 la r\u00e9conciliation fusent de partout. Mais les actes qui sont pos\u00e9s au quotidien ne vont pas toujours dans le sens des paroles entendues.<\/p>\n<p>Les r\u00e9centes audiences accord\u00e9es par le chef de l\u2019Etat, le pr\u00e9sident Patrice Talon aux anciens pr\u00e9sidents de la R\u00e9publique avaient donn\u00e9 l\u2019illusion que quelque chose se fait pour le d\u00e9gel de la crise politique. Evoquant les \u00e9changes avec son successeur, Thomas Boni Yayi avait affirm\u00e9 qu\u2019il a plaid\u00e9 pour la lib\u00e9ration des prisonniers et le retour des exil\u00e9s politiques. Avant cette audience, l\u2019ancien pr\u00e9sident de l\u2019union africaine avait \u00e9t\u00e9 d\u00e9j\u00e0 re\u00e7u en septembre dernier. Une audience au cours de laquelle il a confi\u00e9 \u00e0 son successeur au pouvoir une batterie de demandes.<\/p>\n<p>L\u2019ancien chef d\u2019Etat est all\u00e9 loin dans sa d\u00e9marche de recherche de paix en retirant une plainte qu\u2019il a d\u00e9pos\u00e9 devant la cour de justice de la cedeao contre l\u2019Etat b\u00e9ninois.<\/p>\n<p>Si ces d\u00e9marches sont v\u00e9ritablement inscrites dans une dynamique de recherche de la paix, rencontreront elles v\u00e9ritablement une oreille attentive? En tout cas l\u2019actualit\u00e9 avec l\u2019ex magnan du volailles, l\u2019homme d\u2019affaire S\u00e9bastien Ajavon suscite bien des questions et laisse subsister des doutes sur le d\u00e9gel de la crise politique en cours d\u2019autant plus que le retour des exil\u00e9s politique constitue des exigences pour certains partis politiques de l\u2019opposition.<\/p>\n<p>Il est vrai que la saisie et la mise en vente aux ench\u00e8res des biens de S\u00e9bastien Ajavon rel\u00e8vent d\u2019une d\u00e9cision de justice. Mais si le B\u00e9nin est vraiment dans une d\u00e9marche de dialogue et de recherche de la paix, l\u2019Etat a tout le pouvoir de faire quelque chose dans le cadre de cette affaire de TVA.<\/p>\n<p>Dans tous les cas, la lib\u00e9ration des d\u00e9tenus politiques et le retour au bercail des exil\u00e9s ne semblent pas \u00eatre pour demain. En effet, la politique est un jeu d\u2019int\u00e9r\u00eat et il faut appr\u00e9cier l\u2019int\u00e9r\u00eat pour le pouvoir en place de voir ses adversaires politiques revenir sur l\u2019\u00e9chiquier politique.<\/p>\n<p>La lib\u00e9ration de Jo\u00ebl A\u00efvo, de Reckya Madougou et le retour au B\u00e9nin de S\u00e9bastien Germain Ajavon, de l\u2019ancien ministre Komi Koutch\u00e9 ou Valentin Dj\u00e8nontin ne seront donc pas des choses simples \u00e0 obtenir m\u00eame si c\u2019est un ancien pr\u00e9sident comme Boni Yayi qui en fait la demande.<\/p>\n<p>Les audiences au palais de la Marina entre anciens chefs d\u2019Etat et le pr\u00e9sident de la R\u00e9publique en exercice serait alors une poudre aux yeux qui fait de Candide Azanna\u00ef, le plus visionnaire de tous les hommes politiques b\u00e9ninois.<\/p>\n<p><strong>Pour plus d&rsquo;informations et d&rsquo;analyses sur la <a href=\"https:\/\/www.africa-press.net\/benin\">Benin<\/a>, suivez <a href=\"https:\/\/www.africa-press.net\/\">Africa-Press<\/a><\/strong><\/p>\n","protected":false},"excerpt":{"rendered":"<p>Africa-Press &#8211; Benin. Mis sous scell\u00e9 suite \u00e0 une d\u00e9cision de justice, le domicile de l\u2019homme d\u2019affaire S\u00e9bastien Ajavon a \u00e9t\u00e9 vid\u00e9 le 1er Juillet dernier. Une proc\u00e9dure de saisie men\u00e9e par l\u2019agence judicaire du tr\u00e9sor (AJT). Les biens ainsi saisis sont soumis \u00e0 une vente aux ench\u00e8res dans un contexte o\u00f9 les r\u00e9centes audiences [&hellip;]<\/p>\n","protected":false},"author":82,"featured_media":7062,"comment_status":"open","ping_status":"closed","sticky":false,"template":"","format":"standard","meta":{"footnotes":""},"categories":[11,2,10],"tags":[36,50,45],"class_list":["post-7063","post","type-post","status-publish","format-standard","has-post-thumbnail","hentry","category-homepage-french","category-politique","category-toutes-les-actualites","tag-africa-press","tag-africa-press-benin","tag-benin"],"yoast_head":"<!-- This site is optimized with the Yoast SEO Premium plugin v26.1 (Yoast SEO v27.0) - https:\/\/yoast.com\/product\/yoast-seo-premium-wordpress\/ -->\n<title>Vente aux ench\u00e8res des biens de S\u00e9bastien Ajavon: des doutes sur le d\u00e9gel de la crise - B\u00e9nin<\/title>\n<meta name=\"description\" content=\"Mis sous scell\u00e9 suite \u00e0 une d\u00e9cision de justice, le domicile de l\u2019homme d\u2019affaire S\u00e9bastien Ajavon a \u00e9t\u00e9 vid\u00e9 le 1er Jui ...\" \/>\n<meta name=\"robots\" content=\"index, follow, max-snippet:-1, max-image-preview:large, max-video-preview:-1\" \/>\n<link rel=\"canonical\" href=\"https:\/\/www.africa-press.net\/benin\/politique\/vente-aux-encheres-des-biens-de-sebastien-ajavon-des-doutes-sur-le-degel-de-la-crise\" \/>\n<meta property=\"og:locale\" content=\"fr_FR\" \/>\n<meta property=\"og:type\" content=\"article\" \/>\n<meta property=\"og:title\" content=\"Vente aux ench\u00e8res des biens de S\u00e9bastien Ajavon: des doutes sur le d\u00e9gel de la crise\" \/>\n<meta property=\"og:description\" content=\"Mis sous scell\u00e9 suite \u00e0 une d\u00e9cision de justice, le domicile de l\u2019homme d\u2019affaire S\u00e9bastien Ajavon a \u00e9t\u00e9 vid\u00e9 le 1er Jui ...\" \/>\n<meta property=\"og:url\" content=\"https:\/\/www.africa-press.net\/benin\/politique\/vente-aux-encheres-des-biens-de-sebastien-ajavon-des-doutes-sur-le-degel-de-la-crise\" \/>\n<meta property=\"og:site_name\" content=\"B\u00e9nin\" \/>\n<meta property=\"article:published_time\" content=\"2022-07-20T21:48:12+00:00\" \/>\n<meta property=\"article:modified_time\" content=\"2022-07-20T22:12:23+00:00\" \/>\n<meta property=\"og:image\" content=\"https:\/\/static.africa-press.net\/benin\/sites\/46\/2022\/07\/postQueueImg_22-62d87db4c7d5d.jpg\" \/>\n\t<meta property=\"og:image:width\" content=\"1425\" \/>\n\t<meta property=\"og:image:height\" content=\"767\" \/>\n\t<meta property=\"og:image:type\" content=\"image\/jpeg\" \/>\n<meta name=\"author\" content=\"cfeditorfr\" \/>\n<meta name=\"twitter:card\" content=\"summary_large_image\" \/>\n<meta name=\"twitter:label1\" content=\"\u00c9crit par\" \/>\n\t<meta name=\"twitter:data1\" content=\"cfeditorfr\" \/>\n\t<meta name=\"twitter:label2\" content=\"Dur\u00e9e de lecture estim\u00e9e\" \/>\n\t<meta name=\"twitter:data2\" content=\"4 minutes\" \/>\n<script type=\"application\/ld+json\" class=\"yoast-schema-graph\">{\"@context\":\"https:\/\/schema.org\",\"@graph\":[{\"@type\":\"Article\",\"@id\":\"https:\/\/www.africa-press.net\/benin\/politique\/vente-aux-encheres-des-biens-de-sebastien-ajavon-des-doutes-sur-le-degel-de-la-crise#article\",\"isPartOf\":{\"@id\":\"https:\/\/www.africa-press.net\/benin\/politique\/vente-aux-encheres-des-biens-de-sebastien-ajavon-des-doutes-sur-le-degel-de-la-crise\"},\"author\":{\"name\":\"cfeditorfr\",\"@id\":\"https:\/\/www.africa-press.net\/benin\/#\/schema\/person\/2b1cf3cd81a31e3cd26889ca66d677f1\"},\"headline\":\"Vente aux ench\u00e8res des biens de S\u00e9bastien Ajavon: des doutes sur le d\u00e9gel de la crise\",\"datePublished\":\"2022-07-20T21:48:12+00:00\",\"dateModified\":\"2022-07-20T22:12:23+00:00\",\"mainEntityOfPage\":{\"@id\":\"https:\/\/www.africa-press.net\/benin\/politique\/vente-aux-encheres-des-biens-de-sebastien-ajavon-des-doutes-sur-le-degel-de-la-crise\"},\"wordCount\":762,\"commentCount\":0,\"image\":{\"@id\":\"https:\/\/www.africa-press.net\/benin\/politique\/vente-aux-encheres-des-biens-de-sebastien-ajavon-des-doutes-sur-le-degel-de-la-crise#primaryimage\"},\"thumbnailUrl\":\"https:\/\/static.africa-press.net\/benin\/sites\/46\/2022\/07\/postQueueImg_22-62d87db4c7d5d.jpg\",\"keywords\":[\"Africa Press\",\"Africa Press-Benin\",\"B\u00e9nin\"],\"articleSection\":[\"homepage-french\",\"Politique\",\"Toutes les actualit\u00e9s\"],\"inLanguage\":\"fr-FR\",\"potentialAction\":[{\"@type\":\"CommentAction\",\"name\":\"Comment\",\"target\":[\"https:\/\/www.africa-press.net\/benin\/politique\/vente-aux-encheres-des-biens-de-sebastien-ajavon-des-doutes-sur-le-degel-de-la-crise#respond\"]}]},{\"@type\":\"WebPage\",\"@id\":\"https:\/\/www.africa-press.net\/benin\/politique\/vente-aux-encheres-des-biens-de-sebastien-ajavon-des-doutes-sur-le-degel-de-la-crise\",\"url\":\"https:\/\/www.africa-press.net\/benin\/politique\/vente-aux-encheres-des-biens-de-sebastien-ajavon-des-doutes-sur-le-degel-de-la-crise\",\"name\":\"Vente aux ench\u00e8res des biens de S\u00e9bastien Ajavon: des doutes sur le d\u00e9gel de la crise - B\u00e9nin\",\"isPartOf\":{\"@id\":\"https:\/\/www.africa-press.net\/benin\/#website\"},\"primaryImageOfPage\":{\"@id\":\"https:\/\/www.africa-press.net\/benin\/politique\/vente-aux-encheres-des-biens-de-sebastien-ajavon-des-doutes-sur-le-degel-de-la-crise#primaryimage\"},\"image\":{\"@id\":\"https:\/\/www.africa-press.net\/benin\/politique\/vente-aux-encheres-des-biens-de-sebastien-ajavon-des-doutes-sur-le-degel-de-la-crise#primaryimage\"},\"thumbnailUrl\":\"https:\/\/static.africa-press.net\/benin\/sites\/46\/2022\/07\/postQueueImg_22-62d87db4c7d5d.jpg\",\"datePublished\":\"2022-07-20T21:48:12+00:00\",\"dateModified\":\"2022-07-20T22:12:23+00:00\",\"author\":{\"@id\":\"https:\/\/www.africa-press.net\/benin\/#\/schema\/person\/2b1cf3cd81a31e3cd26889ca66d677f1\"},\"description\":\"Mis sous scell\u00e9 suite \u00e0 une d\u00e9cision de justice, le domicile de l\u2019homme d\u2019affaire S\u00e9bastien Ajavon a \u00e9t\u00e9 vid\u00e9 le 1er Jui ...\",\"breadcrumb\":{\"@id\":\"https:\/\/www.africa-press.net\/benin\/politique\/vente-aux-encheres-des-biens-de-sebastien-ajavon-des-doutes-sur-le-degel-de-la-crise#breadcrumb\"},\"inLanguage\":\"fr-FR\",\"potentialAction\":[{\"@type\":\"ReadAction\",\"target\":[\"https:\/\/www.africa-press.net\/benin\/politique\/vente-aux-encheres-des-biens-de-sebastien-ajavon-des-doutes-sur-le-degel-de-la-crise\"]}]},{\"@type\":\"ImageObject\",\"inLanguage\":\"fr-FR\",\"@id\":\"https:\/\/www.africa-press.net\/benin\/politique\/vente-aux-encheres-des-biens-de-sebastien-ajavon-des-doutes-sur-le-degel-de-la-crise#primaryimage\",\"url\":\"https:\/\/static.africa-press.net\/benin\/sites\/46\/2022\/07\/postQueueImg_22-62d87db4c7d5d.jpg\",\"contentUrl\":\"https:\/\/static.africa-press.net\/benin\/sites\/46\/2022\/07\/postQueueImg_22-62d87db4c7d5d.jpg\",\"width\":1425,\"height\":767,\"caption\":\"Vente aux ench\u00e8res des biens de S\u00e9bastien Ajavon: des doutes sur le d\u00e9gel de la crise\"},{\"@type\":\"BreadcrumbList\",\"@id\":\"https:\/\/www.africa-press.net\/benin\/politique\/vente-aux-encheres-des-biens-de-sebastien-ajavon-des-doutes-sur-le-degel-de-la-crise#breadcrumb\",\"itemListElement\":[{\"@type\":\"ListItem\",\"position\":1,\"name\":\"Accueil\",\"item\":\"https:\/\/www.africa-press.net\/benin\/\"},{\"@type\":\"ListItem\",\"position\":2,\"name\":\"Vente aux ench\u00e8res des biens de S\u00e9bastien Ajavon: des doutes sur le d\u00e9gel de la crise\"}]},{\"@type\":\"WebSite\",\"@id\":\"https:\/\/www.africa-press.net\/benin\/#website\",\"url\":\"https:\/\/www.africa-press.net\/benin\/\",\"name\":\"B\u00e9nin\",\"description\":\"Just another Africa News Agency Sites site\",\"potentialAction\":[{\"@type\":\"SearchAction\",\"target\":{\"@type\":\"EntryPoint\",\"urlTemplate\":\"https:\/\/www.africa-press.net\/benin\/?s={search_term_string}\"},\"query-input\":{\"@type\":\"PropertyValueSpecification\",\"valueRequired\":true,\"valueName\":\"search_term_string\"}}],\"inLanguage\":\"fr-FR\"},{\"@type\":\"Person\",\"@id\":\"https:\/\/www.africa-press.net\/benin\/#\/schema\/person\/2b1cf3cd81a31e3cd26889ca66d677f1\",\"name\":\"cfeditorfr\"}]}<\/script>\n<!-- \/ Yoast SEO Premium plugin. -->","yoast_head_json":{"title":"Vente aux ench\u00e8res des biens de S\u00e9bastien Ajavon: des doutes sur le d\u00e9gel de la crise - B\u00e9nin","description":"Mis sous scell\u00e9 suite \u00e0 une d\u00e9cision de justice, le domicile de l\u2019homme d\u2019affaire S\u00e9bastien Ajavon a \u00e9t\u00e9 vid\u00e9 le 1er Jui ...","robots":{"index":"index","follow":"follow","max-snippet":"max-snippet:-1","max-image-preview":"max-image-preview:large","max-video-preview":"max-video-preview:-1"},"canonical":"https:\/\/www.africa-press.net\/benin\/politique\/vente-aux-encheres-des-biens-de-sebastien-ajavon-des-doutes-sur-le-degel-de-la-crise","og_locale":"fr_FR","og_type":"article","og_title":"Vente aux ench\u00e8res des biens de S\u00e9bastien Ajavon: des doutes sur le d\u00e9gel de la crise","og_description":"Mis sous scell\u00e9 suite \u00e0 une d\u00e9cision de justice, le domicile de l\u2019homme d\u2019affaire S\u00e9bastien Ajavon a \u00e9t\u00e9 vid\u00e9 le 1er Jui ...","og_url":"https:\/\/www.africa-press.net\/benin\/politique\/vente-aux-encheres-des-biens-de-sebastien-ajavon-des-doutes-sur-le-degel-de-la-crise","og_site_name":"B\u00e9nin","article_published_time":"2022-07-20T21:48:12+00:00","article_modified_time":"2022-07-20T22:12:23+00:00","og_image":[{"width":1425,"height":767,"url":"https:\/\/static.africa-press.net\/benin\/sites\/46\/2022\/07\/postQueueImg_22-62d87db4c7d5d.jpg","type":"image\/jpeg"}],"author":"cfeditorfr","twitter_card":"summary_large_image","twitter_misc":{"\u00c9crit par":"cfeditorfr","Dur\u00e9e de lecture estim\u00e9e":"4 minutes"},"schema":{"@context":"https:\/\/schema.org","@graph":[{"@type":"Article","@id":"https:\/\/www.africa-press.net\/benin\/politique\/vente-aux-encheres-des-biens-de-sebastien-ajavon-des-doutes-sur-le-degel-de-la-crise#article","isPartOf":{"@id":"https:\/\/www.africa-press.net\/benin\/politique\/vente-aux-encheres-des-biens-de-sebastien-ajavon-des-doutes-sur-le-degel-de-la-crise"},"author":{"name":"cfeditorfr","@id":"https:\/\/www.africa-press.net\/benin\/#\/schema\/person\/2b1cf3cd81a31e3cd26889ca66d677f1"},"headline":"Vente aux ench\u00e8res des biens de S\u00e9bastien Ajavon: des doutes sur le d\u00e9gel de la crise","datePublished":"2022-07-20T21:48:12+00:00","dateModified":"2022-07-20T22:12:23+00:00","mainEntityOfPage":{"@id":"https:\/\/www.africa-press.net\/benin\/politique\/vente-aux-encheres-des-biens-de-sebastien-ajavon-des-doutes-sur-le-degel-de-la-crise"},"wordCount":762,"commentCount":0,"image":{"@id":"https:\/\/www.africa-press.net\/benin\/politique\/vente-aux-encheres-des-biens-de-sebastien-ajavon-des-doutes-sur-le-degel-de-la-crise#primaryimage"},"thumbnailUrl":"https:\/\/static.africa-press.net\/benin\/sites\/46\/2022\/07\/postQueueImg_22-62d87db4c7d5d.jpg","keywords":["Africa Press","Africa Press-Benin","B\u00e9nin"],"articleSection":["homepage-french","Politique","Toutes les actualit\u00e9s"],"inLanguage":"fr-FR","potentialAction":[{"@type":"CommentAction","name":"Comment","target":["https:\/\/www.africa-press.net\/benin\/politique\/vente-aux-encheres-des-biens-de-sebastien-ajavon-des-doutes-sur-le-degel-de-la-crise#respond"]}]},{"@type":"WebPage","@id":"https:\/\/www.africa-press.net\/benin\/politique\/vente-aux-encheres-des-biens-de-sebastien-ajavon-des-doutes-sur-le-degel-de-la-crise","url":"https:\/\/www.africa-press.net\/benin\/politique\/vente-aux-encheres-des-biens-de-sebastien-ajavon-des-doutes-sur-le-degel-de-la-crise","name":"Vente aux ench\u00e8res des biens de S\u00e9bastien Ajavon: des doutes sur le d\u00e9gel de la crise - B\u00e9nin","isPartOf":{"@id":"https:\/\/www.africa-press.net\/benin\/#website"},"primaryImageOfPage":{"@id":"https:\/\/www.africa-press.net\/benin\/politique\/vente-aux-encheres-des-biens-de-sebastien-ajavon-des-doutes-sur-le-degel-de-la-crise#primaryimage"},"image":{"@id":"https:\/\/www.africa-press.net\/benin\/politique\/vente-aux-encheres-des-biens-de-sebastien-ajavon-des-doutes-sur-le-degel-de-la-crise#primaryimage"},"thumbnailUrl":"https:\/\/static.africa-press.net\/benin\/sites\/46\/2022\/07\/postQueueImg_22-62d87db4c7d5d.jpg","datePublished":"2022-07-20T21:48:12+00:00","dateModified":"2022-07-20T22:12:23+00:00","author":{"@id":"https:\/\/www.africa-press.net\/benin\/#\/schema\/person\/2b1cf3cd81a31e3cd26889ca66d677f1"},"description":"Mis sous scell\u00e9 suite \u00e0 une d\u00e9cision de justice, le domicile de l\u2019homme d\u2019affaire S\u00e9bastien Ajavon a \u00e9t\u00e9 vid\u00e9 le 1er Jui ...","breadcrumb":{"@id":"https:\/\/www.africa-press.net\/benin\/politique\/vente-aux-encheres-des-biens-de-sebastien-ajavon-des-doutes-sur-le-degel-de-la-crise#breadcrumb"},"inLanguage":"fr-FR","potentialAction":[{"@type":"ReadAction","target":["https:\/\/www.africa-press.net\/benin\/politique\/vente-aux-encheres-des-biens-de-sebastien-ajavon-des-doutes-sur-le-degel-de-la-crise"]}]},{"@type":"ImageObject","inLanguage":"fr-FR","@id":"https:\/\/www.africa-press.net\/benin\/politique\/vente-aux-encheres-des-biens-de-sebastien-ajavon-des-doutes-sur-le-degel-de-la-crise#primaryimage","url":"https:\/\/static.africa-press.net\/benin\/sites\/46\/2022\/07\/postQueueImg_22-62d87db4c7d5d.jpg","contentUrl":"https:\/\/static.africa-press.net\/benin\/sites\/46\/2022\/07\/postQueueImg_22-62d87db4c7d5d.jpg","width":1425,"height":767,"caption":"Vente aux ench\u00e8res des biens de S\u00e9bastien Ajavon: des doutes sur le d\u00e9gel de la crise"},{"@type":"BreadcrumbList","@id":"https:\/\/www.africa-press.net\/benin\/politique\/vente-aux-encheres-des-biens-de-sebastien-ajavon-des-doutes-sur-le-degel-de-la-crise#breadcrumb","itemListElement":[{"@type":"ListItem","position":1,"name":"Accueil","item":"https:\/\/www.africa-press.net\/benin\/"},{"@type":"ListItem","position":2,"name":"Vente aux ench\u00e8res des biens de S\u00e9bastien Ajavon: des doutes sur le d\u00e9gel de la crise"}]},{"@type":"WebSite","@id":"https:\/\/www.africa-press.net\/benin\/#website","url":"https:\/\/www.africa-press.net\/benin\/","name":"B\u00e9nin","description":"Just another Africa News Agency Sites site","potentialAction":[{"@type":"SearchAction","target":{"@type":"EntryPoint","urlTemplate":"https:\/\/www.africa-press.net\/benin\/?s={search_term_string}"},"query-input":{"@type":"PropertyValueSpecification","valueRequired":true,"valueName":"search_term_string"}}],"inLanguage":"fr-FR"},{"@type":"Person","@id":"https:\/\/www.africa-press.net\/benin\/#\/schema\/person\/2b1cf3cd81a31e3cd26889ca66d677f1","name":"cfeditorfr"}]}},"_links":{"self":[{"href":"https:\/\/www.africa-press.net\/benin\/wp-json\/wp\/v2\/posts\/7063","targetHints":{"allow":["GET"]}}],"collection":[{"href":"https:\/\/www.africa-press.net\/benin\/wp-json\/wp\/v2\/posts"}],"about":[{"href":"https:\/\/www.africa-press.net\/benin\/wp-json\/wp\/v2\/types\/post"}],"author":[{"embeddable":true,"href":"https:\/\/www.africa-press.net\/benin\/wp-json\/wp\/v2\/users\/82"}],"replies":[{"embeddable":true,"href":"https:\/\/www.africa-press.net\/benin\/wp-json\/wp\/v2\/comments?post=7063"}],"version-history":[{"count":0,"href":"https:\/\/www.africa-press.net\/benin\/wp-json\/wp\/v2\/posts\/7063\/revisions"}],"wp:featuredmedia":[{"embeddable":true,"href":"https:\/\/www.africa-press.net\/benin\/wp-json\/wp\/v2\/media\/7062"}],"wp:attachment":[{"href":"https:\/\/www.africa-press.net\/benin\/wp-json\/wp\/v2\/media?parent=7063"}],"wp:term":[{"taxonomy":"category","embeddable":true,"href":"https:\/\/www.africa-press.net\/benin\/wp-json\/wp\/v2\/categories?post=7063"},{"taxonomy":"post_tag","embeddable":true,"href":"https:\/\/www.africa-press.net\/benin\/wp-json\/wp\/v2\/tags?post=7063"}],"curies":[{"name":"wp","href":"https:\/\/api.w.org\/{rel}","templated":true}]}}