{"id":7066,"date":"2022-07-20T21:48:40","date_gmt":"2022-07-20T21:48:40","guid":{"rendered":"https:\/\/www.africa-press.net\/benin\/politique\/il-faut-percevoir-nos-communes-comme-des-mini-republiques-akotegnon-sur-le-rapport-maire-se"},"modified":"2022-07-20T22:12:47","modified_gmt":"2022-07-20T22:12:47","slug":"il-faut-percevoir-nos-communes-comme-des-mini-republiques-akotegnon-sur-le-rapport-maire-se","status":"publish","type":"post","link":"https:\/\/www.africa-press.net\/benin\/politique\/il-faut-percevoir-nos-communes-comme-des-mini-republiques-akotegnon-sur-le-rapport-maire-se","title":{"rendered":"\u00ab\u00a0Il faut percevoir nos communes comme des mini-r\u00e9publiques\u00a0\u00bb, Akot\u00e8gnon sur le rapport Maire-SE"},"content":{"rendered":"<p><span style=\"color: #ff6600\"><strong>Africa-Press &#8211; Benin. <\/strong><\/span>A travers l\u2019adoption de la loi N\u00b02021-14 du 20 d\u00e9cembre 2021 portant code de l\u2019administration territoriale en R\u00e9publique du B\u00e9nin, les communes ont entam\u00e9 une nouvelle \u00e8re dans leur gestion avec l\u2019entr\u00e9e en sc\u00e8ne des SE. Pour le ministre Rapha\u00eal Akot\u00e8gnon, cette loi est venue corriger une situation et le SE est venu juste pour que le maire ne soit pas celui qui d\u00e9cide et celui qui met en m\u00eame temps en \u0153uvre.<\/p>\n<p>Les Communes doivent \u00eatre un peu consid\u00e9r\u00e9es comme des mini-r\u00e9publiques et leur gestion doit tenir compte de ce statut. C\u2019est du moins l\u2019avis du ministre en charge de la d\u00e9centralisation et de la gouvernance locale.<\/p>\n<p>Dans un entretien accord\u00e9 \u00e0 un m\u00e9dia de la place, le ministre Rapha\u00ebl Akot\u00e8gnon est revenu sur le rapport qui lie les maires des Communes avec le secr\u00e9taire ex\u00e9cutif (SE). Pour l\u2019autorit\u00e9, avant l\u2019adoption de la loi de 2021, le maire qui est en quelque sorte le pr\u00e9sident du conseil communal d\u00e9cide et vient ensuite mettre en \u0153uvre.<\/p>\n<p>Si on prend la r\u00e9publique, c\u2019est-\u00e0-dire l\u2019Etat central, le pr\u00e9sident de la R\u00e9publique qui a son programme d\u2019action le fait ex\u00e9cuter par les membres de son gouvernement, a indiqu\u00e9 le ministre Rapha\u00ebl Akot\u00e8gnon qui semble dire que c\u2019est le m\u00eame mod\u00e8le dans une certaine mesure que reproduit la loi N\u00b02021-14 du 20 d\u00e9cembre 2021 portant code de l\u2019administration territoriale en R\u00e9publique du B\u00e9nin.<\/p>\n<p>\u00ab Il faut percevoir nos Communes comme des mini-r\u00e9publiques: le maire qui est pr\u00e9sident du conseil communal d\u00e9cide d\u00e9j\u00e0 et vient mettre en application lui-m\u00eame. Cela n\u2019est pas vraiment indiqu\u00e9. En s\u00e9parant les fonctions politiques des fonctions techniques, on a renforc\u00e9 le pouvoir du secr\u00e9taire g\u00e9n\u00e9ral d\u2019hier devenu aujourd\u2019hui secr\u00e9taire ex\u00e9cutif\u00ab , a fait savoir le ministre de la d\u00e9centralisation.<\/p>\n<p>Cette r\u00e9forme, rassure le ministre Rapha\u00ebl Akot\u00e8gnon n\u2019enl\u00e8ve pas au maire ses pr\u00e9rogatives. Il demeure la premi\u00e8re autorit\u00e9 de la Commune. C\u2019est seulement, pr\u00e9cise-t-il, une partie de ces charges qui a \u00e9t\u00e9 confi\u00e9 au SE pour faire le distinguo entre les fonctions techniques et les fonctions politiques.<\/p>\n<p><b>Quid de loi adopt\u00e9e par les d\u00e9put\u00e9s?<\/b><\/p>\n<p>Les d\u00e9put\u00e9s ont vot\u00e9 \u00e0 l\u2019unanimit\u00e9 ce jeudi 21 Octobre 2021, la loi N\u00b02021-14 portant code de l\u2019administration territorial en R\u00e9publique du B\u00e9nin. La loi adopt\u00e9e compte 566 articles regroup\u00e9s en 9 titres.<\/p>\n<p>Ces diff\u00e9rents articles pr\u00e9sentent l\u2019organisation de l\u2019administration territoriale, le fonctionnement des d\u00e9partements. L\u2019organisation, la comp\u00e9tence et le fonctionnement des collectivit\u00e9s territoriales\u2026<\/p>\n<p>La loi organise \u00e9galement le mode de gestion du patrimoine des Communes, la tutelle administratives des Communes, le r\u00e9gime financier des Communes, la coop\u00e9ration intercommunales et diverses autres dispositions. L\u2019objectif principal vis\u00e9 par le gouvernement \u00e0 travers cette loi est de s\u00e9parer les fonctions administratives et techniques des fonctions politiques. Il est donc d\u00e9sormais cr\u00e9\u00e9 un secr\u00e9tariat ex\u00e9cutif de commune avec perte pour le maire de la fonction d\u2019ordonnateur de budget.<\/p>\n<p><strong>Pour plus d&rsquo;informations et d&rsquo;analyses sur la <a href=\"https:\/\/www.africa-press.net\/benin\">Benin<\/a>, suivez <a href=\"https:\/\/www.africa-press.net\/\">Africa-Press<\/a><\/strong><\/p>\n","protected":false},"excerpt":{"rendered":"<p>Africa-Press &#8211; Benin. A travers l\u2019adoption de la loi N\u00b02021-14 du 20 d\u00e9cembre 2021 portant code de l\u2019administration territoriale en R\u00e9publique du B\u00e9nin, les communes ont entam\u00e9 une nouvelle \u00e8re dans leur gestion avec l\u2019entr\u00e9e en sc\u00e8ne des SE. Pour le ministre Rapha\u00eal Akot\u00e8gnon, cette loi est venue corriger une situation et le SE est [&hellip;]<\/p>\n","protected":false},"author":82,"featured_media":7065,"comment_status":"open","ping_status":"closed","sticky":false,"template":"","format":"standard","meta":{"footnotes":""},"categories":[11,2,10],"tags":[36,50,45],"class_list":["post-7066","post","type-post","status-publish","format-standard","has-post-thumbnail","hentry","category-homepage-french","category-politique","category-toutes-les-actualites","tag-africa-press","tag-africa-press-benin","tag-benin"],"yoast_head":"<!-- This site is optimized with the Yoast SEO Premium plugin v26.1 (Yoast SEO v27.0) - https:\/\/yoast.com\/product\/yoast-seo-premium-wordpress\/ -->\n<title>\u00ab\u00a0Il faut percevoir nos communes comme des mini-r\u00e9publiques\u00a0\u00bb, Akot\u00e8gnon sur le rapport Maire-SE - B\u00e9nin<\/title>\n<meta name=\"description\" content=\"A travers l\u2019adoption de la loi N\u00b02021-14 du 20 d\u00e9cembre 2021 portant code de l\u2019administration territoriale en R\u00e9publique ...\" \/>\n<meta name=\"robots\" content=\"index, follow, max-snippet:-1, max-image-preview:large, max-video-preview:-1\" \/>\n<link rel=\"canonical\" href=\"https:\/\/www.africa-press.net\/benin\/politique\/il-faut-percevoir-nos-communes-comme-des-mini-republiques-akotegnon-sur-le-rapport-maire-se\" \/>\n<meta property=\"og:locale\" content=\"fr_FR\" \/>\n<meta property=\"og:type\" content=\"article\" \/>\n<meta property=\"og:title\" content=\"\u00ab\u00a0Il faut percevoir nos communes comme des mini-r\u00e9publiques\u00a0\u00bb, Akot\u00e8gnon sur le rapport Maire-SE\" \/>\n<meta property=\"og:description\" content=\"A travers l\u2019adoption de la loi N\u00b02021-14 du 20 d\u00e9cembre 2021 portant code de l\u2019administration territoriale en R\u00e9publique ...\" \/>\n<meta property=\"og:url\" content=\"https:\/\/www.africa-press.net\/benin\/politique\/il-faut-percevoir-nos-communes-comme-des-mini-republiques-akotegnon-sur-le-rapport-maire-se\" \/>\n<meta property=\"og:site_name\" content=\"B\u00e9nin\" \/>\n<meta property=\"article:published_time\" content=\"2022-07-20T21:48:40+00:00\" \/>\n<meta property=\"article:modified_time\" content=\"2022-07-20T22:12:47+00:00\" \/>\n<meta property=\"og:image\" content=\"https:\/\/static.africa-press.net\/benin\/sites\/46\/2022\/07\/postQueueImg_23-62d87dccb8522.jpg\" \/>\n\t<meta property=\"og:image:width\" content=\"1200\" \/>\n\t<meta property=\"og:image:height\" content=\"675\" \/>\n\t<meta property=\"og:image:type\" content=\"image\/jpeg\" \/>\n<meta name=\"author\" content=\"cfeditorfr\" \/>\n<meta name=\"twitter:card\" content=\"summary_large_image\" \/>\n<meta name=\"twitter:label1\" content=\"\u00c9crit par\" \/>\n\t<meta name=\"twitter:data1\" content=\"cfeditorfr\" \/>\n\t<meta name=\"twitter:label2\" content=\"Dur\u00e9e de lecture estim\u00e9e\" \/>\n\t<meta name=\"twitter:data2\" content=\"3 minutes\" \/>\n<script type=\"application\/ld+json\" class=\"yoast-schema-graph\">{\"@context\":\"https:\/\/schema.org\",\"@graph\":[{\"@type\":\"Article\",\"@id\":\"https:\/\/www.africa-press.net\/benin\/politique\/il-faut-percevoir-nos-communes-comme-des-mini-republiques-akotegnon-sur-le-rapport-maire-se#article\",\"isPartOf\":{\"@id\":\"https:\/\/www.africa-press.net\/benin\/politique\/il-faut-percevoir-nos-communes-comme-des-mini-republiques-akotegnon-sur-le-rapport-maire-se\"},\"author\":{\"name\":\"cfeditorfr\",\"@id\":\"https:\/\/www.africa-press.net\/benin\/#\/schema\/person\/2b1cf3cd81a31e3cd26889ca66d677f1\"},\"headline\":\"\u00ab\u00a0Il faut percevoir nos communes comme des mini-r\u00e9publiques\u00a0\u00bb, Akot\u00e8gnon sur le rapport Maire-SE\",\"datePublished\":\"2022-07-20T21:48:40+00:00\",\"dateModified\":\"2022-07-20T22:12:47+00:00\",\"mainEntityOfPage\":{\"@id\":\"https:\/\/www.africa-press.net\/benin\/politique\/il-faut-percevoir-nos-communes-comme-des-mini-republiques-akotegnon-sur-le-rapport-maire-se\"},\"wordCount\":582,\"commentCount\":0,\"image\":{\"@id\":\"https:\/\/www.africa-press.net\/benin\/politique\/il-faut-percevoir-nos-communes-comme-des-mini-republiques-akotegnon-sur-le-rapport-maire-se#primaryimage\"},\"thumbnailUrl\":\"https:\/\/static.africa-press.net\/benin\/sites\/46\/2022\/07\/postQueueImg_23-62d87dccb8522.jpg\",\"keywords\":[\"Africa Press\",\"Africa Press-Benin\",\"B\u00e9nin\"],\"articleSection\":[\"homepage-french\",\"Politique\",\"Toutes les actualit\u00e9s\"],\"inLanguage\":\"fr-FR\",\"potentialAction\":[{\"@type\":\"CommentAction\",\"name\":\"Comment\",\"target\":[\"https:\/\/www.africa-press.net\/benin\/politique\/il-faut-percevoir-nos-communes-comme-des-mini-republiques-akotegnon-sur-le-rapport-maire-se#respond\"]}]},{\"@type\":\"WebPage\",\"@id\":\"https:\/\/www.africa-press.net\/benin\/politique\/il-faut-percevoir-nos-communes-comme-des-mini-republiques-akotegnon-sur-le-rapport-maire-se\",\"url\":\"https:\/\/www.africa-press.net\/benin\/politique\/il-faut-percevoir-nos-communes-comme-des-mini-republiques-akotegnon-sur-le-rapport-maire-se\",\"name\":\"\u00ab\u00a0Il faut percevoir nos communes comme des mini-r\u00e9publiques\u00a0\u00bb, Akot\u00e8gnon sur le rapport Maire-SE - B\u00e9nin\",\"isPartOf\":{\"@id\":\"https:\/\/www.africa-press.net\/benin\/#website\"},\"primaryImageOfPage\":{\"@id\":\"https:\/\/www.africa-press.net\/benin\/politique\/il-faut-percevoir-nos-communes-comme-des-mini-republiques-akotegnon-sur-le-rapport-maire-se#primaryimage\"},\"image\":{\"@id\":\"https:\/\/www.africa-press.net\/benin\/politique\/il-faut-percevoir-nos-communes-comme-des-mini-republiques-akotegnon-sur-le-rapport-maire-se#primaryimage\"},\"thumbnailUrl\":\"https:\/\/static.africa-press.net\/benin\/sites\/46\/2022\/07\/postQueueImg_23-62d87dccb8522.jpg\",\"datePublished\":\"2022-07-20T21:48:40+00:00\",\"dateModified\":\"2022-07-20T22:12:47+00:00\",\"author\":{\"@id\":\"https:\/\/www.africa-press.net\/benin\/#\/schema\/person\/2b1cf3cd81a31e3cd26889ca66d677f1\"},\"description\":\"A travers l\u2019adoption de la loi N\u00b02021-14 du 20 d\u00e9cembre 2021 portant code de l\u2019administration territoriale en R\u00e9publique ...\",\"breadcrumb\":{\"@id\":\"https:\/\/www.africa-press.net\/benin\/politique\/il-faut-percevoir-nos-communes-comme-des-mini-republiques-akotegnon-sur-le-rapport-maire-se#breadcrumb\"},\"inLanguage\":\"fr-FR\",\"potentialAction\":[{\"@type\":\"ReadAction\",\"target\":[\"https:\/\/www.africa-press.net\/benin\/politique\/il-faut-percevoir-nos-communes-comme-des-mini-republiques-akotegnon-sur-le-rapport-maire-se\"]}]},{\"@type\":\"ImageObject\",\"inLanguage\":\"fr-FR\",\"@id\":\"https:\/\/www.africa-press.net\/benin\/politique\/il-faut-percevoir-nos-communes-comme-des-mini-republiques-akotegnon-sur-le-rapport-maire-se#primaryimage\",\"url\":\"https:\/\/static.africa-press.net\/benin\/sites\/46\/2022\/07\/postQueueImg_23-62d87dccb8522.jpg\",\"contentUrl\":\"https:\/\/static.africa-press.net\/benin\/sites\/46\/2022\/07\/postQueueImg_23-62d87dccb8522.jpg\",\"width\":1200,\"height\":675,\"caption\":\"\u00ab\u00a0Il faut percevoir nos communes comme des mini-r\u00e9publiques\u00a0\u00bb, Akot\u00e8gnon sur le rapport Maire-SE\"},{\"@type\":\"BreadcrumbList\",\"@id\":\"https:\/\/www.africa-press.net\/benin\/politique\/il-faut-percevoir-nos-communes-comme-des-mini-republiques-akotegnon-sur-le-rapport-maire-se#breadcrumb\",\"itemListElement\":[{\"@type\":\"ListItem\",\"position\":1,\"name\":\"Accueil\",\"item\":\"https:\/\/www.africa-press.net\/benin\/\"},{\"@type\":\"ListItem\",\"position\":2,\"name\":\"\u00ab\u00a0Il faut percevoir nos communes comme des mini-r\u00e9publiques\u00a0\u00bb, Akot\u00e8gnon sur le rapport Maire-SE\"}]},{\"@type\":\"WebSite\",\"@id\":\"https:\/\/www.africa-press.net\/benin\/#website\",\"url\":\"https:\/\/www.africa-press.net\/benin\/\",\"name\":\"B\u00e9nin\",\"description\":\"Just another Africa News Agency Sites site\",\"potentialAction\":[{\"@type\":\"SearchAction\",\"target\":{\"@type\":\"EntryPoint\",\"urlTemplate\":\"https:\/\/www.africa-press.net\/benin\/?s={search_term_string}\"},\"query-input\":{\"@type\":\"PropertyValueSpecification\",\"valueRequired\":true,\"valueName\":\"search_term_string\"}}],\"inLanguage\":\"fr-FR\"},{\"@type\":\"Person\",\"@id\":\"https:\/\/www.africa-press.net\/benin\/#\/schema\/person\/2b1cf3cd81a31e3cd26889ca66d677f1\",\"name\":\"cfeditorfr\"}]}<\/script>\n<!-- \/ Yoast SEO Premium plugin. -->","yoast_head_json":{"title":"\u00ab\u00a0Il faut percevoir nos communes comme des mini-r\u00e9publiques\u00a0\u00bb, Akot\u00e8gnon sur le rapport Maire-SE - B\u00e9nin","description":"A travers l\u2019adoption de la loi N\u00b02021-14 du 20 d\u00e9cembre 2021 portant code de l\u2019administration territoriale en R\u00e9publique ...","robots":{"index":"index","follow":"follow","max-snippet":"max-snippet:-1","max-image-preview":"max-image-preview:large","max-video-preview":"max-video-preview:-1"},"canonical":"https:\/\/www.africa-press.net\/benin\/politique\/il-faut-percevoir-nos-communes-comme-des-mini-republiques-akotegnon-sur-le-rapport-maire-se","og_locale":"fr_FR","og_type":"article","og_title":"\u00ab\u00a0Il faut percevoir nos communes comme des mini-r\u00e9publiques\u00a0\u00bb, Akot\u00e8gnon sur le rapport Maire-SE","og_description":"A travers l\u2019adoption de la loi N\u00b02021-14 du 20 d\u00e9cembre 2021 portant code de l\u2019administration territoriale en R\u00e9publique ...","og_url":"https:\/\/www.africa-press.net\/benin\/politique\/il-faut-percevoir-nos-communes-comme-des-mini-republiques-akotegnon-sur-le-rapport-maire-se","og_site_name":"B\u00e9nin","article_published_time":"2022-07-20T21:48:40+00:00","article_modified_time":"2022-07-20T22:12:47+00:00","og_image":[{"width":1200,"height":675,"url":"https:\/\/static.africa-press.net\/benin\/sites\/46\/2022\/07\/postQueueImg_23-62d87dccb8522.jpg","type":"image\/jpeg"}],"author":"cfeditorfr","twitter_card":"summary_large_image","twitter_misc":{"\u00c9crit par":"cfeditorfr","Dur\u00e9e de lecture estim\u00e9e":"3 minutes"},"schema":{"@context":"https:\/\/schema.org","@graph":[{"@type":"Article","@id":"https:\/\/www.africa-press.net\/benin\/politique\/il-faut-percevoir-nos-communes-comme-des-mini-republiques-akotegnon-sur-le-rapport-maire-se#article","isPartOf":{"@id":"https:\/\/www.africa-press.net\/benin\/politique\/il-faut-percevoir-nos-communes-comme-des-mini-republiques-akotegnon-sur-le-rapport-maire-se"},"author":{"name":"cfeditorfr","@id":"https:\/\/www.africa-press.net\/benin\/#\/schema\/person\/2b1cf3cd81a31e3cd26889ca66d677f1"},"headline":"\u00ab\u00a0Il faut percevoir nos communes comme des mini-r\u00e9publiques\u00a0\u00bb, Akot\u00e8gnon sur le rapport Maire-SE","datePublished":"2022-07-20T21:48:40+00:00","dateModified":"2022-07-20T22:12:47+00:00","mainEntityOfPage":{"@id":"https:\/\/www.africa-press.net\/benin\/politique\/il-faut-percevoir-nos-communes-comme-des-mini-republiques-akotegnon-sur-le-rapport-maire-se"},"wordCount":582,"commentCount":0,"image":{"@id":"https:\/\/www.africa-press.net\/benin\/politique\/il-faut-percevoir-nos-communes-comme-des-mini-republiques-akotegnon-sur-le-rapport-maire-se#primaryimage"},"thumbnailUrl":"https:\/\/static.africa-press.net\/benin\/sites\/46\/2022\/07\/postQueueImg_23-62d87dccb8522.jpg","keywords":["Africa Press","Africa Press-Benin","B\u00e9nin"],"articleSection":["homepage-french","Politique","Toutes les actualit\u00e9s"],"inLanguage":"fr-FR","potentialAction":[{"@type":"CommentAction","name":"Comment","target":["https:\/\/www.africa-press.net\/benin\/politique\/il-faut-percevoir-nos-communes-comme-des-mini-republiques-akotegnon-sur-le-rapport-maire-se#respond"]}]},{"@type":"WebPage","@id":"https:\/\/www.africa-press.net\/benin\/politique\/il-faut-percevoir-nos-communes-comme-des-mini-republiques-akotegnon-sur-le-rapport-maire-se","url":"https:\/\/www.africa-press.net\/benin\/politique\/il-faut-percevoir-nos-communes-comme-des-mini-republiques-akotegnon-sur-le-rapport-maire-se","name":"\u00ab\u00a0Il faut percevoir nos communes comme des mini-r\u00e9publiques\u00a0\u00bb, Akot\u00e8gnon sur le rapport Maire-SE - B\u00e9nin","isPartOf":{"@id":"https:\/\/www.africa-press.net\/benin\/#website"},"primaryImageOfPage":{"@id":"https:\/\/www.africa-press.net\/benin\/politique\/il-faut-percevoir-nos-communes-comme-des-mini-republiques-akotegnon-sur-le-rapport-maire-se#primaryimage"},"image":{"@id":"https:\/\/www.africa-press.net\/benin\/politique\/il-faut-percevoir-nos-communes-comme-des-mini-republiques-akotegnon-sur-le-rapport-maire-se#primaryimage"},"thumbnailUrl":"https:\/\/static.africa-press.net\/benin\/sites\/46\/2022\/07\/postQueueImg_23-62d87dccb8522.jpg","datePublished":"2022-07-20T21:48:40+00:00","dateModified":"2022-07-20T22:12:47+00:00","author":{"@id":"https:\/\/www.africa-press.net\/benin\/#\/schema\/person\/2b1cf3cd81a31e3cd26889ca66d677f1"},"description":"A travers l\u2019adoption de la loi N\u00b02021-14 du 20 d\u00e9cembre 2021 portant code de l\u2019administration territoriale en R\u00e9publique ...","breadcrumb":{"@id":"https:\/\/www.africa-press.net\/benin\/politique\/il-faut-percevoir-nos-communes-comme-des-mini-republiques-akotegnon-sur-le-rapport-maire-se#breadcrumb"},"inLanguage":"fr-FR","potentialAction":[{"@type":"ReadAction","target":["https:\/\/www.africa-press.net\/benin\/politique\/il-faut-percevoir-nos-communes-comme-des-mini-republiques-akotegnon-sur-le-rapport-maire-se"]}]},{"@type":"ImageObject","inLanguage":"fr-FR","@id":"https:\/\/www.africa-press.net\/benin\/politique\/il-faut-percevoir-nos-communes-comme-des-mini-republiques-akotegnon-sur-le-rapport-maire-se#primaryimage","url":"https:\/\/static.africa-press.net\/benin\/sites\/46\/2022\/07\/postQueueImg_23-62d87dccb8522.jpg","contentUrl":"https:\/\/static.africa-press.net\/benin\/sites\/46\/2022\/07\/postQueueImg_23-62d87dccb8522.jpg","width":1200,"height":675,"caption":"\u00ab\u00a0Il faut percevoir nos communes comme des mini-r\u00e9publiques\u00a0\u00bb, Akot\u00e8gnon sur le rapport Maire-SE"},{"@type":"BreadcrumbList","@id":"https:\/\/www.africa-press.net\/benin\/politique\/il-faut-percevoir-nos-communes-comme-des-mini-republiques-akotegnon-sur-le-rapport-maire-se#breadcrumb","itemListElement":[{"@type":"ListItem","position":1,"name":"Accueil","item":"https:\/\/www.africa-press.net\/benin\/"},{"@type":"ListItem","position":2,"name":"\u00ab\u00a0Il faut percevoir nos communes comme des mini-r\u00e9publiques\u00a0\u00bb, Akot\u00e8gnon sur le rapport Maire-SE"}]},{"@type":"WebSite","@id":"https:\/\/www.africa-press.net\/benin\/#website","url":"https:\/\/www.africa-press.net\/benin\/","name":"B\u00e9nin","description":"Just another Africa News Agency Sites site","potentialAction":[{"@type":"SearchAction","target":{"@type":"EntryPoint","urlTemplate":"https:\/\/www.africa-press.net\/benin\/?s={search_term_string}"},"query-input":{"@type":"PropertyValueSpecification","valueRequired":true,"valueName":"search_term_string"}}],"inLanguage":"fr-FR"},{"@type":"Person","@id":"https:\/\/www.africa-press.net\/benin\/#\/schema\/person\/2b1cf3cd81a31e3cd26889ca66d677f1","name":"cfeditorfr"}]}},"_links":{"self":[{"href":"https:\/\/www.africa-press.net\/benin\/wp-json\/wp\/v2\/posts\/7066","targetHints":{"allow":["GET"]}}],"collection":[{"href":"https:\/\/www.africa-press.net\/benin\/wp-json\/wp\/v2\/posts"}],"about":[{"href":"https:\/\/www.africa-press.net\/benin\/wp-json\/wp\/v2\/types\/post"}],"author":[{"embeddable":true,"href":"https:\/\/www.africa-press.net\/benin\/wp-json\/wp\/v2\/users\/82"}],"replies":[{"embeddable":true,"href":"https:\/\/www.africa-press.net\/benin\/wp-json\/wp\/v2\/comments?post=7066"}],"version-history":[{"count":0,"href":"https:\/\/www.africa-press.net\/benin\/wp-json\/wp\/v2\/posts\/7066\/revisions"}],"wp:featuredmedia":[{"embeddable":true,"href":"https:\/\/www.africa-press.net\/benin\/wp-json\/wp\/v2\/media\/7065"}],"wp:attachment":[{"href":"https:\/\/www.africa-press.net\/benin\/wp-json\/wp\/v2\/media?parent=7066"}],"wp:term":[{"taxonomy":"category","embeddable":true,"href":"https:\/\/www.africa-press.net\/benin\/wp-json\/wp\/v2\/categories?post=7066"},{"taxonomy":"post_tag","embeddable":true,"href":"https:\/\/www.africa-press.net\/benin\/wp-json\/wp\/v2\/tags?post=7066"}],"curies":[{"name":"wp","href":"https:\/\/api.w.org\/{rel}","templated":true}]}}