{"id":7084,"date":"2022-07-22T20:13:57","date_gmt":"2022-07-22T20:13:57","guid":{"rendered":"https:\/\/www.africa-press.net\/benin\/politique\/benin-france-emmanuel-macron-attendu-a-cotonou-officiel"},"modified":"2022-07-22T20:25:04","modified_gmt":"2022-07-22T20:25:04","slug":"benin-france-emmanuel-macron-attendu-a-cotonou-officiel","status":"publish","type":"post","link":"https:\/\/www.africa-press.net\/benin\/politique\/benin-france-emmanuel-macron-attendu-a-cotonou-officiel","title":{"rendered":"B\u00e9nin \u2013 France: Emmanuel Macron attendu \u00e0 Cotonou (officiel)"},"content":{"rendered":"<p><span style=\"color: #ff6600\"><strong>Africa-Press &#8211; Benin. <\/strong><\/span>Le pr\u00e9sident de la R\u00e9publique francise, Emmanuel Macron, se d\u00e9placera \u00e0 Yaound\u00e9, Cotonou et Bissau du 25 au 28 juillet 2022, a annonc\u00e9 ce jeudi, la pr\u00e9sidence fran\u00e7aise.<\/p>\n<p>C\u2019est d\u00e9sormais confirm\u00e9. Le pr\u00e9sident Francais Emmanuel Macron sera en visite au B\u00e9nin dans les tous prochains jours. Si, jusque-l\u00e0, les autorit\u00e9s b\u00e9ninoises ne confirment pas l\u2019information et l\u2019ambassadeur de France au B\u00e9nin est aussi dubitatif sur le sujet, l\u2019Elys\u00e9e a lev\u00e9 toute \u00e9quivoque, confirmant la visite annonc\u00e9e du chef de l\u2019Hexagone au B\u00e9nin.<\/p>\n<p>D\u2019apr\u00e8s la pr\u00e9sidence fran\u00e7aise, Emmanuel Macron, se d\u00e9placera \u00e0 Yaound\u00e9, Cotonou et Bissau du 25 au 28 juillet 2022. Ce d\u00e9placement en Afrique, le premier depuis la r\u00e9\u00e9lection d\u2019Emmanuel Macron en avril, aura notamment pour th\u00e8mes la crise alimentaire provoqu\u00e9e par la guerre en Ukraine, les enjeux de production agricole et les questions s\u00e9curitaires, selon la pr\u00e9sidence.<\/p>\n<p>En effet, Emmanuel Macron devrait atterrir \u00e0 Yaound\u00e9 le 25 juillet, aux environs de 20 heures, et s\u00e9journer \u00e0 l\u2019h\u00f4tel Hilton. Les dossiers \u00e9conomiques seront bien s\u00fbr au menu des discussions, alors qu\u2019une rencontre avec le patronat, dirig\u00e9 par C\u00e9lestin Tawamba, est pr\u00e9vue, selon Jeune Afrique.<\/p>\n<p>Pour l\u2019heure, l\u2019objet, la dur\u00e9e et la date pr\u00e9cise de la visite du pr\u00e9sident Macron \u00e0 Cotonou restent inconnus. Ce d\u00e9placement intervient dans un contexte o\u00f9, le B\u00e9nin fait face aux attaques terroristes et la France est en pleine r\u00e9organisation de son dispositif militaire au Sahel, apr\u00e8s avoir \u00e9t\u00e9 mise \u00e0 la porte par les autorit\u00e9s militaires de la transition au Mali.<\/p>\n<p><b>Relations tendues entre Cotonou et Paris<\/b><\/p>\n<p>Il faut rappeler qu\u2019en dehors du Mali, les relations entre la diplomatie b\u00e9ninoise et celle Fran\u00e7aise ne sont pas aussi au beau fixe. Et pour cause, les \u00e9lections pr\u00e9sidentielles d\u2019Avril 2021 au B\u00e9nin et les emprisonnements des opposants Reckya Madougou et Jo\u00ebl A\u00efvo \u00e0 de lourdes peines. En effet, dans sa correspondance en date du 12 mai 2021, Emmanuel Macron n\u2019a pas daign\u00e9 f\u00e9liciter son homologue b\u00e9ninois qui selon la Cour constitutionnelle avait remport\u00e9 la pr\u00e9sidentielle avec plus de 86% des voix.<\/p>\n<p>Comme une r\u00e9ponse du berger \u00e0 la berg\u00e8re, au soir des \u00e9lections l\u00e9gislatives du 19 juin 2022 en France, le pr\u00e9sident b\u00e9ninois Patrice Talon a adress\u00e9 un message \u00e0 son homologue fran\u00e7ais Emmanuel Macron. Pour beaucoup, Patrice Talon a profit\u00e9 de l\u2019occasion pour r\u00e9gler ses comptes avec Emmanuel Macron.<\/p>\n<p><strong>Pour plus d&rsquo;informations et d&rsquo;analyses sur la <a href=\"https:\/\/www.africa-press.net\/benin\">Benin<\/a>, suivez <a href=\"https:\/\/www.africa-press.net\/\">Africa-Press<\/a><\/strong><\/p>\n","protected":false},"excerpt":{"rendered":"<p>Africa-Press &#8211; Benin. Le pr\u00e9sident de la R\u00e9publique francise, Emmanuel Macron, se d\u00e9placera \u00e0 Yaound\u00e9, Cotonou et Bissau du 25 au 28 juillet 2022, a annonc\u00e9 ce jeudi, la pr\u00e9sidence fran\u00e7aise. C\u2019est d\u00e9sormais confirm\u00e9. Le pr\u00e9sident Francais Emmanuel Macron sera en visite au B\u00e9nin dans les tous prochains jours. Si, jusque-l\u00e0, les autorit\u00e9s b\u00e9ninoises ne [&hellip;]<\/p>\n","protected":false},"author":82,"featured_media":7083,"comment_status":"open","ping_status":"closed","sticky":false,"template":"","format":"standard","meta":{"footnotes":""},"categories":[11,2,20,10],"tags":[36,50,45],"class_list":["post-7084","post","type-post","status-publish","format-standard","has-post-thumbnail","hentry","category-homepage-french","category-politique","category-top-nouvelles","category-toutes-les-actualites","tag-africa-press","tag-africa-press-benin","tag-benin"],"yoast_head":"<!-- This site is optimized with the Yoast SEO Premium plugin v26.1 (Yoast SEO v27.0) - https:\/\/yoast.com\/product\/yoast-seo-premium-wordpress\/ -->\n<title>B\u00e9nin \u2013 France: Emmanuel Macron attendu \u00e0 Cotonou (officiel) - B\u00e9nin<\/title>\n<meta name=\"description\" content=\"Le pr\u00e9sident de la R\u00e9publique francise, Emmanuel Macron, se d\u00e9placera \u00e0 Yaound\u00e9, Cotonou et Bissau du 25 au 28 juillet 2 ...\" \/>\n<meta name=\"robots\" content=\"index, follow, max-snippet:-1, max-image-preview:large, max-video-preview:-1\" \/>\n<link rel=\"canonical\" href=\"https:\/\/www.africa-press.net\/benin\/politique\/benin-france-emmanuel-macron-attendu-a-cotonou-officiel\" \/>\n<meta property=\"og:locale\" content=\"fr_FR\" \/>\n<meta property=\"og:type\" content=\"article\" \/>\n<meta property=\"og:title\" content=\"B\u00e9nin \u2013 France: Emmanuel Macron attendu \u00e0 Cotonou (officiel)\" \/>\n<meta property=\"og:description\" content=\"Le pr\u00e9sident de la R\u00e9publique francise, Emmanuel Macron, se d\u00e9placera \u00e0 Yaound\u00e9, Cotonou et Bissau du 25 au 28 juillet 2 ...\" \/>\n<meta property=\"og:url\" content=\"https:\/\/www.africa-press.net\/benin\/politique\/benin-france-emmanuel-macron-attendu-a-cotonou-officiel\" \/>\n<meta property=\"og:site_name\" content=\"B\u00e9nin\" \/>\n<meta property=\"article:published_time\" content=\"2022-07-22T20:13:57+00:00\" \/>\n<meta property=\"article:modified_time\" content=\"2022-07-22T20:25:04+00:00\" \/>\n<meta property=\"og:image\" content=\"https:\/\/static.africa-press.net\/benin\/sites\/46\/2022\/07\/postQueueImg_14-62db0784a875b.jpg\" \/>\n\t<meta property=\"og:image:width\" content=\"1200\" \/>\n\t<meta property=\"og:image:height\" content=\"800\" \/>\n\t<meta property=\"og:image:type\" content=\"image\/jpeg\" \/>\n<meta name=\"author\" content=\"cfeditorfr\" \/>\n<meta name=\"twitter:card\" content=\"summary_large_image\" \/>\n<meta name=\"twitter:label1\" content=\"\u00c9crit par\" \/>\n\t<meta name=\"twitter:data1\" content=\"cfeditorfr\" \/>\n\t<meta name=\"twitter:label2\" content=\"Dur\u00e9e de lecture estim\u00e9e\" \/>\n\t<meta name=\"twitter:data2\" content=\"3 minutes\" \/>\n<script type=\"application\/ld+json\" class=\"yoast-schema-graph\">{\"@context\":\"https:\/\/schema.org\",\"@graph\":[{\"@type\":\"Article\",\"@id\":\"https:\/\/www.africa-press.net\/benin\/politique\/benin-france-emmanuel-macron-attendu-a-cotonou-officiel#article\",\"isPartOf\":{\"@id\":\"https:\/\/www.africa-press.net\/benin\/politique\/benin-france-emmanuel-macron-attendu-a-cotonou-officiel\"},\"author\":{\"name\":\"cfeditorfr\",\"@id\":\"https:\/\/www.africa-press.net\/benin\/#\/schema\/person\/2b1cf3cd81a31e3cd26889ca66d677f1\"},\"headline\":\"B\u00e9nin \u2013 France: Emmanuel Macron attendu \u00e0 Cotonou (officiel)\",\"datePublished\":\"2022-07-22T20:13:57+00:00\",\"dateModified\":\"2022-07-22T20:25:04+00:00\",\"mainEntityOfPage\":{\"@id\":\"https:\/\/www.africa-press.net\/benin\/politique\/benin-france-emmanuel-macron-attendu-a-cotonou-officiel\"},\"wordCount\":452,\"commentCount\":0,\"image\":{\"@id\":\"https:\/\/www.africa-press.net\/benin\/politique\/benin-france-emmanuel-macron-attendu-a-cotonou-officiel#primaryimage\"},\"thumbnailUrl\":\"https:\/\/static.africa-press.net\/benin\/sites\/46\/2022\/07\/postQueueImg_14-62db0784a875b.jpg\",\"keywords\":[\"Africa Press\",\"Africa Press-Benin\",\"B\u00e9nin\"],\"articleSection\":[\"homepage-french\",\"Politique\",\"Top Nouvelles\",\"Toutes les actualit\u00e9s\"],\"inLanguage\":\"fr-FR\",\"potentialAction\":[{\"@type\":\"CommentAction\",\"name\":\"Comment\",\"target\":[\"https:\/\/www.africa-press.net\/benin\/politique\/benin-france-emmanuel-macron-attendu-a-cotonou-officiel#respond\"]}]},{\"@type\":\"WebPage\",\"@id\":\"https:\/\/www.africa-press.net\/benin\/politique\/benin-france-emmanuel-macron-attendu-a-cotonou-officiel\",\"url\":\"https:\/\/www.africa-press.net\/benin\/politique\/benin-france-emmanuel-macron-attendu-a-cotonou-officiel\",\"name\":\"B\u00e9nin \u2013 France: Emmanuel Macron attendu \u00e0 Cotonou (officiel) - B\u00e9nin\",\"isPartOf\":{\"@id\":\"https:\/\/www.africa-press.net\/benin\/#website\"},\"primaryImageOfPage\":{\"@id\":\"https:\/\/www.africa-press.net\/benin\/politique\/benin-france-emmanuel-macron-attendu-a-cotonou-officiel#primaryimage\"},\"image\":{\"@id\":\"https:\/\/www.africa-press.net\/benin\/politique\/benin-france-emmanuel-macron-attendu-a-cotonou-officiel#primaryimage\"},\"thumbnailUrl\":\"https:\/\/static.africa-press.net\/benin\/sites\/46\/2022\/07\/postQueueImg_14-62db0784a875b.jpg\",\"datePublished\":\"2022-07-22T20:13:57+00:00\",\"dateModified\":\"2022-07-22T20:25:04+00:00\",\"author\":{\"@id\":\"https:\/\/www.africa-press.net\/benin\/#\/schema\/person\/2b1cf3cd81a31e3cd26889ca66d677f1\"},\"description\":\"Le pr\u00e9sident de la R\u00e9publique francise, Emmanuel Macron, se d\u00e9placera \u00e0 Yaound\u00e9, Cotonou et Bissau du 25 au 28 juillet 2 ...\",\"breadcrumb\":{\"@id\":\"https:\/\/www.africa-press.net\/benin\/politique\/benin-france-emmanuel-macron-attendu-a-cotonou-officiel#breadcrumb\"},\"inLanguage\":\"fr-FR\",\"potentialAction\":[{\"@type\":\"ReadAction\",\"target\":[\"https:\/\/www.africa-press.net\/benin\/politique\/benin-france-emmanuel-macron-attendu-a-cotonou-officiel\"]}]},{\"@type\":\"ImageObject\",\"inLanguage\":\"fr-FR\",\"@id\":\"https:\/\/www.africa-press.net\/benin\/politique\/benin-france-emmanuel-macron-attendu-a-cotonou-officiel#primaryimage\",\"url\":\"https:\/\/static.africa-press.net\/benin\/sites\/46\/2022\/07\/postQueueImg_14-62db0784a875b.jpg\",\"contentUrl\":\"https:\/\/static.africa-press.net\/benin\/sites\/46\/2022\/07\/postQueueImg_14-62db0784a875b.jpg\",\"width\":1200,\"height\":800,\"caption\":\"B\u00e9nin \u2013 France: Emmanuel Macron attendu \u00e0 Cotonou (officiel)\"},{\"@type\":\"BreadcrumbList\",\"@id\":\"https:\/\/www.africa-press.net\/benin\/politique\/benin-france-emmanuel-macron-attendu-a-cotonou-officiel#breadcrumb\",\"itemListElement\":[{\"@type\":\"ListItem\",\"position\":1,\"name\":\"Accueil\",\"item\":\"https:\/\/www.africa-press.net\/benin\/\"},{\"@type\":\"ListItem\",\"position\":2,\"name\":\"B\u00e9nin \u2013 France: Emmanuel Macron attendu \u00e0 Cotonou (officiel)\"}]},{\"@type\":\"WebSite\",\"@id\":\"https:\/\/www.africa-press.net\/benin\/#website\",\"url\":\"https:\/\/www.africa-press.net\/benin\/\",\"name\":\"B\u00e9nin\",\"description\":\"Just another Africa News Agency Sites site\",\"potentialAction\":[{\"@type\":\"SearchAction\",\"target\":{\"@type\":\"EntryPoint\",\"urlTemplate\":\"https:\/\/www.africa-press.net\/benin\/?s={search_term_string}\"},\"query-input\":{\"@type\":\"PropertyValueSpecification\",\"valueRequired\":true,\"valueName\":\"search_term_string\"}}],\"inLanguage\":\"fr-FR\"},{\"@type\":\"Person\",\"@id\":\"https:\/\/www.africa-press.net\/benin\/#\/schema\/person\/2b1cf3cd81a31e3cd26889ca66d677f1\",\"name\":\"cfeditorfr\"}]}<\/script>\n<!-- \/ Yoast SEO Premium plugin. -->","yoast_head_json":{"title":"B\u00e9nin \u2013 France: Emmanuel Macron attendu \u00e0 Cotonou (officiel) - B\u00e9nin","description":"Le pr\u00e9sident de la R\u00e9publique francise, Emmanuel Macron, se d\u00e9placera \u00e0 Yaound\u00e9, Cotonou et Bissau du 25 au 28 juillet 2 ...","robots":{"index":"index","follow":"follow","max-snippet":"max-snippet:-1","max-image-preview":"max-image-preview:large","max-video-preview":"max-video-preview:-1"},"canonical":"https:\/\/www.africa-press.net\/benin\/politique\/benin-france-emmanuel-macron-attendu-a-cotonou-officiel","og_locale":"fr_FR","og_type":"article","og_title":"B\u00e9nin \u2013 France: Emmanuel Macron attendu \u00e0 Cotonou (officiel)","og_description":"Le pr\u00e9sident de la R\u00e9publique francise, Emmanuel Macron, se d\u00e9placera \u00e0 Yaound\u00e9, Cotonou et Bissau du 25 au 28 juillet 2 ...","og_url":"https:\/\/www.africa-press.net\/benin\/politique\/benin-france-emmanuel-macron-attendu-a-cotonou-officiel","og_site_name":"B\u00e9nin","article_published_time":"2022-07-22T20:13:57+00:00","article_modified_time":"2022-07-22T20:25:04+00:00","og_image":[{"width":1200,"height":800,"url":"https:\/\/static.africa-press.net\/benin\/sites\/46\/2022\/07\/postQueueImg_14-62db0784a875b.jpg","type":"image\/jpeg"}],"author":"cfeditorfr","twitter_card":"summary_large_image","twitter_misc":{"\u00c9crit par":"cfeditorfr","Dur\u00e9e de lecture estim\u00e9e":"3 minutes"},"schema":{"@context":"https:\/\/schema.org","@graph":[{"@type":"Article","@id":"https:\/\/www.africa-press.net\/benin\/politique\/benin-france-emmanuel-macron-attendu-a-cotonou-officiel#article","isPartOf":{"@id":"https:\/\/www.africa-press.net\/benin\/politique\/benin-france-emmanuel-macron-attendu-a-cotonou-officiel"},"author":{"name":"cfeditorfr","@id":"https:\/\/www.africa-press.net\/benin\/#\/schema\/person\/2b1cf3cd81a31e3cd26889ca66d677f1"},"headline":"B\u00e9nin \u2013 France: Emmanuel Macron attendu \u00e0 Cotonou (officiel)","datePublished":"2022-07-22T20:13:57+00:00","dateModified":"2022-07-22T20:25:04+00:00","mainEntityOfPage":{"@id":"https:\/\/www.africa-press.net\/benin\/politique\/benin-france-emmanuel-macron-attendu-a-cotonou-officiel"},"wordCount":452,"commentCount":0,"image":{"@id":"https:\/\/www.africa-press.net\/benin\/politique\/benin-france-emmanuel-macron-attendu-a-cotonou-officiel#primaryimage"},"thumbnailUrl":"https:\/\/static.africa-press.net\/benin\/sites\/46\/2022\/07\/postQueueImg_14-62db0784a875b.jpg","keywords":["Africa Press","Africa Press-Benin","B\u00e9nin"],"articleSection":["homepage-french","Politique","Top Nouvelles","Toutes les actualit\u00e9s"],"inLanguage":"fr-FR","potentialAction":[{"@type":"CommentAction","name":"Comment","target":["https:\/\/www.africa-press.net\/benin\/politique\/benin-france-emmanuel-macron-attendu-a-cotonou-officiel#respond"]}]},{"@type":"WebPage","@id":"https:\/\/www.africa-press.net\/benin\/politique\/benin-france-emmanuel-macron-attendu-a-cotonou-officiel","url":"https:\/\/www.africa-press.net\/benin\/politique\/benin-france-emmanuel-macron-attendu-a-cotonou-officiel","name":"B\u00e9nin \u2013 France: Emmanuel Macron attendu \u00e0 Cotonou (officiel) - B\u00e9nin","isPartOf":{"@id":"https:\/\/www.africa-press.net\/benin\/#website"},"primaryImageOfPage":{"@id":"https:\/\/www.africa-press.net\/benin\/politique\/benin-france-emmanuel-macron-attendu-a-cotonou-officiel#primaryimage"},"image":{"@id":"https:\/\/www.africa-press.net\/benin\/politique\/benin-france-emmanuel-macron-attendu-a-cotonou-officiel#primaryimage"},"thumbnailUrl":"https:\/\/static.africa-press.net\/benin\/sites\/46\/2022\/07\/postQueueImg_14-62db0784a875b.jpg","datePublished":"2022-07-22T20:13:57+00:00","dateModified":"2022-07-22T20:25:04+00:00","author":{"@id":"https:\/\/www.africa-press.net\/benin\/#\/schema\/person\/2b1cf3cd81a31e3cd26889ca66d677f1"},"description":"Le pr\u00e9sident de la R\u00e9publique francise, Emmanuel Macron, se d\u00e9placera \u00e0 Yaound\u00e9, Cotonou et Bissau du 25 au 28 juillet 2 ...","breadcrumb":{"@id":"https:\/\/www.africa-press.net\/benin\/politique\/benin-france-emmanuel-macron-attendu-a-cotonou-officiel#breadcrumb"},"inLanguage":"fr-FR","potentialAction":[{"@type":"ReadAction","target":["https:\/\/www.africa-press.net\/benin\/politique\/benin-france-emmanuel-macron-attendu-a-cotonou-officiel"]}]},{"@type":"ImageObject","inLanguage":"fr-FR","@id":"https:\/\/www.africa-press.net\/benin\/politique\/benin-france-emmanuel-macron-attendu-a-cotonou-officiel#primaryimage","url":"https:\/\/static.africa-press.net\/benin\/sites\/46\/2022\/07\/postQueueImg_14-62db0784a875b.jpg","contentUrl":"https:\/\/static.africa-press.net\/benin\/sites\/46\/2022\/07\/postQueueImg_14-62db0784a875b.jpg","width":1200,"height":800,"caption":"B\u00e9nin \u2013 France: Emmanuel Macron attendu \u00e0 Cotonou (officiel)"},{"@type":"BreadcrumbList","@id":"https:\/\/www.africa-press.net\/benin\/politique\/benin-france-emmanuel-macron-attendu-a-cotonou-officiel#breadcrumb","itemListElement":[{"@type":"ListItem","position":1,"name":"Accueil","item":"https:\/\/www.africa-press.net\/benin\/"},{"@type":"ListItem","position":2,"name":"B\u00e9nin \u2013 France: Emmanuel Macron attendu \u00e0 Cotonou (officiel)"}]},{"@type":"WebSite","@id":"https:\/\/www.africa-press.net\/benin\/#website","url":"https:\/\/www.africa-press.net\/benin\/","name":"B\u00e9nin","description":"Just another Africa News Agency Sites site","potentialAction":[{"@type":"SearchAction","target":{"@type":"EntryPoint","urlTemplate":"https:\/\/www.africa-press.net\/benin\/?s={search_term_string}"},"query-input":{"@type":"PropertyValueSpecification","valueRequired":true,"valueName":"search_term_string"}}],"inLanguage":"fr-FR"},{"@type":"Person","@id":"https:\/\/www.africa-press.net\/benin\/#\/schema\/person\/2b1cf3cd81a31e3cd26889ca66d677f1","name":"cfeditorfr"}]}},"_links":{"self":[{"href":"https:\/\/www.africa-press.net\/benin\/wp-json\/wp\/v2\/posts\/7084","targetHints":{"allow":["GET"]}}],"collection":[{"href":"https:\/\/www.africa-press.net\/benin\/wp-json\/wp\/v2\/posts"}],"about":[{"href":"https:\/\/www.africa-press.net\/benin\/wp-json\/wp\/v2\/types\/post"}],"author":[{"embeddable":true,"href":"https:\/\/www.africa-press.net\/benin\/wp-json\/wp\/v2\/users\/82"}],"replies":[{"embeddable":true,"href":"https:\/\/www.africa-press.net\/benin\/wp-json\/wp\/v2\/comments?post=7084"}],"version-history":[{"count":0,"href":"https:\/\/www.africa-press.net\/benin\/wp-json\/wp\/v2\/posts\/7084\/revisions"}],"wp:featuredmedia":[{"embeddable":true,"href":"https:\/\/www.africa-press.net\/benin\/wp-json\/wp\/v2\/media\/7083"}],"wp:attachment":[{"href":"https:\/\/www.africa-press.net\/benin\/wp-json\/wp\/v2\/media?parent=7084"}],"wp:term":[{"taxonomy":"category","embeddable":true,"href":"https:\/\/www.africa-press.net\/benin\/wp-json\/wp\/v2\/categories?post=7084"},{"taxonomy":"post_tag","embeddable":true,"href":"https:\/\/www.africa-press.net\/benin\/wp-json\/wp\/v2\/tags?post=7084"}],"curies":[{"name":"wp","href":"https:\/\/api.w.org\/{rel}","templated":true}]}}