{"id":7087,"date":"2022-07-22T20:14:10","date_gmt":"2022-07-22T20:14:10","guid":{"rendered":"https:\/\/www.africa-press.net\/benin\/politique\/xavier-leblanc-ambassadeur-du-royaume-de-belgique-pres-le-benin-en-fin-de-mission"},"modified":"2022-07-22T20:25:31","modified_gmt":"2022-07-22T20:25:31","slug":"xavier-leblanc-ambassadeur-du-royaume-de-belgique-pres-le-benin-en-fin-de-mission","status":"publish","type":"post","link":"https:\/\/www.africa-press.net\/benin\/politique\/xavier-leblanc-ambassadeur-du-royaume-de-belgique-pres-le-benin-en-fin-de-mission","title":{"rendered":"Xavier Leblanc, ambassadeur du Royaume de Belgique pr\u00e8s le B\u00e9nin, en fin de mission"},"content":{"rendered":"<p><span style=\"color: #ff6600\"><strong>Africa-Press &#8211; Benin. <\/strong><\/span>L\u2019ambassadeur du Royaume de Belgique pr\u00e8s le B\u00e9nin, Monsieur Xavier Leblanc est en fin de mission. Avant son d\u00e9part, il a \u00e9t\u00e9 honor\u00e9 par le minist\u00e8re des affaires \u00e9trang\u00e8res et de la coop\u00e9ration pour la qualit\u00e9 de sa mission au B\u00e9nin.<\/p>\n<p>Le minist\u00e8re des affaires \u00e9trang\u00e8res et de la coop\u00e9ration a organis\u00e9 ce mercredi 20 Juillet 2022, un d\u00eener en l\u2019honneur de Monsieur Xavier Leblanc, ambassadeur du Royaume de Belgique pr\u00e8s le B\u00e9nin en fin de mission dans le pays de Patrice Talon. A l\u2019occasion de ce d\u00eener, le diplomate a \u00e9galement re\u00e7u de ses homologues b\u00e9ninois, un cadeau d\u2019au revoir.<\/p>\n<p>L\u2019ambassadeur Jean-Marie Zinsou, Secr\u00e9taire G\u00e9n\u00e9ral du minist\u00e8re des affaires \u00e9trang\u00e8res et de la coop\u00e9ration (MAEC), au nom du ministre Aur\u00e9lien Agb\u00e9nonci a salu\u00e9 le dynamisme du diplomate Belge et la qualit\u00e9 de la coop\u00e9ration entre le B\u00e9nin et le Royaume de Belgique.<\/p>\n<p>Touch\u00e9 par autant de marque de sympathie, l\u2019ambassadeur du Royaume de Belgique pr\u00e8s le B\u00e9nin, Xavier Leblanc a exprim\u00e9 sa gratitude en faveur du ministre Aur\u00e9lien Agb\u00e9nonci et les cadres de son d\u00e9partement pour le soutien et l\u2019accompagnement dont il a b\u00e9n\u00e9fici\u00e9 lors de son s\u00e9jour au B\u00e9nin.<\/p>\n<p>L\u2019ambassadeur en fin de mission au B\u00e9nin a remis ses lettres de cr\u00e9ances au chef de l\u2019Etat b\u00e9ninois, le pr\u00e9sident Patrice Talon le 04 Juillet 2019. Le diplomate a r\u00e9sid\u00e9 \u00e0 Cotonou o\u00f9 il a poursuivi les \u0153uvres entam\u00e9es par son pr\u00e9d\u00e9cesseur dans le cadre de la coop\u00e9ration entre son pays et le B\u00e9nin.<\/p>\n<p><strong>Pour plus d&rsquo;informations et d&rsquo;analyses sur la <a href=\"https:\/\/www.africa-press.net\/benin\">Benin<\/a>, suivez <a href=\"https:\/\/www.africa-press.net\/\">Africa-Press<\/a><\/strong><\/p>\n","protected":false},"excerpt":{"rendered":"<p>Africa-Press &#8211; Benin. L\u2019ambassadeur du Royaume de Belgique pr\u00e8s le B\u00e9nin, Monsieur Xavier Leblanc est en fin de mission. Avant son d\u00e9part, il a \u00e9t\u00e9 honor\u00e9 par le minist\u00e8re des affaires \u00e9trang\u00e8res et de la coop\u00e9ration pour la qualit\u00e9 de sa mission au B\u00e9nin. Le minist\u00e8re des affaires \u00e9trang\u00e8res et de la coop\u00e9ration a organis\u00e9 [&hellip;]<\/p>\n","protected":false},"author":82,"featured_media":7086,"comment_status":"open","ping_status":"closed","sticky":false,"template":"","format":"standard","meta":{"footnotes":""},"categories":[11,2,10],"tags":[36,50,45],"class_list":["post-7087","post","type-post","status-publish","format-standard","has-post-thumbnail","hentry","category-homepage-french","category-politique","category-toutes-les-actualites","tag-africa-press","tag-africa-press-benin","tag-benin"],"yoast_head":"<!-- This site is optimized with the Yoast SEO Premium plugin v26.1 (Yoast SEO v27.0) - https:\/\/yoast.com\/product\/yoast-seo-premium-wordpress\/ -->\n<title>Xavier Leblanc, ambassadeur du Royaume de Belgique pr\u00e8s le B\u00e9nin, en fin de mission - B\u00e9nin<\/title>\n<meta name=\"description\" content=\"L\u2019ambassadeur du Royaume de Belgique pr\u00e8s le B\u00e9nin, Monsieur Xavier Leblanc est en fin de mission. Avant son d\u00e9part, il ...\" \/>\n<meta name=\"robots\" content=\"index, follow, max-snippet:-1, max-image-preview:large, max-video-preview:-1\" \/>\n<link rel=\"canonical\" href=\"https:\/\/www.africa-press.net\/benin\/politique\/xavier-leblanc-ambassadeur-du-royaume-de-belgique-pres-le-benin-en-fin-de-mission\" \/>\n<meta property=\"og:locale\" content=\"fr_FR\" \/>\n<meta property=\"og:type\" content=\"article\" \/>\n<meta property=\"og:title\" content=\"Xavier Leblanc, ambassadeur du Royaume de Belgique pr\u00e8s le B\u00e9nin, en fin de mission\" \/>\n<meta property=\"og:description\" content=\"L\u2019ambassadeur du Royaume de Belgique pr\u00e8s le B\u00e9nin, Monsieur Xavier Leblanc est en fin de mission. Avant son d\u00e9part, il ...\" \/>\n<meta property=\"og:url\" content=\"https:\/\/www.africa-press.net\/benin\/politique\/xavier-leblanc-ambassadeur-du-royaume-de-belgique-pres-le-benin-en-fin-de-mission\" \/>\n<meta property=\"og:site_name\" content=\"B\u00e9nin\" \/>\n<meta property=\"article:published_time\" content=\"2022-07-22T20:14:10+00:00\" \/>\n<meta property=\"article:modified_time\" content=\"2022-07-22T20:25:31+00:00\" \/>\n<meta property=\"og:image\" content=\"https:\/\/static.africa-press.net\/benin\/sites\/46\/2022\/07\/postQueueImg_15-62db07a607348.jpg\" \/>\n\t<meta property=\"og:image:width\" content=\"1080\" \/>\n\t<meta property=\"og:image:height\" content=\"717\" \/>\n\t<meta property=\"og:image:type\" content=\"image\/jpeg\" \/>\n<meta name=\"author\" content=\"cfeditorfr\" \/>\n<meta name=\"twitter:card\" content=\"summary_large_image\" \/>\n<meta name=\"twitter:label1\" content=\"\u00c9crit par\" \/>\n\t<meta name=\"twitter:data1\" content=\"cfeditorfr\" \/>\n\t<meta name=\"twitter:label2\" content=\"Dur\u00e9e de lecture estim\u00e9e\" \/>\n\t<meta name=\"twitter:data2\" content=\"2 minutes\" \/>\n<script type=\"application\/ld+json\" class=\"yoast-schema-graph\">{\"@context\":\"https:\/\/schema.org\",\"@graph\":[{\"@type\":\"Article\",\"@id\":\"https:\/\/www.africa-press.net\/benin\/politique\/xavier-leblanc-ambassadeur-du-royaume-de-belgique-pres-le-benin-en-fin-de-mission#article\",\"isPartOf\":{\"@id\":\"https:\/\/www.africa-press.net\/benin\/politique\/xavier-leblanc-ambassadeur-du-royaume-de-belgique-pres-le-benin-en-fin-de-mission\"},\"author\":{\"name\":\"cfeditorfr\",\"@id\":\"https:\/\/www.africa-press.net\/benin\/#\/schema\/person\/2b1cf3cd81a31e3cd26889ca66d677f1\"},\"headline\":\"Xavier Leblanc, ambassadeur du Royaume de Belgique pr\u00e8s le B\u00e9nin, en fin de mission\",\"datePublished\":\"2022-07-22T20:14:10+00:00\",\"dateModified\":\"2022-07-22T20:25:31+00:00\",\"mainEntityOfPage\":{\"@id\":\"https:\/\/www.africa-press.net\/benin\/politique\/xavier-leblanc-ambassadeur-du-royaume-de-belgique-pres-le-benin-en-fin-de-mission\"},\"wordCount\":325,\"commentCount\":0,\"image\":{\"@id\":\"https:\/\/www.africa-press.net\/benin\/politique\/xavier-leblanc-ambassadeur-du-royaume-de-belgique-pres-le-benin-en-fin-de-mission#primaryimage\"},\"thumbnailUrl\":\"https:\/\/static.africa-press.net\/benin\/sites\/46\/2022\/07\/postQueueImg_15-62db07a607348.jpg\",\"keywords\":[\"Africa Press\",\"Africa Press-Benin\",\"B\u00e9nin\"],\"articleSection\":[\"homepage-french\",\"Politique\",\"Toutes les actualit\u00e9s\"],\"inLanguage\":\"fr-FR\",\"potentialAction\":[{\"@type\":\"CommentAction\",\"name\":\"Comment\",\"target\":[\"https:\/\/www.africa-press.net\/benin\/politique\/xavier-leblanc-ambassadeur-du-royaume-de-belgique-pres-le-benin-en-fin-de-mission#respond\"]}]},{\"@type\":\"WebPage\",\"@id\":\"https:\/\/www.africa-press.net\/benin\/politique\/xavier-leblanc-ambassadeur-du-royaume-de-belgique-pres-le-benin-en-fin-de-mission\",\"url\":\"https:\/\/www.africa-press.net\/benin\/politique\/xavier-leblanc-ambassadeur-du-royaume-de-belgique-pres-le-benin-en-fin-de-mission\",\"name\":\"Xavier Leblanc, ambassadeur du Royaume de Belgique pr\u00e8s le B\u00e9nin, en fin de mission - B\u00e9nin\",\"isPartOf\":{\"@id\":\"https:\/\/www.africa-press.net\/benin\/#website\"},\"primaryImageOfPage\":{\"@id\":\"https:\/\/www.africa-press.net\/benin\/politique\/xavier-leblanc-ambassadeur-du-royaume-de-belgique-pres-le-benin-en-fin-de-mission#primaryimage\"},\"image\":{\"@id\":\"https:\/\/www.africa-press.net\/benin\/politique\/xavier-leblanc-ambassadeur-du-royaume-de-belgique-pres-le-benin-en-fin-de-mission#primaryimage\"},\"thumbnailUrl\":\"https:\/\/static.africa-press.net\/benin\/sites\/46\/2022\/07\/postQueueImg_15-62db07a607348.jpg\",\"datePublished\":\"2022-07-22T20:14:10+00:00\",\"dateModified\":\"2022-07-22T20:25:31+00:00\",\"author\":{\"@id\":\"https:\/\/www.africa-press.net\/benin\/#\/schema\/person\/2b1cf3cd81a31e3cd26889ca66d677f1\"},\"description\":\"L\u2019ambassadeur du Royaume de Belgique pr\u00e8s le B\u00e9nin, Monsieur Xavier Leblanc est en fin de mission. Avant son d\u00e9part, il ...\",\"breadcrumb\":{\"@id\":\"https:\/\/www.africa-press.net\/benin\/politique\/xavier-leblanc-ambassadeur-du-royaume-de-belgique-pres-le-benin-en-fin-de-mission#breadcrumb\"},\"inLanguage\":\"fr-FR\",\"potentialAction\":[{\"@type\":\"ReadAction\",\"target\":[\"https:\/\/www.africa-press.net\/benin\/politique\/xavier-leblanc-ambassadeur-du-royaume-de-belgique-pres-le-benin-en-fin-de-mission\"]}]},{\"@type\":\"ImageObject\",\"inLanguage\":\"fr-FR\",\"@id\":\"https:\/\/www.africa-press.net\/benin\/politique\/xavier-leblanc-ambassadeur-du-royaume-de-belgique-pres-le-benin-en-fin-de-mission#primaryimage\",\"url\":\"https:\/\/static.africa-press.net\/benin\/sites\/46\/2022\/07\/postQueueImg_15-62db07a607348.jpg\",\"contentUrl\":\"https:\/\/static.africa-press.net\/benin\/sites\/46\/2022\/07\/postQueueImg_15-62db07a607348.jpg\",\"width\":1080,\"height\":717,\"caption\":\"Xavier Leblanc, ambassadeur du Royaume de Belgique pr\u00e8s le B\u00e9nin, en fin de mission\"},{\"@type\":\"BreadcrumbList\",\"@id\":\"https:\/\/www.africa-press.net\/benin\/politique\/xavier-leblanc-ambassadeur-du-royaume-de-belgique-pres-le-benin-en-fin-de-mission#breadcrumb\",\"itemListElement\":[{\"@type\":\"ListItem\",\"position\":1,\"name\":\"Accueil\",\"item\":\"https:\/\/www.africa-press.net\/benin\/\"},{\"@type\":\"ListItem\",\"position\":2,\"name\":\"Xavier Leblanc, ambassadeur du Royaume de Belgique pr\u00e8s le B\u00e9nin, en fin de mission\"}]},{\"@type\":\"WebSite\",\"@id\":\"https:\/\/www.africa-press.net\/benin\/#website\",\"url\":\"https:\/\/www.africa-press.net\/benin\/\",\"name\":\"B\u00e9nin\",\"description\":\"Just another Africa News Agency Sites site\",\"potentialAction\":[{\"@type\":\"SearchAction\",\"target\":{\"@type\":\"EntryPoint\",\"urlTemplate\":\"https:\/\/www.africa-press.net\/benin\/?s={search_term_string}\"},\"query-input\":{\"@type\":\"PropertyValueSpecification\",\"valueRequired\":true,\"valueName\":\"search_term_string\"}}],\"inLanguage\":\"fr-FR\"},{\"@type\":\"Person\",\"@id\":\"https:\/\/www.africa-press.net\/benin\/#\/schema\/person\/2b1cf3cd81a31e3cd26889ca66d677f1\",\"name\":\"cfeditorfr\"}]}<\/script>\n<!-- \/ Yoast SEO Premium plugin. -->","yoast_head_json":{"title":"Xavier Leblanc, ambassadeur du Royaume de Belgique pr\u00e8s le B\u00e9nin, en fin de mission - B\u00e9nin","description":"L\u2019ambassadeur du Royaume de Belgique pr\u00e8s le B\u00e9nin, Monsieur Xavier Leblanc est en fin de mission. Avant son d\u00e9part, il ...","robots":{"index":"index","follow":"follow","max-snippet":"max-snippet:-1","max-image-preview":"max-image-preview:large","max-video-preview":"max-video-preview:-1"},"canonical":"https:\/\/www.africa-press.net\/benin\/politique\/xavier-leblanc-ambassadeur-du-royaume-de-belgique-pres-le-benin-en-fin-de-mission","og_locale":"fr_FR","og_type":"article","og_title":"Xavier Leblanc, ambassadeur du Royaume de Belgique pr\u00e8s le B\u00e9nin, en fin de mission","og_description":"L\u2019ambassadeur du Royaume de Belgique pr\u00e8s le B\u00e9nin, Monsieur Xavier Leblanc est en fin de mission. Avant son d\u00e9part, il ...","og_url":"https:\/\/www.africa-press.net\/benin\/politique\/xavier-leblanc-ambassadeur-du-royaume-de-belgique-pres-le-benin-en-fin-de-mission","og_site_name":"B\u00e9nin","article_published_time":"2022-07-22T20:14:10+00:00","article_modified_time":"2022-07-22T20:25:31+00:00","og_image":[{"width":1080,"height":717,"url":"https:\/\/static.africa-press.net\/benin\/sites\/46\/2022\/07\/postQueueImg_15-62db07a607348.jpg","type":"image\/jpeg"}],"author":"cfeditorfr","twitter_card":"summary_large_image","twitter_misc":{"\u00c9crit par":"cfeditorfr","Dur\u00e9e de lecture estim\u00e9e":"2 minutes"},"schema":{"@context":"https:\/\/schema.org","@graph":[{"@type":"Article","@id":"https:\/\/www.africa-press.net\/benin\/politique\/xavier-leblanc-ambassadeur-du-royaume-de-belgique-pres-le-benin-en-fin-de-mission#article","isPartOf":{"@id":"https:\/\/www.africa-press.net\/benin\/politique\/xavier-leblanc-ambassadeur-du-royaume-de-belgique-pres-le-benin-en-fin-de-mission"},"author":{"name":"cfeditorfr","@id":"https:\/\/www.africa-press.net\/benin\/#\/schema\/person\/2b1cf3cd81a31e3cd26889ca66d677f1"},"headline":"Xavier Leblanc, ambassadeur du Royaume de Belgique pr\u00e8s le B\u00e9nin, en fin de mission","datePublished":"2022-07-22T20:14:10+00:00","dateModified":"2022-07-22T20:25:31+00:00","mainEntityOfPage":{"@id":"https:\/\/www.africa-press.net\/benin\/politique\/xavier-leblanc-ambassadeur-du-royaume-de-belgique-pres-le-benin-en-fin-de-mission"},"wordCount":325,"commentCount":0,"image":{"@id":"https:\/\/www.africa-press.net\/benin\/politique\/xavier-leblanc-ambassadeur-du-royaume-de-belgique-pres-le-benin-en-fin-de-mission#primaryimage"},"thumbnailUrl":"https:\/\/static.africa-press.net\/benin\/sites\/46\/2022\/07\/postQueueImg_15-62db07a607348.jpg","keywords":["Africa Press","Africa Press-Benin","B\u00e9nin"],"articleSection":["homepage-french","Politique","Toutes les actualit\u00e9s"],"inLanguage":"fr-FR","potentialAction":[{"@type":"CommentAction","name":"Comment","target":["https:\/\/www.africa-press.net\/benin\/politique\/xavier-leblanc-ambassadeur-du-royaume-de-belgique-pres-le-benin-en-fin-de-mission#respond"]}]},{"@type":"WebPage","@id":"https:\/\/www.africa-press.net\/benin\/politique\/xavier-leblanc-ambassadeur-du-royaume-de-belgique-pres-le-benin-en-fin-de-mission","url":"https:\/\/www.africa-press.net\/benin\/politique\/xavier-leblanc-ambassadeur-du-royaume-de-belgique-pres-le-benin-en-fin-de-mission","name":"Xavier Leblanc, ambassadeur du Royaume de Belgique pr\u00e8s le B\u00e9nin, en fin de mission - B\u00e9nin","isPartOf":{"@id":"https:\/\/www.africa-press.net\/benin\/#website"},"primaryImageOfPage":{"@id":"https:\/\/www.africa-press.net\/benin\/politique\/xavier-leblanc-ambassadeur-du-royaume-de-belgique-pres-le-benin-en-fin-de-mission#primaryimage"},"image":{"@id":"https:\/\/www.africa-press.net\/benin\/politique\/xavier-leblanc-ambassadeur-du-royaume-de-belgique-pres-le-benin-en-fin-de-mission#primaryimage"},"thumbnailUrl":"https:\/\/static.africa-press.net\/benin\/sites\/46\/2022\/07\/postQueueImg_15-62db07a607348.jpg","datePublished":"2022-07-22T20:14:10+00:00","dateModified":"2022-07-22T20:25:31+00:00","author":{"@id":"https:\/\/www.africa-press.net\/benin\/#\/schema\/person\/2b1cf3cd81a31e3cd26889ca66d677f1"},"description":"L\u2019ambassadeur du Royaume de Belgique pr\u00e8s le B\u00e9nin, Monsieur Xavier Leblanc est en fin de mission. Avant son d\u00e9part, il ...","breadcrumb":{"@id":"https:\/\/www.africa-press.net\/benin\/politique\/xavier-leblanc-ambassadeur-du-royaume-de-belgique-pres-le-benin-en-fin-de-mission#breadcrumb"},"inLanguage":"fr-FR","potentialAction":[{"@type":"ReadAction","target":["https:\/\/www.africa-press.net\/benin\/politique\/xavier-leblanc-ambassadeur-du-royaume-de-belgique-pres-le-benin-en-fin-de-mission"]}]},{"@type":"ImageObject","inLanguage":"fr-FR","@id":"https:\/\/www.africa-press.net\/benin\/politique\/xavier-leblanc-ambassadeur-du-royaume-de-belgique-pres-le-benin-en-fin-de-mission#primaryimage","url":"https:\/\/static.africa-press.net\/benin\/sites\/46\/2022\/07\/postQueueImg_15-62db07a607348.jpg","contentUrl":"https:\/\/static.africa-press.net\/benin\/sites\/46\/2022\/07\/postQueueImg_15-62db07a607348.jpg","width":1080,"height":717,"caption":"Xavier Leblanc, ambassadeur du Royaume de Belgique pr\u00e8s le B\u00e9nin, en fin de mission"},{"@type":"BreadcrumbList","@id":"https:\/\/www.africa-press.net\/benin\/politique\/xavier-leblanc-ambassadeur-du-royaume-de-belgique-pres-le-benin-en-fin-de-mission#breadcrumb","itemListElement":[{"@type":"ListItem","position":1,"name":"Accueil","item":"https:\/\/www.africa-press.net\/benin\/"},{"@type":"ListItem","position":2,"name":"Xavier Leblanc, ambassadeur du Royaume de Belgique pr\u00e8s le B\u00e9nin, en fin de mission"}]},{"@type":"WebSite","@id":"https:\/\/www.africa-press.net\/benin\/#website","url":"https:\/\/www.africa-press.net\/benin\/","name":"B\u00e9nin","description":"Just another Africa News Agency Sites site","potentialAction":[{"@type":"SearchAction","target":{"@type":"EntryPoint","urlTemplate":"https:\/\/www.africa-press.net\/benin\/?s={search_term_string}"},"query-input":{"@type":"PropertyValueSpecification","valueRequired":true,"valueName":"search_term_string"}}],"inLanguage":"fr-FR"},{"@type":"Person","@id":"https:\/\/www.africa-press.net\/benin\/#\/schema\/person\/2b1cf3cd81a31e3cd26889ca66d677f1","name":"cfeditorfr"}]}},"_links":{"self":[{"href":"https:\/\/www.africa-press.net\/benin\/wp-json\/wp\/v2\/posts\/7087","targetHints":{"allow":["GET"]}}],"collection":[{"href":"https:\/\/www.africa-press.net\/benin\/wp-json\/wp\/v2\/posts"}],"about":[{"href":"https:\/\/www.africa-press.net\/benin\/wp-json\/wp\/v2\/types\/post"}],"author":[{"embeddable":true,"href":"https:\/\/www.africa-press.net\/benin\/wp-json\/wp\/v2\/users\/82"}],"replies":[{"embeddable":true,"href":"https:\/\/www.africa-press.net\/benin\/wp-json\/wp\/v2\/comments?post=7087"}],"version-history":[{"count":0,"href":"https:\/\/www.africa-press.net\/benin\/wp-json\/wp\/v2\/posts\/7087\/revisions"}],"wp:featuredmedia":[{"embeddable":true,"href":"https:\/\/www.africa-press.net\/benin\/wp-json\/wp\/v2\/media\/7086"}],"wp:attachment":[{"href":"https:\/\/www.africa-press.net\/benin\/wp-json\/wp\/v2\/media?parent=7087"}],"wp:term":[{"taxonomy":"category","embeddable":true,"href":"https:\/\/www.africa-press.net\/benin\/wp-json\/wp\/v2\/categories?post=7087"},{"taxonomy":"post_tag","embeddable":true,"href":"https:\/\/www.africa-press.net\/benin\/wp-json\/wp\/v2\/tags?post=7087"}],"curies":[{"name":"wp","href":"https:\/\/api.w.org\/{rel}","templated":true}]}}