{"id":7099,"date":"2022-07-22T20:15:02","date_gmt":"2022-07-22T20:15:02","guid":{"rendered":"https:\/\/www.africa-press.net\/benin\/politique\/benin-le-gouvernement-ordonne-la-suppression-des-milices-organisees-au-sein-de-luac"},"modified":"2022-07-22T20:27:01","modified_gmt":"2022-07-22T20:27:01","slug":"benin-le-gouvernement-ordonne-la-suppression-des-milices-organisees-au-sein-de-luac","status":"publish","type":"post","link":"https:\/\/www.africa-press.net\/benin\/toutes-les-actualites\/benin-le-gouvernement-ordonne-la-suppression-des-milices-organisees-au-sein-de-luac","title":{"rendered":"B\u00e9nin: le gouvernement ordonne la suppression des \u00ab\u00a0milices\u00a0\u00bb organis\u00e9es au sein de l\u2019UAC"},"content":{"rendered":"<p><span style=\"color: #ff6600\"><strong>Africa-Press &#8211; Benin. <\/strong><\/span>Face aux d\u00e9rapages observ\u00e9s de la part de certaines institutions sp\u00e9cialis\u00e9es des organisations estudiantines de l\u2019Universit\u00e9 d\u2019Abomey-Calavi (UAC), le ministre de l\u2019int\u00e9rieur et de la s\u00e9curit\u00e9 a tap\u00e9 du poing sur la table. Le Comit\u00e9 d\u2019ordre, de discipline et d\u2019\u00e9panouissement des \u00e9tudiants (Code), la Garde f\u00e9d\u00e9rale et la Brigade rouge, qualifi\u00e9es de milices, sont dans le viseur du ministre Alassane S\u00e9\u00efdou.<\/p>\n<p><b>\u00ab Les Organisations estudiantines sont appel\u00e9es \u00e0 mettre fin \u00e0 l\u2019existence des milices organis\u00e9s en \u00ab code \u00bb, \u00ab garde f\u00e9d\u00e9rale, \u00ab brigade rouge \u00bb, etc \u00bb.<\/b><\/p>\n<p>C\u2019est une instruction du ministre de l\u2019int\u00e9rieur et de la s\u00e9curit\u00e9 publique (Misp), qui accuse ces groupes de commettre des \u00ab s\u00e9vices graves sur leurs camarades \u00e9tudiants et m\u00eame sur les usagers du campus \u00bb.<\/p>\n<p>Dans un communiqu\u00e9 datant du jeudi 21 juillet 2022, le ministre Alassane S\u00e9\u00efdou a fait savoir que les groupes vis\u00e9s sont responsables de d\u00e9rives contraires \u00e0 toutes les dispositions l\u00e9gales et r\u00e9glementaires en vigueur. \u00ab En tout \u00e9tat de cause, les dispositions sont prises pour que les auteurs de ces actes de violences intol\u00e9rables soient interpell\u00e9s afin qu\u2019ils r\u00e9pondent de leurs forfaitures devant les juridictions comp\u00e9tentes \u00bb, lit-on dans le communiqu\u00e9.<\/p>\n<p><strong>Pour plus d&rsquo;informations et d&rsquo;analyses sur la <a href=\"https:\/\/www.africa-press.net\/benin\">Benin<\/a>, suivez <a href=\"https:\/\/www.africa-press.net\/\">Africa-Press<\/a><\/strong><\/p>\n","protected":false},"excerpt":{"rendered":"<p>Africa-Press &#8211; Benin. Face aux d\u00e9rapages observ\u00e9s de la part de certaines institutions sp\u00e9cialis\u00e9es des organisations estudiantines de l\u2019Universit\u00e9 d\u2019Abomey-Calavi (UAC), le ministre de l\u2019int\u00e9rieur et de la s\u00e9curit\u00e9 a tap\u00e9 du poing sur la table. Le Comit\u00e9 d\u2019ordre, de discipline et d\u2019\u00e9panouissement des \u00e9tudiants (Code), la Garde f\u00e9d\u00e9rale et la Brigade rouge, qualifi\u00e9es de [&hellip;]<\/p>\n","protected":false},"author":82,"featured_media":7097,"comment_status":"open","ping_status":"closed","sticky":false,"template":"","format":"standard","meta":{"footnotes":""},"categories":[21,11,10],"tags":[36,50,45],"class_list":["post-7099","post","type-post","status-publish","format-standard","has-post-thumbnail","hentry","category-communaute","category-homepage-french","category-toutes-les-actualites","tag-africa-press","tag-africa-press-benin","tag-benin"],"yoast_head":"<!-- This site is optimized with the Yoast SEO Premium plugin v26.1 (Yoast SEO v27.0) - https:\/\/yoast.com\/product\/yoast-seo-premium-wordpress\/ -->\n<title>B\u00e9nin: le gouvernement ordonne la suppression des \u00ab\u00a0milices\u00a0\u00bb organis\u00e9es au sein de l\u2019UAC - B\u00e9nin<\/title>\n<meta name=\"description\" content=\"Face aux d\u00e9rapages observ\u00e9s de la part de certaines institutions sp\u00e9cialis\u00e9es des organisations estudiantines de l\u2019Unive ...\" \/>\n<meta name=\"robots\" content=\"index, follow, max-snippet:-1, max-image-preview:large, max-video-preview:-1\" \/>\n<link rel=\"canonical\" href=\"https:\/\/www.africa-press.net\/benin\/toutes-les-actualites\/benin-le-gouvernement-ordonne-la-suppression-des-milices-organisees-au-sein-de-luac\" \/>\n<meta property=\"og:locale\" content=\"fr_FR\" \/>\n<meta property=\"og:type\" content=\"article\" \/>\n<meta property=\"og:title\" content=\"B\u00e9nin: le gouvernement ordonne la suppression des \u00ab\u00a0milices\u00a0\u00bb organis\u00e9es au sein de l\u2019UAC\" \/>\n<meta property=\"og:description\" content=\"Face aux d\u00e9rapages observ\u00e9s de la part de certaines institutions sp\u00e9cialis\u00e9es des organisations estudiantines de l\u2019Unive ...\" \/>\n<meta property=\"og:url\" content=\"https:\/\/www.africa-press.net\/benin\/toutes-les-actualites\/benin-le-gouvernement-ordonne-la-suppression-des-milices-organisees-au-sein-de-luac\" \/>\n<meta property=\"og:site_name\" content=\"B\u00e9nin\" \/>\n<meta property=\"article:published_time\" content=\"2022-07-22T20:15:02+00:00\" \/>\n<meta property=\"article:modified_time\" content=\"2022-07-22T20:27:01+00:00\" \/>\n<meta property=\"og:image\" content=\"https:\/\/static.africa-press.net\/benin\/sites\/46\/2022\/07\/postQueueImg_18-62db07f903650.jpg\" \/>\n\t<meta property=\"og:image:width\" content=\"1200\" \/>\n\t<meta property=\"og:image:height\" content=\"675\" \/>\n\t<meta property=\"og:image:type\" content=\"image\/jpeg\" \/>\n<meta name=\"author\" content=\"cfeditorfr\" \/>\n<meta name=\"twitter:card\" content=\"summary_large_image\" \/>\n<meta name=\"twitter:label1\" content=\"\u00c9crit par\" \/>\n\t<meta name=\"twitter:data1\" content=\"cfeditorfr\" \/>\n\t<meta name=\"twitter:label2\" content=\"Dur\u00e9e de lecture estim\u00e9e\" \/>\n\t<meta name=\"twitter:data2\" content=\"1 minute\" \/>\n<script type=\"application\/ld+json\" class=\"yoast-schema-graph\">{\"@context\":\"https:\/\/schema.org\",\"@graph\":[{\"@type\":\"Article\",\"@id\":\"https:\/\/www.africa-press.net\/benin\/toutes-les-actualites\/benin-le-gouvernement-ordonne-la-suppression-des-milices-organisees-au-sein-de-luac#article\",\"isPartOf\":{\"@id\":\"https:\/\/www.africa-press.net\/benin\/toutes-les-actualites\/benin-le-gouvernement-ordonne-la-suppression-des-milices-organisees-au-sein-de-luac\"},\"author\":{\"name\":\"cfeditorfr\",\"@id\":\"https:\/\/www.africa-press.net\/benin\/#\/schema\/person\/2b1cf3cd81a31e3cd26889ca66d677f1\"},\"headline\":\"B\u00e9nin: le gouvernement ordonne la suppression des \u00ab\u00a0milices\u00a0\u00bb organis\u00e9es au sein de l\u2019UAC\",\"datePublished\":\"2022-07-22T20:15:02+00:00\",\"dateModified\":\"2022-07-22T20:27:01+00:00\",\"mainEntityOfPage\":{\"@id\":\"https:\/\/www.africa-press.net\/benin\/toutes-les-actualites\/benin-le-gouvernement-ordonne-la-suppression-des-milices-organisees-au-sein-de-luac\"},\"wordCount\":245,\"commentCount\":0,\"image\":{\"@id\":\"https:\/\/www.africa-press.net\/benin\/toutes-les-actualites\/benin-le-gouvernement-ordonne-la-suppression-des-milices-organisees-au-sein-de-luac#primaryimage\"},\"thumbnailUrl\":\"https:\/\/static.africa-press.net\/benin\/sites\/46\/2022\/07\/postQueueImg_18-62db07f903650.jpg\",\"keywords\":[\"Africa Press\",\"Africa Press-Benin\",\"B\u00e9nin\"],\"articleSection\":[\"Communaut\u00e9\",\"homepage-french\",\"Toutes les actualit\u00e9s\"],\"inLanguage\":\"fr-FR\",\"potentialAction\":[{\"@type\":\"CommentAction\",\"name\":\"Comment\",\"target\":[\"https:\/\/www.africa-press.net\/benin\/toutes-les-actualites\/benin-le-gouvernement-ordonne-la-suppression-des-milices-organisees-au-sein-de-luac#respond\"]}]},{\"@type\":\"WebPage\",\"@id\":\"https:\/\/www.africa-press.net\/benin\/toutes-les-actualites\/benin-le-gouvernement-ordonne-la-suppression-des-milices-organisees-au-sein-de-luac\",\"url\":\"https:\/\/www.africa-press.net\/benin\/toutes-les-actualites\/benin-le-gouvernement-ordonne-la-suppression-des-milices-organisees-au-sein-de-luac\",\"name\":\"B\u00e9nin: le gouvernement ordonne la suppression des \u00ab\u00a0milices\u00a0\u00bb organis\u00e9es au sein de l\u2019UAC - B\u00e9nin\",\"isPartOf\":{\"@id\":\"https:\/\/www.africa-press.net\/benin\/#website\"},\"primaryImageOfPage\":{\"@id\":\"https:\/\/www.africa-press.net\/benin\/toutes-les-actualites\/benin-le-gouvernement-ordonne-la-suppression-des-milices-organisees-au-sein-de-luac#primaryimage\"},\"image\":{\"@id\":\"https:\/\/www.africa-press.net\/benin\/toutes-les-actualites\/benin-le-gouvernement-ordonne-la-suppression-des-milices-organisees-au-sein-de-luac#primaryimage\"},\"thumbnailUrl\":\"https:\/\/static.africa-press.net\/benin\/sites\/46\/2022\/07\/postQueueImg_18-62db07f903650.jpg\",\"datePublished\":\"2022-07-22T20:15:02+00:00\",\"dateModified\":\"2022-07-22T20:27:01+00:00\",\"author\":{\"@id\":\"https:\/\/www.africa-press.net\/benin\/#\/schema\/person\/2b1cf3cd81a31e3cd26889ca66d677f1\"},\"description\":\"Face aux d\u00e9rapages observ\u00e9s de la part de certaines institutions sp\u00e9cialis\u00e9es des organisations estudiantines de l\u2019Unive ...\",\"breadcrumb\":{\"@id\":\"https:\/\/www.africa-press.net\/benin\/toutes-les-actualites\/benin-le-gouvernement-ordonne-la-suppression-des-milices-organisees-au-sein-de-luac#breadcrumb\"},\"inLanguage\":\"fr-FR\",\"potentialAction\":[{\"@type\":\"ReadAction\",\"target\":[\"https:\/\/www.africa-press.net\/benin\/toutes-les-actualites\/benin-le-gouvernement-ordonne-la-suppression-des-milices-organisees-au-sein-de-luac\"]}]},{\"@type\":\"ImageObject\",\"inLanguage\":\"fr-FR\",\"@id\":\"https:\/\/www.africa-press.net\/benin\/toutes-les-actualites\/benin-le-gouvernement-ordonne-la-suppression-des-milices-organisees-au-sein-de-luac#primaryimage\",\"url\":\"https:\/\/static.africa-press.net\/benin\/sites\/46\/2022\/07\/postQueueImg_18-62db07f903650.jpg\",\"contentUrl\":\"https:\/\/static.africa-press.net\/benin\/sites\/46\/2022\/07\/postQueueImg_18-62db07f903650.jpg\",\"width\":1200,\"height\":675,\"caption\":\"B\u00e9nin: le gouvernement ordonne la suppression des \u00ab\u00a0milices\u00a0\u00bb organis\u00e9es au sein de l\u2019UAC\"},{\"@type\":\"BreadcrumbList\",\"@id\":\"https:\/\/www.africa-press.net\/benin\/toutes-les-actualites\/benin-le-gouvernement-ordonne-la-suppression-des-milices-organisees-au-sein-de-luac#breadcrumb\",\"itemListElement\":[{\"@type\":\"ListItem\",\"position\":1,\"name\":\"Accueil\",\"item\":\"https:\/\/www.africa-press.net\/benin\/\"},{\"@type\":\"ListItem\",\"position\":2,\"name\":\"B\u00e9nin: le gouvernement ordonne la suppression des \u00ab\u00a0milices\u00a0\u00bb organis\u00e9es au sein de l\u2019UAC\"}]},{\"@type\":\"WebSite\",\"@id\":\"https:\/\/www.africa-press.net\/benin\/#website\",\"url\":\"https:\/\/www.africa-press.net\/benin\/\",\"name\":\"B\u00e9nin\",\"description\":\"Just another Africa News Agency Sites site\",\"potentialAction\":[{\"@type\":\"SearchAction\",\"target\":{\"@type\":\"EntryPoint\",\"urlTemplate\":\"https:\/\/www.africa-press.net\/benin\/?s={search_term_string}\"},\"query-input\":{\"@type\":\"PropertyValueSpecification\",\"valueRequired\":true,\"valueName\":\"search_term_string\"}}],\"inLanguage\":\"fr-FR\"},{\"@type\":\"Person\",\"@id\":\"https:\/\/www.africa-press.net\/benin\/#\/schema\/person\/2b1cf3cd81a31e3cd26889ca66d677f1\",\"name\":\"cfeditorfr\"}]}<\/script>\n<!-- \/ Yoast SEO Premium plugin. -->","yoast_head_json":{"title":"B\u00e9nin: le gouvernement ordonne la suppression des \u00ab\u00a0milices\u00a0\u00bb organis\u00e9es au sein de l\u2019UAC - B\u00e9nin","description":"Face aux d\u00e9rapages observ\u00e9s de la part de certaines institutions sp\u00e9cialis\u00e9es des organisations estudiantines de l\u2019Unive ...","robots":{"index":"index","follow":"follow","max-snippet":"max-snippet:-1","max-image-preview":"max-image-preview:large","max-video-preview":"max-video-preview:-1"},"canonical":"https:\/\/www.africa-press.net\/benin\/toutes-les-actualites\/benin-le-gouvernement-ordonne-la-suppression-des-milices-organisees-au-sein-de-luac","og_locale":"fr_FR","og_type":"article","og_title":"B\u00e9nin: le gouvernement ordonne la suppression des \u00ab\u00a0milices\u00a0\u00bb organis\u00e9es au sein de l\u2019UAC","og_description":"Face aux d\u00e9rapages observ\u00e9s de la part de certaines institutions sp\u00e9cialis\u00e9es des organisations estudiantines de l\u2019Unive ...","og_url":"https:\/\/www.africa-press.net\/benin\/toutes-les-actualites\/benin-le-gouvernement-ordonne-la-suppression-des-milices-organisees-au-sein-de-luac","og_site_name":"B\u00e9nin","article_published_time":"2022-07-22T20:15:02+00:00","article_modified_time":"2022-07-22T20:27:01+00:00","og_image":[{"width":1200,"height":675,"url":"https:\/\/static.africa-press.net\/benin\/sites\/46\/2022\/07\/postQueueImg_18-62db07f903650.jpg","type":"image\/jpeg"}],"author":"cfeditorfr","twitter_card":"summary_large_image","twitter_misc":{"\u00c9crit par":"cfeditorfr","Dur\u00e9e de lecture estim\u00e9e":"1 minute"},"schema":{"@context":"https:\/\/schema.org","@graph":[{"@type":"Article","@id":"https:\/\/www.africa-press.net\/benin\/toutes-les-actualites\/benin-le-gouvernement-ordonne-la-suppression-des-milices-organisees-au-sein-de-luac#article","isPartOf":{"@id":"https:\/\/www.africa-press.net\/benin\/toutes-les-actualites\/benin-le-gouvernement-ordonne-la-suppression-des-milices-organisees-au-sein-de-luac"},"author":{"name":"cfeditorfr","@id":"https:\/\/www.africa-press.net\/benin\/#\/schema\/person\/2b1cf3cd81a31e3cd26889ca66d677f1"},"headline":"B\u00e9nin: le gouvernement ordonne la suppression des \u00ab\u00a0milices\u00a0\u00bb organis\u00e9es au sein de l\u2019UAC","datePublished":"2022-07-22T20:15:02+00:00","dateModified":"2022-07-22T20:27:01+00:00","mainEntityOfPage":{"@id":"https:\/\/www.africa-press.net\/benin\/toutes-les-actualites\/benin-le-gouvernement-ordonne-la-suppression-des-milices-organisees-au-sein-de-luac"},"wordCount":245,"commentCount":0,"image":{"@id":"https:\/\/www.africa-press.net\/benin\/toutes-les-actualites\/benin-le-gouvernement-ordonne-la-suppression-des-milices-organisees-au-sein-de-luac#primaryimage"},"thumbnailUrl":"https:\/\/static.africa-press.net\/benin\/sites\/46\/2022\/07\/postQueueImg_18-62db07f903650.jpg","keywords":["Africa Press","Africa Press-Benin","B\u00e9nin"],"articleSection":["Communaut\u00e9","homepage-french","Toutes les actualit\u00e9s"],"inLanguage":"fr-FR","potentialAction":[{"@type":"CommentAction","name":"Comment","target":["https:\/\/www.africa-press.net\/benin\/toutes-les-actualites\/benin-le-gouvernement-ordonne-la-suppression-des-milices-organisees-au-sein-de-luac#respond"]}]},{"@type":"WebPage","@id":"https:\/\/www.africa-press.net\/benin\/toutes-les-actualites\/benin-le-gouvernement-ordonne-la-suppression-des-milices-organisees-au-sein-de-luac","url":"https:\/\/www.africa-press.net\/benin\/toutes-les-actualites\/benin-le-gouvernement-ordonne-la-suppression-des-milices-organisees-au-sein-de-luac","name":"B\u00e9nin: le gouvernement ordonne la suppression des \u00ab\u00a0milices\u00a0\u00bb organis\u00e9es au sein de l\u2019UAC - B\u00e9nin","isPartOf":{"@id":"https:\/\/www.africa-press.net\/benin\/#website"},"primaryImageOfPage":{"@id":"https:\/\/www.africa-press.net\/benin\/toutes-les-actualites\/benin-le-gouvernement-ordonne-la-suppression-des-milices-organisees-au-sein-de-luac#primaryimage"},"image":{"@id":"https:\/\/www.africa-press.net\/benin\/toutes-les-actualites\/benin-le-gouvernement-ordonne-la-suppression-des-milices-organisees-au-sein-de-luac#primaryimage"},"thumbnailUrl":"https:\/\/static.africa-press.net\/benin\/sites\/46\/2022\/07\/postQueueImg_18-62db07f903650.jpg","datePublished":"2022-07-22T20:15:02+00:00","dateModified":"2022-07-22T20:27:01+00:00","author":{"@id":"https:\/\/www.africa-press.net\/benin\/#\/schema\/person\/2b1cf3cd81a31e3cd26889ca66d677f1"},"description":"Face aux d\u00e9rapages observ\u00e9s de la part de certaines institutions sp\u00e9cialis\u00e9es des organisations estudiantines de l\u2019Unive ...","breadcrumb":{"@id":"https:\/\/www.africa-press.net\/benin\/toutes-les-actualites\/benin-le-gouvernement-ordonne-la-suppression-des-milices-organisees-au-sein-de-luac#breadcrumb"},"inLanguage":"fr-FR","potentialAction":[{"@type":"ReadAction","target":["https:\/\/www.africa-press.net\/benin\/toutes-les-actualites\/benin-le-gouvernement-ordonne-la-suppression-des-milices-organisees-au-sein-de-luac"]}]},{"@type":"ImageObject","inLanguage":"fr-FR","@id":"https:\/\/www.africa-press.net\/benin\/toutes-les-actualites\/benin-le-gouvernement-ordonne-la-suppression-des-milices-organisees-au-sein-de-luac#primaryimage","url":"https:\/\/static.africa-press.net\/benin\/sites\/46\/2022\/07\/postQueueImg_18-62db07f903650.jpg","contentUrl":"https:\/\/static.africa-press.net\/benin\/sites\/46\/2022\/07\/postQueueImg_18-62db07f903650.jpg","width":1200,"height":675,"caption":"B\u00e9nin: le gouvernement ordonne la suppression des \u00ab\u00a0milices\u00a0\u00bb organis\u00e9es au sein de l\u2019UAC"},{"@type":"BreadcrumbList","@id":"https:\/\/www.africa-press.net\/benin\/toutes-les-actualites\/benin-le-gouvernement-ordonne-la-suppression-des-milices-organisees-au-sein-de-luac#breadcrumb","itemListElement":[{"@type":"ListItem","position":1,"name":"Accueil","item":"https:\/\/www.africa-press.net\/benin\/"},{"@type":"ListItem","position":2,"name":"B\u00e9nin: le gouvernement ordonne la suppression des \u00ab\u00a0milices\u00a0\u00bb organis\u00e9es au sein de l\u2019UAC"}]},{"@type":"WebSite","@id":"https:\/\/www.africa-press.net\/benin\/#website","url":"https:\/\/www.africa-press.net\/benin\/","name":"B\u00e9nin","description":"Just another Africa News Agency Sites site","potentialAction":[{"@type":"SearchAction","target":{"@type":"EntryPoint","urlTemplate":"https:\/\/www.africa-press.net\/benin\/?s={search_term_string}"},"query-input":{"@type":"PropertyValueSpecification","valueRequired":true,"valueName":"search_term_string"}}],"inLanguage":"fr-FR"},{"@type":"Person","@id":"https:\/\/www.africa-press.net\/benin\/#\/schema\/person\/2b1cf3cd81a31e3cd26889ca66d677f1","name":"cfeditorfr"}]}},"_links":{"self":[{"href":"https:\/\/www.africa-press.net\/benin\/wp-json\/wp\/v2\/posts\/7099","targetHints":{"allow":["GET"]}}],"collection":[{"href":"https:\/\/www.africa-press.net\/benin\/wp-json\/wp\/v2\/posts"}],"about":[{"href":"https:\/\/www.africa-press.net\/benin\/wp-json\/wp\/v2\/types\/post"}],"author":[{"embeddable":true,"href":"https:\/\/www.africa-press.net\/benin\/wp-json\/wp\/v2\/users\/82"}],"replies":[{"embeddable":true,"href":"https:\/\/www.africa-press.net\/benin\/wp-json\/wp\/v2\/comments?post=7099"}],"version-history":[{"count":0,"href":"https:\/\/www.africa-press.net\/benin\/wp-json\/wp\/v2\/posts\/7099\/revisions"}],"wp:featuredmedia":[{"embeddable":true,"href":"https:\/\/www.africa-press.net\/benin\/wp-json\/wp\/v2\/media\/7097"}],"wp:attachment":[{"href":"https:\/\/www.africa-press.net\/benin\/wp-json\/wp\/v2\/media?parent=7099"}],"wp:term":[{"taxonomy":"category","embeddable":true,"href":"https:\/\/www.africa-press.net\/benin\/wp-json\/wp\/v2\/categories?post=7099"},{"taxonomy":"post_tag","embeddable":true,"href":"https:\/\/www.africa-press.net\/benin\/wp-json\/wp\/v2\/tags?post=7099"}],"curies":[{"name":"wp","href":"https:\/\/api.w.org\/{rel}","templated":true}]}}