{"id":7102,"date":"2022-07-22T20:15:25","date_gmt":"2022-07-22T20:15:25","guid":{"rendered":"https:\/\/www.africa-press.net\/benin\/politique\/legislatives-2023-les-inquietudes-du-mpl-sur-le-quitus-fiscal"},"modified":"2022-07-22T20:27:31","modified_gmt":"2022-07-22T20:27:31","slug":"legislatives-2023-les-inquietudes-du-mpl-sur-le-quitus-fiscal","status":"publish","type":"post","link":"https:\/\/www.africa-press.net\/benin\/toutes-les-actualites\/legislatives-2023-les-inquietudes-du-mpl-sur-le-quitus-fiscal","title":{"rendered":"L\u00e9gislatives 2023: les inqui\u00e9tudes du MPL sur le quitus fiscal"},"content":{"rendered":"<p><span style=\"color: #ff6600\"><strong>Africa-Press &#8211; Benin. <\/strong><\/span>Le vendredi 15 Juillet dernier, la commission \u00e9lectorale nationale autonome (CENA) a rendu public \u00e0 travers un communiqu\u00e9, la liste des pi\u00e8ces entrant dans la composition des dossiers de candidatures aux l\u00e9gislatives de 2023. Exp\u00e9rience T\u00e9b\u00e9, pr\u00e9sident du parti Mouvement Populaire de Lib\u00e9ration (MPL) se pronon\u00e7ant sur la liste des pi\u00e8ces, \u00e9met des soup\u00e7ons sur le quitus fiscal qu\u2019il consid\u00e8re comme une pi\u00e8ce pouvant limiter le participation des partis politiques \u00e0 ces \u00e9lections.<\/p>\n<p>La publication par la commission \u00e9lectorale nationale autonome (CENA) des pi\u00e8ces constitutives du dossier de candidature aux prochaines \u00e9lections l\u00e9gislatives suscite des inqui\u00e9tudes au niveau de certains acteurs politiques.<\/p>\n<p>La pr\u00e9sence du quitus fiscal dans la liste des pi\u00e8ces \u00e0 fournir pour faire valider sa candidature aux l\u00e9gislatives prochaines ne rassure pas le parti mouvement populaire de lib\u00e9ration. Dans un entretien cette semaine, le pr\u00e9sident de cette formation politique affirme que le quitus fiscal est l\u2019\u00e9p\u00e9e de Damocl\u00e8s qui plane sur la t\u00eate de plusieurs partis politiques.<\/p>\n<p>\u00ab Le quitus fiscal reste pour nous, je ne vais pas dire, un goulot d\u2019\u00e9tranglement, mais l\u2019\u00e9p\u00e9e de Damocl\u00e8s qui plane sur tous les potentiels candidats. De l\u00e0 \u00e0 ce qu\u2019il te soit r\u00e9v\u00e9l\u00e9 des imp\u00f4ts que tu n\u2019a pas pay\u00e9 alors que tu n\u2019en a pas connaissance; on ne sait jamais avec ce r\u00e9gime\u00ab , s\u2019inqui\u00e8te l\u2019opposant.<\/p>\n<p>Malgr\u00e9 la proclamation de foi de gouvernement de permettre des \u00e9lections l\u00e9gislatives totalement ouvertes, le pr\u00e9sident du mouvement populaire de lib\u00e9ration craint que le quitus fiscal soit la pi\u00e8ce qui remplace le certificat de conformit\u00e9 pour exclure la participation de certains partis politique de la comp\u00e9tition \u00e9lectorale.<\/p>\n<p>Il rappelle que c\u2019est pour \u00e9viter que le quitus fiscal ne soit une pi\u00e8ce d\u2019exclusion, qu\u2019il avait plaid\u00e9 aupr\u00e8s du m\u00e9diateur de la R\u00e9publique lors du dialogue politique initi\u00e9 par ce dernier, que cette ne soit pas retenue parmi les pi\u00e8ces constitutives du dossier de candidature.<\/p>\n<p><b>Liste des pi\u00e8ces constitutives des dossiers de candidatures<\/b><\/p>\n<p>Dans un communiqu\u00e9 rendu public en fin de semaine derni\u00e8re, la CENA a inform\u00e9 les partis politiques sur les pi\u00e8ces n\u00e9cessaires pour la constitution des dossiers de candidature. La liste des pi\u00e8ces \u00e0 constituer se pr\u00e9sente comme suit:<\/p>\n<p><strong>Pour plus d&rsquo;informations et d&rsquo;analyses sur la <a href=\"https:\/\/www.africa-press.net\/benin\">Benin<\/a>, suivez <a href=\"https:\/\/www.africa-press.net\/\">Africa-Press<\/a><\/strong><\/p>\n","protected":false},"excerpt":{"rendered":"<p>Africa-Press &#8211; Benin. Le vendredi 15 Juillet dernier, la commission \u00e9lectorale nationale autonome (CENA) a rendu public \u00e0 travers un communiqu\u00e9, la liste des pi\u00e8ces entrant dans la composition des dossiers de candidatures aux l\u00e9gislatives de 2023. Exp\u00e9rience T\u00e9b\u00e9, pr\u00e9sident du parti Mouvement Populaire de Lib\u00e9ration (MPL) se pronon\u00e7ant sur la liste des pi\u00e8ces, \u00e9met [&hellip;]<\/p>\n","protected":false},"author":82,"featured_media":7101,"comment_status":"open","ping_status":"closed","sticky":false,"template":"","format":"standard","meta":{"footnotes":""},"categories":[21,11,10],"tags":[36,50,45],"class_list":["post-7102","post","type-post","status-publish","format-standard","has-post-thumbnail","hentry","category-communaute","category-homepage-french","category-toutes-les-actualites","tag-africa-press","tag-africa-press-benin","tag-benin"],"yoast_head":"<!-- This site is optimized with the Yoast SEO Premium plugin v26.1 (Yoast SEO v27.0) - https:\/\/yoast.com\/product\/yoast-seo-premium-wordpress\/ -->\n<title>L\u00e9gislatives 2023: les inqui\u00e9tudes du MPL sur le quitus fiscal - B\u00e9nin<\/title>\n<meta name=\"description\" content=\"Le vendredi 15 Juillet dernier, la commission \u00e9lectorale nationale autonome (CENA) a rendu public \u00e0 travers un communiqu ...\" \/>\n<meta name=\"robots\" content=\"index, follow, max-snippet:-1, max-image-preview:large, max-video-preview:-1\" \/>\n<link rel=\"canonical\" href=\"https:\/\/www.africa-press.net\/benin\/toutes-les-actualites\/legislatives-2023-les-inquietudes-du-mpl-sur-le-quitus-fiscal\" \/>\n<meta property=\"og:locale\" content=\"fr_FR\" \/>\n<meta property=\"og:type\" content=\"article\" \/>\n<meta property=\"og:title\" content=\"L\u00e9gislatives 2023: les inqui\u00e9tudes du MPL sur le quitus fiscal\" \/>\n<meta property=\"og:description\" content=\"Le vendredi 15 Juillet dernier, la commission \u00e9lectorale nationale autonome (CENA) a rendu public \u00e0 travers un communiqu ...\" \/>\n<meta property=\"og:url\" content=\"https:\/\/www.africa-press.net\/benin\/toutes-les-actualites\/legislatives-2023-les-inquietudes-du-mpl-sur-le-quitus-fiscal\" \/>\n<meta property=\"og:site_name\" content=\"B\u00e9nin\" \/>\n<meta property=\"article:published_time\" content=\"2022-07-22T20:15:25+00:00\" \/>\n<meta property=\"article:modified_time\" content=\"2022-07-22T20:27:31+00:00\" \/>\n<meta property=\"og:image\" content=\"https:\/\/static.africa-press.net\/benin\/sites\/46\/2022\/07\/postQueueImg_19-62db081ac3416.jpg\" \/>\n\t<meta property=\"og:image:width\" content=\"1200\" \/>\n\t<meta property=\"og:image:height\" content=\"900\" \/>\n\t<meta property=\"og:image:type\" content=\"image\/jpeg\" \/>\n<meta name=\"author\" content=\"cfeditorfr\" \/>\n<meta name=\"twitter:card\" content=\"summary_large_image\" \/>\n<meta name=\"twitter:label1\" content=\"\u00c9crit par\" \/>\n\t<meta name=\"twitter:data1\" content=\"cfeditorfr\" \/>\n\t<meta name=\"twitter:label2\" content=\"Dur\u00e9e de lecture estim\u00e9e\" \/>\n\t<meta name=\"twitter:data2\" content=\"2 minutes\" \/>\n<script type=\"application\/ld+json\" class=\"yoast-schema-graph\">{\"@context\":\"https:\/\/schema.org\",\"@graph\":[{\"@type\":\"Article\",\"@id\":\"https:\/\/www.africa-press.net\/benin\/toutes-les-actualites\/legislatives-2023-les-inquietudes-du-mpl-sur-le-quitus-fiscal#article\",\"isPartOf\":{\"@id\":\"https:\/\/www.africa-press.net\/benin\/toutes-les-actualites\/legislatives-2023-les-inquietudes-du-mpl-sur-le-quitus-fiscal\"},\"author\":{\"name\":\"cfeditorfr\",\"@id\":\"https:\/\/www.africa-press.net\/benin\/#\/schema\/person\/2b1cf3cd81a31e3cd26889ca66d677f1\"},\"headline\":\"L\u00e9gislatives 2023: les inqui\u00e9tudes du MPL sur le quitus fiscal\",\"datePublished\":\"2022-07-22T20:15:25+00:00\",\"dateModified\":\"2022-07-22T20:27:31+00:00\",\"mainEntityOfPage\":{\"@id\":\"https:\/\/www.africa-press.net\/benin\/toutes-les-actualites\/legislatives-2023-les-inquietudes-du-mpl-sur-le-quitus-fiscal\"},\"wordCount\":431,\"commentCount\":0,\"image\":{\"@id\":\"https:\/\/www.africa-press.net\/benin\/toutes-les-actualites\/legislatives-2023-les-inquietudes-du-mpl-sur-le-quitus-fiscal#primaryimage\"},\"thumbnailUrl\":\"https:\/\/static.africa-press.net\/benin\/sites\/46\/2022\/07\/postQueueImg_19-62db081ac3416.jpg\",\"keywords\":[\"Africa Press\",\"Africa Press-Benin\",\"B\u00e9nin\"],\"articleSection\":[\"Communaut\u00e9\",\"homepage-french\",\"Toutes les actualit\u00e9s\"],\"inLanguage\":\"fr-FR\",\"potentialAction\":[{\"@type\":\"CommentAction\",\"name\":\"Comment\",\"target\":[\"https:\/\/www.africa-press.net\/benin\/toutes-les-actualites\/legislatives-2023-les-inquietudes-du-mpl-sur-le-quitus-fiscal#respond\"]}]},{\"@type\":\"WebPage\",\"@id\":\"https:\/\/www.africa-press.net\/benin\/toutes-les-actualites\/legislatives-2023-les-inquietudes-du-mpl-sur-le-quitus-fiscal\",\"url\":\"https:\/\/www.africa-press.net\/benin\/toutes-les-actualites\/legislatives-2023-les-inquietudes-du-mpl-sur-le-quitus-fiscal\",\"name\":\"L\u00e9gislatives 2023: les inqui\u00e9tudes du MPL sur le quitus fiscal - B\u00e9nin\",\"isPartOf\":{\"@id\":\"https:\/\/www.africa-press.net\/benin\/#website\"},\"primaryImageOfPage\":{\"@id\":\"https:\/\/www.africa-press.net\/benin\/toutes-les-actualites\/legislatives-2023-les-inquietudes-du-mpl-sur-le-quitus-fiscal#primaryimage\"},\"image\":{\"@id\":\"https:\/\/www.africa-press.net\/benin\/toutes-les-actualites\/legislatives-2023-les-inquietudes-du-mpl-sur-le-quitus-fiscal#primaryimage\"},\"thumbnailUrl\":\"https:\/\/static.africa-press.net\/benin\/sites\/46\/2022\/07\/postQueueImg_19-62db081ac3416.jpg\",\"datePublished\":\"2022-07-22T20:15:25+00:00\",\"dateModified\":\"2022-07-22T20:27:31+00:00\",\"author\":{\"@id\":\"https:\/\/www.africa-press.net\/benin\/#\/schema\/person\/2b1cf3cd81a31e3cd26889ca66d677f1\"},\"description\":\"Le vendredi 15 Juillet dernier, la commission \u00e9lectorale nationale autonome (CENA) a rendu public \u00e0 travers un communiqu ...\",\"breadcrumb\":{\"@id\":\"https:\/\/www.africa-press.net\/benin\/toutes-les-actualites\/legislatives-2023-les-inquietudes-du-mpl-sur-le-quitus-fiscal#breadcrumb\"},\"inLanguage\":\"fr-FR\",\"potentialAction\":[{\"@type\":\"ReadAction\",\"target\":[\"https:\/\/www.africa-press.net\/benin\/toutes-les-actualites\/legislatives-2023-les-inquietudes-du-mpl-sur-le-quitus-fiscal\"]}]},{\"@type\":\"ImageObject\",\"inLanguage\":\"fr-FR\",\"@id\":\"https:\/\/www.africa-press.net\/benin\/toutes-les-actualites\/legislatives-2023-les-inquietudes-du-mpl-sur-le-quitus-fiscal#primaryimage\",\"url\":\"https:\/\/static.africa-press.net\/benin\/sites\/46\/2022\/07\/postQueueImg_19-62db081ac3416.jpg\",\"contentUrl\":\"https:\/\/static.africa-press.net\/benin\/sites\/46\/2022\/07\/postQueueImg_19-62db081ac3416.jpg\",\"width\":1200,\"height\":900,\"caption\":\"L\u00e9gislatives 2023: les inqui\u00e9tudes du MPL sur le quitus fiscal\"},{\"@type\":\"BreadcrumbList\",\"@id\":\"https:\/\/www.africa-press.net\/benin\/toutes-les-actualites\/legislatives-2023-les-inquietudes-du-mpl-sur-le-quitus-fiscal#breadcrumb\",\"itemListElement\":[{\"@type\":\"ListItem\",\"position\":1,\"name\":\"Accueil\",\"item\":\"https:\/\/www.africa-press.net\/benin\/\"},{\"@type\":\"ListItem\",\"position\":2,\"name\":\"L\u00e9gislatives 2023: les inqui\u00e9tudes du MPL sur le quitus fiscal\"}]},{\"@type\":\"WebSite\",\"@id\":\"https:\/\/www.africa-press.net\/benin\/#website\",\"url\":\"https:\/\/www.africa-press.net\/benin\/\",\"name\":\"B\u00e9nin\",\"description\":\"Just another Africa News Agency Sites site\",\"potentialAction\":[{\"@type\":\"SearchAction\",\"target\":{\"@type\":\"EntryPoint\",\"urlTemplate\":\"https:\/\/www.africa-press.net\/benin\/?s={search_term_string}\"},\"query-input\":{\"@type\":\"PropertyValueSpecification\",\"valueRequired\":true,\"valueName\":\"search_term_string\"}}],\"inLanguage\":\"fr-FR\"},{\"@type\":\"Person\",\"@id\":\"https:\/\/www.africa-press.net\/benin\/#\/schema\/person\/2b1cf3cd81a31e3cd26889ca66d677f1\",\"name\":\"cfeditorfr\"}]}<\/script>\n<!-- \/ Yoast SEO Premium plugin. -->","yoast_head_json":{"title":"L\u00e9gislatives 2023: les inqui\u00e9tudes du MPL sur le quitus fiscal - B\u00e9nin","description":"Le vendredi 15 Juillet dernier, la commission \u00e9lectorale nationale autonome (CENA) a rendu public \u00e0 travers un communiqu ...","robots":{"index":"index","follow":"follow","max-snippet":"max-snippet:-1","max-image-preview":"max-image-preview:large","max-video-preview":"max-video-preview:-1"},"canonical":"https:\/\/www.africa-press.net\/benin\/toutes-les-actualites\/legislatives-2023-les-inquietudes-du-mpl-sur-le-quitus-fiscal","og_locale":"fr_FR","og_type":"article","og_title":"L\u00e9gislatives 2023: les inqui\u00e9tudes du MPL sur le quitus fiscal","og_description":"Le vendredi 15 Juillet dernier, la commission \u00e9lectorale nationale autonome (CENA) a rendu public \u00e0 travers un communiqu ...","og_url":"https:\/\/www.africa-press.net\/benin\/toutes-les-actualites\/legislatives-2023-les-inquietudes-du-mpl-sur-le-quitus-fiscal","og_site_name":"B\u00e9nin","article_published_time":"2022-07-22T20:15:25+00:00","article_modified_time":"2022-07-22T20:27:31+00:00","og_image":[{"width":1200,"height":900,"url":"https:\/\/static.africa-press.net\/benin\/sites\/46\/2022\/07\/postQueueImg_19-62db081ac3416.jpg","type":"image\/jpeg"}],"author":"cfeditorfr","twitter_card":"summary_large_image","twitter_misc":{"\u00c9crit par":"cfeditorfr","Dur\u00e9e de lecture estim\u00e9e":"2 minutes"},"schema":{"@context":"https:\/\/schema.org","@graph":[{"@type":"Article","@id":"https:\/\/www.africa-press.net\/benin\/toutes-les-actualites\/legislatives-2023-les-inquietudes-du-mpl-sur-le-quitus-fiscal#article","isPartOf":{"@id":"https:\/\/www.africa-press.net\/benin\/toutes-les-actualites\/legislatives-2023-les-inquietudes-du-mpl-sur-le-quitus-fiscal"},"author":{"name":"cfeditorfr","@id":"https:\/\/www.africa-press.net\/benin\/#\/schema\/person\/2b1cf3cd81a31e3cd26889ca66d677f1"},"headline":"L\u00e9gislatives 2023: les inqui\u00e9tudes du MPL sur le quitus fiscal","datePublished":"2022-07-22T20:15:25+00:00","dateModified":"2022-07-22T20:27:31+00:00","mainEntityOfPage":{"@id":"https:\/\/www.africa-press.net\/benin\/toutes-les-actualites\/legislatives-2023-les-inquietudes-du-mpl-sur-le-quitus-fiscal"},"wordCount":431,"commentCount":0,"image":{"@id":"https:\/\/www.africa-press.net\/benin\/toutes-les-actualites\/legislatives-2023-les-inquietudes-du-mpl-sur-le-quitus-fiscal#primaryimage"},"thumbnailUrl":"https:\/\/static.africa-press.net\/benin\/sites\/46\/2022\/07\/postQueueImg_19-62db081ac3416.jpg","keywords":["Africa Press","Africa Press-Benin","B\u00e9nin"],"articleSection":["Communaut\u00e9","homepage-french","Toutes les actualit\u00e9s"],"inLanguage":"fr-FR","potentialAction":[{"@type":"CommentAction","name":"Comment","target":["https:\/\/www.africa-press.net\/benin\/toutes-les-actualites\/legislatives-2023-les-inquietudes-du-mpl-sur-le-quitus-fiscal#respond"]}]},{"@type":"WebPage","@id":"https:\/\/www.africa-press.net\/benin\/toutes-les-actualites\/legislatives-2023-les-inquietudes-du-mpl-sur-le-quitus-fiscal","url":"https:\/\/www.africa-press.net\/benin\/toutes-les-actualites\/legislatives-2023-les-inquietudes-du-mpl-sur-le-quitus-fiscal","name":"L\u00e9gislatives 2023: les inqui\u00e9tudes du MPL sur le quitus fiscal - B\u00e9nin","isPartOf":{"@id":"https:\/\/www.africa-press.net\/benin\/#website"},"primaryImageOfPage":{"@id":"https:\/\/www.africa-press.net\/benin\/toutes-les-actualites\/legislatives-2023-les-inquietudes-du-mpl-sur-le-quitus-fiscal#primaryimage"},"image":{"@id":"https:\/\/www.africa-press.net\/benin\/toutes-les-actualites\/legislatives-2023-les-inquietudes-du-mpl-sur-le-quitus-fiscal#primaryimage"},"thumbnailUrl":"https:\/\/static.africa-press.net\/benin\/sites\/46\/2022\/07\/postQueueImg_19-62db081ac3416.jpg","datePublished":"2022-07-22T20:15:25+00:00","dateModified":"2022-07-22T20:27:31+00:00","author":{"@id":"https:\/\/www.africa-press.net\/benin\/#\/schema\/person\/2b1cf3cd81a31e3cd26889ca66d677f1"},"description":"Le vendredi 15 Juillet dernier, la commission \u00e9lectorale nationale autonome (CENA) a rendu public \u00e0 travers un communiqu ...","breadcrumb":{"@id":"https:\/\/www.africa-press.net\/benin\/toutes-les-actualites\/legislatives-2023-les-inquietudes-du-mpl-sur-le-quitus-fiscal#breadcrumb"},"inLanguage":"fr-FR","potentialAction":[{"@type":"ReadAction","target":["https:\/\/www.africa-press.net\/benin\/toutes-les-actualites\/legislatives-2023-les-inquietudes-du-mpl-sur-le-quitus-fiscal"]}]},{"@type":"ImageObject","inLanguage":"fr-FR","@id":"https:\/\/www.africa-press.net\/benin\/toutes-les-actualites\/legislatives-2023-les-inquietudes-du-mpl-sur-le-quitus-fiscal#primaryimage","url":"https:\/\/static.africa-press.net\/benin\/sites\/46\/2022\/07\/postQueueImg_19-62db081ac3416.jpg","contentUrl":"https:\/\/static.africa-press.net\/benin\/sites\/46\/2022\/07\/postQueueImg_19-62db081ac3416.jpg","width":1200,"height":900,"caption":"L\u00e9gislatives 2023: les inqui\u00e9tudes du MPL sur le quitus fiscal"},{"@type":"BreadcrumbList","@id":"https:\/\/www.africa-press.net\/benin\/toutes-les-actualites\/legislatives-2023-les-inquietudes-du-mpl-sur-le-quitus-fiscal#breadcrumb","itemListElement":[{"@type":"ListItem","position":1,"name":"Accueil","item":"https:\/\/www.africa-press.net\/benin\/"},{"@type":"ListItem","position":2,"name":"L\u00e9gislatives 2023: les inqui\u00e9tudes du MPL sur le quitus fiscal"}]},{"@type":"WebSite","@id":"https:\/\/www.africa-press.net\/benin\/#website","url":"https:\/\/www.africa-press.net\/benin\/","name":"B\u00e9nin","description":"Just another Africa News Agency Sites site","potentialAction":[{"@type":"SearchAction","target":{"@type":"EntryPoint","urlTemplate":"https:\/\/www.africa-press.net\/benin\/?s={search_term_string}"},"query-input":{"@type":"PropertyValueSpecification","valueRequired":true,"valueName":"search_term_string"}}],"inLanguage":"fr-FR"},{"@type":"Person","@id":"https:\/\/www.africa-press.net\/benin\/#\/schema\/person\/2b1cf3cd81a31e3cd26889ca66d677f1","name":"cfeditorfr"}]}},"_links":{"self":[{"href":"https:\/\/www.africa-press.net\/benin\/wp-json\/wp\/v2\/posts\/7102","targetHints":{"allow":["GET"]}}],"collection":[{"href":"https:\/\/www.africa-press.net\/benin\/wp-json\/wp\/v2\/posts"}],"about":[{"href":"https:\/\/www.africa-press.net\/benin\/wp-json\/wp\/v2\/types\/post"}],"author":[{"embeddable":true,"href":"https:\/\/www.africa-press.net\/benin\/wp-json\/wp\/v2\/users\/82"}],"replies":[{"embeddable":true,"href":"https:\/\/www.africa-press.net\/benin\/wp-json\/wp\/v2\/comments?post=7102"}],"version-history":[{"count":0,"href":"https:\/\/www.africa-press.net\/benin\/wp-json\/wp\/v2\/posts\/7102\/revisions"}],"wp:featuredmedia":[{"embeddable":true,"href":"https:\/\/www.africa-press.net\/benin\/wp-json\/wp\/v2\/media\/7101"}],"wp:attachment":[{"href":"https:\/\/www.africa-press.net\/benin\/wp-json\/wp\/v2\/media?parent=7102"}],"wp:term":[{"taxonomy":"category","embeddable":true,"href":"https:\/\/www.africa-press.net\/benin\/wp-json\/wp\/v2\/categories?post=7102"},{"taxonomy":"post_tag","embeddable":true,"href":"https:\/\/www.africa-press.net\/benin\/wp-json\/wp\/v2\/tags?post=7102"}],"curies":[{"name":"wp","href":"https:\/\/api.w.org\/{rel}","templated":true}]}}