{"id":7105,"date":"2022-07-22T20:15:44","date_gmt":"2022-07-22T20:15:44","guid":{"rendered":"https:\/\/www.africa-press.net\/benin\/politique\/avant-le-1er-octobre-2022-les-registres-communaux-seront-disponibles-partout-cyrille-gougbedji"},"modified":"2022-07-22T20:27:57","modified_gmt":"2022-07-22T20:27:57","slug":"avant-le-1er-octobre-2022-les-registres-communaux-seront-disponibles-partout-cyrille-gougbedji","status":"publish","type":"post","link":"https:\/\/www.africa-press.net\/benin\/politique\/avant-le-1er-octobre-2022-les-registres-communaux-seront-disponibles-partout-cyrille-gougbedji","title":{"rendered":"\u00ab\u00a0Avant le 1er octobre 2022, les registres communaux seront disponibles partout\u00a0\u00bb, Cyrille Gougb\u00e9dji"},"content":{"rendered":"<p><span style=\"color: #ff6600\"><strong>Africa-Press &#8211; Benin. <\/strong><\/span>Dans la perspective de mieux g\u00e9rer et de mieux contr\u00f4ler les populations sur le territoire national, le gouvernement a pris un d\u00e9cret visant la mise en \u0153uvre des registres communaux des personnes physiques. Ces registres communaux aux dires de Cyrille Gougb\u00e9dji, mandataire d\u00e9l\u00e9gu\u00e9 de l\u2019agence nationale d\u2019identification des personnes, seront disponibles avant le 1er Octobre prochain.<\/p>\n<p>Afin d\u2019avoir une id\u00e9e commune par commune des populations du pays, le gouvernement b\u00e9ninois a pris un d\u00e9cret en ce qui concerne la mise en \u0153uvre des registres communaux des personnes physiques. Cette disposition permet de localiser chaque citoyen dans une Commune bien d\u00e9termin\u00e9e et lui impose l\u2019obligation de signaler tout d\u00e9m\u00e9nagement d\u2019une Commune vers une autre.<\/p>\n<p>Selon le compte rendu du conseil des ministres du mercredi 20 Juillet dernier, la mise en \u0153uvre de ces registres r\u00e9pond au besoin de recueillir les donn\u00e9es des r\u00e9sidents communaux, lesquelles servent notamment \u00e0 consolider ou mettre \u00e0 jour le registre national des personnes physiques, attribuer le num\u00e9ro personnel d\u2019identification, reconstituer l\u2019\u00e9tat civil des personnes.<\/p>\n<p><b>Les registres communaux disponibles d\u2019ici octobre<\/b><\/p>\n<p>Clarifiant au lendemain du conseil des ministres le contenu du d\u00e9cret pris par le gouvernement, le mandataire d\u00e9l\u00e9gu\u00e9 de l\u2019agence nationale d\u2019identification des personnes (ANIP), les registres communaux seront disponibles dans quelques mois.<\/p>\n<p>\u00ab En tout cas, avant le 1er octobre 2022, les registres communaux seront disponibles partout, sur toute l\u2019\u00e9tendue du territoire national\u00ab , a rassur\u00e9 Cyrille Gougb\u00e9dji<\/p>\n<p>Il faut dire que dans ce projet, l\u2019agence nationale d\u2019identification des personnes, joue un r\u00f4le d\u2019ex\u00e9cutant de la loi. Il s\u2019agit pour l\u2019ANIP, pr\u00e9cise le mandataire d\u00e9l\u00e9gu\u00e9 de mettre en place les registres communaux qu\u2019elle a la charge d\u2019op\u00e9rer en accompagnant les communes \u00e0 disposer d\u2019un outil majeur de ma\u00eetrise de la population locale.<\/p>\n<p>\u00ab Si dans le p\u00eale-m\u00eale, nous avions tous fait le Ravip pour figurer au registre national des personnes physiques, le traitement du registre national des personnes physiques, conduit \u00e0 extraire le registre communal au titre de chaque commune du pays, par r\u00e9f\u00e9rence \u00e0 la r\u00e9sidence d\u00e9clar\u00e9e par les uns et les autres pendant qu\u2019ils ont fait le Ravip\u00ab , a fait savoir Cyrille Gougb\u00e9dji.<\/p>\n<p>Pour la fiabilit\u00e9 du registre communal, le mandataire d\u00e9l\u00e9gu\u00e9 indique que si certains \u00e9taient par exemple dans une commune donn\u00e9e au moment de la r\u00e9alisation du ravip, et qu\u2019entre temps ils ont chang\u00e9 de r\u00e9sidence et se sont \u00e9tablis dans une nouvelle Commune, il leur faut donc signaler leur d\u00e9part et leur arriv\u00e9e dans les communes respectives.<\/p>\n<p>La signalisation de ces changements de domicile aux dires de Cyrille Gougb\u00e9dji se fera \u00e0 travers des Unit\u00e9s Communales d\u2019Identification des Personnes (UCIP) qui vont \u00eatre install\u00e9es au niveau des mairies \u00e0 travers tout le pays.<\/p>\n<p><strong>Pour plus d&rsquo;informations et d&rsquo;analyses sur la <a href=\"https:\/\/www.africa-press.net\/benin\">Benin<\/a>, suivez <a href=\"https:\/\/www.africa-press.net\/\">Africa-Press<\/a><\/strong><\/p>\n","protected":false},"excerpt":{"rendered":"<p>Africa-Press &#8211; Benin. Dans la perspective de mieux g\u00e9rer et de mieux contr\u00f4ler les populations sur le territoire national, le gouvernement a pris un d\u00e9cret visant la mise en \u0153uvre des registres communaux des personnes physiques. Ces registres communaux aux dires de Cyrille Gougb\u00e9dji, mandataire d\u00e9l\u00e9gu\u00e9 de l\u2019agence nationale d\u2019identification des personnes, seront disponibles avant [&hellip;]<\/p>\n","protected":false},"author":82,"featured_media":7104,"comment_status":"open","ping_status":"closed","sticky":false,"template":"","format":"standard","meta":{"footnotes":""},"categories":[11,2,10],"tags":[36,50,45],"class_list":["post-7105","post","type-post","status-publish","format-standard","has-post-thumbnail","hentry","category-homepage-french","category-politique","category-toutes-les-actualites","tag-africa-press","tag-africa-press-benin","tag-benin"],"yoast_head":"<!-- This site is optimized with the Yoast SEO Premium plugin v26.1 (Yoast SEO v27.0) - https:\/\/yoast.com\/product\/yoast-seo-premium-wordpress\/ -->\n<title>\u00ab\u00a0Avant le 1er octobre 2022, les registres communaux seront disponibles partout\u00a0\u00bb, Cyrille Gougb\u00e9dji - B\u00e9nin<\/title>\n<meta name=\"description\" content=\"Dans la perspective de mieux g\u00e9rer et de mieux contr\u00f4ler les populations sur le territoire national, le gouvernement a p ...\" \/>\n<meta name=\"robots\" content=\"index, follow, max-snippet:-1, max-image-preview:large, max-video-preview:-1\" \/>\n<link rel=\"canonical\" href=\"https:\/\/www.africa-press.net\/benin\/politique\/avant-le-1er-octobre-2022-les-registres-communaux-seront-disponibles-partout-cyrille-gougbedji\" \/>\n<meta property=\"og:locale\" content=\"fr_FR\" \/>\n<meta property=\"og:type\" content=\"article\" \/>\n<meta property=\"og:title\" content=\"\u00ab\u00a0Avant le 1er octobre 2022, les registres communaux seront disponibles partout\u00a0\u00bb, Cyrille Gougb\u00e9dji\" \/>\n<meta property=\"og:description\" content=\"Dans la perspective de mieux g\u00e9rer et de mieux contr\u00f4ler les populations sur le territoire national, le gouvernement a p ...\" \/>\n<meta property=\"og:url\" content=\"https:\/\/www.africa-press.net\/benin\/politique\/avant-le-1er-octobre-2022-les-registres-communaux-seront-disponibles-partout-cyrille-gougbedji\" \/>\n<meta property=\"og:site_name\" content=\"B\u00e9nin\" \/>\n<meta property=\"article:published_time\" content=\"2022-07-22T20:15:44+00:00\" \/>\n<meta property=\"article:modified_time\" content=\"2022-07-22T20:27:57+00:00\" \/>\n<meta property=\"og:image\" content=\"https:\/\/static.africa-press.net\/benin\/sites\/46\/2022\/07\/postQueueImg_20-62db083842a0f.jpg\" \/>\n\t<meta property=\"og:image:width\" content=\"1209\" \/>\n\t<meta property=\"og:image:height\" content=\"805\" \/>\n\t<meta property=\"og:image:type\" content=\"image\/jpeg\" \/>\n<meta name=\"author\" content=\"cfeditorfr\" \/>\n<meta name=\"twitter:card\" content=\"summary_large_image\" \/>\n<meta name=\"twitter:label1\" content=\"\u00c9crit par\" \/>\n\t<meta name=\"twitter:data1\" content=\"cfeditorfr\" \/>\n\t<meta name=\"twitter:label2\" content=\"Dur\u00e9e de lecture estim\u00e9e\" \/>\n\t<meta name=\"twitter:data2\" content=\"3 minutes\" \/>\n<script type=\"application\/ld+json\" class=\"yoast-schema-graph\">{\"@context\":\"https:\/\/schema.org\",\"@graph\":[{\"@type\":\"Article\",\"@id\":\"https:\/\/www.africa-press.net\/benin\/politique\/avant-le-1er-octobre-2022-les-registres-communaux-seront-disponibles-partout-cyrille-gougbedji#article\",\"isPartOf\":{\"@id\":\"https:\/\/www.africa-press.net\/benin\/politique\/avant-le-1er-octobre-2022-les-registres-communaux-seront-disponibles-partout-cyrille-gougbedji\"},\"author\":{\"name\":\"cfeditorfr\",\"@id\":\"https:\/\/www.africa-press.net\/benin\/#\/schema\/person\/2b1cf3cd81a31e3cd26889ca66d677f1\"},\"headline\":\"\u00ab\u00a0Avant le 1er octobre 2022, les registres communaux seront disponibles partout\u00a0\u00bb, Cyrille Gougb\u00e9dji\",\"datePublished\":\"2022-07-22T20:15:44+00:00\",\"dateModified\":\"2022-07-22T20:27:57+00:00\",\"mainEntityOfPage\":{\"@id\":\"https:\/\/www.africa-press.net\/benin\/politique\/avant-le-1er-octobre-2022-les-registres-communaux-seront-disponibles-partout-cyrille-gougbedji\"},\"wordCount\":527,\"commentCount\":0,\"image\":{\"@id\":\"https:\/\/www.africa-press.net\/benin\/politique\/avant-le-1er-octobre-2022-les-registres-communaux-seront-disponibles-partout-cyrille-gougbedji#primaryimage\"},\"thumbnailUrl\":\"https:\/\/static.africa-press.net\/benin\/sites\/46\/2022\/07\/postQueueImg_20-62db083842a0f.jpg\",\"keywords\":[\"Africa Press\",\"Africa Press-Benin\",\"B\u00e9nin\"],\"articleSection\":[\"homepage-french\",\"Politique\",\"Toutes les actualit\u00e9s\"],\"inLanguage\":\"fr-FR\",\"potentialAction\":[{\"@type\":\"CommentAction\",\"name\":\"Comment\",\"target\":[\"https:\/\/www.africa-press.net\/benin\/politique\/avant-le-1er-octobre-2022-les-registres-communaux-seront-disponibles-partout-cyrille-gougbedji#respond\"]}]},{\"@type\":\"WebPage\",\"@id\":\"https:\/\/www.africa-press.net\/benin\/politique\/avant-le-1er-octobre-2022-les-registres-communaux-seront-disponibles-partout-cyrille-gougbedji\",\"url\":\"https:\/\/www.africa-press.net\/benin\/politique\/avant-le-1er-octobre-2022-les-registres-communaux-seront-disponibles-partout-cyrille-gougbedji\",\"name\":\"\u00ab\u00a0Avant le 1er octobre 2022, les registres communaux seront disponibles partout\u00a0\u00bb, Cyrille Gougb\u00e9dji - B\u00e9nin\",\"isPartOf\":{\"@id\":\"https:\/\/www.africa-press.net\/benin\/#website\"},\"primaryImageOfPage\":{\"@id\":\"https:\/\/www.africa-press.net\/benin\/politique\/avant-le-1er-octobre-2022-les-registres-communaux-seront-disponibles-partout-cyrille-gougbedji#primaryimage\"},\"image\":{\"@id\":\"https:\/\/www.africa-press.net\/benin\/politique\/avant-le-1er-octobre-2022-les-registres-communaux-seront-disponibles-partout-cyrille-gougbedji#primaryimage\"},\"thumbnailUrl\":\"https:\/\/static.africa-press.net\/benin\/sites\/46\/2022\/07\/postQueueImg_20-62db083842a0f.jpg\",\"datePublished\":\"2022-07-22T20:15:44+00:00\",\"dateModified\":\"2022-07-22T20:27:57+00:00\",\"author\":{\"@id\":\"https:\/\/www.africa-press.net\/benin\/#\/schema\/person\/2b1cf3cd81a31e3cd26889ca66d677f1\"},\"description\":\"Dans la perspective de mieux g\u00e9rer et de mieux contr\u00f4ler les populations sur le territoire national, le gouvernement a p ...\",\"breadcrumb\":{\"@id\":\"https:\/\/www.africa-press.net\/benin\/politique\/avant-le-1er-octobre-2022-les-registres-communaux-seront-disponibles-partout-cyrille-gougbedji#breadcrumb\"},\"inLanguage\":\"fr-FR\",\"potentialAction\":[{\"@type\":\"ReadAction\",\"target\":[\"https:\/\/www.africa-press.net\/benin\/politique\/avant-le-1er-octobre-2022-les-registres-communaux-seront-disponibles-partout-cyrille-gougbedji\"]}]},{\"@type\":\"ImageObject\",\"inLanguage\":\"fr-FR\",\"@id\":\"https:\/\/www.africa-press.net\/benin\/politique\/avant-le-1er-octobre-2022-les-registres-communaux-seront-disponibles-partout-cyrille-gougbedji#primaryimage\",\"url\":\"https:\/\/static.africa-press.net\/benin\/sites\/46\/2022\/07\/postQueueImg_20-62db083842a0f.jpg\",\"contentUrl\":\"https:\/\/static.africa-press.net\/benin\/sites\/46\/2022\/07\/postQueueImg_20-62db083842a0f.jpg\",\"width\":1209,\"height\":805,\"caption\":\"\u00ab\u00a0Avant le 1er octobre 2022, les registres communaux seront disponibles partout\u00a0\u00bb, Cyrille Gougb\u00e9dji\"},{\"@type\":\"BreadcrumbList\",\"@id\":\"https:\/\/www.africa-press.net\/benin\/politique\/avant-le-1er-octobre-2022-les-registres-communaux-seront-disponibles-partout-cyrille-gougbedji#breadcrumb\",\"itemListElement\":[{\"@type\":\"ListItem\",\"position\":1,\"name\":\"Accueil\",\"item\":\"https:\/\/www.africa-press.net\/benin\/\"},{\"@type\":\"ListItem\",\"position\":2,\"name\":\"\u00ab\u00a0Avant le 1er octobre 2022, les registres communaux seront disponibles partout\u00a0\u00bb, Cyrille Gougb\u00e9dji\"}]},{\"@type\":\"WebSite\",\"@id\":\"https:\/\/www.africa-press.net\/benin\/#website\",\"url\":\"https:\/\/www.africa-press.net\/benin\/\",\"name\":\"B\u00e9nin\",\"description\":\"Just another Africa News Agency Sites site\",\"potentialAction\":[{\"@type\":\"SearchAction\",\"target\":{\"@type\":\"EntryPoint\",\"urlTemplate\":\"https:\/\/www.africa-press.net\/benin\/?s={search_term_string}\"},\"query-input\":{\"@type\":\"PropertyValueSpecification\",\"valueRequired\":true,\"valueName\":\"search_term_string\"}}],\"inLanguage\":\"fr-FR\"},{\"@type\":\"Person\",\"@id\":\"https:\/\/www.africa-press.net\/benin\/#\/schema\/person\/2b1cf3cd81a31e3cd26889ca66d677f1\",\"name\":\"cfeditorfr\"}]}<\/script>\n<!-- \/ Yoast SEO Premium plugin. -->","yoast_head_json":{"title":"\u00ab\u00a0Avant le 1er octobre 2022, les registres communaux seront disponibles partout\u00a0\u00bb, Cyrille Gougb\u00e9dji - B\u00e9nin","description":"Dans la perspective de mieux g\u00e9rer et de mieux contr\u00f4ler les populations sur le territoire national, le gouvernement a p ...","robots":{"index":"index","follow":"follow","max-snippet":"max-snippet:-1","max-image-preview":"max-image-preview:large","max-video-preview":"max-video-preview:-1"},"canonical":"https:\/\/www.africa-press.net\/benin\/politique\/avant-le-1er-octobre-2022-les-registres-communaux-seront-disponibles-partout-cyrille-gougbedji","og_locale":"fr_FR","og_type":"article","og_title":"\u00ab\u00a0Avant le 1er octobre 2022, les registres communaux seront disponibles partout\u00a0\u00bb, Cyrille Gougb\u00e9dji","og_description":"Dans la perspective de mieux g\u00e9rer et de mieux contr\u00f4ler les populations sur le territoire national, le gouvernement a p ...","og_url":"https:\/\/www.africa-press.net\/benin\/politique\/avant-le-1er-octobre-2022-les-registres-communaux-seront-disponibles-partout-cyrille-gougbedji","og_site_name":"B\u00e9nin","article_published_time":"2022-07-22T20:15:44+00:00","article_modified_time":"2022-07-22T20:27:57+00:00","og_image":[{"width":1209,"height":805,"url":"https:\/\/static.africa-press.net\/benin\/sites\/46\/2022\/07\/postQueueImg_20-62db083842a0f.jpg","type":"image\/jpeg"}],"author":"cfeditorfr","twitter_card":"summary_large_image","twitter_misc":{"\u00c9crit par":"cfeditorfr","Dur\u00e9e de lecture estim\u00e9e":"3 minutes"},"schema":{"@context":"https:\/\/schema.org","@graph":[{"@type":"Article","@id":"https:\/\/www.africa-press.net\/benin\/politique\/avant-le-1er-octobre-2022-les-registres-communaux-seront-disponibles-partout-cyrille-gougbedji#article","isPartOf":{"@id":"https:\/\/www.africa-press.net\/benin\/politique\/avant-le-1er-octobre-2022-les-registres-communaux-seront-disponibles-partout-cyrille-gougbedji"},"author":{"name":"cfeditorfr","@id":"https:\/\/www.africa-press.net\/benin\/#\/schema\/person\/2b1cf3cd81a31e3cd26889ca66d677f1"},"headline":"\u00ab\u00a0Avant le 1er octobre 2022, les registres communaux seront disponibles partout\u00a0\u00bb, Cyrille Gougb\u00e9dji","datePublished":"2022-07-22T20:15:44+00:00","dateModified":"2022-07-22T20:27:57+00:00","mainEntityOfPage":{"@id":"https:\/\/www.africa-press.net\/benin\/politique\/avant-le-1er-octobre-2022-les-registres-communaux-seront-disponibles-partout-cyrille-gougbedji"},"wordCount":527,"commentCount":0,"image":{"@id":"https:\/\/www.africa-press.net\/benin\/politique\/avant-le-1er-octobre-2022-les-registres-communaux-seront-disponibles-partout-cyrille-gougbedji#primaryimage"},"thumbnailUrl":"https:\/\/static.africa-press.net\/benin\/sites\/46\/2022\/07\/postQueueImg_20-62db083842a0f.jpg","keywords":["Africa Press","Africa Press-Benin","B\u00e9nin"],"articleSection":["homepage-french","Politique","Toutes les actualit\u00e9s"],"inLanguage":"fr-FR","potentialAction":[{"@type":"CommentAction","name":"Comment","target":["https:\/\/www.africa-press.net\/benin\/politique\/avant-le-1er-octobre-2022-les-registres-communaux-seront-disponibles-partout-cyrille-gougbedji#respond"]}]},{"@type":"WebPage","@id":"https:\/\/www.africa-press.net\/benin\/politique\/avant-le-1er-octobre-2022-les-registres-communaux-seront-disponibles-partout-cyrille-gougbedji","url":"https:\/\/www.africa-press.net\/benin\/politique\/avant-le-1er-octobre-2022-les-registres-communaux-seront-disponibles-partout-cyrille-gougbedji","name":"\u00ab\u00a0Avant le 1er octobre 2022, les registres communaux seront disponibles partout\u00a0\u00bb, Cyrille Gougb\u00e9dji - B\u00e9nin","isPartOf":{"@id":"https:\/\/www.africa-press.net\/benin\/#website"},"primaryImageOfPage":{"@id":"https:\/\/www.africa-press.net\/benin\/politique\/avant-le-1er-octobre-2022-les-registres-communaux-seront-disponibles-partout-cyrille-gougbedji#primaryimage"},"image":{"@id":"https:\/\/www.africa-press.net\/benin\/politique\/avant-le-1er-octobre-2022-les-registres-communaux-seront-disponibles-partout-cyrille-gougbedji#primaryimage"},"thumbnailUrl":"https:\/\/static.africa-press.net\/benin\/sites\/46\/2022\/07\/postQueueImg_20-62db083842a0f.jpg","datePublished":"2022-07-22T20:15:44+00:00","dateModified":"2022-07-22T20:27:57+00:00","author":{"@id":"https:\/\/www.africa-press.net\/benin\/#\/schema\/person\/2b1cf3cd81a31e3cd26889ca66d677f1"},"description":"Dans la perspective de mieux g\u00e9rer et de mieux contr\u00f4ler les populations sur le territoire national, le gouvernement a p ...","breadcrumb":{"@id":"https:\/\/www.africa-press.net\/benin\/politique\/avant-le-1er-octobre-2022-les-registres-communaux-seront-disponibles-partout-cyrille-gougbedji#breadcrumb"},"inLanguage":"fr-FR","potentialAction":[{"@type":"ReadAction","target":["https:\/\/www.africa-press.net\/benin\/politique\/avant-le-1er-octobre-2022-les-registres-communaux-seront-disponibles-partout-cyrille-gougbedji"]}]},{"@type":"ImageObject","inLanguage":"fr-FR","@id":"https:\/\/www.africa-press.net\/benin\/politique\/avant-le-1er-octobre-2022-les-registres-communaux-seront-disponibles-partout-cyrille-gougbedji#primaryimage","url":"https:\/\/static.africa-press.net\/benin\/sites\/46\/2022\/07\/postQueueImg_20-62db083842a0f.jpg","contentUrl":"https:\/\/static.africa-press.net\/benin\/sites\/46\/2022\/07\/postQueueImg_20-62db083842a0f.jpg","width":1209,"height":805,"caption":"\u00ab\u00a0Avant le 1er octobre 2022, les registres communaux seront disponibles partout\u00a0\u00bb, Cyrille Gougb\u00e9dji"},{"@type":"BreadcrumbList","@id":"https:\/\/www.africa-press.net\/benin\/politique\/avant-le-1er-octobre-2022-les-registres-communaux-seront-disponibles-partout-cyrille-gougbedji#breadcrumb","itemListElement":[{"@type":"ListItem","position":1,"name":"Accueil","item":"https:\/\/www.africa-press.net\/benin\/"},{"@type":"ListItem","position":2,"name":"\u00ab\u00a0Avant le 1er octobre 2022, les registres communaux seront disponibles partout\u00a0\u00bb, Cyrille Gougb\u00e9dji"}]},{"@type":"WebSite","@id":"https:\/\/www.africa-press.net\/benin\/#website","url":"https:\/\/www.africa-press.net\/benin\/","name":"B\u00e9nin","description":"Just another Africa News Agency Sites site","potentialAction":[{"@type":"SearchAction","target":{"@type":"EntryPoint","urlTemplate":"https:\/\/www.africa-press.net\/benin\/?s={search_term_string}"},"query-input":{"@type":"PropertyValueSpecification","valueRequired":true,"valueName":"search_term_string"}}],"inLanguage":"fr-FR"},{"@type":"Person","@id":"https:\/\/www.africa-press.net\/benin\/#\/schema\/person\/2b1cf3cd81a31e3cd26889ca66d677f1","name":"cfeditorfr"}]}},"_links":{"self":[{"href":"https:\/\/www.africa-press.net\/benin\/wp-json\/wp\/v2\/posts\/7105","targetHints":{"allow":["GET"]}}],"collection":[{"href":"https:\/\/www.africa-press.net\/benin\/wp-json\/wp\/v2\/posts"}],"about":[{"href":"https:\/\/www.africa-press.net\/benin\/wp-json\/wp\/v2\/types\/post"}],"author":[{"embeddable":true,"href":"https:\/\/www.africa-press.net\/benin\/wp-json\/wp\/v2\/users\/82"}],"replies":[{"embeddable":true,"href":"https:\/\/www.africa-press.net\/benin\/wp-json\/wp\/v2\/comments?post=7105"}],"version-history":[{"count":0,"href":"https:\/\/www.africa-press.net\/benin\/wp-json\/wp\/v2\/posts\/7105\/revisions"}],"wp:featuredmedia":[{"embeddable":true,"href":"https:\/\/www.africa-press.net\/benin\/wp-json\/wp\/v2\/media\/7104"}],"wp:attachment":[{"href":"https:\/\/www.africa-press.net\/benin\/wp-json\/wp\/v2\/media?parent=7105"}],"wp:term":[{"taxonomy":"category","embeddable":true,"href":"https:\/\/www.africa-press.net\/benin\/wp-json\/wp\/v2\/categories?post=7105"},{"taxonomy":"post_tag","embeddable":true,"href":"https:\/\/www.africa-press.net\/benin\/wp-json\/wp\/v2\/tags?post=7105"}],"curies":[{"name":"wp","href":"https:\/\/api.w.org\/{rel}","templated":true}]}}