{"id":7108,"date":"2022-07-22T20:15:57","date_gmt":"2022-07-22T20:15:57","guid":{"rendered":"https:\/\/www.africa-press.net\/benin\/politique\/benin-dates-et-conditions-de-participation-aux-concours-dentree-dans-les-lycees"},"modified":"2022-07-22T20:28:26","modified_gmt":"2022-07-22T20:28:26","slug":"benin-dates-et-conditions-de-participation-aux-concours-dentree-dans-les-lycees","status":"publish","type":"post","link":"https:\/\/www.africa-press.net\/benin\/toutes-les-actualites\/benin-dates-et-conditions-de-participation-aux-concours-dentree-dans-les-lycees","title":{"rendered":"B\u00e9nin: dates et conditions de participation aux concours d\u2019entr\u00e9e dans les lyc\u00e9es"},"content":{"rendered":"<p><span style=\"color: #ff6600\"><strong>Africa-Press &#8211; Benin. <\/strong><\/span>Le ministre des enseignements secondaires, techniques et de la formation professionnelle, Kouaro Yves Chabi a ouvert le registre d\u2019inscription aux concours d\u2019entr\u00e9e dans les lyc\u00e9es d\u2019enseignement technique.<\/p>\n<p>Le registre d\u2019inscription aux concours d\u2019entr\u00e9e dans les lyc\u00e9es est ouvert pour les potentiels candidats. C\u2019est \u00e0 travers un communiqu\u00e9 radiodiffus\u00e9 du ministre des enseignements secondaires techniques et de la formation professionnelle, Kouaro Yves Chabi que l\u2019information est port\u00e9e \u00e0 la connaissance des potentiels candidats.<\/p>\n<p>L\u2019inscription pour le compte de ces diff\u00e9rents concours se fera du lundi 25 Juillet au vendredi 05 Ao\u00fbt 2022. Peuvent prendre part \u00e0 ces concours, les b\u00e9ninois des deux sexes remplissant les conditions ci-apr\u00e8s:<\/p>\n<p>Les concours se d\u00e9rouleront le lundi 29 Ao\u00fbt 2022 pour certains candidats et le mardi 30 Ao\u00fbt 2022 pour d\u2019autres. Une note de service du directeur des examens et concours pr\u00e9cisera en temps opportun les sp\u00e9cialit\u00e9s concern\u00e9es ainsi que les centre de compositions retenus, pr\u00e9cise le communiqu\u00e9 de Kouaro Yves Chabi.<\/p>\n<p>Les autres informations concernant ces diff\u00e9rents concours d\u2019entr\u00e9e dans les lyc\u00e9es techniques se pr\u00e9sentent comme suit:<\/p>\n<p><b>Concours d\u2019entr\u00e9e \u00e0 l\u2019EFMS<\/b><br \/>\n<b>Concours d\u2019entr\u00e9e dans les LET \u2026<\/b><\/p>\n<p><strong>Pour plus d&rsquo;informations et d&rsquo;analyses sur la <a href=\"https:\/\/www.africa-press.net\/benin\">Benin<\/a>, suivez <a href=\"https:\/\/www.africa-press.net\/\">Africa-Press<\/a><\/strong><\/p>\n","protected":false},"excerpt":{"rendered":"<p>Africa-Press &#8211; Benin. Le ministre des enseignements secondaires, techniques et de la formation professionnelle, Kouaro Yves Chabi a ouvert le registre d\u2019inscription aux concours d\u2019entr\u00e9e dans les lyc\u00e9es d\u2019enseignement technique. Le registre d\u2019inscription aux concours d\u2019entr\u00e9e dans les lyc\u00e9es est ouvert pour les potentiels candidats. C\u2019est \u00e0 travers un communiqu\u00e9 radiodiffus\u00e9 du ministre des enseignements [&hellip;]<\/p>\n","protected":false},"author":82,"featured_media":7107,"comment_status":"open","ping_status":"closed","sticky":false,"template":"","format":"standard","meta":{"footnotes":""},"categories":[21,11,10],"tags":[36,50,45],"class_list":["post-7108","post","type-post","status-publish","format-standard","has-post-thumbnail","hentry","category-communaute","category-homepage-french","category-toutes-les-actualites","tag-africa-press","tag-africa-press-benin","tag-benin"],"yoast_head":"<!-- This site is optimized with the Yoast SEO Premium plugin v26.1 (Yoast SEO v27.0) - https:\/\/yoast.com\/product\/yoast-seo-premium-wordpress\/ -->\n<title>B\u00e9nin: dates et conditions de participation aux concours d\u2019entr\u00e9e dans les lyc\u00e9es - B\u00e9nin<\/title>\n<meta name=\"description\" content=\"Le ministre des enseignements secondaires, techniques et de la formation professionnelle, Kouaro Yves Chabi a ouvert le ...\" \/>\n<meta name=\"robots\" content=\"index, follow, max-snippet:-1, max-image-preview:large, max-video-preview:-1\" \/>\n<link rel=\"canonical\" href=\"https:\/\/www.africa-press.net\/benin\/toutes-les-actualites\/benin-dates-et-conditions-de-participation-aux-concours-dentree-dans-les-lycees\" \/>\n<meta property=\"og:locale\" content=\"fr_FR\" \/>\n<meta property=\"og:type\" content=\"article\" \/>\n<meta property=\"og:title\" content=\"B\u00e9nin: dates et conditions de participation aux concours d\u2019entr\u00e9e dans les lyc\u00e9es\" \/>\n<meta property=\"og:description\" content=\"Le ministre des enseignements secondaires, techniques et de la formation professionnelle, Kouaro Yves Chabi a ouvert le ...\" \/>\n<meta property=\"og:url\" content=\"https:\/\/www.africa-press.net\/benin\/toutes-les-actualites\/benin-dates-et-conditions-de-participation-aux-concours-dentree-dans-les-lycees\" \/>\n<meta property=\"og:site_name\" content=\"B\u00e9nin\" \/>\n<meta property=\"article:published_time\" content=\"2022-07-22T20:15:57+00:00\" \/>\n<meta property=\"article:modified_time\" content=\"2022-07-22T20:28:26+00:00\" \/>\n<meta property=\"og:image\" content=\"https:\/\/static.africa-press.net\/benin\/sites\/46\/2022\/07\/postQueueImg_21-62db0852c60eb.jpg\" \/>\n\t<meta property=\"og:image:width\" content=\"1200\" \/>\n\t<meta property=\"og:image:height\" content=\"800\" \/>\n\t<meta property=\"og:image:type\" content=\"image\/jpeg\" \/>\n<meta name=\"author\" content=\"cfeditorfr\" \/>\n<meta name=\"twitter:card\" content=\"summary_large_image\" \/>\n<meta name=\"twitter:label1\" content=\"\u00c9crit par\" \/>\n\t<meta name=\"twitter:data1\" content=\"cfeditorfr\" \/>\n\t<meta name=\"twitter:label2\" content=\"Dur\u00e9e de lecture estim\u00e9e\" \/>\n\t<meta name=\"twitter:data2\" content=\"1 minute\" \/>\n<script type=\"application\/ld+json\" class=\"yoast-schema-graph\">{\"@context\":\"https:\/\/schema.org\",\"@graph\":[{\"@type\":\"Article\",\"@id\":\"https:\/\/www.africa-press.net\/benin\/toutes-les-actualites\/benin-dates-et-conditions-de-participation-aux-concours-dentree-dans-les-lycees#article\",\"isPartOf\":{\"@id\":\"https:\/\/www.africa-press.net\/benin\/toutes-les-actualites\/benin-dates-et-conditions-de-participation-aux-concours-dentree-dans-les-lycees\"},\"author\":{\"name\":\"cfeditorfr\",\"@id\":\"https:\/\/www.africa-press.net\/benin\/#\/schema\/person\/2b1cf3cd81a31e3cd26889ca66d677f1\"},\"headline\":\"B\u00e9nin: dates et conditions de participation aux concours d\u2019entr\u00e9e dans les lyc\u00e9es\",\"datePublished\":\"2022-07-22T20:15:57+00:00\",\"dateModified\":\"2022-07-22T20:28:26+00:00\",\"mainEntityOfPage\":{\"@id\":\"https:\/\/www.africa-press.net\/benin\/toutes-les-actualites\/benin-dates-et-conditions-de-participation-aux-concours-dentree-dans-les-lycees\"},\"wordCount\":238,\"commentCount\":0,\"image\":{\"@id\":\"https:\/\/www.africa-press.net\/benin\/toutes-les-actualites\/benin-dates-et-conditions-de-participation-aux-concours-dentree-dans-les-lycees#primaryimage\"},\"thumbnailUrl\":\"https:\/\/static.africa-press.net\/benin\/sites\/46\/2022\/07\/postQueueImg_21-62db0852c60eb.jpg\",\"keywords\":[\"Africa Press\",\"Africa Press-Benin\",\"B\u00e9nin\"],\"articleSection\":[\"Communaut\u00e9\",\"homepage-french\",\"Toutes les actualit\u00e9s\"],\"inLanguage\":\"fr-FR\",\"potentialAction\":[{\"@type\":\"CommentAction\",\"name\":\"Comment\",\"target\":[\"https:\/\/www.africa-press.net\/benin\/toutes-les-actualites\/benin-dates-et-conditions-de-participation-aux-concours-dentree-dans-les-lycees#respond\"]}]},{\"@type\":\"WebPage\",\"@id\":\"https:\/\/www.africa-press.net\/benin\/toutes-les-actualites\/benin-dates-et-conditions-de-participation-aux-concours-dentree-dans-les-lycees\",\"url\":\"https:\/\/www.africa-press.net\/benin\/toutes-les-actualites\/benin-dates-et-conditions-de-participation-aux-concours-dentree-dans-les-lycees\",\"name\":\"B\u00e9nin: dates et conditions de participation aux concours d\u2019entr\u00e9e dans les lyc\u00e9es - B\u00e9nin\",\"isPartOf\":{\"@id\":\"https:\/\/www.africa-press.net\/benin\/#website\"},\"primaryImageOfPage\":{\"@id\":\"https:\/\/www.africa-press.net\/benin\/toutes-les-actualites\/benin-dates-et-conditions-de-participation-aux-concours-dentree-dans-les-lycees#primaryimage\"},\"image\":{\"@id\":\"https:\/\/www.africa-press.net\/benin\/toutes-les-actualites\/benin-dates-et-conditions-de-participation-aux-concours-dentree-dans-les-lycees#primaryimage\"},\"thumbnailUrl\":\"https:\/\/static.africa-press.net\/benin\/sites\/46\/2022\/07\/postQueueImg_21-62db0852c60eb.jpg\",\"datePublished\":\"2022-07-22T20:15:57+00:00\",\"dateModified\":\"2022-07-22T20:28:26+00:00\",\"author\":{\"@id\":\"https:\/\/www.africa-press.net\/benin\/#\/schema\/person\/2b1cf3cd81a31e3cd26889ca66d677f1\"},\"description\":\"Le ministre des enseignements secondaires, techniques et de la formation professionnelle, Kouaro Yves Chabi a ouvert le ...\",\"breadcrumb\":{\"@id\":\"https:\/\/www.africa-press.net\/benin\/toutes-les-actualites\/benin-dates-et-conditions-de-participation-aux-concours-dentree-dans-les-lycees#breadcrumb\"},\"inLanguage\":\"fr-FR\",\"potentialAction\":[{\"@type\":\"ReadAction\",\"target\":[\"https:\/\/www.africa-press.net\/benin\/toutes-les-actualites\/benin-dates-et-conditions-de-participation-aux-concours-dentree-dans-les-lycees\"]}]},{\"@type\":\"ImageObject\",\"inLanguage\":\"fr-FR\",\"@id\":\"https:\/\/www.africa-press.net\/benin\/toutes-les-actualites\/benin-dates-et-conditions-de-participation-aux-concours-dentree-dans-les-lycees#primaryimage\",\"url\":\"https:\/\/static.africa-press.net\/benin\/sites\/46\/2022\/07\/postQueueImg_21-62db0852c60eb.jpg\",\"contentUrl\":\"https:\/\/static.africa-press.net\/benin\/sites\/46\/2022\/07\/postQueueImg_21-62db0852c60eb.jpg\",\"width\":1200,\"height\":800,\"caption\":\"B\u00e9nin: dates et conditions de participation aux concours d\u2019entr\u00e9e dans les lyc\u00e9es\"},{\"@type\":\"BreadcrumbList\",\"@id\":\"https:\/\/www.africa-press.net\/benin\/toutes-les-actualites\/benin-dates-et-conditions-de-participation-aux-concours-dentree-dans-les-lycees#breadcrumb\",\"itemListElement\":[{\"@type\":\"ListItem\",\"position\":1,\"name\":\"Accueil\",\"item\":\"https:\/\/www.africa-press.net\/benin\/\"},{\"@type\":\"ListItem\",\"position\":2,\"name\":\"B\u00e9nin: dates et conditions de participation aux concours d\u2019entr\u00e9e dans les lyc\u00e9es\"}]},{\"@type\":\"WebSite\",\"@id\":\"https:\/\/www.africa-press.net\/benin\/#website\",\"url\":\"https:\/\/www.africa-press.net\/benin\/\",\"name\":\"B\u00e9nin\",\"description\":\"Just another Africa News Agency Sites site\",\"potentialAction\":[{\"@type\":\"SearchAction\",\"target\":{\"@type\":\"EntryPoint\",\"urlTemplate\":\"https:\/\/www.africa-press.net\/benin\/?s={search_term_string}\"},\"query-input\":{\"@type\":\"PropertyValueSpecification\",\"valueRequired\":true,\"valueName\":\"search_term_string\"}}],\"inLanguage\":\"fr-FR\"},{\"@type\":\"Person\",\"@id\":\"https:\/\/www.africa-press.net\/benin\/#\/schema\/person\/2b1cf3cd81a31e3cd26889ca66d677f1\",\"name\":\"cfeditorfr\"}]}<\/script>\n<!-- \/ Yoast SEO Premium plugin. -->","yoast_head_json":{"title":"B\u00e9nin: dates et conditions de participation aux concours d\u2019entr\u00e9e dans les lyc\u00e9es - B\u00e9nin","description":"Le ministre des enseignements secondaires, techniques et de la formation professionnelle, Kouaro Yves Chabi a ouvert le ...","robots":{"index":"index","follow":"follow","max-snippet":"max-snippet:-1","max-image-preview":"max-image-preview:large","max-video-preview":"max-video-preview:-1"},"canonical":"https:\/\/www.africa-press.net\/benin\/toutes-les-actualites\/benin-dates-et-conditions-de-participation-aux-concours-dentree-dans-les-lycees","og_locale":"fr_FR","og_type":"article","og_title":"B\u00e9nin: dates et conditions de participation aux concours d\u2019entr\u00e9e dans les lyc\u00e9es","og_description":"Le ministre des enseignements secondaires, techniques et de la formation professionnelle, Kouaro Yves Chabi a ouvert le ...","og_url":"https:\/\/www.africa-press.net\/benin\/toutes-les-actualites\/benin-dates-et-conditions-de-participation-aux-concours-dentree-dans-les-lycees","og_site_name":"B\u00e9nin","article_published_time":"2022-07-22T20:15:57+00:00","article_modified_time":"2022-07-22T20:28:26+00:00","og_image":[{"width":1200,"height":800,"url":"https:\/\/static.africa-press.net\/benin\/sites\/46\/2022\/07\/postQueueImg_21-62db0852c60eb.jpg","type":"image\/jpeg"}],"author":"cfeditorfr","twitter_card":"summary_large_image","twitter_misc":{"\u00c9crit par":"cfeditorfr","Dur\u00e9e de lecture estim\u00e9e":"1 minute"},"schema":{"@context":"https:\/\/schema.org","@graph":[{"@type":"Article","@id":"https:\/\/www.africa-press.net\/benin\/toutes-les-actualites\/benin-dates-et-conditions-de-participation-aux-concours-dentree-dans-les-lycees#article","isPartOf":{"@id":"https:\/\/www.africa-press.net\/benin\/toutes-les-actualites\/benin-dates-et-conditions-de-participation-aux-concours-dentree-dans-les-lycees"},"author":{"name":"cfeditorfr","@id":"https:\/\/www.africa-press.net\/benin\/#\/schema\/person\/2b1cf3cd81a31e3cd26889ca66d677f1"},"headline":"B\u00e9nin: dates et conditions de participation aux concours d\u2019entr\u00e9e dans les lyc\u00e9es","datePublished":"2022-07-22T20:15:57+00:00","dateModified":"2022-07-22T20:28:26+00:00","mainEntityOfPage":{"@id":"https:\/\/www.africa-press.net\/benin\/toutes-les-actualites\/benin-dates-et-conditions-de-participation-aux-concours-dentree-dans-les-lycees"},"wordCount":238,"commentCount":0,"image":{"@id":"https:\/\/www.africa-press.net\/benin\/toutes-les-actualites\/benin-dates-et-conditions-de-participation-aux-concours-dentree-dans-les-lycees#primaryimage"},"thumbnailUrl":"https:\/\/static.africa-press.net\/benin\/sites\/46\/2022\/07\/postQueueImg_21-62db0852c60eb.jpg","keywords":["Africa Press","Africa Press-Benin","B\u00e9nin"],"articleSection":["Communaut\u00e9","homepage-french","Toutes les actualit\u00e9s"],"inLanguage":"fr-FR","potentialAction":[{"@type":"CommentAction","name":"Comment","target":["https:\/\/www.africa-press.net\/benin\/toutes-les-actualites\/benin-dates-et-conditions-de-participation-aux-concours-dentree-dans-les-lycees#respond"]}]},{"@type":"WebPage","@id":"https:\/\/www.africa-press.net\/benin\/toutes-les-actualites\/benin-dates-et-conditions-de-participation-aux-concours-dentree-dans-les-lycees","url":"https:\/\/www.africa-press.net\/benin\/toutes-les-actualites\/benin-dates-et-conditions-de-participation-aux-concours-dentree-dans-les-lycees","name":"B\u00e9nin: dates et conditions de participation aux concours d\u2019entr\u00e9e dans les lyc\u00e9es - B\u00e9nin","isPartOf":{"@id":"https:\/\/www.africa-press.net\/benin\/#website"},"primaryImageOfPage":{"@id":"https:\/\/www.africa-press.net\/benin\/toutes-les-actualites\/benin-dates-et-conditions-de-participation-aux-concours-dentree-dans-les-lycees#primaryimage"},"image":{"@id":"https:\/\/www.africa-press.net\/benin\/toutes-les-actualites\/benin-dates-et-conditions-de-participation-aux-concours-dentree-dans-les-lycees#primaryimage"},"thumbnailUrl":"https:\/\/static.africa-press.net\/benin\/sites\/46\/2022\/07\/postQueueImg_21-62db0852c60eb.jpg","datePublished":"2022-07-22T20:15:57+00:00","dateModified":"2022-07-22T20:28:26+00:00","author":{"@id":"https:\/\/www.africa-press.net\/benin\/#\/schema\/person\/2b1cf3cd81a31e3cd26889ca66d677f1"},"description":"Le ministre des enseignements secondaires, techniques et de la formation professionnelle, Kouaro Yves Chabi a ouvert le ...","breadcrumb":{"@id":"https:\/\/www.africa-press.net\/benin\/toutes-les-actualites\/benin-dates-et-conditions-de-participation-aux-concours-dentree-dans-les-lycees#breadcrumb"},"inLanguage":"fr-FR","potentialAction":[{"@type":"ReadAction","target":["https:\/\/www.africa-press.net\/benin\/toutes-les-actualites\/benin-dates-et-conditions-de-participation-aux-concours-dentree-dans-les-lycees"]}]},{"@type":"ImageObject","inLanguage":"fr-FR","@id":"https:\/\/www.africa-press.net\/benin\/toutes-les-actualites\/benin-dates-et-conditions-de-participation-aux-concours-dentree-dans-les-lycees#primaryimage","url":"https:\/\/static.africa-press.net\/benin\/sites\/46\/2022\/07\/postQueueImg_21-62db0852c60eb.jpg","contentUrl":"https:\/\/static.africa-press.net\/benin\/sites\/46\/2022\/07\/postQueueImg_21-62db0852c60eb.jpg","width":1200,"height":800,"caption":"B\u00e9nin: dates et conditions de participation aux concours d\u2019entr\u00e9e dans les lyc\u00e9es"},{"@type":"BreadcrumbList","@id":"https:\/\/www.africa-press.net\/benin\/toutes-les-actualites\/benin-dates-et-conditions-de-participation-aux-concours-dentree-dans-les-lycees#breadcrumb","itemListElement":[{"@type":"ListItem","position":1,"name":"Accueil","item":"https:\/\/www.africa-press.net\/benin\/"},{"@type":"ListItem","position":2,"name":"B\u00e9nin: dates et conditions de participation aux concours d\u2019entr\u00e9e dans les lyc\u00e9es"}]},{"@type":"WebSite","@id":"https:\/\/www.africa-press.net\/benin\/#website","url":"https:\/\/www.africa-press.net\/benin\/","name":"B\u00e9nin","description":"Just another Africa News Agency Sites site","potentialAction":[{"@type":"SearchAction","target":{"@type":"EntryPoint","urlTemplate":"https:\/\/www.africa-press.net\/benin\/?s={search_term_string}"},"query-input":{"@type":"PropertyValueSpecification","valueRequired":true,"valueName":"search_term_string"}}],"inLanguage":"fr-FR"},{"@type":"Person","@id":"https:\/\/www.africa-press.net\/benin\/#\/schema\/person\/2b1cf3cd81a31e3cd26889ca66d677f1","name":"cfeditorfr"}]}},"_links":{"self":[{"href":"https:\/\/www.africa-press.net\/benin\/wp-json\/wp\/v2\/posts\/7108","targetHints":{"allow":["GET"]}}],"collection":[{"href":"https:\/\/www.africa-press.net\/benin\/wp-json\/wp\/v2\/posts"}],"about":[{"href":"https:\/\/www.africa-press.net\/benin\/wp-json\/wp\/v2\/types\/post"}],"author":[{"embeddable":true,"href":"https:\/\/www.africa-press.net\/benin\/wp-json\/wp\/v2\/users\/82"}],"replies":[{"embeddable":true,"href":"https:\/\/www.africa-press.net\/benin\/wp-json\/wp\/v2\/comments?post=7108"}],"version-history":[{"count":0,"href":"https:\/\/www.africa-press.net\/benin\/wp-json\/wp\/v2\/posts\/7108\/revisions"}],"wp:featuredmedia":[{"embeddable":true,"href":"https:\/\/www.africa-press.net\/benin\/wp-json\/wp\/v2\/media\/7107"}],"wp:attachment":[{"href":"https:\/\/www.africa-press.net\/benin\/wp-json\/wp\/v2\/media?parent=7108"}],"wp:term":[{"taxonomy":"category","embeddable":true,"href":"https:\/\/www.africa-press.net\/benin\/wp-json\/wp\/v2\/categories?post=7108"},{"taxonomy":"post_tag","embeddable":true,"href":"https:\/\/www.africa-press.net\/benin\/wp-json\/wp\/v2\/tags?post=7108"}],"curies":[{"name":"wp","href":"https:\/\/api.w.org\/{rel}","templated":true}]}}