{"id":7114,"date":"2022-07-22T20:16:23","date_gmt":"2022-07-22T20:16:23","guid":{"rendered":"https:\/\/www.africa-press.net\/benin\/politique\/benin-fete-du-1er-aout-pas-de-defile-dans-plusieurs-communes-de-latacora"},"modified":"2022-07-22T20:29:24","modified_gmt":"2022-07-22T20:29:24","slug":"benin-fete-du-1er-aout-pas-de-defile-dans-plusieurs-communes-de-latacora","status":"publish","type":"post","link":"https:\/\/www.africa-press.net\/benin\/politique\/benin-fete-du-1er-aout-pas-de-defile-dans-plusieurs-communes-de-latacora","title":{"rendered":"B\u00e9nin \u2013 F\u00eate du 1er Ao\u00fbt: pas de d\u00e9fil\u00e9 dans plusieurs communes de l\u2019Atacora"},"content":{"rendered":"<p><span style=\"color: #ff6600\"><strong>Africa-Press &#8211; Benin. <\/strong><\/span>L\u2019autorit\u00e9 pr\u00e9fectorale du d\u00e9partement de l\u2019Atacora fait l\u2019option de la prudence dans le cadre des manifestations officielles pour comm\u00e9morer les 62 ans d\u2019accession du B\u00e9nin \u00e0 la souverainet\u00e9 internationale. Ainsi, la tenue de d\u00e9fil\u00e9 n\u2019est pas autoris\u00e9e dans certaines communes dans l\u2019Atacora-Ouest.<\/p>\n<p>Le 1er Ao\u00fbt 2022, le B\u00e9nin va comm\u00e9morer ses 62 ans d\u2019accession \u00e0 la souverainet\u00e9 internationale. Dans le d\u00e9partement de l\u2019Atlantique, les manifestations officielles seront r\u00e9duites \u00e0 un geste symbolique de d\u00e9p\u00f4t de gerbes aux pieds des monuments aux morts dans certaines communes du d\u00e9partement de l\u2019Atacora.<\/p>\n<p>Selon les informations, l\u2019autorit\u00e9 pr\u00e9fectorale, D\u00e9r\u00e9 Lydie Chabi Nah ne compte pas autoriser de grandes manifestations officielles dans les communes de Mat\u00e9ri, Cobly, Tangui\u00e9ta, Boukomb\u00e9, Toucountouna et Natitingou en raison des menaces s\u00e9curitaires qui planent sur le d\u00e9partement.<\/p>\n<p>En effet, depuis D\u00e9cembre 2021, le B\u00e9nin a fait face \u00e0 des attaques djihadistes dans la partie septentrionale du pays. Des attaques qui ont co\u00fbt\u00e9 \u00e0 certains hommes vaillants de nos forces arm\u00e9es et de d\u00e9fense. Les grands regroupement \u00e9tant des cibles favorites pour ces terroristes, la cheffe du d\u00e9partement de l\u2019Atacora a d\u00e9cid\u00e9 de jouer \u00e0 la prudence.<\/p>\n<p>Ainsi en lieu et place de grandes manifestations officielles faites de d\u00e9fil\u00e9 militaire et civil, D\u00e9r\u00e9 Lydie Chabi Nah a recommand\u00e9 aux maires des ces communes de proc\u00e9der \u00e0 un d\u00e9p\u00f4t symbolique de gerbe aux pieds des monuments aux morts pour comm\u00e9morer de fa\u00e7on symbolique cette f\u00eate nationale. A travers cette d\u00e9cision, D\u00e9r\u00e9 Lydie Chabi Nah, la premi\u00e8re autorit\u00e9 du d\u00e9partement de l\u2019Atacora entend pr\u00e9server la vie des populations face aux menaces s\u00e9curitaires qui planent sur leur d\u00e9partement.<\/p>\n<p><strong>Pour plus d&rsquo;informations et d&rsquo;analyses sur la <a href=\"https:\/\/www.africa-press.net\/benin\">Benin<\/a>, suivez <a href=\"https:\/\/www.africa-press.net\/\">Africa-Press<\/a><\/strong><\/p>\n","protected":false},"excerpt":{"rendered":"<p>Africa-Press &#8211; Benin. L\u2019autorit\u00e9 pr\u00e9fectorale du d\u00e9partement de l\u2019Atacora fait l\u2019option de la prudence dans le cadre des manifestations officielles pour comm\u00e9morer les 62 ans d\u2019accession du B\u00e9nin \u00e0 la souverainet\u00e9 internationale. Ainsi, la tenue de d\u00e9fil\u00e9 n\u2019est pas autoris\u00e9e dans certaines communes dans l\u2019Atacora-Ouest. Le 1er Ao\u00fbt 2022, le B\u00e9nin va comm\u00e9morer ses 62 [&hellip;]<\/p>\n","protected":false},"author":82,"featured_media":7113,"comment_status":"open","ping_status":"closed","sticky":false,"template":"","format":"standard","meta":{"footnotes":""},"categories":[11,2,10],"tags":[36,50,45],"class_list":["post-7114","post","type-post","status-publish","format-standard","has-post-thumbnail","hentry","category-homepage-french","category-politique","category-toutes-les-actualites","tag-africa-press","tag-africa-press-benin","tag-benin"],"yoast_head":"<!-- This site is optimized with the Yoast SEO Premium plugin v26.1 (Yoast SEO v27.0) - https:\/\/yoast.com\/product\/yoast-seo-premium-wordpress\/ -->\n<title>B\u00e9nin \u2013 F\u00eate du 1er Ao\u00fbt: pas de d\u00e9fil\u00e9 dans plusieurs communes de l\u2019Atacora - B\u00e9nin<\/title>\n<meta name=\"description\" content=\"L\u2019autorit\u00e9 pr\u00e9fectorale du d\u00e9partement de l\u2019Atacora fait l\u2019option de la prudence dans le cadre des manifestations offici ...\" \/>\n<meta name=\"robots\" content=\"index, follow, max-snippet:-1, max-image-preview:large, max-video-preview:-1\" \/>\n<link rel=\"canonical\" href=\"https:\/\/www.africa-press.net\/benin\/politique\/benin-fete-du-1er-aout-pas-de-defile-dans-plusieurs-communes-de-latacora\" \/>\n<meta property=\"og:locale\" content=\"fr_FR\" \/>\n<meta property=\"og:type\" content=\"article\" \/>\n<meta property=\"og:title\" content=\"B\u00e9nin \u2013 F\u00eate du 1er Ao\u00fbt: pas de d\u00e9fil\u00e9 dans plusieurs communes de l\u2019Atacora\" \/>\n<meta property=\"og:description\" content=\"L\u2019autorit\u00e9 pr\u00e9fectorale du d\u00e9partement de l\u2019Atacora fait l\u2019option de la prudence dans le cadre des manifestations offici ...\" \/>\n<meta property=\"og:url\" content=\"https:\/\/www.africa-press.net\/benin\/politique\/benin-fete-du-1er-aout-pas-de-defile-dans-plusieurs-communes-de-latacora\" \/>\n<meta property=\"og:site_name\" content=\"B\u00e9nin\" \/>\n<meta property=\"article:published_time\" content=\"2022-07-22T20:16:23+00:00\" \/>\n<meta property=\"article:modified_time\" content=\"2022-07-22T20:29:24+00:00\" \/>\n<meta property=\"og:image\" content=\"https:\/\/static.africa-press.net\/benin\/sites\/46\/2022\/07\/postQueueImg_23-62db08890216c.jpg\" \/>\n\t<meta property=\"og:image:width\" content=\"1200\" \/>\n\t<meta property=\"og:image:height\" content=\"675\" \/>\n\t<meta property=\"og:image:type\" content=\"image\/jpeg\" \/>\n<meta name=\"author\" content=\"cfeditorfr\" \/>\n<meta name=\"twitter:card\" content=\"summary_large_image\" \/>\n<meta name=\"twitter:label1\" content=\"\u00c9crit par\" \/>\n\t<meta name=\"twitter:data1\" content=\"cfeditorfr\" \/>\n\t<meta name=\"twitter:label2\" content=\"Dur\u00e9e de lecture estim\u00e9e\" \/>\n\t<meta name=\"twitter:data2\" content=\"2 minutes\" \/>\n<script type=\"application\/ld+json\" class=\"yoast-schema-graph\">{\"@context\":\"https:\/\/schema.org\",\"@graph\":[{\"@type\":\"Article\",\"@id\":\"https:\/\/www.africa-press.net\/benin\/politique\/benin-fete-du-1er-aout-pas-de-defile-dans-plusieurs-communes-de-latacora#article\",\"isPartOf\":{\"@id\":\"https:\/\/www.africa-press.net\/benin\/politique\/benin-fete-du-1er-aout-pas-de-defile-dans-plusieurs-communes-de-latacora\"},\"author\":{\"name\":\"cfeditorfr\",\"@id\":\"https:\/\/www.africa-press.net\/benin\/#\/schema\/person\/2b1cf3cd81a31e3cd26889ca66d677f1\"},\"headline\":\"B\u00e9nin \u2013 F\u00eate du 1er Ao\u00fbt: pas de d\u00e9fil\u00e9 dans plusieurs communes de l\u2019Atacora\",\"datePublished\":\"2022-07-22T20:16:23+00:00\",\"dateModified\":\"2022-07-22T20:29:24+00:00\",\"mainEntityOfPage\":{\"@id\":\"https:\/\/www.africa-press.net\/benin\/politique\/benin-fete-du-1er-aout-pas-de-defile-dans-plusieurs-communes-de-latacora\"},\"wordCount\":340,\"commentCount\":0,\"image\":{\"@id\":\"https:\/\/www.africa-press.net\/benin\/politique\/benin-fete-du-1er-aout-pas-de-defile-dans-plusieurs-communes-de-latacora#primaryimage\"},\"thumbnailUrl\":\"https:\/\/static.africa-press.net\/benin\/sites\/46\/2022\/07\/postQueueImg_23-62db08890216c.jpg\",\"keywords\":[\"Africa Press\",\"Africa Press-Benin\",\"B\u00e9nin\"],\"articleSection\":[\"homepage-french\",\"Politique\",\"Toutes les actualit\u00e9s\"],\"inLanguage\":\"fr-FR\",\"potentialAction\":[{\"@type\":\"CommentAction\",\"name\":\"Comment\",\"target\":[\"https:\/\/www.africa-press.net\/benin\/politique\/benin-fete-du-1er-aout-pas-de-defile-dans-plusieurs-communes-de-latacora#respond\"]}]},{\"@type\":\"WebPage\",\"@id\":\"https:\/\/www.africa-press.net\/benin\/politique\/benin-fete-du-1er-aout-pas-de-defile-dans-plusieurs-communes-de-latacora\",\"url\":\"https:\/\/www.africa-press.net\/benin\/politique\/benin-fete-du-1er-aout-pas-de-defile-dans-plusieurs-communes-de-latacora\",\"name\":\"B\u00e9nin \u2013 F\u00eate du 1er Ao\u00fbt: pas de d\u00e9fil\u00e9 dans plusieurs communes de l\u2019Atacora - B\u00e9nin\",\"isPartOf\":{\"@id\":\"https:\/\/www.africa-press.net\/benin\/#website\"},\"primaryImageOfPage\":{\"@id\":\"https:\/\/www.africa-press.net\/benin\/politique\/benin-fete-du-1er-aout-pas-de-defile-dans-plusieurs-communes-de-latacora#primaryimage\"},\"image\":{\"@id\":\"https:\/\/www.africa-press.net\/benin\/politique\/benin-fete-du-1er-aout-pas-de-defile-dans-plusieurs-communes-de-latacora#primaryimage\"},\"thumbnailUrl\":\"https:\/\/static.africa-press.net\/benin\/sites\/46\/2022\/07\/postQueueImg_23-62db08890216c.jpg\",\"datePublished\":\"2022-07-22T20:16:23+00:00\",\"dateModified\":\"2022-07-22T20:29:24+00:00\",\"author\":{\"@id\":\"https:\/\/www.africa-press.net\/benin\/#\/schema\/person\/2b1cf3cd81a31e3cd26889ca66d677f1\"},\"description\":\"L\u2019autorit\u00e9 pr\u00e9fectorale du d\u00e9partement de l\u2019Atacora fait l\u2019option de la prudence dans le cadre des manifestations offici ...\",\"breadcrumb\":{\"@id\":\"https:\/\/www.africa-press.net\/benin\/politique\/benin-fete-du-1er-aout-pas-de-defile-dans-plusieurs-communes-de-latacora#breadcrumb\"},\"inLanguage\":\"fr-FR\",\"potentialAction\":[{\"@type\":\"ReadAction\",\"target\":[\"https:\/\/www.africa-press.net\/benin\/politique\/benin-fete-du-1er-aout-pas-de-defile-dans-plusieurs-communes-de-latacora\"]}]},{\"@type\":\"ImageObject\",\"inLanguage\":\"fr-FR\",\"@id\":\"https:\/\/www.africa-press.net\/benin\/politique\/benin-fete-du-1er-aout-pas-de-defile-dans-plusieurs-communes-de-latacora#primaryimage\",\"url\":\"https:\/\/static.africa-press.net\/benin\/sites\/46\/2022\/07\/postQueueImg_23-62db08890216c.jpg\",\"contentUrl\":\"https:\/\/static.africa-press.net\/benin\/sites\/46\/2022\/07\/postQueueImg_23-62db08890216c.jpg\",\"width\":1200,\"height\":675,\"caption\":\"B\u00e9nin \u2013 F\u00eate du 1er Ao\u00fbt: pas de d\u00e9fil\u00e9 dans plusieurs communes de l\u2019Atacora\"},{\"@type\":\"BreadcrumbList\",\"@id\":\"https:\/\/www.africa-press.net\/benin\/politique\/benin-fete-du-1er-aout-pas-de-defile-dans-plusieurs-communes-de-latacora#breadcrumb\",\"itemListElement\":[{\"@type\":\"ListItem\",\"position\":1,\"name\":\"Accueil\",\"item\":\"https:\/\/www.africa-press.net\/benin\/\"},{\"@type\":\"ListItem\",\"position\":2,\"name\":\"B\u00e9nin \u2013 F\u00eate du 1er Ao\u00fbt: pas de d\u00e9fil\u00e9 dans plusieurs communes de l\u2019Atacora\"}]},{\"@type\":\"WebSite\",\"@id\":\"https:\/\/www.africa-press.net\/benin\/#website\",\"url\":\"https:\/\/www.africa-press.net\/benin\/\",\"name\":\"B\u00e9nin\",\"description\":\"Just another Africa News Agency Sites site\",\"potentialAction\":[{\"@type\":\"SearchAction\",\"target\":{\"@type\":\"EntryPoint\",\"urlTemplate\":\"https:\/\/www.africa-press.net\/benin\/?s={search_term_string}\"},\"query-input\":{\"@type\":\"PropertyValueSpecification\",\"valueRequired\":true,\"valueName\":\"search_term_string\"}}],\"inLanguage\":\"fr-FR\"},{\"@type\":\"Person\",\"@id\":\"https:\/\/www.africa-press.net\/benin\/#\/schema\/person\/2b1cf3cd81a31e3cd26889ca66d677f1\",\"name\":\"cfeditorfr\"}]}<\/script>\n<!-- \/ Yoast SEO Premium plugin. -->","yoast_head_json":{"title":"B\u00e9nin \u2013 F\u00eate du 1er Ao\u00fbt: pas de d\u00e9fil\u00e9 dans plusieurs communes de l\u2019Atacora - B\u00e9nin","description":"L\u2019autorit\u00e9 pr\u00e9fectorale du d\u00e9partement de l\u2019Atacora fait l\u2019option de la prudence dans le cadre des manifestations offici ...","robots":{"index":"index","follow":"follow","max-snippet":"max-snippet:-1","max-image-preview":"max-image-preview:large","max-video-preview":"max-video-preview:-1"},"canonical":"https:\/\/www.africa-press.net\/benin\/politique\/benin-fete-du-1er-aout-pas-de-defile-dans-plusieurs-communes-de-latacora","og_locale":"fr_FR","og_type":"article","og_title":"B\u00e9nin \u2013 F\u00eate du 1er Ao\u00fbt: pas de d\u00e9fil\u00e9 dans plusieurs communes de l\u2019Atacora","og_description":"L\u2019autorit\u00e9 pr\u00e9fectorale du d\u00e9partement de l\u2019Atacora fait l\u2019option de la prudence dans le cadre des manifestations offici ...","og_url":"https:\/\/www.africa-press.net\/benin\/politique\/benin-fete-du-1er-aout-pas-de-defile-dans-plusieurs-communes-de-latacora","og_site_name":"B\u00e9nin","article_published_time":"2022-07-22T20:16:23+00:00","article_modified_time":"2022-07-22T20:29:24+00:00","og_image":[{"width":1200,"height":675,"url":"https:\/\/static.africa-press.net\/benin\/sites\/46\/2022\/07\/postQueueImg_23-62db08890216c.jpg","type":"image\/jpeg"}],"author":"cfeditorfr","twitter_card":"summary_large_image","twitter_misc":{"\u00c9crit par":"cfeditorfr","Dur\u00e9e de lecture estim\u00e9e":"2 minutes"},"schema":{"@context":"https:\/\/schema.org","@graph":[{"@type":"Article","@id":"https:\/\/www.africa-press.net\/benin\/politique\/benin-fete-du-1er-aout-pas-de-defile-dans-plusieurs-communes-de-latacora#article","isPartOf":{"@id":"https:\/\/www.africa-press.net\/benin\/politique\/benin-fete-du-1er-aout-pas-de-defile-dans-plusieurs-communes-de-latacora"},"author":{"name":"cfeditorfr","@id":"https:\/\/www.africa-press.net\/benin\/#\/schema\/person\/2b1cf3cd81a31e3cd26889ca66d677f1"},"headline":"B\u00e9nin \u2013 F\u00eate du 1er Ao\u00fbt: pas de d\u00e9fil\u00e9 dans plusieurs communes de l\u2019Atacora","datePublished":"2022-07-22T20:16:23+00:00","dateModified":"2022-07-22T20:29:24+00:00","mainEntityOfPage":{"@id":"https:\/\/www.africa-press.net\/benin\/politique\/benin-fete-du-1er-aout-pas-de-defile-dans-plusieurs-communes-de-latacora"},"wordCount":340,"commentCount":0,"image":{"@id":"https:\/\/www.africa-press.net\/benin\/politique\/benin-fete-du-1er-aout-pas-de-defile-dans-plusieurs-communes-de-latacora#primaryimage"},"thumbnailUrl":"https:\/\/static.africa-press.net\/benin\/sites\/46\/2022\/07\/postQueueImg_23-62db08890216c.jpg","keywords":["Africa Press","Africa Press-Benin","B\u00e9nin"],"articleSection":["homepage-french","Politique","Toutes les actualit\u00e9s"],"inLanguage":"fr-FR","potentialAction":[{"@type":"CommentAction","name":"Comment","target":["https:\/\/www.africa-press.net\/benin\/politique\/benin-fete-du-1er-aout-pas-de-defile-dans-plusieurs-communes-de-latacora#respond"]}]},{"@type":"WebPage","@id":"https:\/\/www.africa-press.net\/benin\/politique\/benin-fete-du-1er-aout-pas-de-defile-dans-plusieurs-communes-de-latacora","url":"https:\/\/www.africa-press.net\/benin\/politique\/benin-fete-du-1er-aout-pas-de-defile-dans-plusieurs-communes-de-latacora","name":"B\u00e9nin \u2013 F\u00eate du 1er Ao\u00fbt: pas de d\u00e9fil\u00e9 dans plusieurs communes de l\u2019Atacora - B\u00e9nin","isPartOf":{"@id":"https:\/\/www.africa-press.net\/benin\/#website"},"primaryImageOfPage":{"@id":"https:\/\/www.africa-press.net\/benin\/politique\/benin-fete-du-1er-aout-pas-de-defile-dans-plusieurs-communes-de-latacora#primaryimage"},"image":{"@id":"https:\/\/www.africa-press.net\/benin\/politique\/benin-fete-du-1er-aout-pas-de-defile-dans-plusieurs-communes-de-latacora#primaryimage"},"thumbnailUrl":"https:\/\/static.africa-press.net\/benin\/sites\/46\/2022\/07\/postQueueImg_23-62db08890216c.jpg","datePublished":"2022-07-22T20:16:23+00:00","dateModified":"2022-07-22T20:29:24+00:00","author":{"@id":"https:\/\/www.africa-press.net\/benin\/#\/schema\/person\/2b1cf3cd81a31e3cd26889ca66d677f1"},"description":"L\u2019autorit\u00e9 pr\u00e9fectorale du d\u00e9partement de l\u2019Atacora fait l\u2019option de la prudence dans le cadre des manifestations offici ...","breadcrumb":{"@id":"https:\/\/www.africa-press.net\/benin\/politique\/benin-fete-du-1er-aout-pas-de-defile-dans-plusieurs-communes-de-latacora#breadcrumb"},"inLanguage":"fr-FR","potentialAction":[{"@type":"ReadAction","target":["https:\/\/www.africa-press.net\/benin\/politique\/benin-fete-du-1er-aout-pas-de-defile-dans-plusieurs-communes-de-latacora"]}]},{"@type":"ImageObject","inLanguage":"fr-FR","@id":"https:\/\/www.africa-press.net\/benin\/politique\/benin-fete-du-1er-aout-pas-de-defile-dans-plusieurs-communes-de-latacora#primaryimage","url":"https:\/\/static.africa-press.net\/benin\/sites\/46\/2022\/07\/postQueueImg_23-62db08890216c.jpg","contentUrl":"https:\/\/static.africa-press.net\/benin\/sites\/46\/2022\/07\/postQueueImg_23-62db08890216c.jpg","width":1200,"height":675,"caption":"B\u00e9nin \u2013 F\u00eate du 1er Ao\u00fbt: pas de d\u00e9fil\u00e9 dans plusieurs communes de l\u2019Atacora"},{"@type":"BreadcrumbList","@id":"https:\/\/www.africa-press.net\/benin\/politique\/benin-fete-du-1er-aout-pas-de-defile-dans-plusieurs-communes-de-latacora#breadcrumb","itemListElement":[{"@type":"ListItem","position":1,"name":"Accueil","item":"https:\/\/www.africa-press.net\/benin\/"},{"@type":"ListItem","position":2,"name":"B\u00e9nin \u2013 F\u00eate du 1er Ao\u00fbt: pas de d\u00e9fil\u00e9 dans plusieurs communes de l\u2019Atacora"}]},{"@type":"WebSite","@id":"https:\/\/www.africa-press.net\/benin\/#website","url":"https:\/\/www.africa-press.net\/benin\/","name":"B\u00e9nin","description":"Just another Africa News Agency Sites site","potentialAction":[{"@type":"SearchAction","target":{"@type":"EntryPoint","urlTemplate":"https:\/\/www.africa-press.net\/benin\/?s={search_term_string}"},"query-input":{"@type":"PropertyValueSpecification","valueRequired":true,"valueName":"search_term_string"}}],"inLanguage":"fr-FR"},{"@type":"Person","@id":"https:\/\/www.africa-press.net\/benin\/#\/schema\/person\/2b1cf3cd81a31e3cd26889ca66d677f1","name":"cfeditorfr"}]}},"_links":{"self":[{"href":"https:\/\/www.africa-press.net\/benin\/wp-json\/wp\/v2\/posts\/7114","targetHints":{"allow":["GET"]}}],"collection":[{"href":"https:\/\/www.africa-press.net\/benin\/wp-json\/wp\/v2\/posts"}],"about":[{"href":"https:\/\/www.africa-press.net\/benin\/wp-json\/wp\/v2\/types\/post"}],"author":[{"embeddable":true,"href":"https:\/\/www.africa-press.net\/benin\/wp-json\/wp\/v2\/users\/82"}],"replies":[{"embeddable":true,"href":"https:\/\/www.africa-press.net\/benin\/wp-json\/wp\/v2\/comments?post=7114"}],"version-history":[{"count":0,"href":"https:\/\/www.africa-press.net\/benin\/wp-json\/wp\/v2\/posts\/7114\/revisions"}],"wp:featuredmedia":[{"embeddable":true,"href":"https:\/\/www.africa-press.net\/benin\/wp-json\/wp\/v2\/media\/7113"}],"wp:attachment":[{"href":"https:\/\/www.africa-press.net\/benin\/wp-json\/wp\/v2\/media?parent=7114"}],"wp:term":[{"taxonomy":"category","embeddable":true,"href":"https:\/\/www.africa-press.net\/benin\/wp-json\/wp\/v2\/categories?post=7114"},{"taxonomy":"post_tag","embeddable":true,"href":"https:\/\/www.africa-press.net\/benin\/wp-json\/wp\/v2\/tags?post=7114"}],"curies":[{"name":"wp","href":"https:\/\/api.w.org\/{rel}","templated":true}]}}