{"id":7117,"date":"2022-07-22T20:16:36","date_gmt":"2022-07-22T20:16:36","guid":{"rendered":"https:\/\/www.africa-press.net\/benin\/politique\/benin-les-nouveaux-monuments-de-cotonou-inaugures-ce-30-juillet-en-presence-de-soglo-et-yayi"},"modified":"2022-07-22T20:31:26","modified_gmt":"2022-07-22T20:31:26","slug":"benin-les-nouveaux-monuments-de-cotonou-inaugures-ce-30-juillet-en-presence-de-soglo-et-yayi","status":"publish","type":"post","link":"https:\/\/www.africa-press.net\/benin\/toutes-les-actualites\/benin-les-nouveaux-monuments-de-cotonou-inaugures-ce-30-juillet-en-presence-de-soglo-et-yayi","title":{"rendered":"B\u00e9nin: les nouveaux monuments de Cotonou inaugur\u00e9s ce 30 Juillet en pr\u00e9sence de Soglo et Yayi"},"content":{"rendered":"<p><span style=\"color: #ff6600\"><strong>Africa-Press &#8211; Benin. <\/strong><\/span>La ville vitrine de Cotonou, capitale \u00e9conomique du B\u00e9nin dispose de nouveaux monuments et une majestueuse place publique \u00e9rig\u00e9e sur le boulevard qui abritait le domicile de l\u2019ancien pr\u00e9sident Mathieu K\u00e9r\u00e9kou. Ces monuments qui changent l\u2019aspect de la ville seront inaugur\u00e9s le 30 Juillet prochain.<\/p>\n<p>Le chef de l\u2019Etat, le pr\u00e9sident Patrice Talon va proc\u00e9der \u00e0 l\u2019inauguration de plusieurs monuments \u00e9rig\u00e9s dans la ville de Cotonou le samedi 30 Juillet prochain. Selon les informations de \u00ab Le Matinal \u00bb, il s\u2019agit notamment de l\u2019inauguration de la place de l\u2019Amazone, de la Statut de Bio Gu\u00e9ra et des Jardins de Mathieu. Ces monuments \u00e9rig\u00e9s dans la ville de Cotonou rencontrent le d\u00e9sir du chef de l\u2019Etat, le pr\u00e9sident Patrice Talon de faire de Cotonou une ville moderne et attractive.<\/p>\n<p>Les jardins de Mathieu en l\u2019honneur de l\u2019ancien pr\u00e9sident Mathieu K\u00e9r\u00e9kou est \u00e9rig\u00e9 dans la zone du boulevard de la Marina. Ce projet s\u2019inscrit dans le cadre des travaux d\u2019assainissement et de r\u00e9am\u00e9nagement de ce boulevard partant du giratoire Erevan jusqu\u2019au carrefour de la Loterie nationale du B\u00e9nin, au quartier Ganhi. Ce projet est un composant du projet d\u2019embellissement de la ville de Cotonou, ville vitrine du pays.<\/p>\n<p>La place de l\u2019amazone avec la statut g\u00e9ante qui a longtemps aliment\u00e9 la pol\u00e9mique dans le pays sera \u00e9galement inaugur\u00e9e. Appel\u00e9e \u00ab Esplanade des Amazones \u00bb, cette place abrite une statut majestueuse d\u2019une femme guerri\u00e8re consid\u00e9r\u00e9e pour les uns comme comme Reine Tassi Hangb\u00e8 et pour les autres, le portrait d\u2019une amazone b\u00e9ninoise.<\/p>\n<p>La statut de Bio Guerra n\u2019a pas suscit\u00e9 moins de pol\u00e9mique. Si les avis ont \u00e9t\u00e9 unanimes sur la qualit\u00e9 du travail de l\u2019artiste, beaucoup ont d\u00e9plor\u00e9 le lieu d\u2019implantation de cette statut. L\u2019allure mena\u00e7ant du guerrier font dire \u00e0 certains que quand on arrive au B\u00e9nin, on est menac\u00e9 par une statut alors que le pays a de tout temps \u00e9t\u00e9 consid\u00e9r\u00e9 comme une terre d\u2019accueil.<\/p>\n<p><b>La pr\u00e9sence de Soglo et Yayi annonc\u00e9e \u00e0 l\u2019inauguration.<\/b><\/p>\n<p>Selon le quotidien \u00ab Le Matinal \u00bb, l\u2019inauguration de ces nouveaux monuments et place publique se fera en pr\u00e9sence des anciens pr\u00e9sidents Nic\u00e9phore Soglo et Thomas Boni Yayi. Seulement , les deux anciens chefs d\u2019Etat sont tous hors du territoire national. L\u2019una l\u2019\u00e9tranger pour check-up m\u00e9dical et l\u2019autre en mission de bons offices en Guin\u00e9e.<\/p>\n<p>Il faut pr\u00e9ciser que l\u2019inauguration de ces infrastructures se fera la veille de la comm\u00e9moration des 62 ans d\u2019accession du B\u00e9nin \u00e0 la souverainet\u00e9 internationale. Les c\u00e9r\u00e9monies officielles pour le compte de cette f\u00eate nationale se d\u00e9rouleront sur le boulevard de La Marina.<\/p>\n<p><strong>Pour plus d&rsquo;informations et d&rsquo;analyses sur la <a href=\"https:\/\/www.africa-press.net\/benin\">Benin<\/a>, suivez <a href=\"https:\/\/www.africa-press.net\/\">Africa-Press<\/a><\/strong><\/p>\n","protected":false},"excerpt":{"rendered":"<p>Africa-Press &#8211; Benin. La ville vitrine de Cotonou, capitale \u00e9conomique du B\u00e9nin dispose de nouveaux monuments et une majestueuse place publique \u00e9rig\u00e9e sur le boulevard qui abritait le domicile de l\u2019ancien pr\u00e9sident Mathieu K\u00e9r\u00e9kou. Ces monuments qui changent l\u2019aspect de la ville seront inaugur\u00e9s le 30 Juillet prochain. Le chef de l\u2019Etat, le pr\u00e9sident Patrice [&hellip;]<\/p>\n","protected":false},"author":82,"featured_media":7116,"comment_status":"open","ping_status":"closed","sticky":false,"template":"","format":"standard","meta":{"footnotes":""},"categories":[21,11,10],"tags":[36,50,45],"class_list":["post-7117","post","type-post","status-publish","format-standard","has-post-thumbnail","hentry","category-communaute","category-homepage-french","category-toutes-les-actualites","tag-africa-press","tag-africa-press-benin","tag-benin"],"yoast_head":"<!-- This site is optimized with the Yoast SEO Premium plugin v26.1 (Yoast SEO v27.0) - https:\/\/yoast.com\/product\/yoast-seo-premium-wordpress\/ -->\n<title>B\u00e9nin: les nouveaux monuments de Cotonou inaugur\u00e9s ce 30 Juillet en pr\u00e9sence de Soglo et Yayi - B\u00e9nin<\/title>\n<meta name=\"description\" content=\"La ville vitrine de Cotonou, capitale \u00e9conomique du B\u00e9nin dispose de nouveaux monuments et une majestueuse place publiqu ...\" \/>\n<meta name=\"robots\" content=\"index, follow, max-snippet:-1, max-image-preview:large, max-video-preview:-1\" \/>\n<link rel=\"canonical\" href=\"https:\/\/www.africa-press.net\/benin\/toutes-les-actualites\/benin-les-nouveaux-monuments-de-cotonou-inaugures-ce-30-juillet-en-presence-de-soglo-et-yayi\" \/>\n<meta property=\"og:locale\" content=\"fr_FR\" \/>\n<meta property=\"og:type\" content=\"article\" \/>\n<meta property=\"og:title\" content=\"B\u00e9nin: les nouveaux monuments de Cotonou inaugur\u00e9s ce 30 Juillet en pr\u00e9sence de Soglo et Yayi\" \/>\n<meta property=\"og:description\" content=\"La ville vitrine de Cotonou, capitale \u00e9conomique du B\u00e9nin dispose de nouveaux monuments et une majestueuse place publiqu ...\" \/>\n<meta property=\"og:url\" content=\"https:\/\/www.africa-press.net\/benin\/toutes-les-actualites\/benin-les-nouveaux-monuments-de-cotonou-inaugures-ce-30-juillet-en-presence-de-soglo-et-yayi\" \/>\n<meta property=\"og:site_name\" content=\"B\u00e9nin\" \/>\n<meta property=\"article:published_time\" content=\"2022-07-22T20:16:36+00:00\" \/>\n<meta property=\"article:modified_time\" content=\"2022-07-22T20:31:26+00:00\" \/>\n<meta property=\"og:image\" content=\"https:\/\/static.africa-press.net\/benin\/sites\/46\/2022\/07\/postQueueImg_24-62db08a9d4454.jpg\" \/>\n\t<meta property=\"og:image:width\" content=\"1200\" \/>\n\t<meta property=\"og:image:height\" content=\"684\" \/>\n\t<meta property=\"og:image:type\" content=\"image\/jpeg\" \/>\n<meta name=\"author\" content=\"cfeditorfr\" \/>\n<meta name=\"twitter:card\" content=\"summary_large_image\" \/>\n<meta name=\"twitter:label1\" content=\"\u00c9crit par\" \/>\n\t<meta name=\"twitter:data1\" content=\"cfeditorfr\" \/>\n\t<meta name=\"twitter:label2\" content=\"Dur\u00e9e de lecture estim\u00e9e\" \/>\n\t<meta name=\"twitter:data2\" content=\"3 minutes\" \/>\n<script type=\"application\/ld+json\" class=\"yoast-schema-graph\">{\"@context\":\"https:\/\/schema.org\",\"@graph\":[{\"@type\":\"Article\",\"@id\":\"https:\/\/www.africa-press.net\/benin\/toutes-les-actualites\/benin-les-nouveaux-monuments-de-cotonou-inaugures-ce-30-juillet-en-presence-de-soglo-et-yayi#article\",\"isPartOf\":{\"@id\":\"https:\/\/www.africa-press.net\/benin\/toutes-les-actualites\/benin-les-nouveaux-monuments-de-cotonou-inaugures-ce-30-juillet-en-presence-de-soglo-et-yayi\"},\"author\":{\"name\":\"cfeditorfr\",\"@id\":\"https:\/\/www.africa-press.net\/benin\/#\/schema\/person\/2b1cf3cd81a31e3cd26889ca66d677f1\"},\"headline\":\"B\u00e9nin: les nouveaux monuments de Cotonou inaugur\u00e9s ce 30 Juillet en pr\u00e9sence de Soglo et Yayi\",\"datePublished\":\"2022-07-22T20:16:36+00:00\",\"dateModified\":\"2022-07-22T20:31:26+00:00\",\"mainEntityOfPage\":{\"@id\":\"https:\/\/www.africa-press.net\/benin\/toutes-les-actualites\/benin-les-nouveaux-monuments-de-cotonou-inaugures-ce-30-juillet-en-presence-de-soglo-et-yayi\"},\"wordCount\":518,\"commentCount\":0,\"image\":{\"@id\":\"https:\/\/www.africa-press.net\/benin\/toutes-les-actualites\/benin-les-nouveaux-monuments-de-cotonou-inaugures-ce-30-juillet-en-presence-de-soglo-et-yayi#primaryimage\"},\"thumbnailUrl\":\"https:\/\/static.africa-press.net\/benin\/sites\/46\/2022\/07\/postQueueImg_24-62db08a9d4454.jpg\",\"keywords\":[\"Africa Press\",\"Africa Press-Benin\",\"B\u00e9nin\"],\"articleSection\":[\"Communaut\u00e9\",\"homepage-french\",\"Toutes les actualit\u00e9s\"],\"inLanguage\":\"fr-FR\",\"potentialAction\":[{\"@type\":\"CommentAction\",\"name\":\"Comment\",\"target\":[\"https:\/\/www.africa-press.net\/benin\/toutes-les-actualites\/benin-les-nouveaux-monuments-de-cotonou-inaugures-ce-30-juillet-en-presence-de-soglo-et-yayi#respond\"]}]},{\"@type\":\"WebPage\",\"@id\":\"https:\/\/www.africa-press.net\/benin\/toutes-les-actualites\/benin-les-nouveaux-monuments-de-cotonou-inaugures-ce-30-juillet-en-presence-de-soglo-et-yayi\",\"url\":\"https:\/\/www.africa-press.net\/benin\/toutes-les-actualites\/benin-les-nouveaux-monuments-de-cotonou-inaugures-ce-30-juillet-en-presence-de-soglo-et-yayi\",\"name\":\"B\u00e9nin: les nouveaux monuments de Cotonou inaugur\u00e9s ce 30 Juillet en pr\u00e9sence de Soglo et Yayi - B\u00e9nin\",\"isPartOf\":{\"@id\":\"https:\/\/www.africa-press.net\/benin\/#website\"},\"primaryImageOfPage\":{\"@id\":\"https:\/\/www.africa-press.net\/benin\/toutes-les-actualites\/benin-les-nouveaux-monuments-de-cotonou-inaugures-ce-30-juillet-en-presence-de-soglo-et-yayi#primaryimage\"},\"image\":{\"@id\":\"https:\/\/www.africa-press.net\/benin\/toutes-les-actualites\/benin-les-nouveaux-monuments-de-cotonou-inaugures-ce-30-juillet-en-presence-de-soglo-et-yayi#primaryimage\"},\"thumbnailUrl\":\"https:\/\/static.africa-press.net\/benin\/sites\/46\/2022\/07\/postQueueImg_24-62db08a9d4454.jpg\",\"datePublished\":\"2022-07-22T20:16:36+00:00\",\"dateModified\":\"2022-07-22T20:31:26+00:00\",\"author\":{\"@id\":\"https:\/\/www.africa-press.net\/benin\/#\/schema\/person\/2b1cf3cd81a31e3cd26889ca66d677f1\"},\"description\":\"La ville vitrine de Cotonou, capitale \u00e9conomique du B\u00e9nin dispose de nouveaux monuments et une majestueuse place publiqu ...\",\"breadcrumb\":{\"@id\":\"https:\/\/www.africa-press.net\/benin\/toutes-les-actualites\/benin-les-nouveaux-monuments-de-cotonou-inaugures-ce-30-juillet-en-presence-de-soglo-et-yayi#breadcrumb\"},\"inLanguage\":\"fr-FR\",\"potentialAction\":[{\"@type\":\"ReadAction\",\"target\":[\"https:\/\/www.africa-press.net\/benin\/toutes-les-actualites\/benin-les-nouveaux-monuments-de-cotonou-inaugures-ce-30-juillet-en-presence-de-soglo-et-yayi\"]}]},{\"@type\":\"ImageObject\",\"inLanguage\":\"fr-FR\",\"@id\":\"https:\/\/www.africa-press.net\/benin\/toutes-les-actualites\/benin-les-nouveaux-monuments-de-cotonou-inaugures-ce-30-juillet-en-presence-de-soglo-et-yayi#primaryimage\",\"url\":\"https:\/\/static.africa-press.net\/benin\/sites\/46\/2022\/07\/postQueueImg_24-62db08a9d4454.jpg\",\"contentUrl\":\"https:\/\/static.africa-press.net\/benin\/sites\/46\/2022\/07\/postQueueImg_24-62db08a9d4454.jpg\",\"width\":1200,\"height\":684,\"caption\":\"B\u00e9nin: les nouveaux monuments de Cotonou inaugur\u00e9s ce 30 Juillet en pr\u00e9sence de Soglo et Yayi\"},{\"@type\":\"BreadcrumbList\",\"@id\":\"https:\/\/www.africa-press.net\/benin\/toutes-les-actualites\/benin-les-nouveaux-monuments-de-cotonou-inaugures-ce-30-juillet-en-presence-de-soglo-et-yayi#breadcrumb\",\"itemListElement\":[{\"@type\":\"ListItem\",\"position\":1,\"name\":\"Accueil\",\"item\":\"https:\/\/www.africa-press.net\/benin\/\"},{\"@type\":\"ListItem\",\"position\":2,\"name\":\"B\u00e9nin: les nouveaux monuments de Cotonou inaugur\u00e9s ce 30 Juillet en pr\u00e9sence de Soglo et Yayi\"}]},{\"@type\":\"WebSite\",\"@id\":\"https:\/\/www.africa-press.net\/benin\/#website\",\"url\":\"https:\/\/www.africa-press.net\/benin\/\",\"name\":\"B\u00e9nin\",\"description\":\"Just another Africa News Agency Sites site\",\"potentialAction\":[{\"@type\":\"SearchAction\",\"target\":{\"@type\":\"EntryPoint\",\"urlTemplate\":\"https:\/\/www.africa-press.net\/benin\/?s={search_term_string}\"},\"query-input\":{\"@type\":\"PropertyValueSpecification\",\"valueRequired\":true,\"valueName\":\"search_term_string\"}}],\"inLanguage\":\"fr-FR\"},{\"@type\":\"Person\",\"@id\":\"https:\/\/www.africa-press.net\/benin\/#\/schema\/person\/2b1cf3cd81a31e3cd26889ca66d677f1\",\"name\":\"cfeditorfr\"}]}<\/script>\n<!-- \/ Yoast SEO Premium plugin. -->","yoast_head_json":{"title":"B\u00e9nin: les nouveaux monuments de Cotonou inaugur\u00e9s ce 30 Juillet en pr\u00e9sence de Soglo et Yayi - B\u00e9nin","description":"La ville vitrine de Cotonou, capitale \u00e9conomique du B\u00e9nin dispose de nouveaux monuments et une majestueuse place publiqu ...","robots":{"index":"index","follow":"follow","max-snippet":"max-snippet:-1","max-image-preview":"max-image-preview:large","max-video-preview":"max-video-preview:-1"},"canonical":"https:\/\/www.africa-press.net\/benin\/toutes-les-actualites\/benin-les-nouveaux-monuments-de-cotonou-inaugures-ce-30-juillet-en-presence-de-soglo-et-yayi","og_locale":"fr_FR","og_type":"article","og_title":"B\u00e9nin: les nouveaux monuments de Cotonou inaugur\u00e9s ce 30 Juillet en pr\u00e9sence de Soglo et Yayi","og_description":"La ville vitrine de Cotonou, capitale \u00e9conomique du B\u00e9nin dispose de nouveaux monuments et une majestueuse place publiqu ...","og_url":"https:\/\/www.africa-press.net\/benin\/toutes-les-actualites\/benin-les-nouveaux-monuments-de-cotonou-inaugures-ce-30-juillet-en-presence-de-soglo-et-yayi","og_site_name":"B\u00e9nin","article_published_time":"2022-07-22T20:16:36+00:00","article_modified_time":"2022-07-22T20:31:26+00:00","og_image":[{"width":1200,"height":684,"url":"https:\/\/static.africa-press.net\/benin\/sites\/46\/2022\/07\/postQueueImg_24-62db08a9d4454.jpg","type":"image\/jpeg"}],"author":"cfeditorfr","twitter_card":"summary_large_image","twitter_misc":{"\u00c9crit par":"cfeditorfr","Dur\u00e9e de lecture estim\u00e9e":"3 minutes"},"schema":{"@context":"https:\/\/schema.org","@graph":[{"@type":"Article","@id":"https:\/\/www.africa-press.net\/benin\/toutes-les-actualites\/benin-les-nouveaux-monuments-de-cotonou-inaugures-ce-30-juillet-en-presence-de-soglo-et-yayi#article","isPartOf":{"@id":"https:\/\/www.africa-press.net\/benin\/toutes-les-actualites\/benin-les-nouveaux-monuments-de-cotonou-inaugures-ce-30-juillet-en-presence-de-soglo-et-yayi"},"author":{"name":"cfeditorfr","@id":"https:\/\/www.africa-press.net\/benin\/#\/schema\/person\/2b1cf3cd81a31e3cd26889ca66d677f1"},"headline":"B\u00e9nin: les nouveaux monuments de Cotonou inaugur\u00e9s ce 30 Juillet en pr\u00e9sence de Soglo et Yayi","datePublished":"2022-07-22T20:16:36+00:00","dateModified":"2022-07-22T20:31:26+00:00","mainEntityOfPage":{"@id":"https:\/\/www.africa-press.net\/benin\/toutes-les-actualites\/benin-les-nouveaux-monuments-de-cotonou-inaugures-ce-30-juillet-en-presence-de-soglo-et-yayi"},"wordCount":518,"commentCount":0,"image":{"@id":"https:\/\/www.africa-press.net\/benin\/toutes-les-actualites\/benin-les-nouveaux-monuments-de-cotonou-inaugures-ce-30-juillet-en-presence-de-soglo-et-yayi#primaryimage"},"thumbnailUrl":"https:\/\/static.africa-press.net\/benin\/sites\/46\/2022\/07\/postQueueImg_24-62db08a9d4454.jpg","keywords":["Africa Press","Africa Press-Benin","B\u00e9nin"],"articleSection":["Communaut\u00e9","homepage-french","Toutes les actualit\u00e9s"],"inLanguage":"fr-FR","potentialAction":[{"@type":"CommentAction","name":"Comment","target":["https:\/\/www.africa-press.net\/benin\/toutes-les-actualites\/benin-les-nouveaux-monuments-de-cotonou-inaugures-ce-30-juillet-en-presence-de-soglo-et-yayi#respond"]}]},{"@type":"WebPage","@id":"https:\/\/www.africa-press.net\/benin\/toutes-les-actualites\/benin-les-nouveaux-monuments-de-cotonou-inaugures-ce-30-juillet-en-presence-de-soglo-et-yayi","url":"https:\/\/www.africa-press.net\/benin\/toutes-les-actualites\/benin-les-nouveaux-monuments-de-cotonou-inaugures-ce-30-juillet-en-presence-de-soglo-et-yayi","name":"B\u00e9nin: les nouveaux monuments de Cotonou inaugur\u00e9s ce 30 Juillet en pr\u00e9sence de Soglo et Yayi - B\u00e9nin","isPartOf":{"@id":"https:\/\/www.africa-press.net\/benin\/#website"},"primaryImageOfPage":{"@id":"https:\/\/www.africa-press.net\/benin\/toutes-les-actualites\/benin-les-nouveaux-monuments-de-cotonou-inaugures-ce-30-juillet-en-presence-de-soglo-et-yayi#primaryimage"},"image":{"@id":"https:\/\/www.africa-press.net\/benin\/toutes-les-actualites\/benin-les-nouveaux-monuments-de-cotonou-inaugures-ce-30-juillet-en-presence-de-soglo-et-yayi#primaryimage"},"thumbnailUrl":"https:\/\/static.africa-press.net\/benin\/sites\/46\/2022\/07\/postQueueImg_24-62db08a9d4454.jpg","datePublished":"2022-07-22T20:16:36+00:00","dateModified":"2022-07-22T20:31:26+00:00","author":{"@id":"https:\/\/www.africa-press.net\/benin\/#\/schema\/person\/2b1cf3cd81a31e3cd26889ca66d677f1"},"description":"La ville vitrine de Cotonou, capitale \u00e9conomique du B\u00e9nin dispose de nouveaux monuments et une majestueuse place publiqu ...","breadcrumb":{"@id":"https:\/\/www.africa-press.net\/benin\/toutes-les-actualites\/benin-les-nouveaux-monuments-de-cotonou-inaugures-ce-30-juillet-en-presence-de-soglo-et-yayi#breadcrumb"},"inLanguage":"fr-FR","potentialAction":[{"@type":"ReadAction","target":["https:\/\/www.africa-press.net\/benin\/toutes-les-actualites\/benin-les-nouveaux-monuments-de-cotonou-inaugures-ce-30-juillet-en-presence-de-soglo-et-yayi"]}]},{"@type":"ImageObject","inLanguage":"fr-FR","@id":"https:\/\/www.africa-press.net\/benin\/toutes-les-actualites\/benin-les-nouveaux-monuments-de-cotonou-inaugures-ce-30-juillet-en-presence-de-soglo-et-yayi#primaryimage","url":"https:\/\/static.africa-press.net\/benin\/sites\/46\/2022\/07\/postQueueImg_24-62db08a9d4454.jpg","contentUrl":"https:\/\/static.africa-press.net\/benin\/sites\/46\/2022\/07\/postQueueImg_24-62db08a9d4454.jpg","width":1200,"height":684,"caption":"B\u00e9nin: les nouveaux monuments de Cotonou inaugur\u00e9s ce 30 Juillet en pr\u00e9sence de Soglo et Yayi"},{"@type":"BreadcrumbList","@id":"https:\/\/www.africa-press.net\/benin\/toutes-les-actualites\/benin-les-nouveaux-monuments-de-cotonou-inaugures-ce-30-juillet-en-presence-de-soglo-et-yayi#breadcrumb","itemListElement":[{"@type":"ListItem","position":1,"name":"Accueil","item":"https:\/\/www.africa-press.net\/benin\/"},{"@type":"ListItem","position":2,"name":"B\u00e9nin: les nouveaux monuments de Cotonou inaugur\u00e9s ce 30 Juillet en pr\u00e9sence de Soglo et Yayi"}]},{"@type":"WebSite","@id":"https:\/\/www.africa-press.net\/benin\/#website","url":"https:\/\/www.africa-press.net\/benin\/","name":"B\u00e9nin","description":"Just another Africa News Agency Sites site","potentialAction":[{"@type":"SearchAction","target":{"@type":"EntryPoint","urlTemplate":"https:\/\/www.africa-press.net\/benin\/?s={search_term_string}"},"query-input":{"@type":"PropertyValueSpecification","valueRequired":true,"valueName":"search_term_string"}}],"inLanguage":"fr-FR"},{"@type":"Person","@id":"https:\/\/www.africa-press.net\/benin\/#\/schema\/person\/2b1cf3cd81a31e3cd26889ca66d677f1","name":"cfeditorfr"}]}},"_links":{"self":[{"href":"https:\/\/www.africa-press.net\/benin\/wp-json\/wp\/v2\/posts\/7117","targetHints":{"allow":["GET"]}}],"collection":[{"href":"https:\/\/www.africa-press.net\/benin\/wp-json\/wp\/v2\/posts"}],"about":[{"href":"https:\/\/www.africa-press.net\/benin\/wp-json\/wp\/v2\/types\/post"}],"author":[{"embeddable":true,"href":"https:\/\/www.africa-press.net\/benin\/wp-json\/wp\/v2\/users\/82"}],"replies":[{"embeddable":true,"href":"https:\/\/www.africa-press.net\/benin\/wp-json\/wp\/v2\/comments?post=7117"}],"version-history":[{"count":0,"href":"https:\/\/www.africa-press.net\/benin\/wp-json\/wp\/v2\/posts\/7117\/revisions"}],"wp:featuredmedia":[{"embeddable":true,"href":"https:\/\/www.africa-press.net\/benin\/wp-json\/wp\/v2\/media\/7116"}],"wp:attachment":[{"href":"https:\/\/www.africa-press.net\/benin\/wp-json\/wp\/v2\/media?parent=7117"}],"wp:term":[{"taxonomy":"category","embeddable":true,"href":"https:\/\/www.africa-press.net\/benin\/wp-json\/wp\/v2\/categories?post=7117"},{"taxonomy":"post_tag","embeddable":true,"href":"https:\/\/www.africa-press.net\/benin\/wp-json\/wp\/v2\/tags?post=7117"}],"curies":[{"name":"wp","href":"https:\/\/api.w.org\/{rel}","templated":true}]}}