{"id":7141,"date":"2022-07-23T15:41:15","date_gmt":"2022-07-23T15:41:15","guid":{"rendered":"https:\/\/www.africa-press.net\/benin\/politique\/emmanuel-macron-attendu-au-cameroun-au-benin-et-en-guinee-bissau"},"modified":"2022-07-23T16:05:15","modified_gmt":"2022-07-23T16:05:15","slug":"emmanuel-macron-attendu-au-cameroun-au-benin-et-en-guinee-bissau","status":"publish","type":"post","link":"https:\/\/www.africa-press.net\/benin\/politique\/emmanuel-macron-attendu-au-cameroun-au-benin-et-en-guinee-bissau","title":{"rendered":"Emmanuel Macron attendu au Cameroun, au B\u00e9nin et en Guin\u00e9e Bissau"},"content":{"rendered":"<p><span style=\"color: #ff6600\"><strong>Africa-Press &#8211; Benin. <\/strong><\/span>Ce sera son premier voyage hors de l\u2019Union europ\u00e9enne depuis sa r\u00e9\u00e9lection, fin avril. Et donc, selon son entourage, la preuve de la \u00ab priorit\u00e9 politique \u00bb qu\u2019il accorde \u00e0 l\u2019Afrique. Pour la premi\u00e8re tourn\u00e9e africaine de son second mandat, Emmanuel Macron se rendra au Cameroun, le 26 juillet, puis au B\u00e9nin, le 27, et enfin en Guin\u00e9e-Bissau, le 28.<\/p>\n<p>\u00c0 ceux qui s\u2019interrogent sur la symbolique de cette visite au Cameroun de Paul Biya, 89 ans dont presque 40 au pouvoir, l\u2019\u00c9lys\u00e9e assure que ce voyage de Macron, qui en Afrique centrale ne s\u2019est rendu qu\u2019au Tchad en 2021, s\u2019inscrit dans \u00ab sa d\u00e9marche de renouvellement de la relation avec le continent africain \u00bb.<\/p>\n<p><b>T\u00eate-\u00e0-t\u00eate avec Paul Biya<\/b><\/p>\n<p>\u00c0 Yaound\u00e9, Emmanuel Macron sera re\u00e7u au palais d\u2019Etoudi par son homologue camerounais. \u00ab Toutes les questions politiques et s\u00e9curitaires seront abord\u00e9es, mais dans le cadre d\u2019une conversation de confiance entre pr\u00e9sidents et non par injonctions m\u00e9diatiques \u00bb, indique une source \u00e9lys\u00e9enne.<\/p>\n<p>Les questions de gouvernance, d\u2019ouverture politique et certaines situations individuelles seront abord\u00e9es par Biya et Macron. La crise anglophone \u00e9galement, ainsi que les r\u00e9formes de d\u00e9centralisation promises par l\u2019\u00c9tat camerounais. Il sera aussi question de lutte contre le terrorisme et de coop\u00e9ration s\u00e9curitaire, la France appuyant d\u00e9j\u00e0 les forces de d\u00e9fense et de s\u00e9curit\u00e9 camerounaises engag\u00e9es contre Boko Haram dans le nord du pays. Nul doute que la soci\u00e9t\u00e9 militaire priv\u00e9e russe Wagner sera aussi \u00e9voqu\u00e9e. Apr\u00e8s s\u2019\u00eatre implant\u00e9e en Centrafrique et au Mali, elle a des vues sur d\u2019autres pays francophones, dont le Cameroun.<\/p>\n<p><b>S\u00e9curit\u00e9 alimentaire<\/b><\/p>\n<p>Au moment o\u00f9 la guerre en Ukraine provoque une forte inflation des prix des produits de premi\u00e8re n\u00e9cessit\u00e9 et suscite la crainte d\u2019une grave crise alimentaire en Afrique, ce d\u00e9placement d\u2019Emmanuel Macron au Cameroun, premi\u00e8re \u00e9conomie d\u2019Afrique centrale et grand pays agricole, sera en grande partie d\u00e9di\u00e9 aux questions de s\u00e9curit\u00e9 alimentaire. Il s\u2019agira de mettre en pratique l\u2019initiative Farm (Food on Agriculture Resilience Mission), conduite par l\u2019Union europ\u00e9enne et l\u2019Union africaine, qui vise, entre autres, \u00e0 augmenter le potentiel de production agricole des pays africains.<\/p>\n<p>Concr\u00e8tement, le pr\u00e9sident fran\u00e7ais sera accompagn\u00e9 par une d\u00e9l\u00e9gation d\u00e9di\u00e9e \u00e0 ces enjeux agricoles et conduite par Olivier Becht, son ministre au Commerce ext\u00e9rieur. Une rencontre est notamment pr\u00e9vue avec le patronat local, avec pour objectif de dresser une feuille de route d\u2019investissements fran\u00e7ais dans l\u2019agriculture camerounaise.<\/p>\n<p><b>\u00ab Aucun sujet ne sera esquiv\u00e9 \u00bb<\/b><\/p>\n<p>En fin de journ\u00e9e, Emmanuel Macron participera \u00e0 des tables rondes avec des jeunes de la soci\u00e9t\u00e9 civile camerounaise qui avaient particip\u00e9 au sommet de Montpellier, en 2021. Selon ses \u00e9quipes, il s\u2019agira d\u2019une \u00ab interaction directe \u00bb, qui permettra d\u2019aborder des enjeux de citoyennet\u00e9, d\u2019entrepreneuriat ou encore de culture et de m\u00e9moire. \u00ab Il n\u2019esquivera aucun sujet, y compris en mati\u00e8re d\u2019histoire \u00bb, affirme une source \u00e9lys\u00e9enne.<\/p>\n<p>En plus de ses ministres des Affaires \u00e9trang\u00e8res, Catherine Colonna, et des Arm\u00e9es, S\u00e9bastien Lecornu, Emmanuel Macron sera accompagn\u00e9 par une d\u00e9l\u00e9gation de personnalit\u00e9s camerounaises ou d\u2019origine camerounaises. Parmi elles, l\u2019historien Achille Mbembe, les artistes Jacques-Greg Belobo et Blick Bassy, la journaliste Denise Epot\u00e9 ou encore l\u2019ancien rugbyman Serge Betsen.<\/p>\n<p><b>Le B\u00e9nin sous pression jihadiste<\/b><\/p>\n<p>Apr\u00e8s sa visite au Cameroun, Emmanuel Macron ralliera directement Cotonou. Il y sera re\u00e7u au palais de la Marina le 27 juillet par son homologue Patrice Talon. L\u00e0 encore, l\u2019\u00c9lys\u00e9e assure que toutes les questions politiques et s\u00e9curitaires seront trait\u00e9es, mais dans l\u2019intimit\u00e9 du huis clos entre chefs d\u2019\u00c9tat et non \u00e0 travers des d\u00e9clarations publiques.<\/p>\n<p>Lors de cet entretien, il sera largement question de coop\u00e9ration militaire et s\u00e9curitaire entre leurs deux pays, au moment o\u00f9 la menace jihadiste ne cesse de s\u2019\u00e9tendre du Sahel vers les pays du Golfe de Guin\u00e9e. Ces derniers mois, la pression s\u00e9curitaire s\u2019est intensifi\u00e9e avec plusieurs attaques dans le nord du B\u00e9nin, frontalier du Burkina Faso. Alors que la France se retire du Mali et r\u00e9organise son dispositif militaire dans la r\u00e9gion, des demandes de formation, de fourniture d\u2019\u00e9quipement militaire ou encore de renforcement des moyens a\u00e9riens pourraient \u00eatre \u00e9mises par les autorit\u00e9s b\u00e9ninoises.<\/p>\n<p>\u00c0 Cotonou, un point sera aussi fait sur la d\u00e9marche de restitution des \u0153uvres africaines enclench\u00e9e par Emmanuel Macron durant son premier mandat et sur la coop\u00e9ration culturelle entre les deux pays. Le pr\u00e9sident fran\u00e7ais sera ainsi accompagn\u00e9 par l\u2019historienne B\u00e9n\u00e9dicte Savoy, qui avait r\u00e9dig\u00e9 avec l\u2019universitaire s\u00e9n\u00e9galais Felwine Sarr un rapport sur la question, et Chrysoula Zacharopoulou, secr\u00e9taire d\u2019\u00c9tat charg\u00e9e du D\u00e9veloppement.<\/p>\n<p><b>Une premi\u00e8re dans un pays lusophone<\/b><\/p>\n<p>Le chef de l\u2019\u00c9tat fran\u00e7ais terminera sa tourn\u00e9e diplomatique par une escale \u00e0 Bissau, le 28 juillet. Selon une source \u00e9lys\u00e9enne, cette \u00e9tape bissau-guin\u00e9enne, encore incertaine jusqu\u2019\u00e0 peu, a \u00e9t\u00e9 ajout\u00e9e car ce pays lusophone \u2013 le premier dans lequel Macron se rend \u2013 est \u00ab volontaire pour un rapprochement avec la France, mais aussi soucieux de son int\u00e9gration dans un environnement r\u00e9gional francophone \u00bb.<\/p>\n<p>Emmanuel Macron s\u2019entretiendra avec son homologue Umaro Sissoco Embal\u00f3, pr\u00e9sident en exercice de la Communaut\u00e9 \u00e9conomique des \u00c9tats d\u2019Afrique de l\u2019Ouest (Cedeao), puis les deux hommes donneront une conf\u00e9rence de presse. Diff\u00e9rents projets de coop\u00e9ration agricole et sportive seront abord\u00e9s, ou encore la construction d\u2019une future \u00e9cole fran\u00e7aise \u00e0 Bissau, sur un terrain c\u00e9d\u00e9 par les autorit\u00e9s.<\/p>\n<p><strong>Pour plus d&rsquo;informations et d&rsquo;analyses sur la <a href=\"https:\/\/www.africa-press.net\/benin\">Benin<\/a>, suivez <a href=\"https:\/\/www.africa-press.net\/\">Africa-Press<\/a><\/strong><\/p>\n","protected":false},"excerpt":{"rendered":"<p>Africa-Press &#8211; Benin. Ce sera son premier voyage hors de l\u2019Union europ\u00e9enne depuis sa r\u00e9\u00e9lection, fin avril. Et donc, selon son entourage, la preuve de la \u00ab priorit\u00e9 politique \u00bb qu\u2019il accorde \u00e0 l\u2019Afrique. Pour la premi\u00e8re tourn\u00e9e africaine de son second mandat, Emmanuel Macron se rendra au Cameroun, le 26 juillet, puis au B\u00e9nin, [&hellip;]<\/p>\n","protected":false},"author":82,"featured_media":7140,"comment_status":"open","ping_status":"closed","sticky":false,"template":"","format":"standard","meta":{"footnotes":""},"categories":[7,11,2,10],"tags":[36,50,45],"class_list":["post-7141","post","type-post","status-publish","format-standard","has-post-thumbnail","hentry","category-dossiers","category-homepage-french","category-politique","category-toutes-les-actualites","tag-africa-press","tag-africa-press-benin","tag-benin"],"yoast_head":"<!-- This site is optimized with the Yoast SEO Premium plugin v26.1 (Yoast SEO v27.0) - https:\/\/yoast.com\/product\/yoast-seo-premium-wordpress\/ -->\n<title>Emmanuel Macron attendu au Cameroun, au B\u00e9nin et en Guin\u00e9e Bissau - B\u00e9nin<\/title>\n<meta name=\"description\" content=\"Ce sera son premier voyage hors de l\u2019Union europ\u00e9enne depuis sa r\u00e9\u00e9lection, fin avril. Et donc, selon son entourage, la ...\" \/>\n<meta name=\"robots\" content=\"index, follow, max-snippet:-1, max-image-preview:large, max-video-preview:-1\" \/>\n<link rel=\"canonical\" href=\"https:\/\/www.africa-press.net\/benin\/politique\/emmanuel-macron-attendu-au-cameroun-au-benin-et-en-guinee-bissau\" \/>\n<meta property=\"og:locale\" content=\"fr_FR\" \/>\n<meta property=\"og:type\" content=\"article\" \/>\n<meta property=\"og:title\" content=\"Emmanuel Macron attendu au Cameroun, au B\u00e9nin et en Guin\u00e9e Bissau\" \/>\n<meta property=\"og:description\" content=\"Ce sera son premier voyage hors de l\u2019Union europ\u00e9enne depuis sa r\u00e9\u00e9lection, fin avril. Et donc, selon son entourage, la ...\" \/>\n<meta property=\"og:url\" content=\"https:\/\/www.africa-press.net\/benin\/politique\/emmanuel-macron-attendu-au-cameroun-au-benin-et-en-guinee-bissau\" \/>\n<meta property=\"og:site_name\" content=\"B\u00e9nin\" \/>\n<meta property=\"article:published_time\" content=\"2022-07-23T15:41:15+00:00\" \/>\n<meta property=\"article:modified_time\" content=\"2022-07-23T16:05:15+00:00\" \/>\n<meta property=\"og:image\" content=\"https:\/\/static.africa-press.net\/benin\/sites\/46\/2022\/07\/postQueueImg_1-62dc1c17ede96.jpg\" \/>\n\t<meta property=\"og:image:width\" content=\"1256\" \/>\n\t<meta property=\"og:image:height\" content=\"628\" \/>\n\t<meta property=\"og:image:type\" content=\"image\/jpeg\" \/>\n<meta name=\"author\" content=\"cfeditorfr\" \/>\n<meta name=\"twitter:card\" content=\"summary_large_image\" \/>\n<meta name=\"twitter:label1\" content=\"\u00c9crit par\" \/>\n\t<meta name=\"twitter:data1\" content=\"cfeditorfr\" \/>\n\t<meta name=\"twitter:label2\" content=\"Dur\u00e9e de lecture estim\u00e9e\" \/>\n\t<meta name=\"twitter:data2\" content=\"5 minutes\" \/>\n<script type=\"application\/ld+json\" class=\"yoast-schema-graph\">{\"@context\":\"https:\/\/schema.org\",\"@graph\":[{\"@type\":\"Article\",\"@id\":\"https:\/\/www.africa-press.net\/benin\/politique\/emmanuel-macron-attendu-au-cameroun-au-benin-et-en-guinee-bissau#article\",\"isPartOf\":{\"@id\":\"https:\/\/www.africa-press.net\/benin\/politique\/emmanuel-macron-attendu-au-cameroun-au-benin-et-en-guinee-bissau\"},\"author\":{\"name\":\"cfeditorfr\",\"@id\":\"https:\/\/www.africa-press.net\/benin\/#\/schema\/person\/2b1cf3cd81a31e3cd26889ca66d677f1\"},\"headline\":\"Emmanuel Macron attendu au Cameroun, au B\u00e9nin et en Guin\u00e9e Bissau\",\"datePublished\":\"2022-07-23T15:41:15+00:00\",\"dateModified\":\"2022-07-23T16:05:15+00:00\",\"mainEntityOfPage\":{\"@id\":\"https:\/\/www.africa-press.net\/benin\/politique\/emmanuel-macron-attendu-au-cameroun-au-benin-et-en-guinee-bissau\"},\"wordCount\":1008,\"commentCount\":0,\"image\":{\"@id\":\"https:\/\/www.africa-press.net\/benin\/politique\/emmanuel-macron-attendu-au-cameroun-au-benin-et-en-guinee-bissau#primaryimage\"},\"thumbnailUrl\":\"https:\/\/static.africa-press.net\/benin\/sites\/46\/2022\/07\/postQueueImg_1-62dc1c17ede96.jpg\",\"keywords\":[\"Africa Press\",\"Africa Press-Benin\",\"B\u00e9nin\"],\"articleSection\":[\"Dossiers\",\"homepage-french\",\"Politique\",\"Toutes les actualit\u00e9s\"],\"inLanguage\":\"fr-FR\",\"potentialAction\":[{\"@type\":\"CommentAction\",\"name\":\"Comment\",\"target\":[\"https:\/\/www.africa-press.net\/benin\/politique\/emmanuel-macron-attendu-au-cameroun-au-benin-et-en-guinee-bissau#respond\"]}]},{\"@type\":\"WebPage\",\"@id\":\"https:\/\/www.africa-press.net\/benin\/politique\/emmanuel-macron-attendu-au-cameroun-au-benin-et-en-guinee-bissau\",\"url\":\"https:\/\/www.africa-press.net\/benin\/politique\/emmanuel-macron-attendu-au-cameroun-au-benin-et-en-guinee-bissau\",\"name\":\"Emmanuel Macron attendu au Cameroun, au B\u00e9nin et en Guin\u00e9e Bissau - B\u00e9nin\",\"isPartOf\":{\"@id\":\"https:\/\/www.africa-press.net\/benin\/#website\"},\"primaryImageOfPage\":{\"@id\":\"https:\/\/www.africa-press.net\/benin\/politique\/emmanuel-macron-attendu-au-cameroun-au-benin-et-en-guinee-bissau#primaryimage\"},\"image\":{\"@id\":\"https:\/\/www.africa-press.net\/benin\/politique\/emmanuel-macron-attendu-au-cameroun-au-benin-et-en-guinee-bissau#primaryimage\"},\"thumbnailUrl\":\"https:\/\/static.africa-press.net\/benin\/sites\/46\/2022\/07\/postQueueImg_1-62dc1c17ede96.jpg\",\"datePublished\":\"2022-07-23T15:41:15+00:00\",\"dateModified\":\"2022-07-23T16:05:15+00:00\",\"author\":{\"@id\":\"https:\/\/www.africa-press.net\/benin\/#\/schema\/person\/2b1cf3cd81a31e3cd26889ca66d677f1\"},\"description\":\"Ce sera son premier voyage hors de l\u2019Union europ\u00e9enne depuis sa r\u00e9\u00e9lection, fin avril. Et donc, selon son entourage, la ...\",\"breadcrumb\":{\"@id\":\"https:\/\/www.africa-press.net\/benin\/politique\/emmanuel-macron-attendu-au-cameroun-au-benin-et-en-guinee-bissau#breadcrumb\"},\"inLanguage\":\"fr-FR\",\"potentialAction\":[{\"@type\":\"ReadAction\",\"target\":[\"https:\/\/www.africa-press.net\/benin\/politique\/emmanuel-macron-attendu-au-cameroun-au-benin-et-en-guinee-bissau\"]}]},{\"@type\":\"ImageObject\",\"inLanguage\":\"fr-FR\",\"@id\":\"https:\/\/www.africa-press.net\/benin\/politique\/emmanuel-macron-attendu-au-cameroun-au-benin-et-en-guinee-bissau#primaryimage\",\"url\":\"https:\/\/static.africa-press.net\/benin\/sites\/46\/2022\/07\/postQueueImg_1-62dc1c17ede96.jpg\",\"contentUrl\":\"https:\/\/static.africa-press.net\/benin\/sites\/46\/2022\/07\/postQueueImg_1-62dc1c17ede96.jpg\",\"width\":1256,\"height\":628,\"caption\":\"Emmanuel Macron attendu au Cameroun, au B\u00e9nin et en Guin\u00e9e Bissau\"},{\"@type\":\"BreadcrumbList\",\"@id\":\"https:\/\/www.africa-press.net\/benin\/politique\/emmanuel-macron-attendu-au-cameroun-au-benin-et-en-guinee-bissau#breadcrumb\",\"itemListElement\":[{\"@type\":\"ListItem\",\"position\":1,\"name\":\"Accueil\",\"item\":\"https:\/\/www.africa-press.net\/benin\/\"},{\"@type\":\"ListItem\",\"position\":2,\"name\":\"Emmanuel Macron attendu au Cameroun, au B\u00e9nin et en Guin\u00e9e Bissau\"}]},{\"@type\":\"WebSite\",\"@id\":\"https:\/\/www.africa-press.net\/benin\/#website\",\"url\":\"https:\/\/www.africa-press.net\/benin\/\",\"name\":\"B\u00e9nin\",\"description\":\"Just another Africa News Agency Sites site\",\"potentialAction\":[{\"@type\":\"SearchAction\",\"target\":{\"@type\":\"EntryPoint\",\"urlTemplate\":\"https:\/\/www.africa-press.net\/benin\/?s={search_term_string}\"},\"query-input\":{\"@type\":\"PropertyValueSpecification\",\"valueRequired\":true,\"valueName\":\"search_term_string\"}}],\"inLanguage\":\"fr-FR\"},{\"@type\":\"Person\",\"@id\":\"https:\/\/www.africa-press.net\/benin\/#\/schema\/person\/2b1cf3cd81a31e3cd26889ca66d677f1\",\"name\":\"cfeditorfr\"}]}<\/script>\n<!-- \/ Yoast SEO Premium plugin. -->","yoast_head_json":{"title":"Emmanuel Macron attendu au Cameroun, au B\u00e9nin et en Guin\u00e9e Bissau - B\u00e9nin","description":"Ce sera son premier voyage hors de l\u2019Union europ\u00e9enne depuis sa r\u00e9\u00e9lection, fin avril. Et donc, selon son entourage, la ...","robots":{"index":"index","follow":"follow","max-snippet":"max-snippet:-1","max-image-preview":"max-image-preview:large","max-video-preview":"max-video-preview:-1"},"canonical":"https:\/\/www.africa-press.net\/benin\/politique\/emmanuel-macron-attendu-au-cameroun-au-benin-et-en-guinee-bissau","og_locale":"fr_FR","og_type":"article","og_title":"Emmanuel Macron attendu au Cameroun, au B\u00e9nin et en Guin\u00e9e Bissau","og_description":"Ce sera son premier voyage hors de l\u2019Union europ\u00e9enne depuis sa r\u00e9\u00e9lection, fin avril. Et donc, selon son entourage, la ...","og_url":"https:\/\/www.africa-press.net\/benin\/politique\/emmanuel-macron-attendu-au-cameroun-au-benin-et-en-guinee-bissau","og_site_name":"B\u00e9nin","article_published_time":"2022-07-23T15:41:15+00:00","article_modified_time":"2022-07-23T16:05:15+00:00","og_image":[{"width":1256,"height":628,"url":"https:\/\/static.africa-press.net\/benin\/sites\/46\/2022\/07\/postQueueImg_1-62dc1c17ede96.jpg","type":"image\/jpeg"}],"author":"cfeditorfr","twitter_card":"summary_large_image","twitter_misc":{"\u00c9crit par":"cfeditorfr","Dur\u00e9e de lecture estim\u00e9e":"5 minutes"},"schema":{"@context":"https:\/\/schema.org","@graph":[{"@type":"Article","@id":"https:\/\/www.africa-press.net\/benin\/politique\/emmanuel-macron-attendu-au-cameroun-au-benin-et-en-guinee-bissau#article","isPartOf":{"@id":"https:\/\/www.africa-press.net\/benin\/politique\/emmanuel-macron-attendu-au-cameroun-au-benin-et-en-guinee-bissau"},"author":{"name":"cfeditorfr","@id":"https:\/\/www.africa-press.net\/benin\/#\/schema\/person\/2b1cf3cd81a31e3cd26889ca66d677f1"},"headline":"Emmanuel Macron attendu au Cameroun, au B\u00e9nin et en Guin\u00e9e Bissau","datePublished":"2022-07-23T15:41:15+00:00","dateModified":"2022-07-23T16:05:15+00:00","mainEntityOfPage":{"@id":"https:\/\/www.africa-press.net\/benin\/politique\/emmanuel-macron-attendu-au-cameroun-au-benin-et-en-guinee-bissau"},"wordCount":1008,"commentCount":0,"image":{"@id":"https:\/\/www.africa-press.net\/benin\/politique\/emmanuel-macron-attendu-au-cameroun-au-benin-et-en-guinee-bissau#primaryimage"},"thumbnailUrl":"https:\/\/static.africa-press.net\/benin\/sites\/46\/2022\/07\/postQueueImg_1-62dc1c17ede96.jpg","keywords":["Africa Press","Africa Press-Benin","B\u00e9nin"],"articleSection":["Dossiers","homepage-french","Politique","Toutes les actualit\u00e9s"],"inLanguage":"fr-FR","potentialAction":[{"@type":"CommentAction","name":"Comment","target":["https:\/\/www.africa-press.net\/benin\/politique\/emmanuel-macron-attendu-au-cameroun-au-benin-et-en-guinee-bissau#respond"]}]},{"@type":"WebPage","@id":"https:\/\/www.africa-press.net\/benin\/politique\/emmanuel-macron-attendu-au-cameroun-au-benin-et-en-guinee-bissau","url":"https:\/\/www.africa-press.net\/benin\/politique\/emmanuel-macron-attendu-au-cameroun-au-benin-et-en-guinee-bissau","name":"Emmanuel Macron attendu au Cameroun, au B\u00e9nin et en Guin\u00e9e Bissau - B\u00e9nin","isPartOf":{"@id":"https:\/\/www.africa-press.net\/benin\/#website"},"primaryImageOfPage":{"@id":"https:\/\/www.africa-press.net\/benin\/politique\/emmanuel-macron-attendu-au-cameroun-au-benin-et-en-guinee-bissau#primaryimage"},"image":{"@id":"https:\/\/www.africa-press.net\/benin\/politique\/emmanuel-macron-attendu-au-cameroun-au-benin-et-en-guinee-bissau#primaryimage"},"thumbnailUrl":"https:\/\/static.africa-press.net\/benin\/sites\/46\/2022\/07\/postQueueImg_1-62dc1c17ede96.jpg","datePublished":"2022-07-23T15:41:15+00:00","dateModified":"2022-07-23T16:05:15+00:00","author":{"@id":"https:\/\/www.africa-press.net\/benin\/#\/schema\/person\/2b1cf3cd81a31e3cd26889ca66d677f1"},"description":"Ce sera son premier voyage hors de l\u2019Union europ\u00e9enne depuis sa r\u00e9\u00e9lection, fin avril. Et donc, selon son entourage, la ...","breadcrumb":{"@id":"https:\/\/www.africa-press.net\/benin\/politique\/emmanuel-macron-attendu-au-cameroun-au-benin-et-en-guinee-bissau#breadcrumb"},"inLanguage":"fr-FR","potentialAction":[{"@type":"ReadAction","target":["https:\/\/www.africa-press.net\/benin\/politique\/emmanuel-macron-attendu-au-cameroun-au-benin-et-en-guinee-bissau"]}]},{"@type":"ImageObject","inLanguage":"fr-FR","@id":"https:\/\/www.africa-press.net\/benin\/politique\/emmanuel-macron-attendu-au-cameroun-au-benin-et-en-guinee-bissau#primaryimage","url":"https:\/\/static.africa-press.net\/benin\/sites\/46\/2022\/07\/postQueueImg_1-62dc1c17ede96.jpg","contentUrl":"https:\/\/static.africa-press.net\/benin\/sites\/46\/2022\/07\/postQueueImg_1-62dc1c17ede96.jpg","width":1256,"height":628,"caption":"Emmanuel Macron attendu au Cameroun, au B\u00e9nin et en Guin\u00e9e Bissau"},{"@type":"BreadcrumbList","@id":"https:\/\/www.africa-press.net\/benin\/politique\/emmanuel-macron-attendu-au-cameroun-au-benin-et-en-guinee-bissau#breadcrumb","itemListElement":[{"@type":"ListItem","position":1,"name":"Accueil","item":"https:\/\/www.africa-press.net\/benin\/"},{"@type":"ListItem","position":2,"name":"Emmanuel Macron attendu au Cameroun, au B\u00e9nin et en Guin\u00e9e Bissau"}]},{"@type":"WebSite","@id":"https:\/\/www.africa-press.net\/benin\/#website","url":"https:\/\/www.africa-press.net\/benin\/","name":"B\u00e9nin","description":"Just another Africa News Agency Sites site","potentialAction":[{"@type":"SearchAction","target":{"@type":"EntryPoint","urlTemplate":"https:\/\/www.africa-press.net\/benin\/?s={search_term_string}"},"query-input":{"@type":"PropertyValueSpecification","valueRequired":true,"valueName":"search_term_string"}}],"inLanguage":"fr-FR"},{"@type":"Person","@id":"https:\/\/www.africa-press.net\/benin\/#\/schema\/person\/2b1cf3cd81a31e3cd26889ca66d677f1","name":"cfeditorfr"}]}},"_links":{"self":[{"href":"https:\/\/www.africa-press.net\/benin\/wp-json\/wp\/v2\/posts\/7141","targetHints":{"allow":["GET"]}}],"collection":[{"href":"https:\/\/www.africa-press.net\/benin\/wp-json\/wp\/v2\/posts"}],"about":[{"href":"https:\/\/www.africa-press.net\/benin\/wp-json\/wp\/v2\/types\/post"}],"author":[{"embeddable":true,"href":"https:\/\/www.africa-press.net\/benin\/wp-json\/wp\/v2\/users\/82"}],"replies":[{"embeddable":true,"href":"https:\/\/www.africa-press.net\/benin\/wp-json\/wp\/v2\/comments?post=7141"}],"version-history":[{"count":0,"href":"https:\/\/www.africa-press.net\/benin\/wp-json\/wp\/v2\/posts\/7141\/revisions"}],"wp:featuredmedia":[{"embeddable":true,"href":"https:\/\/www.africa-press.net\/benin\/wp-json\/wp\/v2\/media\/7140"}],"wp:attachment":[{"href":"https:\/\/www.africa-press.net\/benin\/wp-json\/wp\/v2\/media?parent=7141"}],"wp:term":[{"taxonomy":"category","embeddable":true,"href":"https:\/\/www.africa-press.net\/benin\/wp-json\/wp\/v2\/categories?post=7141"},{"taxonomy":"post_tag","embeddable":true,"href":"https:\/\/www.africa-press.net\/benin\/wp-json\/wp\/v2\/tags?post=7141"}],"curies":[{"name":"wp","href":"https:\/\/api.w.org\/{rel}","templated":true}]}}