{"id":7150,"date":"2022-07-23T16:11:58","date_gmt":"2022-07-23T16:11:58","guid":{"rendered":"https:\/\/www.africa-press.net\/benin\/politique\/en-visite-au-benin-que-dira-macron-a-talon-sur-les-cas-madougou-et-aivo"},"modified":"2022-07-23T16:34:41","modified_gmt":"2022-07-23T16:34:41","slug":"en-visite-au-benin-que-dira-macron-a-talon-sur-les-cas-madougou-et-aivo","status":"publish","type":"post","link":"https:\/\/www.africa-press.net\/benin\/politique\/en-visite-au-benin-que-dira-macron-a-talon-sur-les-cas-madougou-et-aivo","title":{"rendered":"En visite au B\u00e9nin, que dira Macron \u00e0 Talon sur les cas Madougou et A\u00efvo?"},"content":{"rendered":"<p><span style=\"color: #ff6600\"><strong>Africa-Press &#8211; Benin. <\/strong><\/span>Le pr\u00e9sident fran\u00e7ais Emmanuel Macron sera au B\u00e9nin, le mercredi 27 juillet pour s\u2019entretenir avec son homologue b\u00e9ninois Patrice Talon. Cette visite qui est une premi\u00e8re, apr\u00e8s la r\u00e9\u00e9lection du chef de l\u2019Hexagone, va officiellement tourner autour de la restitution des biens culturels et de la s\u00e9curit\u00e9. Mais, le champs des discussions pourrait s\u2019\u00e9largir aux questions des droits de l\u2019homme sur lesquelles l\u2019ONG bruxelloise \u00abDroits de l\u2019homme sans fronti\u00e8res\u00bb et des opposants b\u00e9ninois interpellent Emmanuel Macron.<\/p>\n<p>Le pr\u00e9sident de la R\u00e9publique fran\u00e7aise, Emmanuel Macron, se d\u00e9placera \u00e0 Yaound\u00e9, Cotonou et Bissau du 25 au 28 juillet 2022, a annonc\u00e9 jeudi, la pr\u00e9sidence fran\u00e7aise. Le patron de l\u2019Elys\u00e9e sera dans la capitale b\u00e9ninoise, le mercredi 27 juillet 2022, o\u00f9, il sera accueilli par son h\u00f4te, Patrice Talon.<\/p>\n<p>Cette rencontre sur laquelle le gouvernement b\u00e9ninois communique peu, ou pas du tout, sera officiellement ax\u00e9e sur la restitution des biens culturels et la s\u00e9curit\u00e9, deux sujets qui viennent \u00e0 point nomm\u00e9.<\/p>\n<p>En effet, apr\u00e8s une derni\u00e8re exposition qui a eu lieu du 26 au 31 octobre 2021 au quai Branly, 26 \u0153uvres des tr\u00e9sors royaux d\u2019Abomey ont \u00e9t\u00e9 restitu\u00e9es \u00e0 leur pays d\u2019origine (B\u00e9nin) gr\u00e2ce \u00e0 la loi d\u00e9rogatoire au code du patrimoine fran\u00e7ais vot\u00e9e par le Parlement en d\u00e9cembre 2020. Cette restitution tr\u00e8s m\u00e9diatis\u00e9e, est le fruit d\u2019une diplomatie qui se renforce entre Paris et Cotonou au plan culturel, depuis l\u2019av\u00e8nement du r\u00e9gime du \u00ab Nouveau D\u00e9part \u00bb, avec comme pi\u00e8ce ma\u00eetresse, le ministre Aur\u00e9lien Agb\u00e9nonci.<\/p>\n<p>Ferm\u00e9 apr\u00e8s trois mois d\u2019exposition avec un succ\u00e8s de pr\u00e8s de 200 000 visiteurs, le Gouvernement du B\u00e9nin a rouvert le 16 juillet 2022, le mus\u00e9e circonstanciel install\u00e9 dans l\u2019enceinte du Palais de la Marina, \u00e0 Cotonou, pour quarante-cinq (45) jours suppl\u00e9mentaires de connexion \u00e0 l\u2019art b\u00e9ninois.<\/p>\n<p>A Cotonou, la visite de Macron sera symbolique, puisque le chef de l\u2019Etat francais aura le plaisir de visiter les \u0153uvres d\u2019art restitu\u00e9es au B\u00e9nin.<\/p>\n<p><b>Une visite d\u00e9licate?<\/b><\/p>\n<p>Le B\u00e9nin n\u2019est plus \u00e0 l\u2019abri du terrorisme. Au nord du pays, les attaques terroristes sont devenues insistantes et font de nombreuses victimes. La s\u00e9curit\u00e9 aura donc une place de choix dans les \u00e9changes qui auront lieu entre Talon et Macron, la semaine prochaine.<\/p>\n<p><b>\u00ab Le B\u00e9nin est au c\u0153ur de la lutte anti djihadiste. Comme son voisin le Togo \u00e0 la fronti\u00e8re nord. Il y a un grignotage des troupes d\u2019Amadou Koufa dans le pays. Le B\u00e9nin essaie de contrer cette menace \u00bb<\/b><\/p>\n<p>, a d\u00e9clar\u00e9 le G\u00e9n\u00e9ral Bruno Cl\u00e9ment-Boll\u00e9e, ancien directeur de la coop\u00e9ration de s\u00e9curit\u00e9 et de d\u00e9fense au minist\u00e8re des Affaires \u00e9trang\u00e8res cit\u00e9 par TV5 Monde.<\/p>\n<p>La visite du pr\u00e9sident francais intervient dans un contexte o\u00f9 la France est en pleine r\u00e9organisation de son dispositif militaire au Sahel, apr\u00e8s avoir \u00e9t\u00e9 chass\u00e9e de Bamako par les autorit\u00e9s militaires de la transition au Mali. L\u2019hypoth\u00e8se de l\u2019installation d\u2019une probable base militaire fran\u00e7aise au nord du Benin cours les m\u00e9dias m\u00eame si elle a \u00e9t\u00e9 fermement d\u00e9menti Marc Vizy, l\u2019ambassadeur.de France pr\u00e8s le B\u00e9nin.<\/p>\n<p><b>\u00ab Nous sommes en plein d\u00e9montage de l\u2019op\u00e9ration Barkhane. C\u2019est une op\u00e9ration difficile dans un contexte compliqu\u00e9 avec l\u2019\u00c9tat malien. Et ce th\u00e9\u00e2tre n\u2019est pas loin, le B\u00e9nin est entre le Togo, le Niger, le Burkina Faso, le Nigeria \u00bb<\/b><\/p>\n<p>, ajoute Bruno Cl\u00e9ment-Boll\u00e9e. \u00ab On a bien not\u00e9 que la France se r\u00e9organise du c\u00f4t\u00e9 du Niger. Et je pense que le pr\u00e9sident Macron va beaucoup parler avec son homologue de cette r\u00e9organisation et savoir comment on pourrait contribuer \u00e0 renforcer la fronti\u00e8re nord (B\u00e9nin) \u00bb.<\/p>\n<p>Le pays est souverain, a-t-il reconnu. \u00ab Mais je crois que le pr\u00e9sident Macron va faire comprendre \u00e0 son interlocuteur qui le comprendra tr\u00e8s vite \u00e0 quel point il peut l\u2019aider dans ce domaine-l\u00e0 \u00bb, dit-il.<\/p>\n<p><b>Macron \u00e0 la rescousse de Madougou et A\u00efvo?<\/b><\/p>\n<p>Si officiellement elle n\u2019a pas \u00e9t\u00e9 mentionn\u00e9e, la question des droits de l\u2019homme pourrait \u00eatre abord\u00e9e au cours de cette visite \u00e0 Cotonou o\u00f9, l\u2019Elys\u00e9e n\u2019a pr\u00e9vu aucune rencontre avec l\u2019opposition ou les acteurs de la soci\u00e9t\u00e9 civile b\u00e9ninoise. Sauf revirement de derni\u00e8res minutes, Macron ne touchera gu\u00e8re, de mot \u00e0 la presse durant son s\u00e9jour \u00e0 Cotonou, selon nos informations.<\/p>\n<p>Mais, qu\u2019\u00e0 cela ne tienne, le dirigeant francais devrait en sourdine, aborder notamment avec le patron de la Marina, la situation de deux opposants politiques b\u00e9ninois incarc\u00e9r\u00e9s. A quelques jours de ce d\u00e9placement, l\u2019ONG bruxelloise \u00abDroits de l\u2019homme sans fronti\u00e8res\u00bb a exhort\u00e9 le pr\u00e9sident fran\u00e7ais \u00e0 exiger la lib\u00e9ration de deux c\u00e9l\u00e8bres leaders de l\u2019opposition, Reckya Madougou et Jo\u00ebl Aivo, respectivement condamn\u00e9s \u00e0 20 ans et 10 ans de prison.<\/p>\n<p>Ces deux opposants, n\u2019ont pas \u00e9t\u00e9 inclus dans la liste de 17 d\u00e9tenus qui doivent \u00eatre temporairement lib\u00e9r\u00e9s, apr\u00e8s une r\u00e9union du 13 juin 2022 entre le pr\u00e9sident Patrice Talon et Thomas Boni Yayi, ancien pr\u00e9sident du B\u00e9nin (2006-2016).<\/p>\n<p>Ancienne patronne du parti d\u2019opposition, Les D\u00e9mocrates, et dont la candidature \u00e0 la derni\u00e8re \u00e9lection pr\u00e9sidentielle a \u00e9t\u00e9 rejet\u00e9e par la commission \u00e9lectorale, Reckya Madougou a \u00e9t\u00e9 condamn\u00e9e fin 2021 \u00e0 20 ans de prison pour avoir pr\u00e9tendument financ\u00e9 le terrorisme. Elle avait \u00e9t\u00e9 arr\u00eat\u00e9e en mars 2021 accus\u00e9e d\u2019avoir vir\u00e9 des milliers de dollars \u00e0 un officier militaire dans le but de tuer des autorit\u00e9s anonymes.<\/p>\n<p>Professeur de droit \u00e0 l\u2019Universit\u00e9 d\u2019Abomey Calavi, Jo\u00ebl A\u00efvo, a pour sa part, \u00e9t\u00e9 condamn\u00e9 en d\u00e9cembre 2021 par le Tribunal des crimes \u00e9conomiques et du terrorisme (CRIET) \u00e0 10 ans de prison pour complot contre l\u2019\u00c9tat et blanchiment d\u2019argent.<\/p>\n<p><strong>Pour plus d&rsquo;informations et d&rsquo;analyses sur la <a href=\"https:\/\/www.africa-press.net\/benin\">Benin<\/a>, suivez <a href=\"https:\/\/www.africa-press.net\/\">Africa-Press<\/a><\/strong><\/p>\n","protected":false},"excerpt":{"rendered":"<p>Africa-Press &#8211; Benin. Le pr\u00e9sident fran\u00e7ais Emmanuel Macron sera au B\u00e9nin, le mercredi 27 juillet pour s\u2019entretenir avec son homologue b\u00e9ninois Patrice Talon. Cette visite qui est une premi\u00e8re, apr\u00e8s la r\u00e9\u00e9lection du chef de l\u2019Hexagone, va officiellement tourner autour de la restitution des biens culturels et de la s\u00e9curit\u00e9. Mais, le champs des discussions [&hellip;]<\/p>\n","protected":false},"author":82,"featured_media":7149,"comment_status":"open","ping_status":"closed","sticky":false,"template":"","format":"standard","meta":{"footnotes":""},"categories":[7,11,2,10],"tags":[36,50,45],"class_list":["post-7150","post","type-post","status-publish","format-standard","has-post-thumbnail","hentry","category-dossiers","category-homepage-french","category-politique","category-toutes-les-actualites","tag-africa-press","tag-africa-press-benin","tag-benin"],"yoast_head":"<!-- This site is optimized with the Yoast SEO Premium plugin v26.1 (Yoast SEO v27.0) - https:\/\/yoast.com\/product\/yoast-seo-premium-wordpress\/ -->\n<title>En visite au B\u00e9nin, que dira Macron \u00e0 Talon sur les cas Madougou et A\u00efvo? - B\u00e9nin<\/title>\n<meta name=\"description\" content=\"Le pr\u00e9sident fran\u00e7ais Emmanuel Macron sera au B\u00e9nin, le mercredi 27 juillet pour s\u2019entretenir avec son homologue b\u00e9ninoi ...\" \/>\n<meta name=\"robots\" content=\"index, follow, max-snippet:-1, max-image-preview:large, max-video-preview:-1\" \/>\n<link rel=\"canonical\" href=\"https:\/\/www.africa-press.net\/benin\/politique\/en-visite-au-benin-que-dira-macron-a-talon-sur-les-cas-madougou-et-aivo\" \/>\n<meta property=\"og:locale\" content=\"fr_FR\" \/>\n<meta property=\"og:type\" content=\"article\" \/>\n<meta property=\"og:title\" content=\"En visite au B\u00e9nin, que dira Macron \u00e0 Talon sur les cas Madougou et A\u00efvo?\" \/>\n<meta property=\"og:description\" content=\"Le pr\u00e9sident fran\u00e7ais Emmanuel Macron sera au B\u00e9nin, le mercredi 27 juillet pour s\u2019entretenir avec son homologue b\u00e9ninoi ...\" \/>\n<meta property=\"og:url\" content=\"https:\/\/www.africa-press.net\/benin\/politique\/en-visite-au-benin-que-dira-macron-a-talon-sur-les-cas-madougou-et-aivo\" \/>\n<meta property=\"og:site_name\" content=\"B\u00e9nin\" \/>\n<meta property=\"article:published_time\" content=\"2022-07-23T16:11:58+00:00\" \/>\n<meta property=\"article:modified_time\" content=\"2022-07-23T16:34:41+00:00\" \/>\n<meta property=\"og:image\" content=\"https:\/\/static.africa-press.net\/benin\/sites\/46\/2022\/07\/postQueueImg_10-62dc22f28bde9.jpg\" \/>\n\t<meta property=\"og:image:width\" content=\"1200\" \/>\n\t<meta property=\"og:image:height\" content=\"800\" \/>\n\t<meta property=\"og:image:type\" content=\"image\/jpeg\" \/>\n<meta name=\"author\" content=\"cfeditorfr\" \/>\n<meta name=\"twitter:card\" content=\"summary_large_image\" \/>\n<meta name=\"twitter:label1\" content=\"\u00c9crit par\" \/>\n\t<meta name=\"twitter:data1\" content=\"cfeditorfr\" \/>\n\t<meta name=\"twitter:label2\" content=\"Dur\u00e9e de lecture estim\u00e9e\" \/>\n\t<meta name=\"twitter:data2\" content=\"5 minutes\" \/>\n<script type=\"application\/ld+json\" class=\"yoast-schema-graph\">{\"@context\":\"https:\/\/schema.org\",\"@graph\":[{\"@type\":\"Article\",\"@id\":\"https:\/\/www.africa-press.net\/benin\/politique\/en-visite-au-benin-que-dira-macron-a-talon-sur-les-cas-madougou-et-aivo#article\",\"isPartOf\":{\"@id\":\"https:\/\/www.africa-press.net\/benin\/politique\/en-visite-au-benin-que-dira-macron-a-talon-sur-les-cas-madougou-et-aivo\"},\"author\":{\"name\":\"cfeditorfr\",\"@id\":\"https:\/\/www.africa-press.net\/benin\/#\/schema\/person\/2b1cf3cd81a31e3cd26889ca66d677f1\"},\"headline\":\"En visite au B\u00e9nin, que dira Macron \u00e0 Talon sur les cas Madougou et A\u00efvo?\",\"datePublished\":\"2022-07-23T16:11:58+00:00\",\"dateModified\":\"2022-07-23T16:34:41+00:00\",\"mainEntityOfPage\":{\"@id\":\"https:\/\/www.africa-press.net\/benin\/politique\/en-visite-au-benin-que-dira-macron-a-talon-sur-les-cas-madougou-et-aivo\"},\"wordCount\":1056,\"commentCount\":0,\"image\":{\"@id\":\"https:\/\/www.africa-press.net\/benin\/politique\/en-visite-au-benin-que-dira-macron-a-talon-sur-les-cas-madougou-et-aivo#primaryimage\"},\"thumbnailUrl\":\"https:\/\/static.africa-press.net\/benin\/sites\/46\/2022\/07\/postQueueImg_10-62dc22f28bde9.jpg\",\"keywords\":[\"Africa Press\",\"Africa Press-Benin\",\"B\u00e9nin\"],\"articleSection\":[\"Dossiers\",\"homepage-french\",\"Politique\",\"Toutes les actualit\u00e9s\"],\"inLanguage\":\"fr-FR\",\"potentialAction\":[{\"@type\":\"CommentAction\",\"name\":\"Comment\",\"target\":[\"https:\/\/www.africa-press.net\/benin\/politique\/en-visite-au-benin-que-dira-macron-a-talon-sur-les-cas-madougou-et-aivo#respond\"]}]},{\"@type\":\"WebPage\",\"@id\":\"https:\/\/www.africa-press.net\/benin\/politique\/en-visite-au-benin-que-dira-macron-a-talon-sur-les-cas-madougou-et-aivo\",\"url\":\"https:\/\/www.africa-press.net\/benin\/politique\/en-visite-au-benin-que-dira-macron-a-talon-sur-les-cas-madougou-et-aivo\",\"name\":\"En visite au B\u00e9nin, que dira Macron \u00e0 Talon sur les cas Madougou et A\u00efvo? - B\u00e9nin\",\"isPartOf\":{\"@id\":\"https:\/\/www.africa-press.net\/benin\/#website\"},\"primaryImageOfPage\":{\"@id\":\"https:\/\/www.africa-press.net\/benin\/politique\/en-visite-au-benin-que-dira-macron-a-talon-sur-les-cas-madougou-et-aivo#primaryimage\"},\"image\":{\"@id\":\"https:\/\/www.africa-press.net\/benin\/politique\/en-visite-au-benin-que-dira-macron-a-talon-sur-les-cas-madougou-et-aivo#primaryimage\"},\"thumbnailUrl\":\"https:\/\/static.africa-press.net\/benin\/sites\/46\/2022\/07\/postQueueImg_10-62dc22f28bde9.jpg\",\"datePublished\":\"2022-07-23T16:11:58+00:00\",\"dateModified\":\"2022-07-23T16:34:41+00:00\",\"author\":{\"@id\":\"https:\/\/www.africa-press.net\/benin\/#\/schema\/person\/2b1cf3cd81a31e3cd26889ca66d677f1\"},\"description\":\"Le pr\u00e9sident fran\u00e7ais Emmanuel Macron sera au B\u00e9nin, le mercredi 27 juillet pour s\u2019entretenir avec son homologue b\u00e9ninoi ...\",\"breadcrumb\":{\"@id\":\"https:\/\/www.africa-press.net\/benin\/politique\/en-visite-au-benin-que-dira-macron-a-talon-sur-les-cas-madougou-et-aivo#breadcrumb\"},\"inLanguage\":\"fr-FR\",\"potentialAction\":[{\"@type\":\"ReadAction\",\"target\":[\"https:\/\/www.africa-press.net\/benin\/politique\/en-visite-au-benin-que-dira-macron-a-talon-sur-les-cas-madougou-et-aivo\"]}]},{\"@type\":\"ImageObject\",\"inLanguage\":\"fr-FR\",\"@id\":\"https:\/\/www.africa-press.net\/benin\/politique\/en-visite-au-benin-que-dira-macron-a-talon-sur-les-cas-madougou-et-aivo#primaryimage\",\"url\":\"https:\/\/static.africa-press.net\/benin\/sites\/46\/2022\/07\/postQueueImg_10-62dc22f28bde9.jpg\",\"contentUrl\":\"https:\/\/static.africa-press.net\/benin\/sites\/46\/2022\/07\/postQueueImg_10-62dc22f28bde9.jpg\",\"width\":1200,\"height\":800,\"caption\":\"En visite au B\u00e9nin, que dira Macron \u00e0 Talon sur les cas Madougou et A\u00efvo?\"},{\"@type\":\"BreadcrumbList\",\"@id\":\"https:\/\/www.africa-press.net\/benin\/politique\/en-visite-au-benin-que-dira-macron-a-talon-sur-les-cas-madougou-et-aivo#breadcrumb\",\"itemListElement\":[{\"@type\":\"ListItem\",\"position\":1,\"name\":\"Accueil\",\"item\":\"https:\/\/www.africa-press.net\/benin\/\"},{\"@type\":\"ListItem\",\"position\":2,\"name\":\"En visite au B\u00e9nin, que dira Macron \u00e0 Talon sur les cas Madougou et A\u00efvo?\"}]},{\"@type\":\"WebSite\",\"@id\":\"https:\/\/www.africa-press.net\/benin\/#website\",\"url\":\"https:\/\/www.africa-press.net\/benin\/\",\"name\":\"B\u00e9nin\",\"description\":\"Just another Africa News Agency Sites site\",\"potentialAction\":[{\"@type\":\"SearchAction\",\"target\":{\"@type\":\"EntryPoint\",\"urlTemplate\":\"https:\/\/www.africa-press.net\/benin\/?s={search_term_string}\"},\"query-input\":{\"@type\":\"PropertyValueSpecification\",\"valueRequired\":true,\"valueName\":\"search_term_string\"}}],\"inLanguage\":\"fr-FR\"},{\"@type\":\"Person\",\"@id\":\"https:\/\/www.africa-press.net\/benin\/#\/schema\/person\/2b1cf3cd81a31e3cd26889ca66d677f1\",\"name\":\"cfeditorfr\"}]}<\/script>\n<!-- \/ Yoast SEO Premium plugin. -->","yoast_head_json":{"title":"En visite au B\u00e9nin, que dira Macron \u00e0 Talon sur les cas Madougou et A\u00efvo? - B\u00e9nin","description":"Le pr\u00e9sident fran\u00e7ais Emmanuel Macron sera au B\u00e9nin, le mercredi 27 juillet pour s\u2019entretenir avec son homologue b\u00e9ninoi ...","robots":{"index":"index","follow":"follow","max-snippet":"max-snippet:-1","max-image-preview":"max-image-preview:large","max-video-preview":"max-video-preview:-1"},"canonical":"https:\/\/www.africa-press.net\/benin\/politique\/en-visite-au-benin-que-dira-macron-a-talon-sur-les-cas-madougou-et-aivo","og_locale":"fr_FR","og_type":"article","og_title":"En visite au B\u00e9nin, que dira Macron \u00e0 Talon sur les cas Madougou et A\u00efvo?","og_description":"Le pr\u00e9sident fran\u00e7ais Emmanuel Macron sera au B\u00e9nin, le mercredi 27 juillet pour s\u2019entretenir avec son homologue b\u00e9ninoi ...","og_url":"https:\/\/www.africa-press.net\/benin\/politique\/en-visite-au-benin-que-dira-macron-a-talon-sur-les-cas-madougou-et-aivo","og_site_name":"B\u00e9nin","article_published_time":"2022-07-23T16:11:58+00:00","article_modified_time":"2022-07-23T16:34:41+00:00","og_image":[{"width":1200,"height":800,"url":"https:\/\/static.africa-press.net\/benin\/sites\/46\/2022\/07\/postQueueImg_10-62dc22f28bde9.jpg","type":"image\/jpeg"}],"author":"cfeditorfr","twitter_card":"summary_large_image","twitter_misc":{"\u00c9crit par":"cfeditorfr","Dur\u00e9e de lecture estim\u00e9e":"5 minutes"},"schema":{"@context":"https:\/\/schema.org","@graph":[{"@type":"Article","@id":"https:\/\/www.africa-press.net\/benin\/politique\/en-visite-au-benin-que-dira-macron-a-talon-sur-les-cas-madougou-et-aivo#article","isPartOf":{"@id":"https:\/\/www.africa-press.net\/benin\/politique\/en-visite-au-benin-que-dira-macron-a-talon-sur-les-cas-madougou-et-aivo"},"author":{"name":"cfeditorfr","@id":"https:\/\/www.africa-press.net\/benin\/#\/schema\/person\/2b1cf3cd81a31e3cd26889ca66d677f1"},"headline":"En visite au B\u00e9nin, que dira Macron \u00e0 Talon sur les cas Madougou et A\u00efvo?","datePublished":"2022-07-23T16:11:58+00:00","dateModified":"2022-07-23T16:34:41+00:00","mainEntityOfPage":{"@id":"https:\/\/www.africa-press.net\/benin\/politique\/en-visite-au-benin-que-dira-macron-a-talon-sur-les-cas-madougou-et-aivo"},"wordCount":1056,"commentCount":0,"image":{"@id":"https:\/\/www.africa-press.net\/benin\/politique\/en-visite-au-benin-que-dira-macron-a-talon-sur-les-cas-madougou-et-aivo#primaryimage"},"thumbnailUrl":"https:\/\/static.africa-press.net\/benin\/sites\/46\/2022\/07\/postQueueImg_10-62dc22f28bde9.jpg","keywords":["Africa Press","Africa Press-Benin","B\u00e9nin"],"articleSection":["Dossiers","homepage-french","Politique","Toutes les actualit\u00e9s"],"inLanguage":"fr-FR","potentialAction":[{"@type":"CommentAction","name":"Comment","target":["https:\/\/www.africa-press.net\/benin\/politique\/en-visite-au-benin-que-dira-macron-a-talon-sur-les-cas-madougou-et-aivo#respond"]}]},{"@type":"WebPage","@id":"https:\/\/www.africa-press.net\/benin\/politique\/en-visite-au-benin-que-dira-macron-a-talon-sur-les-cas-madougou-et-aivo","url":"https:\/\/www.africa-press.net\/benin\/politique\/en-visite-au-benin-que-dira-macron-a-talon-sur-les-cas-madougou-et-aivo","name":"En visite au B\u00e9nin, que dira Macron \u00e0 Talon sur les cas Madougou et A\u00efvo? - B\u00e9nin","isPartOf":{"@id":"https:\/\/www.africa-press.net\/benin\/#website"},"primaryImageOfPage":{"@id":"https:\/\/www.africa-press.net\/benin\/politique\/en-visite-au-benin-que-dira-macron-a-talon-sur-les-cas-madougou-et-aivo#primaryimage"},"image":{"@id":"https:\/\/www.africa-press.net\/benin\/politique\/en-visite-au-benin-que-dira-macron-a-talon-sur-les-cas-madougou-et-aivo#primaryimage"},"thumbnailUrl":"https:\/\/static.africa-press.net\/benin\/sites\/46\/2022\/07\/postQueueImg_10-62dc22f28bde9.jpg","datePublished":"2022-07-23T16:11:58+00:00","dateModified":"2022-07-23T16:34:41+00:00","author":{"@id":"https:\/\/www.africa-press.net\/benin\/#\/schema\/person\/2b1cf3cd81a31e3cd26889ca66d677f1"},"description":"Le pr\u00e9sident fran\u00e7ais Emmanuel Macron sera au B\u00e9nin, le mercredi 27 juillet pour s\u2019entretenir avec son homologue b\u00e9ninoi ...","breadcrumb":{"@id":"https:\/\/www.africa-press.net\/benin\/politique\/en-visite-au-benin-que-dira-macron-a-talon-sur-les-cas-madougou-et-aivo#breadcrumb"},"inLanguage":"fr-FR","potentialAction":[{"@type":"ReadAction","target":["https:\/\/www.africa-press.net\/benin\/politique\/en-visite-au-benin-que-dira-macron-a-talon-sur-les-cas-madougou-et-aivo"]}]},{"@type":"ImageObject","inLanguage":"fr-FR","@id":"https:\/\/www.africa-press.net\/benin\/politique\/en-visite-au-benin-que-dira-macron-a-talon-sur-les-cas-madougou-et-aivo#primaryimage","url":"https:\/\/static.africa-press.net\/benin\/sites\/46\/2022\/07\/postQueueImg_10-62dc22f28bde9.jpg","contentUrl":"https:\/\/static.africa-press.net\/benin\/sites\/46\/2022\/07\/postQueueImg_10-62dc22f28bde9.jpg","width":1200,"height":800,"caption":"En visite au B\u00e9nin, que dira Macron \u00e0 Talon sur les cas Madougou et A\u00efvo?"},{"@type":"BreadcrumbList","@id":"https:\/\/www.africa-press.net\/benin\/politique\/en-visite-au-benin-que-dira-macron-a-talon-sur-les-cas-madougou-et-aivo#breadcrumb","itemListElement":[{"@type":"ListItem","position":1,"name":"Accueil","item":"https:\/\/www.africa-press.net\/benin\/"},{"@type":"ListItem","position":2,"name":"En visite au B\u00e9nin, que dira Macron \u00e0 Talon sur les cas Madougou et A\u00efvo?"}]},{"@type":"WebSite","@id":"https:\/\/www.africa-press.net\/benin\/#website","url":"https:\/\/www.africa-press.net\/benin\/","name":"B\u00e9nin","description":"Just another Africa News Agency Sites site","potentialAction":[{"@type":"SearchAction","target":{"@type":"EntryPoint","urlTemplate":"https:\/\/www.africa-press.net\/benin\/?s={search_term_string}"},"query-input":{"@type":"PropertyValueSpecification","valueRequired":true,"valueName":"search_term_string"}}],"inLanguage":"fr-FR"},{"@type":"Person","@id":"https:\/\/www.africa-press.net\/benin\/#\/schema\/person\/2b1cf3cd81a31e3cd26889ca66d677f1","name":"cfeditorfr"}]}},"_links":{"self":[{"href":"https:\/\/www.africa-press.net\/benin\/wp-json\/wp\/v2\/posts\/7150","targetHints":{"allow":["GET"]}}],"collection":[{"href":"https:\/\/www.africa-press.net\/benin\/wp-json\/wp\/v2\/posts"}],"about":[{"href":"https:\/\/www.africa-press.net\/benin\/wp-json\/wp\/v2\/types\/post"}],"author":[{"embeddable":true,"href":"https:\/\/www.africa-press.net\/benin\/wp-json\/wp\/v2\/users\/82"}],"replies":[{"embeddable":true,"href":"https:\/\/www.africa-press.net\/benin\/wp-json\/wp\/v2\/comments?post=7150"}],"version-history":[{"count":0,"href":"https:\/\/www.africa-press.net\/benin\/wp-json\/wp\/v2\/posts\/7150\/revisions"}],"wp:featuredmedia":[{"embeddable":true,"href":"https:\/\/www.africa-press.net\/benin\/wp-json\/wp\/v2\/media\/7149"}],"wp:attachment":[{"href":"https:\/\/www.africa-press.net\/benin\/wp-json\/wp\/v2\/media?parent=7150"}],"wp:term":[{"taxonomy":"category","embeddable":true,"href":"https:\/\/www.africa-press.net\/benin\/wp-json\/wp\/v2\/categories?post=7150"},{"taxonomy":"post_tag","embeddable":true,"href":"https:\/\/www.africa-press.net\/benin\/wp-json\/wp\/v2\/tags?post=7150"}],"curies":[{"name":"wp","href":"https:\/\/api.w.org\/{rel}","templated":true}]}}