{"id":7200,"date":"2022-07-25T14:45:04","date_gmt":"2022-07-25T14:45:04","guid":{"rendered":"https:\/\/www.africa-press.net\/benin\/politique\/benin-mutation-de-personnel-a-lenseignement-maternel-et-primaire-liste"},"modified":"2022-07-25T14:55:16","modified_gmt":"2022-07-25T14:55:16","slug":"benin-mutation-de-personnel-a-lenseignement-maternel-et-primaire-liste","status":"publish","type":"post","link":"https:\/\/www.africa-press.net\/benin\/toutes-les-actualites\/benin-mutation-de-personnel-a-lenseignement-maternel-et-primaire-liste","title":{"rendered":"B\u00e9nin: mutation de personnel \u00e0 l\u2019enseignement maternel et primaire (liste)"},"content":{"rendered":"<p><span style=\"color: #ff6600\"><strong>Africa-Press &#8211; Benin. <\/strong><\/span>Par un arr\u00eat\u00e9 en date du vendredi 22 juillet 2022, le ministre Salimane Karimou a proc\u00e9d\u00e9 \u00e0 la mutation du personnel des Enseignements maternel et primaire.<\/p>\n<p>Le ministre de l\u2019enseignement maternel et primaire, Salimane Karimou a proc\u00e9d\u00e9 \u00e0 plusieurs mutations de personnel au sein de son minist\u00e8re. Ces diff\u00e9rentes mutations ont \u00e9t\u00e9 op\u00e9r\u00e9es soit pour des raisons de rapprochement de conjoint, soit pour des raisons sociales ou des mutations normales.<\/p>\n<p>Les personnels mut\u00e9s doivent prendre service \u00e0 leurs postes d\u00e8s notification de l\u2019arr\u00eat\u00e9. Trouvez ci-dessous la liste des personnels concern\u00e9s.<\/p>\n<p><strong>Pour plus d&rsquo;informations et d&rsquo;analyses sur la <a href=\"https:\/\/www.africa-press.net\/benin\">Benin<\/a>, suivez <a href=\"https:\/\/www.africa-press.net\/\">Africa-Press<\/a><\/strong><\/p>\n","protected":false},"excerpt":{"rendered":"<p>Africa-Press &#8211; Benin. Par un arr\u00eat\u00e9 en date du vendredi 22 juillet 2022, le ministre Salimane Karimou a proc\u00e9d\u00e9 \u00e0 la mutation du personnel des Enseignements maternel et primaire. Le ministre de l\u2019enseignement maternel et primaire, Salimane Karimou a proc\u00e9d\u00e9 \u00e0 plusieurs mutations de personnel au sein de son minist\u00e8re. Ces diff\u00e9rentes mutations ont \u00e9t\u00e9 [&hellip;]<\/p>\n","protected":false},"author":82,"featured_media":7199,"comment_status":"open","ping_status":"closed","sticky":false,"template":"","format":"standard","meta":{"footnotes":""},"categories":[21,11,10],"tags":[36,50,45],"class_list":["post-7200","post","type-post","status-publish","format-standard","has-post-thumbnail","hentry","category-communaute","category-homepage-french","category-toutes-les-actualites","tag-africa-press","tag-africa-press-benin","tag-benin"],"yoast_head":"<!-- This site is optimized with the Yoast SEO Premium plugin v26.1 (Yoast SEO v27.0) - https:\/\/yoast.com\/product\/yoast-seo-premium-wordpress\/ -->\n<title>B\u00e9nin: mutation de personnel \u00e0 l\u2019enseignement maternel et primaire (liste) - B\u00e9nin<\/title>\n<meta name=\"description\" content=\"Par un arr\u00eat\u00e9 en date du vendredi 22 juillet 2022, le ministre Salimane Karimou a proc\u00e9d\u00e9 \u00e0 la mutation du personnel des ...\" \/>\n<meta name=\"robots\" content=\"index, follow, max-snippet:-1, max-image-preview:large, max-video-preview:-1\" \/>\n<link rel=\"canonical\" href=\"https:\/\/www.africa-press.net\/benin\/toutes-les-actualites\/benin-mutation-de-personnel-a-lenseignement-maternel-et-primaire-liste\" \/>\n<meta property=\"og:locale\" content=\"fr_FR\" \/>\n<meta property=\"og:type\" content=\"article\" \/>\n<meta property=\"og:title\" content=\"B\u00e9nin: mutation de personnel \u00e0 l\u2019enseignement maternel et primaire (liste)\" \/>\n<meta property=\"og:description\" content=\"Par un arr\u00eat\u00e9 en date du vendredi 22 juillet 2022, le ministre Salimane Karimou a proc\u00e9d\u00e9 \u00e0 la mutation du personnel des ...\" \/>\n<meta property=\"og:url\" content=\"https:\/\/www.africa-press.net\/benin\/toutes-les-actualites\/benin-mutation-de-personnel-a-lenseignement-maternel-et-primaire-liste\" \/>\n<meta property=\"og:site_name\" content=\"B\u00e9nin\" \/>\n<meta property=\"article:published_time\" content=\"2022-07-25T14:45:04+00:00\" \/>\n<meta property=\"article:modified_time\" content=\"2022-07-25T14:55:16+00:00\" \/>\n<meta property=\"og:image\" content=\"https:\/\/static.africa-press.net\/benin\/sites\/46\/2022\/07\/postQueueImg_19-62deaeba7214c.jpg\" \/>\n\t<meta property=\"og:image:width\" content=\"1374\" \/>\n\t<meta property=\"og:image:height\" content=\"957\" \/>\n\t<meta property=\"og:image:type\" content=\"image\/jpeg\" \/>\n<meta name=\"author\" content=\"cfeditorfr\" \/>\n<meta name=\"twitter:card\" content=\"summary_large_image\" \/>\n<meta name=\"twitter:label1\" content=\"\u00c9crit par\" \/>\n\t<meta name=\"twitter:data1\" content=\"cfeditorfr\" \/>\n\t<meta name=\"twitter:label2\" content=\"Dur\u00e9e de lecture estim\u00e9e\" \/>\n\t<meta name=\"twitter:data2\" content=\"1 minute\" \/>\n<script type=\"application\/ld+json\" class=\"yoast-schema-graph\">{\"@context\":\"https:\/\/schema.org\",\"@graph\":[{\"@type\":\"Article\",\"@id\":\"https:\/\/www.africa-press.net\/benin\/toutes-les-actualites\/benin-mutation-de-personnel-a-lenseignement-maternel-et-primaire-liste#article\",\"isPartOf\":{\"@id\":\"https:\/\/www.africa-press.net\/benin\/toutes-les-actualites\/benin-mutation-de-personnel-a-lenseignement-maternel-et-primaire-liste\"},\"author\":{\"name\":\"cfeditorfr\",\"@id\":\"https:\/\/www.africa-press.net\/benin\/#\/schema\/person\/2b1cf3cd81a31e3cd26889ca66d677f1\"},\"headline\":\"B\u00e9nin: mutation de personnel \u00e0 l\u2019enseignement maternel et primaire (liste)\",\"datePublished\":\"2022-07-25T14:45:04+00:00\",\"dateModified\":\"2022-07-25T14:55:16+00:00\",\"mainEntityOfPage\":{\"@id\":\"https:\/\/www.africa-press.net\/benin\/toutes-les-actualites\/benin-mutation-de-personnel-a-lenseignement-maternel-et-primaire-liste\"},\"wordCount\":124,\"commentCount\":0,\"image\":{\"@id\":\"https:\/\/www.africa-press.net\/benin\/toutes-les-actualites\/benin-mutation-de-personnel-a-lenseignement-maternel-et-primaire-liste#primaryimage\"},\"thumbnailUrl\":\"https:\/\/static.africa-press.net\/benin\/sites\/46\/2022\/07\/postQueueImg_19-62deaeba7214c.jpg\",\"keywords\":[\"Africa Press\",\"Africa Press-Benin\",\"B\u00e9nin\"],\"articleSection\":[\"Communaut\u00e9\",\"homepage-french\",\"Toutes les actualit\u00e9s\"],\"inLanguage\":\"fr-FR\",\"potentialAction\":[{\"@type\":\"CommentAction\",\"name\":\"Comment\",\"target\":[\"https:\/\/www.africa-press.net\/benin\/toutes-les-actualites\/benin-mutation-de-personnel-a-lenseignement-maternel-et-primaire-liste#respond\"]}]},{\"@type\":\"WebPage\",\"@id\":\"https:\/\/www.africa-press.net\/benin\/toutes-les-actualites\/benin-mutation-de-personnel-a-lenseignement-maternel-et-primaire-liste\",\"url\":\"https:\/\/www.africa-press.net\/benin\/toutes-les-actualites\/benin-mutation-de-personnel-a-lenseignement-maternel-et-primaire-liste\",\"name\":\"B\u00e9nin: mutation de personnel \u00e0 l\u2019enseignement maternel et primaire (liste) - B\u00e9nin\",\"isPartOf\":{\"@id\":\"https:\/\/www.africa-press.net\/benin\/#website\"},\"primaryImageOfPage\":{\"@id\":\"https:\/\/www.africa-press.net\/benin\/toutes-les-actualites\/benin-mutation-de-personnel-a-lenseignement-maternel-et-primaire-liste#primaryimage\"},\"image\":{\"@id\":\"https:\/\/www.africa-press.net\/benin\/toutes-les-actualites\/benin-mutation-de-personnel-a-lenseignement-maternel-et-primaire-liste#primaryimage\"},\"thumbnailUrl\":\"https:\/\/static.africa-press.net\/benin\/sites\/46\/2022\/07\/postQueueImg_19-62deaeba7214c.jpg\",\"datePublished\":\"2022-07-25T14:45:04+00:00\",\"dateModified\":\"2022-07-25T14:55:16+00:00\",\"author\":{\"@id\":\"https:\/\/www.africa-press.net\/benin\/#\/schema\/person\/2b1cf3cd81a31e3cd26889ca66d677f1\"},\"description\":\"Par un arr\u00eat\u00e9 en date du vendredi 22 juillet 2022, le ministre Salimane Karimou a proc\u00e9d\u00e9 \u00e0 la mutation du personnel des ...\",\"breadcrumb\":{\"@id\":\"https:\/\/www.africa-press.net\/benin\/toutes-les-actualites\/benin-mutation-de-personnel-a-lenseignement-maternel-et-primaire-liste#breadcrumb\"},\"inLanguage\":\"fr-FR\",\"potentialAction\":[{\"@type\":\"ReadAction\",\"target\":[\"https:\/\/www.africa-press.net\/benin\/toutes-les-actualites\/benin-mutation-de-personnel-a-lenseignement-maternel-et-primaire-liste\"]}]},{\"@type\":\"ImageObject\",\"inLanguage\":\"fr-FR\",\"@id\":\"https:\/\/www.africa-press.net\/benin\/toutes-les-actualites\/benin-mutation-de-personnel-a-lenseignement-maternel-et-primaire-liste#primaryimage\",\"url\":\"https:\/\/static.africa-press.net\/benin\/sites\/46\/2022\/07\/postQueueImg_19-62deaeba7214c.jpg\",\"contentUrl\":\"https:\/\/static.africa-press.net\/benin\/sites\/46\/2022\/07\/postQueueImg_19-62deaeba7214c.jpg\",\"width\":1374,\"height\":957,\"caption\":\"B\u00e9nin: mutation de personnel \u00e0 l\u2019enseignement maternel et primaire (liste)\"},{\"@type\":\"BreadcrumbList\",\"@id\":\"https:\/\/www.africa-press.net\/benin\/toutes-les-actualites\/benin-mutation-de-personnel-a-lenseignement-maternel-et-primaire-liste#breadcrumb\",\"itemListElement\":[{\"@type\":\"ListItem\",\"position\":1,\"name\":\"Accueil\",\"item\":\"https:\/\/www.africa-press.net\/benin\/\"},{\"@type\":\"ListItem\",\"position\":2,\"name\":\"B\u00e9nin: mutation de personnel \u00e0 l\u2019enseignement maternel et primaire (liste)\"}]},{\"@type\":\"WebSite\",\"@id\":\"https:\/\/www.africa-press.net\/benin\/#website\",\"url\":\"https:\/\/www.africa-press.net\/benin\/\",\"name\":\"B\u00e9nin\",\"description\":\"Just another Africa News Agency Sites site\",\"potentialAction\":[{\"@type\":\"SearchAction\",\"target\":{\"@type\":\"EntryPoint\",\"urlTemplate\":\"https:\/\/www.africa-press.net\/benin\/?s={search_term_string}\"},\"query-input\":{\"@type\":\"PropertyValueSpecification\",\"valueRequired\":true,\"valueName\":\"search_term_string\"}}],\"inLanguage\":\"fr-FR\"},{\"@type\":\"Person\",\"@id\":\"https:\/\/www.africa-press.net\/benin\/#\/schema\/person\/2b1cf3cd81a31e3cd26889ca66d677f1\",\"name\":\"cfeditorfr\"}]}<\/script>\n<!-- \/ Yoast SEO Premium plugin. -->","yoast_head_json":{"title":"B\u00e9nin: mutation de personnel \u00e0 l\u2019enseignement maternel et primaire (liste) - B\u00e9nin","description":"Par un arr\u00eat\u00e9 en date du vendredi 22 juillet 2022, le ministre Salimane Karimou a proc\u00e9d\u00e9 \u00e0 la mutation du personnel des ...","robots":{"index":"index","follow":"follow","max-snippet":"max-snippet:-1","max-image-preview":"max-image-preview:large","max-video-preview":"max-video-preview:-1"},"canonical":"https:\/\/www.africa-press.net\/benin\/toutes-les-actualites\/benin-mutation-de-personnel-a-lenseignement-maternel-et-primaire-liste","og_locale":"fr_FR","og_type":"article","og_title":"B\u00e9nin: mutation de personnel \u00e0 l\u2019enseignement maternel et primaire (liste)","og_description":"Par un arr\u00eat\u00e9 en date du vendredi 22 juillet 2022, le ministre Salimane Karimou a proc\u00e9d\u00e9 \u00e0 la mutation du personnel des ...","og_url":"https:\/\/www.africa-press.net\/benin\/toutes-les-actualites\/benin-mutation-de-personnel-a-lenseignement-maternel-et-primaire-liste","og_site_name":"B\u00e9nin","article_published_time":"2022-07-25T14:45:04+00:00","article_modified_time":"2022-07-25T14:55:16+00:00","og_image":[{"width":1374,"height":957,"url":"https:\/\/static.africa-press.net\/benin\/sites\/46\/2022\/07\/postQueueImg_19-62deaeba7214c.jpg","type":"image\/jpeg"}],"author":"cfeditorfr","twitter_card":"summary_large_image","twitter_misc":{"\u00c9crit par":"cfeditorfr","Dur\u00e9e de lecture estim\u00e9e":"1 minute"},"schema":{"@context":"https:\/\/schema.org","@graph":[{"@type":"Article","@id":"https:\/\/www.africa-press.net\/benin\/toutes-les-actualites\/benin-mutation-de-personnel-a-lenseignement-maternel-et-primaire-liste#article","isPartOf":{"@id":"https:\/\/www.africa-press.net\/benin\/toutes-les-actualites\/benin-mutation-de-personnel-a-lenseignement-maternel-et-primaire-liste"},"author":{"name":"cfeditorfr","@id":"https:\/\/www.africa-press.net\/benin\/#\/schema\/person\/2b1cf3cd81a31e3cd26889ca66d677f1"},"headline":"B\u00e9nin: mutation de personnel \u00e0 l\u2019enseignement maternel et primaire (liste)","datePublished":"2022-07-25T14:45:04+00:00","dateModified":"2022-07-25T14:55:16+00:00","mainEntityOfPage":{"@id":"https:\/\/www.africa-press.net\/benin\/toutes-les-actualites\/benin-mutation-de-personnel-a-lenseignement-maternel-et-primaire-liste"},"wordCount":124,"commentCount":0,"image":{"@id":"https:\/\/www.africa-press.net\/benin\/toutes-les-actualites\/benin-mutation-de-personnel-a-lenseignement-maternel-et-primaire-liste#primaryimage"},"thumbnailUrl":"https:\/\/static.africa-press.net\/benin\/sites\/46\/2022\/07\/postQueueImg_19-62deaeba7214c.jpg","keywords":["Africa Press","Africa Press-Benin","B\u00e9nin"],"articleSection":["Communaut\u00e9","homepage-french","Toutes les actualit\u00e9s"],"inLanguage":"fr-FR","potentialAction":[{"@type":"CommentAction","name":"Comment","target":["https:\/\/www.africa-press.net\/benin\/toutes-les-actualites\/benin-mutation-de-personnel-a-lenseignement-maternel-et-primaire-liste#respond"]}]},{"@type":"WebPage","@id":"https:\/\/www.africa-press.net\/benin\/toutes-les-actualites\/benin-mutation-de-personnel-a-lenseignement-maternel-et-primaire-liste","url":"https:\/\/www.africa-press.net\/benin\/toutes-les-actualites\/benin-mutation-de-personnel-a-lenseignement-maternel-et-primaire-liste","name":"B\u00e9nin: mutation de personnel \u00e0 l\u2019enseignement maternel et primaire (liste) - B\u00e9nin","isPartOf":{"@id":"https:\/\/www.africa-press.net\/benin\/#website"},"primaryImageOfPage":{"@id":"https:\/\/www.africa-press.net\/benin\/toutes-les-actualites\/benin-mutation-de-personnel-a-lenseignement-maternel-et-primaire-liste#primaryimage"},"image":{"@id":"https:\/\/www.africa-press.net\/benin\/toutes-les-actualites\/benin-mutation-de-personnel-a-lenseignement-maternel-et-primaire-liste#primaryimage"},"thumbnailUrl":"https:\/\/static.africa-press.net\/benin\/sites\/46\/2022\/07\/postQueueImg_19-62deaeba7214c.jpg","datePublished":"2022-07-25T14:45:04+00:00","dateModified":"2022-07-25T14:55:16+00:00","author":{"@id":"https:\/\/www.africa-press.net\/benin\/#\/schema\/person\/2b1cf3cd81a31e3cd26889ca66d677f1"},"description":"Par un arr\u00eat\u00e9 en date du vendredi 22 juillet 2022, le ministre Salimane Karimou a proc\u00e9d\u00e9 \u00e0 la mutation du personnel des ...","breadcrumb":{"@id":"https:\/\/www.africa-press.net\/benin\/toutes-les-actualites\/benin-mutation-de-personnel-a-lenseignement-maternel-et-primaire-liste#breadcrumb"},"inLanguage":"fr-FR","potentialAction":[{"@type":"ReadAction","target":["https:\/\/www.africa-press.net\/benin\/toutes-les-actualites\/benin-mutation-de-personnel-a-lenseignement-maternel-et-primaire-liste"]}]},{"@type":"ImageObject","inLanguage":"fr-FR","@id":"https:\/\/www.africa-press.net\/benin\/toutes-les-actualites\/benin-mutation-de-personnel-a-lenseignement-maternel-et-primaire-liste#primaryimage","url":"https:\/\/static.africa-press.net\/benin\/sites\/46\/2022\/07\/postQueueImg_19-62deaeba7214c.jpg","contentUrl":"https:\/\/static.africa-press.net\/benin\/sites\/46\/2022\/07\/postQueueImg_19-62deaeba7214c.jpg","width":1374,"height":957,"caption":"B\u00e9nin: mutation de personnel \u00e0 l\u2019enseignement maternel et primaire (liste)"},{"@type":"BreadcrumbList","@id":"https:\/\/www.africa-press.net\/benin\/toutes-les-actualites\/benin-mutation-de-personnel-a-lenseignement-maternel-et-primaire-liste#breadcrumb","itemListElement":[{"@type":"ListItem","position":1,"name":"Accueil","item":"https:\/\/www.africa-press.net\/benin\/"},{"@type":"ListItem","position":2,"name":"B\u00e9nin: mutation de personnel \u00e0 l\u2019enseignement maternel et primaire (liste)"}]},{"@type":"WebSite","@id":"https:\/\/www.africa-press.net\/benin\/#website","url":"https:\/\/www.africa-press.net\/benin\/","name":"B\u00e9nin","description":"Just another Africa News Agency Sites site","potentialAction":[{"@type":"SearchAction","target":{"@type":"EntryPoint","urlTemplate":"https:\/\/www.africa-press.net\/benin\/?s={search_term_string}"},"query-input":{"@type":"PropertyValueSpecification","valueRequired":true,"valueName":"search_term_string"}}],"inLanguage":"fr-FR"},{"@type":"Person","@id":"https:\/\/www.africa-press.net\/benin\/#\/schema\/person\/2b1cf3cd81a31e3cd26889ca66d677f1","name":"cfeditorfr"}]}},"_links":{"self":[{"href":"https:\/\/www.africa-press.net\/benin\/wp-json\/wp\/v2\/posts\/7200","targetHints":{"allow":["GET"]}}],"collection":[{"href":"https:\/\/www.africa-press.net\/benin\/wp-json\/wp\/v2\/posts"}],"about":[{"href":"https:\/\/www.africa-press.net\/benin\/wp-json\/wp\/v2\/types\/post"}],"author":[{"embeddable":true,"href":"https:\/\/www.africa-press.net\/benin\/wp-json\/wp\/v2\/users\/82"}],"replies":[{"embeddable":true,"href":"https:\/\/www.africa-press.net\/benin\/wp-json\/wp\/v2\/comments?post=7200"}],"version-history":[{"count":0,"href":"https:\/\/www.africa-press.net\/benin\/wp-json\/wp\/v2\/posts\/7200\/revisions"}],"wp:featuredmedia":[{"embeddable":true,"href":"https:\/\/www.africa-press.net\/benin\/wp-json\/wp\/v2\/media\/7199"}],"wp:attachment":[{"href":"https:\/\/www.africa-press.net\/benin\/wp-json\/wp\/v2\/media?parent=7200"}],"wp:term":[{"taxonomy":"category","embeddable":true,"href":"https:\/\/www.africa-press.net\/benin\/wp-json\/wp\/v2\/categories?post=7200"},{"taxonomy":"post_tag","embeddable":true,"href":"https:\/\/www.africa-press.net\/benin\/wp-json\/wp\/v2\/tags?post=7200"}],"curies":[{"name":"wp","href":"https:\/\/api.w.org\/{rel}","templated":true}]}}