{"id":7203,"date":"2022-07-25T14:45:17","date_gmt":"2022-07-25T14:45:17","guid":{"rendered":"https:\/\/www.africa-press.net\/benin\/politique\/visite-officielle-au-benin-agenda-charge-pour-emmanuel-macron-a-cotonou"},"modified":"2022-07-25T14:55:45","modified_gmt":"2022-07-25T14:55:45","slug":"visite-officielle-au-benin-agenda-charge-pour-emmanuel-macron-a-cotonou","status":"publish","type":"post","link":"https:\/\/www.africa-press.net\/benin\/politique\/visite-officielle-au-benin-agenda-charge-pour-emmanuel-macron-a-cotonou","title":{"rendered":"Visite officielle au B\u00e9nin: agenda charg\u00e9 pour Emmanuel Macron \u00e0 Cotonou"},"content":{"rendered":"<p><span style=\"color: #ff6600\"><strong>Africa-Press &#8211; Benin. <\/strong><\/span>Du 27 au 28 juillet 2022, le pr\u00e9sident fran\u00e7ais Emmanuel Macron est attendu au B\u00e9nin pour une visite officielle, la premi\u00e8re depuis l\u2019accession de Patrice Talon au pouvoir. A Cotonou, le pr\u00e9sident fran\u00e7ais va d\u00e9rouler un agenda bien charg\u00e9.<\/p>\n<p>Selon les informations, Emmanuel Macron descend \u00e0 l\u2019a\u00e9roport international de Cotonou dans la matin\u00e9e du mercredi 27 juillet 2022 et sera accueilli par une d\u00e9l\u00e9gation officielle. Apr\u00e8s les formalit\u00e9s d\u2019usage, le pr\u00e9sident fran\u00e7ais sera conduit au Palais de la Marina pour un entretien t\u00eate-\u00e0-t\u00eate avec son homologue Patrice Talon.<\/p>\n<p>Apr\u00e8s les \u00e9changes, Emmanuel Macron et sa suite se rendront dans les salles de l\u2019exposition des tr\u00e9sors royaux restitu\u00e9s par la France au B\u00e9nin. Il va revoir de plus pr\u00e8s ces biens cultuels qui ont s\u00e9journ\u00e9 pendant plusieurs ann\u00e9es au quai Branly \u00e0 Paris.<\/p>\n<p>Point de presse conjoint<\/p>\n<p>Les pr\u00e9sidents Emmanuel Macron et Patrice Talon seront face \u00e0 la presse apr\u00e8s la visite des \u0153uvres d\u2019art. Face aux hommes des m\u00e9dias, les deux chefs d\u2019Etat vont d\u00e9voiler les motifs de leur rencontre et pr\u00e9senter les perspectives pour l\u2019am\u00e9lioration des relations diplomatiques entre les deux pays.<\/p>\n<p>La derni\u00e8re \u00e9tape de la visite officielle du pr\u00e9sident fran\u00e7ais se d\u00e9roulera sur le site de S\u00e8m\u00e8 City o\u00f9 il abordera plusieurs questions.<\/p>\n<p><strong>Pour plus d&rsquo;informations et d&rsquo;analyses sur la <a href=\"https:\/\/www.africa-press.net\/benin\">Benin<\/a>, suivez <a href=\"https:\/\/www.africa-press.net\/\">Africa-Press<\/a><\/strong><\/p>\n","protected":false},"excerpt":{"rendered":"<p>Africa-Press &#8211; Benin. Du 27 au 28 juillet 2022, le pr\u00e9sident fran\u00e7ais Emmanuel Macron est attendu au B\u00e9nin pour une visite officielle, la premi\u00e8re depuis l\u2019accession de Patrice Talon au pouvoir. A Cotonou, le pr\u00e9sident fran\u00e7ais va d\u00e9rouler un agenda bien charg\u00e9. Selon les informations, Emmanuel Macron descend \u00e0 l\u2019a\u00e9roport international de Cotonou dans la [&hellip;]<\/p>\n","protected":false},"author":82,"featured_media":7202,"comment_status":"open","ping_status":"closed","sticky":false,"template":"","format":"standard","meta":{"footnotes":""},"categories":[11,2,20,10],"tags":[36,50,45],"class_list":["post-7203","post","type-post","status-publish","format-standard","has-post-thumbnail","hentry","category-homepage-french","category-politique","category-top-nouvelles","category-toutes-les-actualites","tag-africa-press","tag-africa-press-benin","tag-benin"],"yoast_head":"<!-- This site is optimized with the Yoast SEO Premium plugin v26.1 (Yoast SEO v27.0) - https:\/\/yoast.com\/product\/yoast-seo-premium-wordpress\/ -->\n<title>Visite officielle au B\u00e9nin: agenda charg\u00e9 pour Emmanuel Macron \u00e0 Cotonou - B\u00e9nin<\/title>\n<meta name=\"description\" content=\"Du 27 au 28 juillet 2022, le pr\u00e9sident fran\u00e7ais Emmanuel Macron est attendu au B\u00e9nin pour une visite officielle, la prem ...\" \/>\n<meta name=\"robots\" content=\"index, follow, max-snippet:-1, max-image-preview:large, max-video-preview:-1\" \/>\n<link rel=\"canonical\" href=\"https:\/\/www.africa-press.net\/benin\/politique\/visite-officielle-au-benin-agenda-charge-pour-emmanuel-macron-a-cotonou\" \/>\n<meta property=\"og:locale\" content=\"fr_FR\" \/>\n<meta property=\"og:type\" content=\"article\" \/>\n<meta property=\"og:title\" content=\"Visite officielle au B\u00e9nin: agenda charg\u00e9 pour Emmanuel Macron \u00e0 Cotonou\" \/>\n<meta property=\"og:description\" content=\"Du 27 au 28 juillet 2022, le pr\u00e9sident fran\u00e7ais Emmanuel Macron est attendu au B\u00e9nin pour une visite officielle, la prem ...\" \/>\n<meta property=\"og:url\" content=\"https:\/\/www.africa-press.net\/benin\/politique\/visite-officielle-au-benin-agenda-charge-pour-emmanuel-macron-a-cotonou\" \/>\n<meta property=\"og:site_name\" content=\"B\u00e9nin\" \/>\n<meta property=\"article:published_time\" content=\"2022-07-25T14:45:17+00:00\" \/>\n<meta property=\"article:modified_time\" content=\"2022-07-25T14:55:45+00:00\" \/>\n<meta property=\"og:image\" content=\"https:\/\/static.africa-press.net\/benin\/sites\/46\/2022\/07\/postQueueImg_20-62deaed95e472.jpg\" \/>\n\t<meta property=\"og:image:width\" content=\"1200\" \/>\n\t<meta property=\"og:image:height\" content=\"800\" \/>\n\t<meta property=\"og:image:type\" content=\"image\/jpeg\" \/>\n<meta name=\"author\" content=\"cfeditorfr\" \/>\n<meta name=\"twitter:card\" content=\"summary_large_image\" \/>\n<meta name=\"twitter:label1\" content=\"\u00c9crit par\" \/>\n\t<meta name=\"twitter:data1\" content=\"cfeditorfr\" \/>\n\t<meta name=\"twitter:label2\" content=\"Dur\u00e9e de lecture estim\u00e9e\" \/>\n\t<meta name=\"twitter:data2\" content=\"2 minutes\" \/>\n<script type=\"application\/ld+json\" class=\"yoast-schema-graph\">{\"@context\":\"https:\/\/schema.org\",\"@graph\":[{\"@type\":\"Article\",\"@id\":\"https:\/\/www.africa-press.net\/benin\/politique\/visite-officielle-au-benin-agenda-charge-pour-emmanuel-macron-a-cotonou#article\",\"isPartOf\":{\"@id\":\"https:\/\/www.africa-press.net\/benin\/politique\/visite-officielle-au-benin-agenda-charge-pour-emmanuel-macron-a-cotonou\"},\"author\":{\"name\":\"cfeditorfr\",\"@id\":\"https:\/\/www.africa-press.net\/benin\/#\/schema\/person\/2b1cf3cd81a31e3cd26889ca66d677f1\"},\"headline\":\"Visite officielle au B\u00e9nin: agenda charg\u00e9 pour Emmanuel Macron \u00e0 Cotonou\",\"datePublished\":\"2022-07-25T14:45:17+00:00\",\"dateModified\":\"2022-07-25T14:55:45+00:00\",\"mainEntityOfPage\":{\"@id\":\"https:\/\/www.africa-press.net\/benin\/politique\/visite-officielle-au-benin-agenda-charge-pour-emmanuel-macron-a-cotonou\"},\"wordCount\":267,\"commentCount\":0,\"image\":{\"@id\":\"https:\/\/www.africa-press.net\/benin\/politique\/visite-officielle-au-benin-agenda-charge-pour-emmanuel-macron-a-cotonou#primaryimage\"},\"thumbnailUrl\":\"https:\/\/static.africa-press.net\/benin\/sites\/46\/2022\/07\/postQueueImg_20-62deaed95e472.jpg\",\"keywords\":[\"Africa Press\",\"Africa Press-Benin\",\"B\u00e9nin\"],\"articleSection\":[\"homepage-french\",\"Politique\",\"Top Nouvelles\",\"Toutes les actualit\u00e9s\"],\"inLanguage\":\"fr-FR\",\"potentialAction\":[{\"@type\":\"CommentAction\",\"name\":\"Comment\",\"target\":[\"https:\/\/www.africa-press.net\/benin\/politique\/visite-officielle-au-benin-agenda-charge-pour-emmanuel-macron-a-cotonou#respond\"]}]},{\"@type\":\"WebPage\",\"@id\":\"https:\/\/www.africa-press.net\/benin\/politique\/visite-officielle-au-benin-agenda-charge-pour-emmanuel-macron-a-cotonou\",\"url\":\"https:\/\/www.africa-press.net\/benin\/politique\/visite-officielle-au-benin-agenda-charge-pour-emmanuel-macron-a-cotonou\",\"name\":\"Visite officielle au B\u00e9nin: agenda charg\u00e9 pour Emmanuel Macron \u00e0 Cotonou - B\u00e9nin\",\"isPartOf\":{\"@id\":\"https:\/\/www.africa-press.net\/benin\/#website\"},\"primaryImageOfPage\":{\"@id\":\"https:\/\/www.africa-press.net\/benin\/politique\/visite-officielle-au-benin-agenda-charge-pour-emmanuel-macron-a-cotonou#primaryimage\"},\"image\":{\"@id\":\"https:\/\/www.africa-press.net\/benin\/politique\/visite-officielle-au-benin-agenda-charge-pour-emmanuel-macron-a-cotonou#primaryimage\"},\"thumbnailUrl\":\"https:\/\/static.africa-press.net\/benin\/sites\/46\/2022\/07\/postQueueImg_20-62deaed95e472.jpg\",\"datePublished\":\"2022-07-25T14:45:17+00:00\",\"dateModified\":\"2022-07-25T14:55:45+00:00\",\"author\":{\"@id\":\"https:\/\/www.africa-press.net\/benin\/#\/schema\/person\/2b1cf3cd81a31e3cd26889ca66d677f1\"},\"description\":\"Du 27 au 28 juillet 2022, le pr\u00e9sident fran\u00e7ais Emmanuel Macron est attendu au B\u00e9nin pour une visite officielle, la prem ...\",\"breadcrumb\":{\"@id\":\"https:\/\/www.africa-press.net\/benin\/politique\/visite-officielle-au-benin-agenda-charge-pour-emmanuel-macron-a-cotonou#breadcrumb\"},\"inLanguage\":\"fr-FR\",\"potentialAction\":[{\"@type\":\"ReadAction\",\"target\":[\"https:\/\/www.africa-press.net\/benin\/politique\/visite-officielle-au-benin-agenda-charge-pour-emmanuel-macron-a-cotonou\"]}]},{\"@type\":\"ImageObject\",\"inLanguage\":\"fr-FR\",\"@id\":\"https:\/\/www.africa-press.net\/benin\/politique\/visite-officielle-au-benin-agenda-charge-pour-emmanuel-macron-a-cotonou#primaryimage\",\"url\":\"https:\/\/static.africa-press.net\/benin\/sites\/46\/2022\/07\/postQueueImg_20-62deaed95e472.jpg\",\"contentUrl\":\"https:\/\/static.africa-press.net\/benin\/sites\/46\/2022\/07\/postQueueImg_20-62deaed95e472.jpg\",\"width\":1200,\"height\":800,\"caption\":\"Visite officielle au B\u00e9nin: agenda charg\u00e9 pour Emmanuel Macron \u00e0 Cotonou\"},{\"@type\":\"BreadcrumbList\",\"@id\":\"https:\/\/www.africa-press.net\/benin\/politique\/visite-officielle-au-benin-agenda-charge-pour-emmanuel-macron-a-cotonou#breadcrumb\",\"itemListElement\":[{\"@type\":\"ListItem\",\"position\":1,\"name\":\"Accueil\",\"item\":\"https:\/\/www.africa-press.net\/benin\/\"},{\"@type\":\"ListItem\",\"position\":2,\"name\":\"Visite officielle au B\u00e9nin: agenda charg\u00e9 pour Emmanuel Macron \u00e0 Cotonou\"}]},{\"@type\":\"WebSite\",\"@id\":\"https:\/\/www.africa-press.net\/benin\/#website\",\"url\":\"https:\/\/www.africa-press.net\/benin\/\",\"name\":\"B\u00e9nin\",\"description\":\"Just another Africa News Agency Sites site\",\"potentialAction\":[{\"@type\":\"SearchAction\",\"target\":{\"@type\":\"EntryPoint\",\"urlTemplate\":\"https:\/\/www.africa-press.net\/benin\/?s={search_term_string}\"},\"query-input\":{\"@type\":\"PropertyValueSpecification\",\"valueRequired\":true,\"valueName\":\"search_term_string\"}}],\"inLanguage\":\"fr-FR\"},{\"@type\":\"Person\",\"@id\":\"https:\/\/www.africa-press.net\/benin\/#\/schema\/person\/2b1cf3cd81a31e3cd26889ca66d677f1\",\"name\":\"cfeditorfr\"}]}<\/script>\n<!-- \/ Yoast SEO Premium plugin. -->","yoast_head_json":{"title":"Visite officielle au B\u00e9nin: agenda charg\u00e9 pour Emmanuel Macron \u00e0 Cotonou - B\u00e9nin","description":"Du 27 au 28 juillet 2022, le pr\u00e9sident fran\u00e7ais Emmanuel Macron est attendu au B\u00e9nin pour une visite officielle, la prem ...","robots":{"index":"index","follow":"follow","max-snippet":"max-snippet:-1","max-image-preview":"max-image-preview:large","max-video-preview":"max-video-preview:-1"},"canonical":"https:\/\/www.africa-press.net\/benin\/politique\/visite-officielle-au-benin-agenda-charge-pour-emmanuel-macron-a-cotonou","og_locale":"fr_FR","og_type":"article","og_title":"Visite officielle au B\u00e9nin: agenda charg\u00e9 pour Emmanuel Macron \u00e0 Cotonou","og_description":"Du 27 au 28 juillet 2022, le pr\u00e9sident fran\u00e7ais Emmanuel Macron est attendu au B\u00e9nin pour une visite officielle, la prem ...","og_url":"https:\/\/www.africa-press.net\/benin\/politique\/visite-officielle-au-benin-agenda-charge-pour-emmanuel-macron-a-cotonou","og_site_name":"B\u00e9nin","article_published_time":"2022-07-25T14:45:17+00:00","article_modified_time":"2022-07-25T14:55:45+00:00","og_image":[{"width":1200,"height":800,"url":"https:\/\/static.africa-press.net\/benin\/sites\/46\/2022\/07\/postQueueImg_20-62deaed95e472.jpg","type":"image\/jpeg"}],"author":"cfeditorfr","twitter_card":"summary_large_image","twitter_misc":{"\u00c9crit par":"cfeditorfr","Dur\u00e9e de lecture estim\u00e9e":"2 minutes"},"schema":{"@context":"https:\/\/schema.org","@graph":[{"@type":"Article","@id":"https:\/\/www.africa-press.net\/benin\/politique\/visite-officielle-au-benin-agenda-charge-pour-emmanuel-macron-a-cotonou#article","isPartOf":{"@id":"https:\/\/www.africa-press.net\/benin\/politique\/visite-officielle-au-benin-agenda-charge-pour-emmanuel-macron-a-cotonou"},"author":{"name":"cfeditorfr","@id":"https:\/\/www.africa-press.net\/benin\/#\/schema\/person\/2b1cf3cd81a31e3cd26889ca66d677f1"},"headline":"Visite officielle au B\u00e9nin: agenda charg\u00e9 pour Emmanuel Macron \u00e0 Cotonou","datePublished":"2022-07-25T14:45:17+00:00","dateModified":"2022-07-25T14:55:45+00:00","mainEntityOfPage":{"@id":"https:\/\/www.africa-press.net\/benin\/politique\/visite-officielle-au-benin-agenda-charge-pour-emmanuel-macron-a-cotonou"},"wordCount":267,"commentCount":0,"image":{"@id":"https:\/\/www.africa-press.net\/benin\/politique\/visite-officielle-au-benin-agenda-charge-pour-emmanuel-macron-a-cotonou#primaryimage"},"thumbnailUrl":"https:\/\/static.africa-press.net\/benin\/sites\/46\/2022\/07\/postQueueImg_20-62deaed95e472.jpg","keywords":["Africa Press","Africa Press-Benin","B\u00e9nin"],"articleSection":["homepage-french","Politique","Top Nouvelles","Toutes les actualit\u00e9s"],"inLanguage":"fr-FR","potentialAction":[{"@type":"CommentAction","name":"Comment","target":["https:\/\/www.africa-press.net\/benin\/politique\/visite-officielle-au-benin-agenda-charge-pour-emmanuel-macron-a-cotonou#respond"]}]},{"@type":"WebPage","@id":"https:\/\/www.africa-press.net\/benin\/politique\/visite-officielle-au-benin-agenda-charge-pour-emmanuel-macron-a-cotonou","url":"https:\/\/www.africa-press.net\/benin\/politique\/visite-officielle-au-benin-agenda-charge-pour-emmanuel-macron-a-cotonou","name":"Visite officielle au B\u00e9nin: agenda charg\u00e9 pour Emmanuel Macron \u00e0 Cotonou - B\u00e9nin","isPartOf":{"@id":"https:\/\/www.africa-press.net\/benin\/#website"},"primaryImageOfPage":{"@id":"https:\/\/www.africa-press.net\/benin\/politique\/visite-officielle-au-benin-agenda-charge-pour-emmanuel-macron-a-cotonou#primaryimage"},"image":{"@id":"https:\/\/www.africa-press.net\/benin\/politique\/visite-officielle-au-benin-agenda-charge-pour-emmanuel-macron-a-cotonou#primaryimage"},"thumbnailUrl":"https:\/\/static.africa-press.net\/benin\/sites\/46\/2022\/07\/postQueueImg_20-62deaed95e472.jpg","datePublished":"2022-07-25T14:45:17+00:00","dateModified":"2022-07-25T14:55:45+00:00","author":{"@id":"https:\/\/www.africa-press.net\/benin\/#\/schema\/person\/2b1cf3cd81a31e3cd26889ca66d677f1"},"description":"Du 27 au 28 juillet 2022, le pr\u00e9sident fran\u00e7ais Emmanuel Macron est attendu au B\u00e9nin pour une visite officielle, la prem ...","breadcrumb":{"@id":"https:\/\/www.africa-press.net\/benin\/politique\/visite-officielle-au-benin-agenda-charge-pour-emmanuel-macron-a-cotonou#breadcrumb"},"inLanguage":"fr-FR","potentialAction":[{"@type":"ReadAction","target":["https:\/\/www.africa-press.net\/benin\/politique\/visite-officielle-au-benin-agenda-charge-pour-emmanuel-macron-a-cotonou"]}]},{"@type":"ImageObject","inLanguage":"fr-FR","@id":"https:\/\/www.africa-press.net\/benin\/politique\/visite-officielle-au-benin-agenda-charge-pour-emmanuel-macron-a-cotonou#primaryimage","url":"https:\/\/static.africa-press.net\/benin\/sites\/46\/2022\/07\/postQueueImg_20-62deaed95e472.jpg","contentUrl":"https:\/\/static.africa-press.net\/benin\/sites\/46\/2022\/07\/postQueueImg_20-62deaed95e472.jpg","width":1200,"height":800,"caption":"Visite officielle au B\u00e9nin: agenda charg\u00e9 pour Emmanuel Macron \u00e0 Cotonou"},{"@type":"BreadcrumbList","@id":"https:\/\/www.africa-press.net\/benin\/politique\/visite-officielle-au-benin-agenda-charge-pour-emmanuel-macron-a-cotonou#breadcrumb","itemListElement":[{"@type":"ListItem","position":1,"name":"Accueil","item":"https:\/\/www.africa-press.net\/benin\/"},{"@type":"ListItem","position":2,"name":"Visite officielle au B\u00e9nin: agenda charg\u00e9 pour Emmanuel Macron \u00e0 Cotonou"}]},{"@type":"WebSite","@id":"https:\/\/www.africa-press.net\/benin\/#website","url":"https:\/\/www.africa-press.net\/benin\/","name":"B\u00e9nin","description":"Just another Africa News Agency Sites site","potentialAction":[{"@type":"SearchAction","target":{"@type":"EntryPoint","urlTemplate":"https:\/\/www.africa-press.net\/benin\/?s={search_term_string}"},"query-input":{"@type":"PropertyValueSpecification","valueRequired":true,"valueName":"search_term_string"}}],"inLanguage":"fr-FR"},{"@type":"Person","@id":"https:\/\/www.africa-press.net\/benin\/#\/schema\/person\/2b1cf3cd81a31e3cd26889ca66d677f1","name":"cfeditorfr"}]}},"_links":{"self":[{"href":"https:\/\/www.africa-press.net\/benin\/wp-json\/wp\/v2\/posts\/7203","targetHints":{"allow":["GET"]}}],"collection":[{"href":"https:\/\/www.africa-press.net\/benin\/wp-json\/wp\/v2\/posts"}],"about":[{"href":"https:\/\/www.africa-press.net\/benin\/wp-json\/wp\/v2\/types\/post"}],"author":[{"embeddable":true,"href":"https:\/\/www.africa-press.net\/benin\/wp-json\/wp\/v2\/users\/82"}],"replies":[{"embeddable":true,"href":"https:\/\/www.africa-press.net\/benin\/wp-json\/wp\/v2\/comments?post=7203"}],"version-history":[{"count":0,"href":"https:\/\/www.africa-press.net\/benin\/wp-json\/wp\/v2\/posts\/7203\/revisions"}],"wp:featuredmedia":[{"embeddable":true,"href":"https:\/\/www.africa-press.net\/benin\/wp-json\/wp\/v2\/media\/7202"}],"wp:attachment":[{"href":"https:\/\/www.africa-press.net\/benin\/wp-json\/wp\/v2\/media?parent=7203"}],"wp:term":[{"taxonomy":"category","embeddable":true,"href":"https:\/\/www.africa-press.net\/benin\/wp-json\/wp\/v2\/categories?post=7203"},{"taxonomy":"post_tag","embeddable":true,"href":"https:\/\/www.africa-press.net\/benin\/wp-json\/wp\/v2\/tags?post=7203"}],"curies":[{"name":"wp","href":"https:\/\/api.w.org\/{rel}","templated":true}]}}