{"id":7206,"date":"2022-07-25T14:45:35","date_gmt":"2022-07-25T14:45:35","guid":{"rendered":"https:\/\/www.africa-press.net\/benin\/politique\/benin-la-distribution-des-releves-du-bac-2022-lancee-ce-lundi"},"modified":"2022-07-25T14:56:14","modified_gmt":"2022-07-25T14:56:14","slug":"benin-la-distribution-des-releves-du-bac-2022-lancee-ce-lundi","status":"publish","type":"post","link":"https:\/\/www.africa-press.net\/benin\/toutes-les-actualites\/benin-la-distribution-des-releves-du-bac-2022-lancee-ce-lundi","title":{"rendered":"B\u00e9nin: la distribution des relev\u00e9s  du BAC 2022 lanc\u00e9e ce lundi"},"content":{"rendered":"<p><span style=\"color: #ff6600\"><strong>Africa-Press &#8211; Benin. <\/strong><\/span>L\u2019office du baccalaur\u00e9at lance ce lundi 25 Juillet 2022, l\u2019op\u00e9ration de distribution des relev\u00e9s du BAC sur l\u2019ensemble du territoire. Les nouveaux bacheliers sont invit\u00e9s \u00e0 se rendre dans leur centre de composition pour le retrait de leur parchemin.<\/p>\n<p>Apr\u00e8s la proclamation des r\u00e9sultats de l\u2019examen du Baccalaur\u00e9at session de Juin 2022, l\u2019office du baccalaur\u00e9at dans sa proclamation lance ce lundi l\u2019op\u00e9ration de distribution des relev\u00e9s du BAC.<\/p>\n<p>Pour le retrait, les candidats sont invit\u00e9s \u00e0 se rendre dans leur centre de composition munis de leur carte d\u2019identit\u00e9, de leur num\u00e9ro de jury et de leur convocation. Le retrait des relev\u00e9s du BAC se fera du lundi 25 au mardi 26 Juillet 2022 de 08 heures \u00e0 13 heures dans la matin\u00e9e et de 14 heures \u00e0 17 heures dans l\u2019apr\u00e8s-midi.<\/p>\n<p>Faut-il le rappeler la session unique 2022 du baccalaur\u00e9at a donn\u00e9 un taux de r\u00e9ussite de 59% sur le plan national, une petite baisse par rapport aux r\u00e9sultats de l\u2019ann\u00e9e 2021.<\/p>\n<p>BAC 2022: retour sur quelques chiffres cl\u00e9s<\/p>\n<p>Au total, 77. 416 candidats ont compos\u00e9 sur l\u2019ensemble du territoire national pour le compte de la session 2022 de l\u2019examen du Baccalaur\u00e9at. Cet effectif est r\u00e9parti sur 133 centres de composition s\u00e9lectionn\u00e9s dans toutes les Communes du pays.<\/p>\n<p>Il faut pr\u00e9ciser qu\u2019il y a un taux de r\u00e9gression de 6,68 % en ce qui concerne l\u2019effectif des candidats \u00e0 l\u2019examen du Baccalaur\u00e9at par rapport \u00e0 l\u2019ann\u00e9e pass\u00e9e o\u00f9 82 958 candidats ont planch\u00e9 pour le compte de cet examen. Selon le directeur de l\u2019office du baccalaur\u00e9at, le professeur Alphonse da Silva, la r\u00e9duction de l\u2019effectif s\u2019explique par le fort taux de r\u00e9ussite enregistr\u00e9 l\u2019ann\u00e9e pass\u00e9e.<\/p>\n<p>Par ailleurs, le professeur Alphonse da Silva a fait remarquer que les effectifs des s\u00e9ries techniques sont en hausse. Ainsi pour les s\u00e9ries de l\u2019enseignement technique (Math\u00e9matiques et techniques, construction m\u00e9canique, \u00e9lectronique, \u00e9lectrotechnique, g\u00e9nie civil), l\u2019effectif des candidats est pass\u00e9 de 3211 en 2021 \u00e0 3777 en 2022.<\/p>\n<p><strong>Pour plus d&rsquo;informations et d&rsquo;analyses sur la <a href=\"https:\/\/www.africa-press.net\/benin\">Benin<\/a>, suivez <a href=\"https:\/\/www.africa-press.net\/\">Africa-Press<\/a><\/strong><\/p>\n","protected":false},"excerpt":{"rendered":"<p>Africa-Press &#8211; Benin. L\u2019office du baccalaur\u00e9at lance ce lundi 25 Juillet 2022, l\u2019op\u00e9ration de distribution des relev\u00e9s du BAC sur l\u2019ensemble du territoire. Les nouveaux bacheliers sont invit\u00e9s \u00e0 se rendre dans leur centre de composition pour le retrait de leur parchemin. Apr\u00e8s la proclamation des r\u00e9sultats de l\u2019examen du Baccalaur\u00e9at session de Juin 2022, [&hellip;]<\/p>\n","protected":false},"author":82,"featured_media":7205,"comment_status":"open","ping_status":"closed","sticky":false,"template":"","format":"standard","meta":{"footnotes":""},"categories":[21,11,10],"tags":[36,50,45],"class_list":["post-7206","post","type-post","status-publish","format-standard","has-post-thumbnail","hentry","category-communaute","category-homepage-french","category-toutes-les-actualites","tag-africa-press","tag-africa-press-benin","tag-benin"],"yoast_head":"<!-- This site is optimized with the Yoast SEO Premium plugin v26.1 (Yoast SEO v27.0) - https:\/\/yoast.com\/product\/yoast-seo-premium-wordpress\/ -->\n<title>B\u00e9nin: la distribution des relev\u00e9s du BAC 2022 lanc\u00e9e ce lundi - B\u00e9nin<\/title>\n<meta name=\"description\" content=\"L\u2019office du baccalaur\u00e9at lance ce lundi 25 Juillet 2022, l\u2019op\u00e9ration de distribution des relev\u00e9s du BAC sur l\u2019ensemble d ...\" \/>\n<meta name=\"robots\" content=\"index, follow, max-snippet:-1, max-image-preview:large, max-video-preview:-1\" \/>\n<link rel=\"canonical\" href=\"https:\/\/www.africa-press.net\/benin\/toutes-les-actualites\/benin-la-distribution-des-releves-du-bac-2022-lancee-ce-lundi\" \/>\n<meta property=\"og:locale\" content=\"fr_FR\" \/>\n<meta property=\"og:type\" content=\"article\" \/>\n<meta property=\"og:title\" content=\"B\u00e9nin: la distribution des relev\u00e9s du BAC 2022 lanc\u00e9e ce lundi\" \/>\n<meta property=\"og:description\" content=\"L\u2019office du baccalaur\u00e9at lance ce lundi 25 Juillet 2022, l\u2019op\u00e9ration de distribution des relev\u00e9s du BAC sur l\u2019ensemble d ...\" \/>\n<meta property=\"og:url\" content=\"https:\/\/www.africa-press.net\/benin\/toutes-les-actualites\/benin-la-distribution-des-releves-du-bac-2022-lancee-ce-lundi\" \/>\n<meta property=\"og:site_name\" content=\"B\u00e9nin\" \/>\n<meta property=\"article:published_time\" content=\"2022-07-25T14:45:35+00:00\" \/>\n<meta property=\"article:modified_time\" content=\"2022-07-25T14:56:14+00:00\" \/>\n<meta property=\"og:image\" content=\"https:\/\/static.africa-press.net\/benin\/sites\/46\/2022\/07\/postQueueImg_21-62deaef819d90.jpg\" \/>\n\t<meta property=\"og:image:width\" content=\"1280\" \/>\n\t<meta property=\"og:image:height\" content=\"720\" \/>\n\t<meta property=\"og:image:type\" content=\"image\/jpeg\" \/>\n<meta name=\"author\" content=\"cfeditorfr\" \/>\n<meta name=\"twitter:card\" content=\"summary_large_image\" \/>\n<meta name=\"twitter:label1\" content=\"\u00c9crit par\" \/>\n\t<meta name=\"twitter:data1\" content=\"cfeditorfr\" \/>\n\t<meta name=\"twitter:label2\" content=\"Dur\u00e9e de lecture estim\u00e9e\" \/>\n\t<meta name=\"twitter:data2\" content=\"2 minutes\" \/>\n<script type=\"application\/ld+json\" class=\"yoast-schema-graph\">{\"@context\":\"https:\/\/schema.org\",\"@graph\":[{\"@type\":\"Article\",\"@id\":\"https:\/\/www.africa-press.net\/benin\/toutes-les-actualites\/benin-la-distribution-des-releves-du-bac-2022-lancee-ce-lundi#article\",\"isPartOf\":{\"@id\":\"https:\/\/www.africa-press.net\/benin\/toutes-les-actualites\/benin-la-distribution-des-releves-du-bac-2022-lancee-ce-lundi\"},\"author\":{\"name\":\"cfeditorfr\",\"@id\":\"https:\/\/www.africa-press.net\/benin\/#\/schema\/person\/2b1cf3cd81a31e3cd26889ca66d677f1\"},\"headline\":\"B\u00e9nin: la distribution des relev\u00e9s du BAC 2022 lanc\u00e9e ce lundi\",\"datePublished\":\"2022-07-25T14:45:35+00:00\",\"dateModified\":\"2022-07-25T14:56:14+00:00\",\"mainEntityOfPage\":{\"@id\":\"https:\/\/www.africa-press.net\/benin\/toutes-les-actualites\/benin-la-distribution-des-releves-du-bac-2022-lancee-ce-lundi\"},\"wordCount\":378,\"commentCount\":0,\"image\":{\"@id\":\"https:\/\/www.africa-press.net\/benin\/toutes-les-actualites\/benin-la-distribution-des-releves-du-bac-2022-lancee-ce-lundi#primaryimage\"},\"thumbnailUrl\":\"https:\/\/static.africa-press.net\/benin\/sites\/46\/2022\/07\/postQueueImg_21-62deaef819d90.jpg\",\"keywords\":[\"Africa Press\",\"Africa Press-Benin\",\"B\u00e9nin\"],\"articleSection\":[\"Communaut\u00e9\",\"homepage-french\",\"Toutes les actualit\u00e9s\"],\"inLanguage\":\"fr-FR\",\"potentialAction\":[{\"@type\":\"CommentAction\",\"name\":\"Comment\",\"target\":[\"https:\/\/www.africa-press.net\/benin\/toutes-les-actualites\/benin-la-distribution-des-releves-du-bac-2022-lancee-ce-lundi#respond\"]}]},{\"@type\":\"WebPage\",\"@id\":\"https:\/\/www.africa-press.net\/benin\/toutes-les-actualites\/benin-la-distribution-des-releves-du-bac-2022-lancee-ce-lundi\",\"url\":\"https:\/\/www.africa-press.net\/benin\/toutes-les-actualites\/benin-la-distribution-des-releves-du-bac-2022-lancee-ce-lundi\",\"name\":\"B\u00e9nin: la distribution des relev\u00e9s du BAC 2022 lanc\u00e9e ce lundi - B\u00e9nin\",\"isPartOf\":{\"@id\":\"https:\/\/www.africa-press.net\/benin\/#website\"},\"primaryImageOfPage\":{\"@id\":\"https:\/\/www.africa-press.net\/benin\/toutes-les-actualites\/benin-la-distribution-des-releves-du-bac-2022-lancee-ce-lundi#primaryimage\"},\"image\":{\"@id\":\"https:\/\/www.africa-press.net\/benin\/toutes-les-actualites\/benin-la-distribution-des-releves-du-bac-2022-lancee-ce-lundi#primaryimage\"},\"thumbnailUrl\":\"https:\/\/static.africa-press.net\/benin\/sites\/46\/2022\/07\/postQueueImg_21-62deaef819d90.jpg\",\"datePublished\":\"2022-07-25T14:45:35+00:00\",\"dateModified\":\"2022-07-25T14:56:14+00:00\",\"author\":{\"@id\":\"https:\/\/www.africa-press.net\/benin\/#\/schema\/person\/2b1cf3cd81a31e3cd26889ca66d677f1\"},\"description\":\"L\u2019office du baccalaur\u00e9at lance ce lundi 25 Juillet 2022, l\u2019op\u00e9ration de distribution des relev\u00e9s du BAC sur l\u2019ensemble d ...\",\"breadcrumb\":{\"@id\":\"https:\/\/www.africa-press.net\/benin\/toutes-les-actualites\/benin-la-distribution-des-releves-du-bac-2022-lancee-ce-lundi#breadcrumb\"},\"inLanguage\":\"fr-FR\",\"potentialAction\":[{\"@type\":\"ReadAction\",\"target\":[\"https:\/\/www.africa-press.net\/benin\/toutes-les-actualites\/benin-la-distribution-des-releves-du-bac-2022-lancee-ce-lundi\"]}]},{\"@type\":\"ImageObject\",\"inLanguage\":\"fr-FR\",\"@id\":\"https:\/\/www.africa-press.net\/benin\/toutes-les-actualites\/benin-la-distribution-des-releves-du-bac-2022-lancee-ce-lundi#primaryimage\",\"url\":\"https:\/\/static.africa-press.net\/benin\/sites\/46\/2022\/07\/postQueueImg_21-62deaef819d90.jpg\",\"contentUrl\":\"https:\/\/static.africa-press.net\/benin\/sites\/46\/2022\/07\/postQueueImg_21-62deaef819d90.jpg\",\"width\":1280,\"height\":720,\"caption\":\"B\u00e9nin: la distribution des relev\u00e9s du BAC 2022 lanc\u00e9e ce lundi\"},{\"@type\":\"BreadcrumbList\",\"@id\":\"https:\/\/www.africa-press.net\/benin\/toutes-les-actualites\/benin-la-distribution-des-releves-du-bac-2022-lancee-ce-lundi#breadcrumb\",\"itemListElement\":[{\"@type\":\"ListItem\",\"position\":1,\"name\":\"Accueil\",\"item\":\"https:\/\/www.africa-press.net\/benin\/\"},{\"@type\":\"ListItem\",\"position\":2,\"name\":\"B\u00e9nin: la distribution des relev\u00e9s du BAC 2022 lanc\u00e9e ce lundi\"}]},{\"@type\":\"WebSite\",\"@id\":\"https:\/\/www.africa-press.net\/benin\/#website\",\"url\":\"https:\/\/www.africa-press.net\/benin\/\",\"name\":\"B\u00e9nin\",\"description\":\"Just another Africa News Agency Sites site\",\"potentialAction\":[{\"@type\":\"SearchAction\",\"target\":{\"@type\":\"EntryPoint\",\"urlTemplate\":\"https:\/\/www.africa-press.net\/benin\/?s={search_term_string}\"},\"query-input\":{\"@type\":\"PropertyValueSpecification\",\"valueRequired\":true,\"valueName\":\"search_term_string\"}}],\"inLanguage\":\"fr-FR\"},{\"@type\":\"Person\",\"@id\":\"https:\/\/www.africa-press.net\/benin\/#\/schema\/person\/2b1cf3cd81a31e3cd26889ca66d677f1\",\"name\":\"cfeditorfr\"}]}<\/script>\n<!-- \/ Yoast SEO Premium plugin. -->","yoast_head_json":{"title":"B\u00e9nin: la distribution des relev\u00e9s du BAC 2022 lanc\u00e9e ce lundi - B\u00e9nin","description":"L\u2019office du baccalaur\u00e9at lance ce lundi 25 Juillet 2022, l\u2019op\u00e9ration de distribution des relev\u00e9s du BAC sur l\u2019ensemble d ...","robots":{"index":"index","follow":"follow","max-snippet":"max-snippet:-1","max-image-preview":"max-image-preview:large","max-video-preview":"max-video-preview:-1"},"canonical":"https:\/\/www.africa-press.net\/benin\/toutes-les-actualites\/benin-la-distribution-des-releves-du-bac-2022-lancee-ce-lundi","og_locale":"fr_FR","og_type":"article","og_title":"B\u00e9nin: la distribution des relev\u00e9s du BAC 2022 lanc\u00e9e ce lundi","og_description":"L\u2019office du baccalaur\u00e9at lance ce lundi 25 Juillet 2022, l\u2019op\u00e9ration de distribution des relev\u00e9s du BAC sur l\u2019ensemble d ...","og_url":"https:\/\/www.africa-press.net\/benin\/toutes-les-actualites\/benin-la-distribution-des-releves-du-bac-2022-lancee-ce-lundi","og_site_name":"B\u00e9nin","article_published_time":"2022-07-25T14:45:35+00:00","article_modified_time":"2022-07-25T14:56:14+00:00","og_image":[{"width":1280,"height":720,"url":"https:\/\/static.africa-press.net\/benin\/sites\/46\/2022\/07\/postQueueImg_21-62deaef819d90.jpg","type":"image\/jpeg"}],"author":"cfeditorfr","twitter_card":"summary_large_image","twitter_misc":{"\u00c9crit par":"cfeditorfr","Dur\u00e9e de lecture estim\u00e9e":"2 minutes"},"schema":{"@context":"https:\/\/schema.org","@graph":[{"@type":"Article","@id":"https:\/\/www.africa-press.net\/benin\/toutes-les-actualites\/benin-la-distribution-des-releves-du-bac-2022-lancee-ce-lundi#article","isPartOf":{"@id":"https:\/\/www.africa-press.net\/benin\/toutes-les-actualites\/benin-la-distribution-des-releves-du-bac-2022-lancee-ce-lundi"},"author":{"name":"cfeditorfr","@id":"https:\/\/www.africa-press.net\/benin\/#\/schema\/person\/2b1cf3cd81a31e3cd26889ca66d677f1"},"headline":"B\u00e9nin: la distribution des relev\u00e9s du BAC 2022 lanc\u00e9e ce lundi","datePublished":"2022-07-25T14:45:35+00:00","dateModified":"2022-07-25T14:56:14+00:00","mainEntityOfPage":{"@id":"https:\/\/www.africa-press.net\/benin\/toutes-les-actualites\/benin-la-distribution-des-releves-du-bac-2022-lancee-ce-lundi"},"wordCount":378,"commentCount":0,"image":{"@id":"https:\/\/www.africa-press.net\/benin\/toutes-les-actualites\/benin-la-distribution-des-releves-du-bac-2022-lancee-ce-lundi#primaryimage"},"thumbnailUrl":"https:\/\/static.africa-press.net\/benin\/sites\/46\/2022\/07\/postQueueImg_21-62deaef819d90.jpg","keywords":["Africa Press","Africa Press-Benin","B\u00e9nin"],"articleSection":["Communaut\u00e9","homepage-french","Toutes les actualit\u00e9s"],"inLanguage":"fr-FR","potentialAction":[{"@type":"CommentAction","name":"Comment","target":["https:\/\/www.africa-press.net\/benin\/toutes-les-actualites\/benin-la-distribution-des-releves-du-bac-2022-lancee-ce-lundi#respond"]}]},{"@type":"WebPage","@id":"https:\/\/www.africa-press.net\/benin\/toutes-les-actualites\/benin-la-distribution-des-releves-du-bac-2022-lancee-ce-lundi","url":"https:\/\/www.africa-press.net\/benin\/toutes-les-actualites\/benin-la-distribution-des-releves-du-bac-2022-lancee-ce-lundi","name":"B\u00e9nin: la distribution des relev\u00e9s du BAC 2022 lanc\u00e9e ce lundi - B\u00e9nin","isPartOf":{"@id":"https:\/\/www.africa-press.net\/benin\/#website"},"primaryImageOfPage":{"@id":"https:\/\/www.africa-press.net\/benin\/toutes-les-actualites\/benin-la-distribution-des-releves-du-bac-2022-lancee-ce-lundi#primaryimage"},"image":{"@id":"https:\/\/www.africa-press.net\/benin\/toutes-les-actualites\/benin-la-distribution-des-releves-du-bac-2022-lancee-ce-lundi#primaryimage"},"thumbnailUrl":"https:\/\/static.africa-press.net\/benin\/sites\/46\/2022\/07\/postQueueImg_21-62deaef819d90.jpg","datePublished":"2022-07-25T14:45:35+00:00","dateModified":"2022-07-25T14:56:14+00:00","author":{"@id":"https:\/\/www.africa-press.net\/benin\/#\/schema\/person\/2b1cf3cd81a31e3cd26889ca66d677f1"},"description":"L\u2019office du baccalaur\u00e9at lance ce lundi 25 Juillet 2022, l\u2019op\u00e9ration de distribution des relev\u00e9s du BAC sur l\u2019ensemble d ...","breadcrumb":{"@id":"https:\/\/www.africa-press.net\/benin\/toutes-les-actualites\/benin-la-distribution-des-releves-du-bac-2022-lancee-ce-lundi#breadcrumb"},"inLanguage":"fr-FR","potentialAction":[{"@type":"ReadAction","target":["https:\/\/www.africa-press.net\/benin\/toutes-les-actualites\/benin-la-distribution-des-releves-du-bac-2022-lancee-ce-lundi"]}]},{"@type":"ImageObject","inLanguage":"fr-FR","@id":"https:\/\/www.africa-press.net\/benin\/toutes-les-actualites\/benin-la-distribution-des-releves-du-bac-2022-lancee-ce-lundi#primaryimage","url":"https:\/\/static.africa-press.net\/benin\/sites\/46\/2022\/07\/postQueueImg_21-62deaef819d90.jpg","contentUrl":"https:\/\/static.africa-press.net\/benin\/sites\/46\/2022\/07\/postQueueImg_21-62deaef819d90.jpg","width":1280,"height":720,"caption":"B\u00e9nin: la distribution des relev\u00e9s du BAC 2022 lanc\u00e9e ce lundi"},{"@type":"BreadcrumbList","@id":"https:\/\/www.africa-press.net\/benin\/toutes-les-actualites\/benin-la-distribution-des-releves-du-bac-2022-lancee-ce-lundi#breadcrumb","itemListElement":[{"@type":"ListItem","position":1,"name":"Accueil","item":"https:\/\/www.africa-press.net\/benin\/"},{"@type":"ListItem","position":2,"name":"B\u00e9nin: la distribution des relev\u00e9s du BAC 2022 lanc\u00e9e ce lundi"}]},{"@type":"WebSite","@id":"https:\/\/www.africa-press.net\/benin\/#website","url":"https:\/\/www.africa-press.net\/benin\/","name":"B\u00e9nin","description":"Just another Africa News Agency Sites site","potentialAction":[{"@type":"SearchAction","target":{"@type":"EntryPoint","urlTemplate":"https:\/\/www.africa-press.net\/benin\/?s={search_term_string}"},"query-input":{"@type":"PropertyValueSpecification","valueRequired":true,"valueName":"search_term_string"}}],"inLanguage":"fr-FR"},{"@type":"Person","@id":"https:\/\/www.africa-press.net\/benin\/#\/schema\/person\/2b1cf3cd81a31e3cd26889ca66d677f1","name":"cfeditorfr"}]}},"_links":{"self":[{"href":"https:\/\/www.africa-press.net\/benin\/wp-json\/wp\/v2\/posts\/7206","targetHints":{"allow":["GET"]}}],"collection":[{"href":"https:\/\/www.africa-press.net\/benin\/wp-json\/wp\/v2\/posts"}],"about":[{"href":"https:\/\/www.africa-press.net\/benin\/wp-json\/wp\/v2\/types\/post"}],"author":[{"embeddable":true,"href":"https:\/\/www.africa-press.net\/benin\/wp-json\/wp\/v2\/users\/82"}],"replies":[{"embeddable":true,"href":"https:\/\/www.africa-press.net\/benin\/wp-json\/wp\/v2\/comments?post=7206"}],"version-history":[{"count":0,"href":"https:\/\/www.africa-press.net\/benin\/wp-json\/wp\/v2\/posts\/7206\/revisions"}],"wp:featuredmedia":[{"embeddable":true,"href":"https:\/\/www.africa-press.net\/benin\/wp-json\/wp\/v2\/media\/7205"}],"wp:attachment":[{"href":"https:\/\/www.africa-press.net\/benin\/wp-json\/wp\/v2\/media?parent=7206"}],"wp:term":[{"taxonomy":"category","embeddable":true,"href":"https:\/\/www.africa-press.net\/benin\/wp-json\/wp\/v2\/categories?post=7206"},{"taxonomy":"post_tag","embeddable":true,"href":"https:\/\/www.africa-press.net\/benin\/wp-json\/wp\/v2\/tags?post=7206"}],"curies":[{"name":"wp","href":"https:\/\/api.w.org\/{rel}","templated":true}]}}