{"id":7222,"date":"2022-07-26T19:07:35","date_gmt":"2022-07-26T19:07:35","guid":{"rendered":"https:\/\/www.africa-press.net\/benin\/politique\/divers-documents-seront-signes-lors-de-la-visite-au-benin-du-president-emmanuel-macron"},"modified":"2022-07-26T19:28:37","modified_gmt":"2022-07-26T19:28:37","slug":"divers-documents-seront-signes-lors-de-la-visite-au-benin-du-president-emmanuel-macron","status":"publish","type":"post","link":"https:\/\/www.africa-press.net\/benin\/politique\/divers-documents-seront-signes-lors-de-la-visite-au-benin-du-president-emmanuel-macron","title":{"rendered":"\u00ab\u00a0Divers documents seront sign\u00e9s \u2026\u00a0\u00bb, lors de la visite au B\u00e9nin du Pr\u00e9sident Emmanuel Macron"},"content":{"rendered":"<p><span style=\"color: #ff6600\"><strong>Africa-Press &#8211; Benin. <\/strong><\/span>Sur invitation du Pr\u00e9sident Patrice Talon, le Pr\u00e9sident de la R\u00e9publique fran\u00e7aise, Emmanuel Macron sera \u00e0 Cotonou les 26 et 27 juillet 2022. Lors de cette visite de travail en R\u00e9publique du B\u00e9nin, \u00ab divers documents seront sign\u00e9s\u2026 \u00bb indique la Pr\u00e9sidence du B\u00e9nin.<\/p>\n<p>\u00c7a sera sa premi\u00e8re visite en terre africaine depuis sa r\u00e9\u00e9lection en avril dernier. Pour cette tourn\u00e9e en terre de B\u00e9hanzin qui d\u00e9bute ce Mardi 26 juillet, le pr\u00e9sident fran\u00e7ais, sera accompagn\u00e9 des ministres des Affaires \u00e9trang\u00e8res, des Arm\u00e9es et des Relations ext\u00e9rieures ainsi que de la secr\u00e9taire d\u2019\u00c9tat charg\u00e9e du d\u00e9veloppement.<\/p>\n<p>\u00ab Au cours de son s\u00e9jour en terre hospitali\u00e8re du B\u00e9nin, le Chef de l\u2019\u00c9tat fran\u00e7ais sera re\u00e7u dans la matin\u00e9e du mercredi 27 juillet 2022, au Palais de la Marina, par le Pr\u00e9sident de la R\u00e9publique, Monsieur Patrice TALON, pour un t\u00eate-\u00e0-t\u00eate suivi d\u2019une s\u00e9ance de travail \u00e9largie \u00e0 l\u2019issue de laquelle divers documents seront sign\u00e9s. \u00bb a indiqu\u00e9 la Marina sur sa page Facebook.<\/p>\n<p>A lire aussi: \u00ab Emmanuel Macron en visite d\u2019inspection coloniale n\u2019est pas le bienvenu au B\u00e9nin \u00bb<\/p>\n<p>Une visite aux enjeux de lutte antiterroriste<\/p>\n<p>Si la nature de ces documents qui seront sign\u00e9s n\u2019a pas \u00e9t\u00e9 pr\u00e9cis\u00e9e, cette visite intervient alors que le B\u00e9nin, depuis novembre 2021, est confront\u00e9 \u00e0 une multiplication d\u2019attaques terroristes. \u00c0 en croire les autorit\u00e9s de la France, le B\u00e9nin souhaite un appui fran\u00e7ais en mati\u00e8re de soutien a\u00e9rien, de renseignement et d\u2019\u00e9quipement.<\/p>\n<p>Le 13 juillet dernier, le pr\u00e9sident fran\u00e7ais avait annonc\u00e9 sa volont\u00e9 de \u00ab repenser d\u2019ici l\u2019automne l\u2019ensemble \u00bb des dispositifs militaires de la France en Afrique pour les rendre \u00ab moins pos\u00e9s et moins expos\u00e9s \u00bb, alors que la force Barkhane est en train de se retirer du Mali, apr\u00e8s la d\u00e9gradation des relations entre Paris et Bamako. Pour Emmanuel Macron, il s\u2019agissait d\u2019une \u00ab n\u00e9cessit\u00e9 strat\u00e9gique \u00bb.<\/p>\n<p><strong>Pour plus d&rsquo;informations et d&rsquo;analyses sur la <a href=\"https:\/\/www.africa-press.net\/benin\">Benin<\/a>, suivez <a href=\"https:\/\/www.africa-press.net\/\">Africa-Press<\/a><\/strong><\/p>\n","protected":false},"excerpt":{"rendered":"<p>Africa-Press &#8211; Benin. Sur invitation du Pr\u00e9sident Patrice Talon, le Pr\u00e9sident de la R\u00e9publique fran\u00e7aise, Emmanuel Macron sera \u00e0 Cotonou les 26 et 27 juillet 2022. Lors de cette visite de travail en R\u00e9publique du B\u00e9nin, \u00ab divers documents seront sign\u00e9s\u2026 \u00bb indique la Pr\u00e9sidence du B\u00e9nin. \u00c7a sera sa premi\u00e8re visite en terre africaine [&hellip;]<\/p>\n","protected":false},"author":82,"featured_media":7221,"comment_status":"open","ping_status":"closed","sticky":false,"template":"","format":"standard","meta":{"footnotes":""},"categories":[11,2,10],"tags":[36,50,45],"class_list":["post-7222","post","type-post","status-publish","format-standard","has-post-thumbnail","hentry","category-homepage-french","category-politique","category-toutes-les-actualites","tag-africa-press","tag-africa-press-benin","tag-benin"],"yoast_head":"<!-- This site is optimized with the Yoast SEO Premium plugin v26.1 (Yoast SEO v27.0) - https:\/\/yoast.com\/product\/yoast-seo-premium-wordpress\/ -->\n<title>\u00ab\u00a0Divers documents seront sign\u00e9s \u2026\u00a0\u00bb, lors de la visite au B\u00e9nin du Pr\u00e9sident Emmanuel Macron - B\u00e9nin<\/title>\n<meta name=\"description\" content=\"Sur invitation du Pr\u00e9sident Patrice Talon, le Pr\u00e9sident de la R\u00e9publique fran\u00e7aise, Emmanuel Macron sera \u00e0 Cotonou les 2 ...\" \/>\n<meta name=\"robots\" content=\"index, follow, max-snippet:-1, max-image-preview:large, max-video-preview:-1\" \/>\n<link rel=\"canonical\" href=\"https:\/\/www.africa-press.net\/benin\/politique\/divers-documents-seront-signes-lors-de-la-visite-au-benin-du-president-emmanuel-macron\" \/>\n<meta property=\"og:locale\" content=\"fr_FR\" \/>\n<meta property=\"og:type\" content=\"article\" \/>\n<meta property=\"og:title\" content=\"\u00ab\u00a0Divers documents seront sign\u00e9s \u2026\u00a0\u00bb, lors de la visite au B\u00e9nin du Pr\u00e9sident Emmanuel Macron\" \/>\n<meta property=\"og:description\" content=\"Sur invitation du Pr\u00e9sident Patrice Talon, le Pr\u00e9sident de la R\u00e9publique fran\u00e7aise, Emmanuel Macron sera \u00e0 Cotonou les 2 ...\" \/>\n<meta property=\"og:url\" content=\"https:\/\/www.africa-press.net\/benin\/politique\/divers-documents-seront-signes-lors-de-la-visite-au-benin-du-president-emmanuel-macron\" \/>\n<meta property=\"og:site_name\" content=\"B\u00e9nin\" \/>\n<meta property=\"article:published_time\" content=\"2022-07-26T19:07:35+00:00\" \/>\n<meta property=\"article:modified_time\" content=\"2022-07-26T19:28:37+00:00\" \/>\n<meta property=\"og:image\" content=\"https:\/\/static.africa-press.net\/benin\/sites\/46\/2022\/07\/postQueueImg_22-62e0404864385.jpg\" \/>\n\t<meta property=\"og:image:width\" content=\"1200\" \/>\n\t<meta property=\"og:image:height\" content=\"800\" \/>\n\t<meta property=\"og:image:type\" content=\"image\/jpeg\" \/>\n<meta name=\"author\" content=\"cfeditorfr\" \/>\n<meta name=\"twitter:card\" content=\"summary_large_image\" \/>\n<meta name=\"twitter:label1\" content=\"\u00c9crit par\" \/>\n\t<meta name=\"twitter:data1\" content=\"cfeditorfr\" \/>\n\t<meta name=\"twitter:label2\" content=\"Dur\u00e9e de lecture estim\u00e9e\" \/>\n\t<meta name=\"twitter:data2\" content=\"2 minutes\" \/>\n<script type=\"application\/ld+json\" class=\"yoast-schema-graph\">{\"@context\":\"https:\/\/schema.org\",\"@graph\":[{\"@type\":\"Article\",\"@id\":\"https:\/\/www.africa-press.net\/benin\/politique\/divers-documents-seront-signes-lors-de-la-visite-au-benin-du-president-emmanuel-macron#article\",\"isPartOf\":{\"@id\":\"https:\/\/www.africa-press.net\/benin\/politique\/divers-documents-seront-signes-lors-de-la-visite-au-benin-du-president-emmanuel-macron\"},\"author\":{\"name\":\"cfeditorfr\",\"@id\":\"https:\/\/www.africa-press.net\/benin\/#\/schema\/person\/2b1cf3cd81a31e3cd26889ca66d677f1\"},\"headline\":\"\u00ab\u00a0Divers documents seront sign\u00e9s \u2026\u00a0\u00bb, lors de la visite au B\u00e9nin du Pr\u00e9sident Emmanuel Macron\",\"datePublished\":\"2022-07-26T19:07:35+00:00\",\"dateModified\":\"2022-07-26T19:28:37+00:00\",\"mainEntityOfPage\":{\"@id\":\"https:\/\/www.africa-press.net\/benin\/politique\/divers-documents-seront-signes-lors-de-la-visite-au-benin-du-president-emmanuel-macron\"},\"wordCount\":382,\"commentCount\":0,\"image\":{\"@id\":\"https:\/\/www.africa-press.net\/benin\/politique\/divers-documents-seront-signes-lors-de-la-visite-au-benin-du-president-emmanuel-macron#primaryimage\"},\"thumbnailUrl\":\"https:\/\/static.africa-press.net\/benin\/sites\/46\/2022\/07\/postQueueImg_22-62e0404864385.jpg\",\"keywords\":[\"Africa Press\",\"Africa Press-Benin\",\"B\u00e9nin\"],\"articleSection\":[\"homepage-french\",\"Politique\",\"Toutes les actualit\u00e9s\"],\"inLanguage\":\"fr-FR\",\"potentialAction\":[{\"@type\":\"CommentAction\",\"name\":\"Comment\",\"target\":[\"https:\/\/www.africa-press.net\/benin\/politique\/divers-documents-seront-signes-lors-de-la-visite-au-benin-du-president-emmanuel-macron#respond\"]}]},{\"@type\":\"WebPage\",\"@id\":\"https:\/\/www.africa-press.net\/benin\/politique\/divers-documents-seront-signes-lors-de-la-visite-au-benin-du-president-emmanuel-macron\",\"url\":\"https:\/\/www.africa-press.net\/benin\/politique\/divers-documents-seront-signes-lors-de-la-visite-au-benin-du-president-emmanuel-macron\",\"name\":\"\u00ab\u00a0Divers documents seront sign\u00e9s \u2026\u00a0\u00bb, lors de la visite au B\u00e9nin du Pr\u00e9sident Emmanuel Macron - B\u00e9nin\",\"isPartOf\":{\"@id\":\"https:\/\/www.africa-press.net\/benin\/#website\"},\"primaryImageOfPage\":{\"@id\":\"https:\/\/www.africa-press.net\/benin\/politique\/divers-documents-seront-signes-lors-de-la-visite-au-benin-du-president-emmanuel-macron#primaryimage\"},\"image\":{\"@id\":\"https:\/\/www.africa-press.net\/benin\/politique\/divers-documents-seront-signes-lors-de-la-visite-au-benin-du-president-emmanuel-macron#primaryimage\"},\"thumbnailUrl\":\"https:\/\/static.africa-press.net\/benin\/sites\/46\/2022\/07\/postQueueImg_22-62e0404864385.jpg\",\"datePublished\":\"2022-07-26T19:07:35+00:00\",\"dateModified\":\"2022-07-26T19:28:37+00:00\",\"author\":{\"@id\":\"https:\/\/www.africa-press.net\/benin\/#\/schema\/person\/2b1cf3cd81a31e3cd26889ca66d677f1\"},\"description\":\"Sur invitation du Pr\u00e9sident Patrice Talon, le Pr\u00e9sident de la R\u00e9publique fran\u00e7aise, Emmanuel Macron sera \u00e0 Cotonou les 2 ...\",\"breadcrumb\":{\"@id\":\"https:\/\/www.africa-press.net\/benin\/politique\/divers-documents-seront-signes-lors-de-la-visite-au-benin-du-president-emmanuel-macron#breadcrumb\"},\"inLanguage\":\"fr-FR\",\"potentialAction\":[{\"@type\":\"ReadAction\",\"target\":[\"https:\/\/www.africa-press.net\/benin\/politique\/divers-documents-seront-signes-lors-de-la-visite-au-benin-du-president-emmanuel-macron\"]}]},{\"@type\":\"ImageObject\",\"inLanguage\":\"fr-FR\",\"@id\":\"https:\/\/www.africa-press.net\/benin\/politique\/divers-documents-seront-signes-lors-de-la-visite-au-benin-du-president-emmanuel-macron#primaryimage\",\"url\":\"https:\/\/static.africa-press.net\/benin\/sites\/46\/2022\/07\/postQueueImg_22-62e0404864385.jpg\",\"contentUrl\":\"https:\/\/static.africa-press.net\/benin\/sites\/46\/2022\/07\/postQueueImg_22-62e0404864385.jpg\",\"width\":1200,\"height\":800,\"caption\":\"\u00ab\u00a0Divers documents seront sign\u00e9s \u2026\u00a0\u00bb, lors de la visite au B\u00e9nin du Pr\u00e9sident Emmanuel Macron\"},{\"@type\":\"BreadcrumbList\",\"@id\":\"https:\/\/www.africa-press.net\/benin\/politique\/divers-documents-seront-signes-lors-de-la-visite-au-benin-du-president-emmanuel-macron#breadcrumb\",\"itemListElement\":[{\"@type\":\"ListItem\",\"position\":1,\"name\":\"Accueil\",\"item\":\"https:\/\/www.africa-press.net\/benin\/\"},{\"@type\":\"ListItem\",\"position\":2,\"name\":\"\u00ab\u00a0Divers documents seront sign\u00e9s \u2026\u00a0\u00bb, lors de la visite au B\u00e9nin du Pr\u00e9sident Emmanuel Macron\"}]},{\"@type\":\"WebSite\",\"@id\":\"https:\/\/www.africa-press.net\/benin\/#website\",\"url\":\"https:\/\/www.africa-press.net\/benin\/\",\"name\":\"B\u00e9nin\",\"description\":\"Just another Africa News Agency Sites site\",\"potentialAction\":[{\"@type\":\"SearchAction\",\"target\":{\"@type\":\"EntryPoint\",\"urlTemplate\":\"https:\/\/www.africa-press.net\/benin\/?s={search_term_string}\"},\"query-input\":{\"@type\":\"PropertyValueSpecification\",\"valueRequired\":true,\"valueName\":\"search_term_string\"}}],\"inLanguage\":\"fr-FR\"},{\"@type\":\"Person\",\"@id\":\"https:\/\/www.africa-press.net\/benin\/#\/schema\/person\/2b1cf3cd81a31e3cd26889ca66d677f1\",\"name\":\"cfeditorfr\"}]}<\/script>\n<!-- \/ Yoast SEO Premium plugin. -->","yoast_head_json":{"title":"\u00ab\u00a0Divers documents seront sign\u00e9s \u2026\u00a0\u00bb, lors de la visite au B\u00e9nin du Pr\u00e9sident Emmanuel Macron - B\u00e9nin","description":"Sur invitation du Pr\u00e9sident Patrice Talon, le Pr\u00e9sident de la R\u00e9publique fran\u00e7aise, Emmanuel Macron sera \u00e0 Cotonou les 2 ...","robots":{"index":"index","follow":"follow","max-snippet":"max-snippet:-1","max-image-preview":"max-image-preview:large","max-video-preview":"max-video-preview:-1"},"canonical":"https:\/\/www.africa-press.net\/benin\/politique\/divers-documents-seront-signes-lors-de-la-visite-au-benin-du-president-emmanuel-macron","og_locale":"fr_FR","og_type":"article","og_title":"\u00ab\u00a0Divers documents seront sign\u00e9s \u2026\u00a0\u00bb, lors de la visite au B\u00e9nin du Pr\u00e9sident Emmanuel Macron","og_description":"Sur invitation du Pr\u00e9sident Patrice Talon, le Pr\u00e9sident de la R\u00e9publique fran\u00e7aise, Emmanuel Macron sera \u00e0 Cotonou les 2 ...","og_url":"https:\/\/www.africa-press.net\/benin\/politique\/divers-documents-seront-signes-lors-de-la-visite-au-benin-du-president-emmanuel-macron","og_site_name":"B\u00e9nin","article_published_time":"2022-07-26T19:07:35+00:00","article_modified_time":"2022-07-26T19:28:37+00:00","og_image":[{"width":1200,"height":800,"url":"https:\/\/static.africa-press.net\/benin\/sites\/46\/2022\/07\/postQueueImg_22-62e0404864385.jpg","type":"image\/jpeg"}],"author":"cfeditorfr","twitter_card":"summary_large_image","twitter_misc":{"\u00c9crit par":"cfeditorfr","Dur\u00e9e de lecture estim\u00e9e":"2 minutes"},"schema":{"@context":"https:\/\/schema.org","@graph":[{"@type":"Article","@id":"https:\/\/www.africa-press.net\/benin\/politique\/divers-documents-seront-signes-lors-de-la-visite-au-benin-du-president-emmanuel-macron#article","isPartOf":{"@id":"https:\/\/www.africa-press.net\/benin\/politique\/divers-documents-seront-signes-lors-de-la-visite-au-benin-du-president-emmanuel-macron"},"author":{"name":"cfeditorfr","@id":"https:\/\/www.africa-press.net\/benin\/#\/schema\/person\/2b1cf3cd81a31e3cd26889ca66d677f1"},"headline":"\u00ab\u00a0Divers documents seront sign\u00e9s \u2026\u00a0\u00bb, lors de la visite au B\u00e9nin du Pr\u00e9sident Emmanuel Macron","datePublished":"2022-07-26T19:07:35+00:00","dateModified":"2022-07-26T19:28:37+00:00","mainEntityOfPage":{"@id":"https:\/\/www.africa-press.net\/benin\/politique\/divers-documents-seront-signes-lors-de-la-visite-au-benin-du-president-emmanuel-macron"},"wordCount":382,"commentCount":0,"image":{"@id":"https:\/\/www.africa-press.net\/benin\/politique\/divers-documents-seront-signes-lors-de-la-visite-au-benin-du-president-emmanuel-macron#primaryimage"},"thumbnailUrl":"https:\/\/static.africa-press.net\/benin\/sites\/46\/2022\/07\/postQueueImg_22-62e0404864385.jpg","keywords":["Africa Press","Africa Press-Benin","B\u00e9nin"],"articleSection":["homepage-french","Politique","Toutes les actualit\u00e9s"],"inLanguage":"fr-FR","potentialAction":[{"@type":"CommentAction","name":"Comment","target":["https:\/\/www.africa-press.net\/benin\/politique\/divers-documents-seront-signes-lors-de-la-visite-au-benin-du-president-emmanuel-macron#respond"]}]},{"@type":"WebPage","@id":"https:\/\/www.africa-press.net\/benin\/politique\/divers-documents-seront-signes-lors-de-la-visite-au-benin-du-president-emmanuel-macron","url":"https:\/\/www.africa-press.net\/benin\/politique\/divers-documents-seront-signes-lors-de-la-visite-au-benin-du-president-emmanuel-macron","name":"\u00ab\u00a0Divers documents seront sign\u00e9s \u2026\u00a0\u00bb, lors de la visite au B\u00e9nin du Pr\u00e9sident Emmanuel Macron - B\u00e9nin","isPartOf":{"@id":"https:\/\/www.africa-press.net\/benin\/#website"},"primaryImageOfPage":{"@id":"https:\/\/www.africa-press.net\/benin\/politique\/divers-documents-seront-signes-lors-de-la-visite-au-benin-du-president-emmanuel-macron#primaryimage"},"image":{"@id":"https:\/\/www.africa-press.net\/benin\/politique\/divers-documents-seront-signes-lors-de-la-visite-au-benin-du-president-emmanuel-macron#primaryimage"},"thumbnailUrl":"https:\/\/static.africa-press.net\/benin\/sites\/46\/2022\/07\/postQueueImg_22-62e0404864385.jpg","datePublished":"2022-07-26T19:07:35+00:00","dateModified":"2022-07-26T19:28:37+00:00","author":{"@id":"https:\/\/www.africa-press.net\/benin\/#\/schema\/person\/2b1cf3cd81a31e3cd26889ca66d677f1"},"description":"Sur invitation du Pr\u00e9sident Patrice Talon, le Pr\u00e9sident de la R\u00e9publique fran\u00e7aise, Emmanuel Macron sera \u00e0 Cotonou les 2 ...","breadcrumb":{"@id":"https:\/\/www.africa-press.net\/benin\/politique\/divers-documents-seront-signes-lors-de-la-visite-au-benin-du-president-emmanuel-macron#breadcrumb"},"inLanguage":"fr-FR","potentialAction":[{"@type":"ReadAction","target":["https:\/\/www.africa-press.net\/benin\/politique\/divers-documents-seront-signes-lors-de-la-visite-au-benin-du-president-emmanuel-macron"]}]},{"@type":"ImageObject","inLanguage":"fr-FR","@id":"https:\/\/www.africa-press.net\/benin\/politique\/divers-documents-seront-signes-lors-de-la-visite-au-benin-du-president-emmanuel-macron#primaryimage","url":"https:\/\/static.africa-press.net\/benin\/sites\/46\/2022\/07\/postQueueImg_22-62e0404864385.jpg","contentUrl":"https:\/\/static.africa-press.net\/benin\/sites\/46\/2022\/07\/postQueueImg_22-62e0404864385.jpg","width":1200,"height":800,"caption":"\u00ab\u00a0Divers documents seront sign\u00e9s \u2026\u00a0\u00bb, lors de la visite au B\u00e9nin du Pr\u00e9sident Emmanuel Macron"},{"@type":"BreadcrumbList","@id":"https:\/\/www.africa-press.net\/benin\/politique\/divers-documents-seront-signes-lors-de-la-visite-au-benin-du-president-emmanuel-macron#breadcrumb","itemListElement":[{"@type":"ListItem","position":1,"name":"Accueil","item":"https:\/\/www.africa-press.net\/benin\/"},{"@type":"ListItem","position":2,"name":"\u00ab\u00a0Divers documents seront sign\u00e9s \u2026\u00a0\u00bb, lors de la visite au B\u00e9nin du Pr\u00e9sident Emmanuel Macron"}]},{"@type":"WebSite","@id":"https:\/\/www.africa-press.net\/benin\/#website","url":"https:\/\/www.africa-press.net\/benin\/","name":"B\u00e9nin","description":"Just another Africa News Agency Sites site","potentialAction":[{"@type":"SearchAction","target":{"@type":"EntryPoint","urlTemplate":"https:\/\/www.africa-press.net\/benin\/?s={search_term_string}"},"query-input":{"@type":"PropertyValueSpecification","valueRequired":true,"valueName":"search_term_string"}}],"inLanguage":"fr-FR"},{"@type":"Person","@id":"https:\/\/www.africa-press.net\/benin\/#\/schema\/person\/2b1cf3cd81a31e3cd26889ca66d677f1","name":"cfeditorfr"}]}},"_links":{"self":[{"href":"https:\/\/www.africa-press.net\/benin\/wp-json\/wp\/v2\/posts\/7222","targetHints":{"allow":["GET"]}}],"collection":[{"href":"https:\/\/www.africa-press.net\/benin\/wp-json\/wp\/v2\/posts"}],"about":[{"href":"https:\/\/www.africa-press.net\/benin\/wp-json\/wp\/v2\/types\/post"}],"author":[{"embeddable":true,"href":"https:\/\/www.africa-press.net\/benin\/wp-json\/wp\/v2\/users\/82"}],"replies":[{"embeddable":true,"href":"https:\/\/www.africa-press.net\/benin\/wp-json\/wp\/v2\/comments?post=7222"}],"version-history":[{"count":0,"href":"https:\/\/www.africa-press.net\/benin\/wp-json\/wp\/v2\/posts\/7222\/revisions"}],"wp:featuredmedia":[{"embeddable":true,"href":"https:\/\/www.africa-press.net\/benin\/wp-json\/wp\/v2\/media\/7221"}],"wp:attachment":[{"href":"https:\/\/www.africa-press.net\/benin\/wp-json\/wp\/v2\/media?parent=7222"}],"wp:term":[{"taxonomy":"category","embeddable":true,"href":"https:\/\/www.africa-press.net\/benin\/wp-json\/wp\/v2\/categories?post=7222"},{"taxonomy":"post_tag","embeddable":true,"href":"https:\/\/www.africa-press.net\/benin\/wp-json\/wp\/v2\/tags?post=7222"}],"curies":[{"name":"wp","href":"https:\/\/api.w.org\/{rel}","templated":true}]}}