{"id":7225,"date":"2022-07-26T19:07:50","date_gmt":"2022-07-26T19:07:50","guid":{"rendered":"https:\/\/www.africa-press.net\/benin\/politique\/benin-un-agent-de-securite-condamne-a-12-ans-de-prison-pour-meurtre"},"modified":"2022-07-26T19:29:03","modified_gmt":"2022-07-26T19:29:03","slug":"benin-un-agent-de-securite-condamne-a-12-ans-de-prison-pour-meurtre","status":"publish","type":"post","link":"https:\/\/www.africa-press.net\/benin\/toutes-les-actualites\/benin-un-agent-de-securite-condamne-a-12-ans-de-prison-pour-meurtre","title":{"rendered":"B\u00e9nin: un agent de s\u00e9curit\u00e9 condamn\u00e9 \u00e0 12 ans de prison pour meurtre"},"content":{"rendered":"<p><span style=\"color: #ff6600\"><strong>Africa-Press &#8211; Benin. <\/strong><\/span>Un agent de s\u00e9curit\u00e9 est condamn\u00e9 ce lundi 25 Juillet 2022 pour meurtre. Poursuivi pour avoir tu\u00e9 un pr\u00e9sum\u00e9 voleur de noix dans une palmeraie \u00e0 Z\u00e8, il \u00e9cope d\u2019une peine de 12 ans de prison.<\/p>\n<p>Le tribunal de premi\u00e8re instance de Cotonou a condamn\u00e9 ce lundi 25 Juillet 2022, un agent de s\u00e9curit\u00e9 \u00e0 12 ans de prison ferme. Le pr\u00e9venu est accus\u00e9 d\u2019homicide.<\/p>\n<p>Les faits remontent au 23 f\u00e9vrier 2010 \u00e0 Z\u00e8. L\u2019agent de s\u00e9curit\u00e9 recrut\u00e9 pour la surveillance d\u2019une palmeraie a ot\u00e9 la vie \u00e0 un pr\u00e9sum\u00e9 voleur de noix de palme avec une arme de fabrication artisanale. Interpell\u00e9 par la police, il est poursuivi pour homicide.<\/p>\n<p>Lors de l\u2019enqu\u00eate pr\u00e9liminaire, l\u2019agent de s\u00e9curit\u00e9 a confi\u00e9 que l\u2019arme utilis\u00e9e pour abattre le pr\u00e9sum\u00e9 voleur lui a \u00e9t\u00e9 remise par ses employeurs avec l\u2019ordre d\u2019en faire usage s\u2019il constate la pr\u00e9sence d\u2019individus suspects dans la palmeraie.<\/p>\n<p>Une d\u00e9claration rejet\u00e9e par ses employeurs qui ont soutenu la version contraire. Tout au long de l\u2019instruction, les versions m\u00eames de l\u2019accus\u00e9 ont vari\u00e9. Il a m\u00eame ni\u00e9 au cours de l\u2019enqu\u00eate pr\u00e9liminaire avoir tir\u00e9 sur la victime. Mais lors du proc\u00e8s de ce lundi 25 Juillet, il reconnait les faits mis \u00e0 sa charge apr\u00e8s les avoir ni\u00e9s lors de la proc\u00e9dure d\u2019enqu\u00eate judiciaire.<\/p>\n<p>Dans sa r\u00e9quisition, le minist\u00e8re public demande \u00e0 la Cour de requalifier les faits, et de condamner l\u2019accus\u00e9 pour meurtre, un autre accus\u00e9 (le compagnon de la victime) pour tentative de vol. Il demande \u00e0 la Cour d\u2019acquitter les autres accus\u00e9s (les employeurs de l\u2019accus\u00e9) au b\u00e9n\u00e9fice de doute, ceci, en raison du flou qui entoure la provenance de l\u2019arme.<\/p>\n<p>Dans sa d\u00e9lib\u00e9ration, le tribunal de premi\u00e8re instance de Cotonou acc\u00e8de \u00e0 la demande du minist\u00e8re public. Le principal accus\u00e9 fit condamn\u00e9 \u00e0 12 ans de prison. Son coaccus\u00e9 (complice du voleur pr\u00e9sum\u00e9) \u00e0 24 mois assortis de sursis. Les autres accus\u00e9s ont \u00e9t\u00e9 acquitt\u00e9s au b\u00e9n\u00e9fice de doute. Il faut pr\u00e9ciser que six personnes ont \u00e9t\u00e9 poursuivies dans ce dossier.<\/p>\n<p><strong>Pour plus d&rsquo;informations et d&rsquo;analyses sur la <a href=\"https:\/\/www.africa-press.net\/benin\">Benin<\/a>, suivez <a href=\"https:\/\/www.africa-press.net\/\">Africa-Press<\/a><\/strong><\/p>\n","protected":false},"excerpt":{"rendered":"<p>Africa-Press &#8211; Benin. Un agent de s\u00e9curit\u00e9 est condamn\u00e9 ce lundi 25 Juillet 2022 pour meurtre. Poursuivi pour avoir tu\u00e9 un pr\u00e9sum\u00e9 voleur de noix dans une palmeraie \u00e0 Z\u00e8, il \u00e9cope d\u2019une peine de 12 ans de prison. Le tribunal de premi\u00e8re instance de Cotonou a condamn\u00e9 ce lundi 25 Juillet 2022, un agent [&hellip;]<\/p>\n","protected":false},"author":82,"featured_media":7224,"comment_status":"open","ping_status":"closed","sticky":false,"template":"","format":"standard","meta":{"footnotes":""},"categories":[21,11,10],"tags":[36,50,45],"class_list":["post-7225","post","type-post","status-publish","format-standard","has-post-thumbnail","hentry","category-communaute","category-homepage-french","category-toutes-les-actualites","tag-africa-press","tag-africa-press-benin","tag-benin"],"yoast_head":"<!-- This site is optimized with the Yoast SEO Premium plugin v26.1 (Yoast SEO v27.0) - https:\/\/yoast.com\/product\/yoast-seo-premium-wordpress\/ -->\n<title>B\u00e9nin: un agent de s\u00e9curit\u00e9 condamn\u00e9 \u00e0 12 ans de prison pour meurtre - B\u00e9nin<\/title>\n<meta name=\"description\" content=\"Un agent de s\u00e9curit\u00e9 est condamn\u00e9 ce lundi 25 Juillet 2022 pour meurtre. Poursuivi pour avoir tu\u00e9 un pr\u00e9sum\u00e9 voleur de n ...\" \/>\n<meta name=\"robots\" content=\"index, follow, max-snippet:-1, max-image-preview:large, max-video-preview:-1\" \/>\n<link rel=\"canonical\" href=\"https:\/\/www.africa-press.net\/benin\/toutes-les-actualites\/benin-un-agent-de-securite-condamne-a-12-ans-de-prison-pour-meurtre\" \/>\n<meta property=\"og:locale\" content=\"fr_FR\" \/>\n<meta property=\"og:type\" content=\"article\" \/>\n<meta property=\"og:title\" content=\"B\u00e9nin: un agent de s\u00e9curit\u00e9 condamn\u00e9 \u00e0 12 ans de prison pour meurtre\" \/>\n<meta property=\"og:description\" content=\"Un agent de s\u00e9curit\u00e9 est condamn\u00e9 ce lundi 25 Juillet 2022 pour meurtre. Poursuivi pour avoir tu\u00e9 un pr\u00e9sum\u00e9 voleur de n ...\" \/>\n<meta property=\"og:url\" content=\"https:\/\/www.africa-press.net\/benin\/toutes-les-actualites\/benin-un-agent-de-securite-condamne-a-12-ans-de-prison-pour-meurtre\" \/>\n<meta property=\"og:site_name\" content=\"B\u00e9nin\" \/>\n<meta property=\"article:published_time\" content=\"2022-07-26T19:07:50+00:00\" \/>\n<meta property=\"article:modified_time\" content=\"2022-07-26T19:29:03+00:00\" \/>\n<meta property=\"og:image\" content=\"https:\/\/static.africa-press.net\/benin\/sites\/46\/2022\/07\/postQueueImg_23-62e0406b10d97.jpg\" \/>\n\t<meta property=\"og:image:width\" content=\"1500\" \/>\n\t<meta property=\"og:image:height\" content=\"845\" \/>\n\t<meta property=\"og:image:type\" content=\"image\/jpeg\" \/>\n<meta name=\"author\" content=\"cfeditorfr\" \/>\n<meta name=\"twitter:card\" content=\"summary_large_image\" \/>\n<meta name=\"twitter:label1\" content=\"\u00c9crit par\" \/>\n\t<meta name=\"twitter:data1\" content=\"cfeditorfr\" \/>\n\t<meta name=\"twitter:label2\" content=\"Dur\u00e9e de lecture estim\u00e9e\" \/>\n\t<meta name=\"twitter:data2\" content=\"2 minutes\" \/>\n<script type=\"application\/ld+json\" class=\"yoast-schema-graph\">{\"@context\":\"https:\/\/schema.org\",\"@graph\":[{\"@type\":\"Article\",\"@id\":\"https:\/\/www.africa-press.net\/benin\/toutes-les-actualites\/benin-un-agent-de-securite-condamne-a-12-ans-de-prison-pour-meurtre#article\",\"isPartOf\":{\"@id\":\"https:\/\/www.africa-press.net\/benin\/toutes-les-actualites\/benin-un-agent-de-securite-condamne-a-12-ans-de-prison-pour-meurtre\"},\"author\":{\"name\":\"cfeditorfr\",\"@id\":\"https:\/\/www.africa-press.net\/benin\/#\/schema\/person\/2b1cf3cd81a31e3cd26889ca66d677f1\"},\"headline\":\"B\u00e9nin: un agent de s\u00e9curit\u00e9 condamn\u00e9 \u00e0 12 ans de prison pour meurtre\",\"datePublished\":\"2022-07-26T19:07:50+00:00\",\"dateModified\":\"2022-07-26T19:29:03+00:00\",\"mainEntityOfPage\":{\"@id\":\"https:\/\/www.africa-press.net\/benin\/toutes-les-actualites\/benin-un-agent-de-securite-condamne-a-12-ans-de-prison-pour-meurtre\"},\"wordCount\":401,\"commentCount\":0,\"image\":{\"@id\":\"https:\/\/www.africa-press.net\/benin\/toutes-les-actualites\/benin-un-agent-de-securite-condamne-a-12-ans-de-prison-pour-meurtre#primaryimage\"},\"thumbnailUrl\":\"https:\/\/static.africa-press.net\/benin\/sites\/46\/2022\/07\/postQueueImg_23-62e0406b10d97.jpg\",\"keywords\":[\"Africa Press\",\"Africa Press-Benin\",\"B\u00e9nin\"],\"articleSection\":[\"Communaut\u00e9\",\"homepage-french\",\"Toutes les actualit\u00e9s\"],\"inLanguage\":\"fr-FR\",\"potentialAction\":[{\"@type\":\"CommentAction\",\"name\":\"Comment\",\"target\":[\"https:\/\/www.africa-press.net\/benin\/toutes-les-actualites\/benin-un-agent-de-securite-condamne-a-12-ans-de-prison-pour-meurtre#respond\"]}]},{\"@type\":\"WebPage\",\"@id\":\"https:\/\/www.africa-press.net\/benin\/toutes-les-actualites\/benin-un-agent-de-securite-condamne-a-12-ans-de-prison-pour-meurtre\",\"url\":\"https:\/\/www.africa-press.net\/benin\/toutes-les-actualites\/benin-un-agent-de-securite-condamne-a-12-ans-de-prison-pour-meurtre\",\"name\":\"B\u00e9nin: un agent de s\u00e9curit\u00e9 condamn\u00e9 \u00e0 12 ans de prison pour meurtre - B\u00e9nin\",\"isPartOf\":{\"@id\":\"https:\/\/www.africa-press.net\/benin\/#website\"},\"primaryImageOfPage\":{\"@id\":\"https:\/\/www.africa-press.net\/benin\/toutes-les-actualites\/benin-un-agent-de-securite-condamne-a-12-ans-de-prison-pour-meurtre#primaryimage\"},\"image\":{\"@id\":\"https:\/\/www.africa-press.net\/benin\/toutes-les-actualites\/benin-un-agent-de-securite-condamne-a-12-ans-de-prison-pour-meurtre#primaryimage\"},\"thumbnailUrl\":\"https:\/\/static.africa-press.net\/benin\/sites\/46\/2022\/07\/postQueueImg_23-62e0406b10d97.jpg\",\"datePublished\":\"2022-07-26T19:07:50+00:00\",\"dateModified\":\"2022-07-26T19:29:03+00:00\",\"author\":{\"@id\":\"https:\/\/www.africa-press.net\/benin\/#\/schema\/person\/2b1cf3cd81a31e3cd26889ca66d677f1\"},\"description\":\"Un agent de s\u00e9curit\u00e9 est condamn\u00e9 ce lundi 25 Juillet 2022 pour meurtre. Poursuivi pour avoir tu\u00e9 un pr\u00e9sum\u00e9 voleur de n ...\",\"breadcrumb\":{\"@id\":\"https:\/\/www.africa-press.net\/benin\/toutes-les-actualites\/benin-un-agent-de-securite-condamne-a-12-ans-de-prison-pour-meurtre#breadcrumb\"},\"inLanguage\":\"fr-FR\",\"potentialAction\":[{\"@type\":\"ReadAction\",\"target\":[\"https:\/\/www.africa-press.net\/benin\/toutes-les-actualites\/benin-un-agent-de-securite-condamne-a-12-ans-de-prison-pour-meurtre\"]}]},{\"@type\":\"ImageObject\",\"inLanguage\":\"fr-FR\",\"@id\":\"https:\/\/www.africa-press.net\/benin\/toutes-les-actualites\/benin-un-agent-de-securite-condamne-a-12-ans-de-prison-pour-meurtre#primaryimage\",\"url\":\"https:\/\/static.africa-press.net\/benin\/sites\/46\/2022\/07\/postQueueImg_23-62e0406b10d97.jpg\",\"contentUrl\":\"https:\/\/static.africa-press.net\/benin\/sites\/46\/2022\/07\/postQueueImg_23-62e0406b10d97.jpg\",\"width\":1500,\"height\":845,\"caption\":\"B\u00e9nin: un agent de s\u00e9curit\u00e9 condamn\u00e9 \u00e0 12 ans de prison pour meurtre\"},{\"@type\":\"BreadcrumbList\",\"@id\":\"https:\/\/www.africa-press.net\/benin\/toutes-les-actualites\/benin-un-agent-de-securite-condamne-a-12-ans-de-prison-pour-meurtre#breadcrumb\",\"itemListElement\":[{\"@type\":\"ListItem\",\"position\":1,\"name\":\"Accueil\",\"item\":\"https:\/\/www.africa-press.net\/benin\/\"},{\"@type\":\"ListItem\",\"position\":2,\"name\":\"B\u00e9nin: un agent de s\u00e9curit\u00e9 condamn\u00e9 \u00e0 12 ans de prison pour meurtre\"}]},{\"@type\":\"WebSite\",\"@id\":\"https:\/\/www.africa-press.net\/benin\/#website\",\"url\":\"https:\/\/www.africa-press.net\/benin\/\",\"name\":\"B\u00e9nin\",\"description\":\"Just another Africa News Agency Sites site\",\"potentialAction\":[{\"@type\":\"SearchAction\",\"target\":{\"@type\":\"EntryPoint\",\"urlTemplate\":\"https:\/\/www.africa-press.net\/benin\/?s={search_term_string}\"},\"query-input\":{\"@type\":\"PropertyValueSpecification\",\"valueRequired\":true,\"valueName\":\"search_term_string\"}}],\"inLanguage\":\"fr-FR\"},{\"@type\":\"Person\",\"@id\":\"https:\/\/www.africa-press.net\/benin\/#\/schema\/person\/2b1cf3cd81a31e3cd26889ca66d677f1\",\"name\":\"cfeditorfr\"}]}<\/script>\n<!-- \/ Yoast SEO Premium plugin. -->","yoast_head_json":{"title":"B\u00e9nin: un agent de s\u00e9curit\u00e9 condamn\u00e9 \u00e0 12 ans de prison pour meurtre - B\u00e9nin","description":"Un agent de s\u00e9curit\u00e9 est condamn\u00e9 ce lundi 25 Juillet 2022 pour meurtre. Poursuivi pour avoir tu\u00e9 un pr\u00e9sum\u00e9 voleur de n ...","robots":{"index":"index","follow":"follow","max-snippet":"max-snippet:-1","max-image-preview":"max-image-preview:large","max-video-preview":"max-video-preview:-1"},"canonical":"https:\/\/www.africa-press.net\/benin\/toutes-les-actualites\/benin-un-agent-de-securite-condamne-a-12-ans-de-prison-pour-meurtre","og_locale":"fr_FR","og_type":"article","og_title":"B\u00e9nin: un agent de s\u00e9curit\u00e9 condamn\u00e9 \u00e0 12 ans de prison pour meurtre","og_description":"Un agent de s\u00e9curit\u00e9 est condamn\u00e9 ce lundi 25 Juillet 2022 pour meurtre. Poursuivi pour avoir tu\u00e9 un pr\u00e9sum\u00e9 voleur de n ...","og_url":"https:\/\/www.africa-press.net\/benin\/toutes-les-actualites\/benin-un-agent-de-securite-condamne-a-12-ans-de-prison-pour-meurtre","og_site_name":"B\u00e9nin","article_published_time":"2022-07-26T19:07:50+00:00","article_modified_time":"2022-07-26T19:29:03+00:00","og_image":[{"width":1500,"height":845,"url":"https:\/\/static.africa-press.net\/benin\/sites\/46\/2022\/07\/postQueueImg_23-62e0406b10d97.jpg","type":"image\/jpeg"}],"author":"cfeditorfr","twitter_card":"summary_large_image","twitter_misc":{"\u00c9crit par":"cfeditorfr","Dur\u00e9e de lecture estim\u00e9e":"2 minutes"},"schema":{"@context":"https:\/\/schema.org","@graph":[{"@type":"Article","@id":"https:\/\/www.africa-press.net\/benin\/toutes-les-actualites\/benin-un-agent-de-securite-condamne-a-12-ans-de-prison-pour-meurtre#article","isPartOf":{"@id":"https:\/\/www.africa-press.net\/benin\/toutes-les-actualites\/benin-un-agent-de-securite-condamne-a-12-ans-de-prison-pour-meurtre"},"author":{"name":"cfeditorfr","@id":"https:\/\/www.africa-press.net\/benin\/#\/schema\/person\/2b1cf3cd81a31e3cd26889ca66d677f1"},"headline":"B\u00e9nin: un agent de s\u00e9curit\u00e9 condamn\u00e9 \u00e0 12 ans de prison pour meurtre","datePublished":"2022-07-26T19:07:50+00:00","dateModified":"2022-07-26T19:29:03+00:00","mainEntityOfPage":{"@id":"https:\/\/www.africa-press.net\/benin\/toutes-les-actualites\/benin-un-agent-de-securite-condamne-a-12-ans-de-prison-pour-meurtre"},"wordCount":401,"commentCount":0,"image":{"@id":"https:\/\/www.africa-press.net\/benin\/toutes-les-actualites\/benin-un-agent-de-securite-condamne-a-12-ans-de-prison-pour-meurtre#primaryimage"},"thumbnailUrl":"https:\/\/static.africa-press.net\/benin\/sites\/46\/2022\/07\/postQueueImg_23-62e0406b10d97.jpg","keywords":["Africa Press","Africa Press-Benin","B\u00e9nin"],"articleSection":["Communaut\u00e9","homepage-french","Toutes les actualit\u00e9s"],"inLanguage":"fr-FR","potentialAction":[{"@type":"CommentAction","name":"Comment","target":["https:\/\/www.africa-press.net\/benin\/toutes-les-actualites\/benin-un-agent-de-securite-condamne-a-12-ans-de-prison-pour-meurtre#respond"]}]},{"@type":"WebPage","@id":"https:\/\/www.africa-press.net\/benin\/toutes-les-actualites\/benin-un-agent-de-securite-condamne-a-12-ans-de-prison-pour-meurtre","url":"https:\/\/www.africa-press.net\/benin\/toutes-les-actualites\/benin-un-agent-de-securite-condamne-a-12-ans-de-prison-pour-meurtre","name":"B\u00e9nin: un agent de s\u00e9curit\u00e9 condamn\u00e9 \u00e0 12 ans de prison pour meurtre - B\u00e9nin","isPartOf":{"@id":"https:\/\/www.africa-press.net\/benin\/#website"},"primaryImageOfPage":{"@id":"https:\/\/www.africa-press.net\/benin\/toutes-les-actualites\/benin-un-agent-de-securite-condamne-a-12-ans-de-prison-pour-meurtre#primaryimage"},"image":{"@id":"https:\/\/www.africa-press.net\/benin\/toutes-les-actualites\/benin-un-agent-de-securite-condamne-a-12-ans-de-prison-pour-meurtre#primaryimage"},"thumbnailUrl":"https:\/\/static.africa-press.net\/benin\/sites\/46\/2022\/07\/postQueueImg_23-62e0406b10d97.jpg","datePublished":"2022-07-26T19:07:50+00:00","dateModified":"2022-07-26T19:29:03+00:00","author":{"@id":"https:\/\/www.africa-press.net\/benin\/#\/schema\/person\/2b1cf3cd81a31e3cd26889ca66d677f1"},"description":"Un agent de s\u00e9curit\u00e9 est condamn\u00e9 ce lundi 25 Juillet 2022 pour meurtre. Poursuivi pour avoir tu\u00e9 un pr\u00e9sum\u00e9 voleur de n ...","breadcrumb":{"@id":"https:\/\/www.africa-press.net\/benin\/toutes-les-actualites\/benin-un-agent-de-securite-condamne-a-12-ans-de-prison-pour-meurtre#breadcrumb"},"inLanguage":"fr-FR","potentialAction":[{"@type":"ReadAction","target":["https:\/\/www.africa-press.net\/benin\/toutes-les-actualites\/benin-un-agent-de-securite-condamne-a-12-ans-de-prison-pour-meurtre"]}]},{"@type":"ImageObject","inLanguage":"fr-FR","@id":"https:\/\/www.africa-press.net\/benin\/toutes-les-actualites\/benin-un-agent-de-securite-condamne-a-12-ans-de-prison-pour-meurtre#primaryimage","url":"https:\/\/static.africa-press.net\/benin\/sites\/46\/2022\/07\/postQueueImg_23-62e0406b10d97.jpg","contentUrl":"https:\/\/static.africa-press.net\/benin\/sites\/46\/2022\/07\/postQueueImg_23-62e0406b10d97.jpg","width":1500,"height":845,"caption":"B\u00e9nin: un agent de s\u00e9curit\u00e9 condamn\u00e9 \u00e0 12 ans de prison pour meurtre"},{"@type":"BreadcrumbList","@id":"https:\/\/www.africa-press.net\/benin\/toutes-les-actualites\/benin-un-agent-de-securite-condamne-a-12-ans-de-prison-pour-meurtre#breadcrumb","itemListElement":[{"@type":"ListItem","position":1,"name":"Accueil","item":"https:\/\/www.africa-press.net\/benin\/"},{"@type":"ListItem","position":2,"name":"B\u00e9nin: un agent de s\u00e9curit\u00e9 condamn\u00e9 \u00e0 12 ans de prison pour meurtre"}]},{"@type":"WebSite","@id":"https:\/\/www.africa-press.net\/benin\/#website","url":"https:\/\/www.africa-press.net\/benin\/","name":"B\u00e9nin","description":"Just another Africa News Agency Sites site","potentialAction":[{"@type":"SearchAction","target":{"@type":"EntryPoint","urlTemplate":"https:\/\/www.africa-press.net\/benin\/?s={search_term_string}"},"query-input":{"@type":"PropertyValueSpecification","valueRequired":true,"valueName":"search_term_string"}}],"inLanguage":"fr-FR"},{"@type":"Person","@id":"https:\/\/www.africa-press.net\/benin\/#\/schema\/person\/2b1cf3cd81a31e3cd26889ca66d677f1","name":"cfeditorfr"}]}},"_links":{"self":[{"href":"https:\/\/www.africa-press.net\/benin\/wp-json\/wp\/v2\/posts\/7225","targetHints":{"allow":["GET"]}}],"collection":[{"href":"https:\/\/www.africa-press.net\/benin\/wp-json\/wp\/v2\/posts"}],"about":[{"href":"https:\/\/www.africa-press.net\/benin\/wp-json\/wp\/v2\/types\/post"}],"author":[{"embeddable":true,"href":"https:\/\/www.africa-press.net\/benin\/wp-json\/wp\/v2\/users\/82"}],"replies":[{"embeddable":true,"href":"https:\/\/www.africa-press.net\/benin\/wp-json\/wp\/v2\/comments?post=7225"}],"version-history":[{"count":0,"href":"https:\/\/www.africa-press.net\/benin\/wp-json\/wp\/v2\/posts\/7225\/revisions"}],"wp:featuredmedia":[{"embeddable":true,"href":"https:\/\/www.africa-press.net\/benin\/wp-json\/wp\/v2\/media\/7224"}],"wp:attachment":[{"href":"https:\/\/www.africa-press.net\/benin\/wp-json\/wp\/v2\/media?parent=7225"}],"wp:term":[{"taxonomy":"category","embeddable":true,"href":"https:\/\/www.africa-press.net\/benin\/wp-json\/wp\/v2\/categories?post=7225"},{"taxonomy":"post_tag","embeddable":true,"href":"https:\/\/www.africa-press.net\/benin\/wp-json\/wp\/v2\/tags?post=7225"}],"curies":[{"name":"wp","href":"https:\/\/api.w.org\/{rel}","templated":true}]}}